{"id":8247,"date":"2018-10-05T19:44:42","date_gmt":"2018-10-05T19:44:42","guid":{"rendered":"http:\/\/www.vydence.com\/?p=8247"},"modified":"2018-10-05T19:44:42","modified_gmt":"2018-10-05T19:44:42","slug":"planejamento-medico","status":"publish","type":"post","link":"https:\/\/www.vydence.com\/pt-br\/planejamento-medico\/","title":{"rendered":"Planejamento m\u00e9dico: como organizar a rotina de servi\u00e7os"},"content":{"rendered":"\n[et_pb_section fb_built=&#8221;1&#8243; _builder_version=&#8221;3.0.47&#8243; custom_padding=&#8221;0|0px|54px|0px|false|false&#8221;][et_pb_row _builder_version=&#8221;3.0.48&#8243; background_size=&#8221;initial&#8221; background_position=&#8221;top_left&#8221; background_repeat=&#8221;repeat&#8221;][et_pb_column type=&#8221;4_4&#8243; _builder_version=&#8221;3.0.47&#8243;][et_pb_text _builder_version=&#8221;3.17.6&#8243;]<p><span>Quando o assunto \u00e9\u00a0<\/span><b>planejamento<\/b><span>, com qual dos perfis a seguir voc\u00ea mais se identifica? Voc\u00ea \u00e9 daqueles profissionais que t\u00eam um plano de a\u00e7\u00e3o bem definido para sua cl\u00ednica e sabe bem onde quer chegar em curto, m\u00e9dio e longo prazo ou, ao contr\u00e1rio, \u00a0se deixa levar pela rotina sem pensar objetivamente no futuro?<\/span><\/p>\n<p><span style=\"font-size: 14px;\">Se o segundo grupo representa melhor o seu estilo de administra\u00e7\u00e3o, \u00e9 uma boa ideia rever seus conceitos.\u00a0<\/span><b style=\"font-size: 14px;\">Gerenciar a cl\u00ednica sem um planejamento estrat\u00e9gico<\/b><span style=\"font-size: 14px;\">\u00a0bem estruturado pode impactar negativamente n\u00e3o s\u00f3 o cotidiano do seu consult\u00f3rio como os seus lucros futuros. Saiba mais!<\/span><\/p>\n<p><span style=\"font-size: 14px;\"><\/span><\/p>\n<p><span style=\"color: #333333; font-size: 26px;\"><\/span><\/p>\n<p><span style=\"color: #333333; font-size: 26px;\">Afinal, o que \u00e9 planejamento estrat\u00e9gico?<\/span><\/p>\n<p><span style=\"font-size: 14px;\">Antes de entender porque\u00a0<\/span><b style=\"font-size: 14px;\">planejar antes de partir para a\u00e7\u00e3o \u00e9 essencial para o sucesso da sua cl\u00ednica m\u00e9dica<\/b><span style=\"font-size: 14px;\">, \u00e9 importante que voc\u00ea compreenda bem o conceito por tr\u00e1s da express\u00e3o.<\/span><span><\/span><\/p>\n<p><span style=\"font-size: 14px;\">O planejamento estrat\u00e9gico nada mais \u00e9 do que um\u00a0<\/span><b style=\"font-size: 14px;\">processo de gest\u00e3o no qual s\u00e3o formulados objetivos de curto, m\u00e9dio e longo prazo\u00a0<\/b><span style=\"font-size: 14px;\">e as a\u00e7\u00f5es necess\u00e1rias para o alcance dessas metas.<\/span><\/p>\n<p><span style=\"font-size: 14px;\">O conceito abrange tamb\u00e9m\u00a0<\/span><b style=\"font-size: 14px;\">premissas b\u00e1sicas que todos os colaboradores devem observar<\/b><span style=\"font-size: 14px;\">\u00a0para que as atividades de cada um sejam realizadas com total coes\u00e3o.<\/span><\/p>\n<p><span>Em palavras simples, o planejamento estrat\u00e9gico ajuda a definir antecipadamente n\u00e3o s\u00f3 o que deve ser feito, mas em qual momento e como essas a\u00e7\u00f5es devem ser implementadas.<\/span><\/p>\n<p>&nbsp;<\/p>\n<h2><span>Quais s\u00e3o as vantagens de realizar o planejamento estrat\u00e9gico?<\/span><\/h2>\n<p>\u00a0<span style=\"font-size: 14px;\">Ao contr\u00e1rio do que muita gente imagina, realizar o planejamento estrat\u00e9gico n\u00e3o \u00e9 perda de tempo e\u00a0<\/span><b style=\"font-size: 14px;\">faz toda a diferen\u00e7a no cotidiano da cl\u00ednica<\/b><span style=\"font-size: 14px;\">.<\/span><\/p>\n<p><span style=\"font-size: 14px;\">Estabelecer um plano de a\u00e7\u00e3o com\u00a0<\/span><span style=\"font-size: 14px; color: #777777;\"><a href=\"http:\/\/vydence.com\/blog\/gestao-da-clinica\/\" style=\"color: #777777;\">rotinas e procedimentos padr\u00f5es<\/a><\/span><span style=\"font-size: 14px;\">\u00a0agiliza o dia a dia do consult\u00f3rio, evita o retrabalho e\u00a0<\/span><b style=\"font-size: 14px;\">aumenta a transpar\u00eancia para os colaboradores<\/b><span style=\"font-size: 14px;\">\u00a0no que diz respeito \u00e0s suas responsabilidades individuais.<\/span><\/p>\n<p><span>Al\u00e9m disso, o planejamento estrat\u00e9gico:<\/span><\/p>\n<ul>\n<li><span>permite que voc\u00ea identifique os pontos fracos do seu neg\u00f3cio e possa trabalhar para melhor\u00e1-los;<\/span><\/li>\n<li><span>facilita a tomada de decis\u00f5es;<\/span><\/li>\n<li><span>diminui os ru\u00eddos na comunica\u00e7\u00e3o interna;<\/span><\/li>\n<li><span>aumenta a motiva\u00e7\u00e3o ao estabelecer metas claras;<\/span><\/li>\n<li><span>aprimora a gest\u00e3o do tempo.<\/span><span><\/span><\/li>\n<\/ul>\n<p><span><\/span><\/p>\n<h2><span>Como o planejamento estrat\u00e9gico pode impactar meus ganhos?<\/span><\/h2>\n<p>\u00a0<span style=\"font-size: 14px;\">Realizar o planejamento estrat\u00e9gico tamb\u00e9m possibilita que voc\u00ea lance um olhar mais detalhado sobre\u00a0<\/span><b style=\"font-size: 14px;\">as finan\u00e7as do seu consult\u00f3rio e a gest\u00e3o dos recursos<\/b><span style=\"font-size: 14px;\">.<\/span><\/p>\n<p><span>Isso porque quando voc\u00ea define metas para o seu neg\u00f3cio, precisa\u00a0<\/span><b>fazer uma estimativa precisa dos custos para atingir esse objetivo<\/b><span>\u00a0e entender de que maneira e em que prazo ser\u00e1 poss\u00edvel obter esses valores.<\/span><\/p>\n<p><span>\u00c9 o momento perfeito para compreender quais s\u00e3o os principais custos da cl\u00ednica e identificar gargalos que barram o aumento da lucratividade.<\/span><\/p>\n<p><span>Assim, fica mais f\u00e1cil tomar medidas que impactem positivamente seu fluxo de caixa\u00a0<\/span><span>\u2014<\/span><span>\u00a0como\u00a0<\/span><b>cortar despesas sup\u00e9rfluas<\/b><span>\u00a0e descontinuar parcerias pouco vantajosas com conv\u00eanios e fornecedores \u2014 e sobra mais dinheiro para investir em melhorias ou<span style=\"color: #a2a2a2;\">\u00a0<\/span><\/span><span style=\"color: #a2a2a2;\"><a href=\"http:\/\/vydence.com\/equipamentos\/linha-completa-portfolio-marcas?\" style=\"color: #a2a2a2;\"><span style=\"color: #666666;\">equipamento<\/span><span style=\"color: #4f4f4f;\">s<\/span><\/a><\/span><span><span style=\"color: #a2a2a2;\">\u00a0<\/span>que podem atrair novos pacientes e aumentar seus ganhos.<\/span><\/p>\n<p><span>Como voc\u00ea pode ver, realizar um planejamento estrat\u00e9gico bem estruturado oferece uma s\u00e9rie de benef\u00edcios para a gest\u00e3o da sua cl\u00ednica e pode ser um instrumento fundamental para a realiza\u00e7\u00e3o de suas metas profissionais.<\/span><\/p>\n<p><span>Agora que voc\u00ea j\u00e1 sabe um pouco mais sobre a import\u00e2ncia do planejamento estrat\u00e9gico, aproveite para seguir o\u00a0<\/span><a href=\"https:\/\/www.instagram.com\/vydence\/?hl=pt-br\"><span>perfil da Vydence no Instagram<\/span><\/a><span>\u00a0e fique por dentro do que h\u00e1 de mais moderno quando o assunto s\u00e3o dispositivos m\u00e9dicos\u00a0<\/span><span>est\u00e9ticos para dermatologia, cirurgia pl\u00e1stica e cirurgia vascular.<\/span><\/p>[\/et_pb_text][\/et_pb_column][\/et_pb_row][et_pb_row _builder_version=&#8221;3.21.4&#8243;][et_pb_column type=&#8221;4_4&#8243; _builder_version=&#8221;3.21.4&#8243;][et_pb_image src=&#8221;https:\/\/www.vydence.com\/wp-content\/uploads\/2018\/08\/Conhec\u0327a-nossas-soluc\u0327o\u0303es-em-laser-1-1024&#215;640-1.jpg&#8221; url=&#8221;https:\/\/www.vydence.com\/?utm_source=Blog&#038;utm_medium=banner&#038;utm_campaign=banner_blog&#8221; url_new_window=&#8221;on&#8221; _builder_version=&#8221;3.21.4&#8243;][\/et_pb_image][\/et_pb_column][\/et_pb_row][\/et_pb_section]\n","protected":false},"excerpt":{"rendered":"<p>Quando o assunto \u00e9\u00a0planejamento, com qual dos perfis a seguir voc\u00ea mais se identifica? Voc\u00ea \u00e9 daqueles profissionais que t\u00eam um plano de a\u00e7\u00e3o bem definido para sua cl\u00ednica e sabe bem onde quer chegar em curto, m\u00e9dio e longo prazo ou, ao contr\u00e1rio, \u00a0se deixa levar pela rotina sem pensar objetivamente no futuro? Se [&hellip;]<\/p>\n","protected":false},"author":1,"featured_media":8250,"comment_status":"open","ping_status":"open","sticky":false,"template":"","format":"standard","meta":{"_et_pb_use_builder":"on","_et_pb_old_content":"","_et_gb_content_width":"","inline_featured_image":false,"footnotes":""},"categories":[45],"tags":[],"class_list":["post-8247","post","type-post","status-publish","format-standard","has-post-thumbnail","hentry","category-gestao"],"yoast_head":"<!-- This site is optimized with the Yoast SEO Premium plugin v27.1 (Yoast SEO v27.1.1) - https:\/\/yoast.com\/product\/yoast-seo-premium-wordpress\/ -->\n<title>Planejamento m\u00e9dico: como organizar a rotina de servi\u00e7os - VYDENCE<\/title>\n<meta name=\"description\" content=\"Gerenciar a cl\u00ednica sem um planejamento m\u00e9dico pode impactar negativamente no cotidiano do seu consult\u00f3rio e nos seus lucros futuros. Saiba mais!\" \/>\n<meta name=\"robots\" content=\"index, follow, max-snippet:-1, max-image-preview:large, max-video-preview:-1\" \/>\n<link rel=\"canonical\" href=\"https:\/\/www.vydence.com\/pt-br\/planejamento-medico\/\" \/>\n<meta property=\"og:locale\" content=\"pt_BR\" \/>\n<meta property=\"og:type\" content=\"article\" \/>\n<meta property=\"og:title\" content=\"Planejamento m\u00e9dico: como organizar a rotina de servi\u00e7os\" \/>\n<meta property=\"og:description\" content=\"Gerenciar a cl\u00ednica sem um planejamento m\u00e9dico pode impactar negativamente no cotidiano do seu consult\u00f3rio e nos seus lucros futuros. Saiba mais!\" \/>\n<meta property=\"og:url\" content=\"https:\/\/www.vydence.com\/pt-br\/planejamento-medico\/\" \/>\n<meta property=\"og:site_name\" content=\"VYDENCE\" \/>\n<meta property=\"article:publisher\" content=\"https:\/\/www.facebook.com\/VYDENCE\" \/>\n<meta property=\"article:published_time\" content=\"2018-10-05T19:44:42+00:00\" \/>\n<meta property=\"og:image\" content=\"https:\/\/www.vydence.com\/wp-content\/uploads\/2018\/11\/Captura-de-Tela-2018-10-30-as-12.21.41-1-1080x675-1.png\" \/>\n\t<meta property=\"og:image:width\" content=\"1080\" \/>\n\t<meta property=\"og:image:height\" content=\"675\" \/>\n\t<meta property=\"og:image:type\" content=\"image\/png\" \/>\n<meta name=\"author\" content=\"admin\" \/>\n<meta name=\"twitter:card\" content=\"summary_large_image\" \/>\n<meta name=\"twitter:label1\" content=\"Escrito por\" \/>\n\t<meta name=\"twitter:data1\" content=\"admin\" \/>\n\t<meta name=\"twitter:label2\" content=\"Est. tempo de leitura\" \/>\n\t<meta name=\"twitter:data2\" content=\"4 minutos\" \/>\n<script type=\"application\/ld+json\" class=\"yoast-schema-graph\">{\"@context\":\"https:\/\/schema.org\",\"@graph\":[{\"@type\":\"Article\",\"@id\":\"https:\/\/www.vydence.com\/pt-br\/planejamento-medico\/#article\",\"isPartOf\":{\"@id\":\"https:\/\/www.vydence.com\/pt-br\/planejamento-medico\/\"},\"author\":{\"name\":\"admin\",\"@id\":\"https:\/\/www.vydence.com\/pt-br\/#\/schema\/person\/d07e11658f9624d2d5344c62489f5fed\"},\"headline\":\"Planejamento m\u00e9dico: como organizar a rotina de servi\u00e7os\",\"datePublished\":\"2018-10-05T19:44:42+00:00\",\"mainEntityOfPage\":{\"@id\":\"https:\/\/www.vydence.com\/pt-br\/planejamento-medico\/\"},\"wordCount\":734,\"commentCount\":0,\"publisher\":{\"@id\":\"https:\/\/www.vydence.com\/pt-br\/#organization\"},\"image\":{\"@id\":\"https:\/\/www.vydence.com\/pt-br\/planejamento-medico\/#primaryimage\"},\"thumbnailUrl\":\"https:\/\/www.vydence.com\/wp-content\/uploads\/2018\/11\/Captura-de-Tela-2018-10-30-as-12.21.41-1-1080x675-1.png\",\"articleSection\":[\"Gest\u00e3o\"],\"inLanguage\":\"pt-BR\",\"potentialAction\":[{\"@type\":\"CommentAction\",\"name\":\"Comment\",\"target\":[\"https:\/\/www.vydence.com\/pt-br\/planejamento-medico\/#respond\"]}]},{\"@type\":\"WebPage\",\"@id\":\"https:\/\/www.vydence.com\/pt-br\/planejamento-medico\/\",\"url\":\"https:\/\/www.vydence.com\/pt-br\/planejamento-medico\/\",\"name\":\"Planejamento m\u00e9dico: como organizar a rotina de servi\u00e7os - VYDENCE\",\"isPartOf\":{\"@id\":\"https:\/\/www.vydence.com\/pt-br\/#website\"},\"primaryImageOfPage\":{\"@id\":\"https:\/\/www.vydence.com\/pt-br\/planejamento-medico\/#primaryimage\"},\"image\":{\"@id\":\"https:\/\/www.vydence.com\/pt-br\/planejamento-medico\/#primaryimage\"},\"thumbnailUrl\":\"https:\/\/www.vydence.com\/wp-content\/uploads\/2018\/11\/Captura-de-Tela-2018-10-30-as-12.21.41-1-1080x675-1.png\",\"datePublished\":\"2018-10-05T19:44:42+00:00\",\"description\":\"Gerenciar a cl\u00ednica sem um planejamento m\u00e9dico pode impactar negativamente no cotidiano do seu consult\u00f3rio e nos seus lucros futuros. Saiba mais!\",\"breadcrumb\":{\"@id\":\"https:\/\/www.vydence.com\/pt-br\/planejamento-medico\/#breadcrumb\"},\"inLanguage\":\"pt-BR\",\"potentialAction\":[{\"@type\":\"ReadAction\",\"target\":[\"https:\/\/www.vydence.com\/pt-br\/planejamento-medico\/\"]}]},{\"@type\":\"ImageObject\",\"inLanguage\":\"pt-BR\",\"@id\":\"https:\/\/www.vydence.com\/pt-br\/planejamento-medico\/#primaryimage\",\"url\":\"https:\/\/www.vydence.com\/wp-content\/uploads\/2018\/11\/Captura-de-Tela-2018-10-30-as-12.21.41-1-1080x675-1.png\",\"contentUrl\":\"https:\/\/www.vydence.com\/wp-content\/uploads\/2018\/11\/Captura-de-Tela-2018-10-30-as-12.21.41-1-1080x675-1.png\",\"width\":1080,\"height\":675,\"caption\":\"planejamento m\u00e9dico\"},{\"@type\":\"BreadcrumbList\",\"@id\":\"https:\/\/www.vydence.com\/pt-br\/planejamento-medico\/#breadcrumb\",\"itemListElement\":[{\"@type\":\"ListItem\",\"position\":1,\"name\":\"In\u00edcio\",\"item\":\"https:\/\/www.vydence.com\/pt-br\/\"},{\"@type\":\"ListItem\",\"position\":2,\"name\":\"Planejamento m\u00e9dico: como organizar a rotina de servi\u00e7os\"}]},{\"@type\":\"WebSite\",\"@id\":\"https:\/\/www.vydence.com\/pt-br\/#website\",\"url\":\"https:\/\/www.vydence.com\/pt-br\/\",\"name\":\"VYDENCE\",\"description\":\"\",\"publisher\":{\"@id\":\"https:\/\/www.vydence.com\/pt-br\/#organization\"},\"potentialAction\":[{\"@type\":\"SearchAction\",\"target\":{\"@type\":\"EntryPoint\",\"urlTemplate\":\"https:\/\/www.vydence.com\/pt-br\/?s={search_term_string}\"},\"query-input\":{\"@type\":\"PropertyValueSpecification\",\"valueRequired\":true,\"valueName\":\"search_term_string\"}}],\"inLanguage\":\"pt-BR\"},{\"@type\":\"Organization\",\"@id\":\"https:\/\/www.vydence.com\/pt-br\/#organization\",\"name\":\"VYDENCE\",\"url\":\"https:\/\/www.vydence.com\/pt-br\/\",\"logo\":{\"@type\":\"ImageObject\",\"inLanguage\":\"pt-BR\",\"@id\":\"https:\/\/www.vydence.com\/pt-br\/#\/schema\/logo\/image\/\",\"url\":\"https:\/\/www.vydence.com\/wp-content\/uploads\/2024\/11\/Logo.svg\",\"contentUrl\":\"https:\/\/www.vydence.com\/wp-content\/uploads\/2024\/11\/Logo.svg\",\"width\":149,\"height\":40,\"caption\":\"VYDENCE\"},\"image\":{\"@id\":\"https:\/\/www.vydence.com\/pt-br\/#\/schema\/logo\/image\/\"},\"sameAs\":[\"https:\/\/www.facebook.com\/VYDENCE\"]},{\"@type\":\"Person\",\"@id\":\"https:\/\/www.vydence.com\/pt-br\/#\/schema\/person\/d07e11658f9624d2d5344c62489f5fed\",\"name\":\"admin\",\"image\":{\"@type\":\"ImageObject\",\"inLanguage\":\"pt-BR\",\"@id\":\"https:\/\/www.vydence.com\/pt-br\/#\/schema\/person\/image\/\",\"url\":\"https:\/\/secure.gravatar.com\/avatar\/1625555f260264654c853a64f2eddfbd5d054ef40597af8b97dc8461ef04e355?s=96&d=mm&r=g\",\"contentUrl\":\"https:\/\/secure.gravatar.com\/avatar\/1625555f260264654c853a64f2eddfbd5d054ef40597af8b97dc8461ef04e355?s=96&d=mm&r=g\",\"caption\":\"admin\"},\"sameAs\":[\"https:\/\/www.vydence.com\"],\"url\":\"https:\/\/www.vydence.com\/pt-br\/author\/ericknc\/\"}]}<\/script>\n<!-- \/ Yoast SEO Premium plugin. -->","yoast_head_json":{"title":"Planejamento m\u00e9dico: como organizar a rotina de servi\u00e7os - VYDENCE","description":"Gerenciar a cl\u00ednica sem um planejamento m\u00e9dico pode impactar negativamente no cotidiano do seu consult\u00f3rio e nos seus lucros futuros. Saiba mais!","robots":{"index":"index","follow":"follow","max-snippet":"max-snippet:-1","max-image-preview":"max-image-preview:large","max-video-preview":"max-video-preview:-1"},"canonical":"https:\/\/www.vydence.com\/pt-br\/planejamento-medico\/","og_locale":"pt_BR","og_type":"article","og_title":"Planejamento m\u00e9dico: como organizar a rotina de servi\u00e7os","og_description":"Gerenciar a cl\u00ednica sem um planejamento m\u00e9dico pode impactar negativamente no cotidiano do seu consult\u00f3rio e nos seus lucros futuros. Saiba mais!","og_url":"https:\/\/www.vydence.com\/pt-br\/planejamento-medico\/","og_site_name":"VYDENCE","article_publisher":"https:\/\/www.facebook.com\/VYDENCE","article_published_time":"2018-10-05T19:44:42+00:00","og_image":[{"width":1080,"height":675,"url":"https:\/\/www.vydence.com\/wp-content\/uploads\/2018\/11\/Captura-de-Tela-2018-10-30-as-12.21.41-1-1080x675-1.png","type":"image\/png"}],"author":"admin","twitter_card":"summary_large_image","twitter_misc":{"Escrito por":"admin","Est. tempo de leitura":"4 minutos"},"schema":{"@context":"https:\/\/schema.org","@graph":[{"@type":"Article","@id":"https:\/\/www.vydence.com\/pt-br\/planejamento-medico\/#article","isPartOf":{"@id":"https:\/\/www.vydence.com\/pt-br\/planejamento-medico\/"},"author":{"name":"admin","@id":"https:\/\/www.vydence.com\/pt-br\/#\/schema\/person\/d07e11658f9624d2d5344c62489f5fed"},"headline":"Planejamento m\u00e9dico: como organizar a rotina de servi\u00e7os","datePublished":"2018-10-05T19:44:42+00:00","mainEntityOfPage":{"@id":"https:\/\/www.vydence.com\/pt-br\/planejamento-medico\/"},"wordCount":734,"commentCount":0,"publisher":{"@id":"https:\/\/www.vydence.com\/pt-br\/#organization"},"image":{"@id":"https:\/\/www.vydence.com\/pt-br\/planejamento-medico\/#primaryimage"},"thumbnailUrl":"https:\/\/www.vydence.com\/wp-content\/uploads\/2018\/11\/Captura-de-Tela-2018-10-30-as-12.21.41-1-1080x675-1.png","articleSection":["Gest\u00e3o"],"inLanguage":"pt-BR","potentialAction":[{"@type":"CommentAction","name":"Comment","target":["https:\/\/www.vydence.com\/pt-br\/planejamento-medico\/#respond"]}]},{"@type":"WebPage","@id":"https:\/\/www.vydence.com\/pt-br\/planejamento-medico\/","url":"https:\/\/www.vydence.com\/pt-br\/planejamento-medico\/","name":"Planejamento m\u00e9dico: como organizar a rotina de servi\u00e7os - VYDENCE","isPartOf":{"@id":"https:\/\/www.vydence.com\/pt-br\/#website"},"primaryImageOfPage":{"@id":"https:\/\/www.vydence.com\/pt-br\/planejamento-medico\/#primaryimage"},"image":{"@id":"https:\/\/www.vydence.com\/pt-br\/planejamento-medico\/#primaryimage"},"thumbnailUrl":"https:\/\/www.vydence.com\/wp-content\/uploads\/2018\/11\/Captura-de-Tela-2018-10-30-as-12.21.41-1-1080x675-1.png","datePublished":"2018-10-05T19:44:42+00:00","description":"Gerenciar a cl\u00ednica sem um planejamento m\u00e9dico pode impactar negativamente no cotidiano do seu consult\u00f3rio e nos seus lucros futuros. Saiba mais!","breadcrumb":{"@id":"https:\/\/www.vydence.com\/pt-br\/planejamento-medico\/#breadcrumb"},"inLanguage":"pt-BR","potentialAction":[{"@type":"ReadAction","target":["https:\/\/www.vydence.com\/pt-br\/planejamento-medico\/"]}]},{"@type":"ImageObject","inLanguage":"pt-BR","@id":"https:\/\/www.vydence.com\/pt-br\/planejamento-medico\/#primaryimage","url":"https:\/\/www.vydence.com\/wp-content\/uploads\/2018\/11\/Captura-de-Tela-2018-10-30-as-12.21.41-1-1080x675-1.png","contentUrl":"https:\/\/www.vydence.com\/wp-content\/uploads\/2018\/11\/Captura-de-Tela-2018-10-30-as-12.21.41-1-1080x675-1.png","width":1080,"height":675,"caption":"planejamento m\u00e9dico"},{"@type":"BreadcrumbList","@id":"https:\/\/www.vydence.com\/pt-br\/planejamento-medico\/#breadcrumb","itemListElement":[{"@type":"ListItem","position":1,"name":"In\u00edcio","item":"https:\/\/www.vydence.com\/pt-br\/"},{"@type":"ListItem","position":2,"name":"Planejamento m\u00e9dico: como organizar a rotina de servi\u00e7os"}]},{"@type":"WebSite","@id":"https:\/\/www.vydence.com\/pt-br\/#website","url":"https:\/\/www.vydence.com\/pt-br\/","name":"VYDENCE","description":"","publisher":{"@id":"https:\/\/www.vydence.com\/pt-br\/#organization"},"potentialAction":[{"@type":"SearchAction","target":{"@type":"EntryPoint","urlTemplate":"https:\/\/www.vydence.com\/pt-br\/?s={search_term_string}"},"query-input":{"@type":"PropertyValueSpecification","valueRequired":true,"valueName":"search_term_string"}}],"inLanguage":"pt-BR"},{"@type":"Organization","@id":"https:\/\/www.vydence.com\/pt-br\/#organization","name":"VYDENCE","url":"https:\/\/www.vydence.com\/pt-br\/","logo":{"@type":"ImageObject","inLanguage":"pt-BR","@id":"https:\/\/www.vydence.com\/pt-br\/#\/schema\/logo\/image\/","url":"https:\/\/www.vydence.com\/wp-content\/uploads\/2024\/11\/Logo.svg","contentUrl":"https:\/\/www.vydence.com\/wp-content\/uploads\/2024\/11\/Logo.svg","width":149,"height":40,"caption":"VYDENCE"},"image":{"@id":"https:\/\/www.vydence.com\/pt-br\/#\/schema\/logo\/image\/"},"sameAs":["https:\/\/www.facebook.com\/VYDENCE"]},{"@type":"Person","@id":"https:\/\/www.vydence.com\/pt-br\/#\/schema\/person\/d07e11658f9624d2d5344c62489f5fed","name":"admin","image":{"@type":"ImageObject","inLanguage":"pt-BR","@id":"https:\/\/www.vydence.com\/pt-br\/#\/schema\/person\/image\/","url":"https:\/\/secure.gravatar.com\/avatar\/1625555f260264654c853a64f2eddfbd5d054ef40597af8b97dc8461ef04e355?s=96&d=mm&r=g","contentUrl":"https:\/\/secure.gravatar.com\/avatar\/1625555f260264654c853a64f2eddfbd5d054ef40597af8b97dc8461ef04e355?s=96&d=mm&r=g","caption":"admin"},"sameAs":["https:\/\/www.vydence.com"],"url":"https:\/\/www.vydence.com\/pt-br\/author\/ericknc\/"}]}},"_links":{"self":[{"href":"https:\/\/www.vydence.com\/pt-br\/wp-json\/wp\/v2\/posts\/8247","targetHints":{"allow":["GET"]}}],"collection":[{"href":"https:\/\/www.vydence.com\/pt-br\/wp-json\/wp\/v2\/posts"}],"about":[{"href":"https:\/\/www.vydence.com\/pt-br\/wp-json\/wp\/v2\/types\/post"}],"author":[{"embeddable":true,"href":"https:\/\/www.vydence.com\/pt-br\/wp-json\/wp\/v2\/users\/1"}],"replies":[{"embeddable":true,"href":"https:\/\/www.vydence.com\/pt-br\/wp-json\/wp\/v2\/comments?post=8247"}],"version-history":[{"count":0,"href":"https:\/\/www.vydence.com\/pt-br\/wp-json\/wp\/v2\/posts\/8247\/revisions"}],"wp:featuredmedia":[{"embeddable":true,"href":"https:\/\/www.vydence.com\/pt-br\/wp-json\/wp\/v2\/media\/8250"}],"wp:attachment":[{"href":"https:\/\/www.vydence.com\/pt-br\/wp-json\/wp\/v2\/media?parent=8247"}],"wp:term":[{"taxonomy":"category","embeddable":true,"href":"https:\/\/www.vydence.com\/pt-br\/wp-json\/wp\/v2\/categories?post=8247"},{"taxonomy":"post_tag","embeddable":true,"href":"https:\/\/www.vydence.com\/pt-br\/wp-json\/wp\/v2\/tags?post=8247"}],"curies":[{"name":"wp","href":"https:\/\/api.w.org\/{rel}","templated":true}]}}