{"id":43,"date":"2018-04-02T15:28:11","date_gmt":"2018-04-02T15:28:11","guid":{"rendered":"http:\/\/www.artasbr.com.br\/?p=43"},"modified":"2018-04-02T15:28:11","modified_gmt":"2018-04-02T15:28:11","slug":"calvicie-genetica","status":"publish","type":"post","link":"https:\/\/www.vydence.com\/pt-br\/calvicie-genetica\/","title":{"rendered":"Calv\u00edcie gen\u00e9tica: ser\u00e1 que eu tenho?"},"content":{"rendered":"<p><span style=\"font-weight: 400;\">S\u00e3o muitos os motivos que nos levam a buscar solu\u00e7\u00f5es para a queda de cabelo que pode nos acometer ao longo da vida. Um dos principais \u00e9 a <\/span><b>calv\u00edcie gen\u00e9tica<\/b><span style=\"font-weight: 400;\">, que atinge a homens e mulheres na fase adulta, principalmente.<\/span><\/p>\n<p><span style=\"font-weight: 400;\">\u00c9 importante, ent\u00e3o, saber o que potencializou a queda de cabelo gradual. Esse \u00e9 o primeiro passo para avaliar as alternativas que podem surtir o melhor efeito para que o problema seja reduzido ou mesmo que atue como uma eficaz preven\u00e7\u00e3o.<\/span><\/p>\n<p><span style=\"font-weight: 400;\">Para que voc\u00ea saiba por onde come\u00e7ar, neste post n\u00f3s vamos falar especificamente a respeito da calv\u00edcie gen\u00e9tica: o que \u00e9, a possibilidade em diagnostic\u00e1-la e as op\u00e7\u00f5es de tratamento para esse tipo de quadro cl\u00ednico. Acompanhe!<\/span><\/p>\n<h2><span style=\"font-weight: 400;\">O que \u00e9 a calv\u00edcie gen\u00e9tica?<\/span><\/h2>\n<p><span style=\"font-weight: 400;\">A calv\u00edcie gen\u00e9tica \u00e9 uma condi\u00e7\u00e3o que n\u00e3o representa riscos \u00e0 sa\u00fade das pessoas, embora a queda de cabelo progressiva seja uma quest\u00e3o bastante discutida. Em parte, porque ela impacta diretamente na autoestima de quem convive com o problema.<\/span><\/p>\n<p><span style=\"font-weight: 400;\">Por isso, \u00e9 v\u00e1lida a identifica\u00e7\u00e3o das causas. Isso porque a calv\u00edcie gen\u00e9tica \u2014 que tamb\u00e9m atende por alopecia androgen\u00e9tica (AAG) \u2014 \u00e9 um reflexo direto da predisposi\u00e7\u00e3o que um indiv\u00edduo possa ter com base nos genes de sua fam\u00edlia.<\/span><\/p>\n<p><span style=\"font-weight: 400;\">Isso se traduz em uma a\u00e7\u00e3o hormonal que faz com que o ciclo de um fio de cabelo seja interrompido. Normalmente, ele \u00e9 composto pelas fases de:<\/span><\/p>\n<ul>\n<li style=\"font-weight: 400;\"><span style=\"font-weight: 400;\">Crescimento;<\/span><\/li>\n<li style=\"font-weight: 400;\"><span style=\"font-weight: 400;\">Repouso;<\/span><\/li>\n<li style=\"font-weight: 400;\"><span style=\"font-weight: 400;\">Queda.<\/span><\/li>\n<\/ul>\n<p><span style=\"font-weight: 400;\">Com a calv\u00edcie gen\u00e9tica, a queda n\u00e3o reinicia o fluxo dos fios, fazendo com que a terceira etapa seja a \u00faltima.<\/span><\/p>\n<h2><span style=\"font-weight: 400;\">Como a gen\u00e9tica afeta ou aumenta as chances de calv\u00edcie?<\/span><\/h2>\n<p><span style=\"font-weight: 400;\">A preval\u00eancia de casos de calv\u00edcie gen\u00e9tica ocorre em homens. Isso se deve ao fato de que essa condi\u00e7\u00e3o est\u00e1 bastante associada \u00e0 testosterona, um horm\u00f4nio que se encontra em abund\u00e2ncia no g\u00eanero masculino \u2014 embora mulheres tamb\u00e9m produzam, mas menos.<\/span><\/p>\n<p><span style=\"font-weight: 400;\">O problema est\u00e1 nessa predisposi\u00e7\u00e3o gen\u00e9tica. Quando a testosterona chega ao couro cabeludo, a calv\u00edcie gen\u00e9tica faz com que a <\/span><i><span style=\"font-weight: 400;\">enzima 5-alfa-redutase<\/span><\/i><span style=\"font-weight: 400;\"> se transforme em di-hidrotestosterona (DHT). Resumindo: a DHT \u00e9 respons\u00e1vel pela miniaturiza\u00e7\u00e3o folicular. Assim, os fios possuem ciclos mais curtos, tornando-se mais finos e fr\u00e1geis, at\u00e9 que param de crescer.<\/span><\/p>\n<h2><span style=\"font-weight: 400;\">Como fazer o diagn\u00f3stico e quais tratamentos existem?<\/span><\/h2>\n<p><span style=\"font-weight: 400;\">Caso voc\u00ea tenha percebido que a queda de cabelo est\u00e1 mais agressiva do que o habitual, o primeiro passo a ser considerado \u00e9 uma visita a um m\u00e9dico especialista.<\/span><\/p>\n<p><span style=\"font-weight: 400;\">Isso porque a queda de cabelo \u00e9 uma atividade comum, tendo como base o ciclo de vida de um fio de cabelo. O problema \u00e9 quando voc\u00ea passa a perceber um aumento significativo de fios na escova de cabelos, nas roupas, no travesseiro e em outros lugares ao longo do dia.<\/span><\/p>\n<p><span style=\"font-weight: 400;\">Assim, a etapa seguinte consiste em avaliar a melhor alternativa. Como a calv\u00edcie gen\u00e9tica \u00e9 muito resistente, alguns tratamentos podem ajudar a retardar o processo ou mesmo preveni-lo. \u00a0<\/span><\/p>\n<p><span style=\"font-weight: 400;\">Um tratamento mais efetivo e cada vez mais procurado por homens e mulheres em todo o mundo \u00e9 o transplante capilar. No Brasil, ele pode ser feito atrav\u00e9s da tecnologia ARTAS\u00ae.<\/span><\/p>\n<p><span style=\"font-weight: 400;\">Trata-se de um procedimento de restaura\u00e7\u00e3o capilar por rob\u00f3tica de precis\u00e3o. Com ele, as solu\u00e7\u00f5es de implantes capilares atingem um patamar mais elevado de qualidade. Isso porque os resultados obtidos s\u00e3o permanentes e mais naturais. Destaque tamb\u00e9m pelo fato de ser uma t\u00e9cnica minimamente invasiva.<\/span><\/p>\n<p><span style=\"font-weight: 400;\">Quer saber mais a respeito do transplante capilar ARTAS\u00ae? Ent\u00e3o, basta <\/span><a href=\"http:\/\/tratamentosalaser.com.br\/artas-transplante-capilar\"><span style=\"font-weight: 400;\">ler o artigo<\/span><\/a><span style=\"font-weight: 400;\"> que fizemos inteiramente para que voc\u00ea conhe\u00e7a a alternativa para combater a calv\u00edcie gen\u00e9tica!<\/span><\/p>\n","protected":false},"excerpt":{"rendered":"<p>S\u00e3o muitos os motivos que nos levam a buscar solu\u00e7\u00f5es para a queda de cabelo que pode nos acometer ao longo da vida. Um dos principais \u00e9 a calv\u00edcie gen\u00e9tica, que atinge a homens e mulheres na fase adulta, principalmente. \u00c9 importante, ent\u00e3o, saber o que potencializou a queda de cabelo gradual. Esse \u00e9 o [&hellip;]<\/p>\n","protected":false},"author":1,"featured_media":45,"comment_status":"open","ping_status":"open","sticky":false,"template":"","format":"standard","meta":{"_et_pb_use_builder":"","_et_pb_old_content":"","_et_gb_content_width":"","inline_featured_image":false,"footnotes":""},"categories":[123,125],"tags":[121,122],"class_list":["post-43","post","type-post","status-publish","format-standard","has-post-thumbnail","hentry","category-transplante-capilar","category-tricologia","tag-artas","tag-calvicie"],"yoast_head":"<!-- This site is optimized with the Yoast SEO Premium plugin v27.1 (Yoast SEO v27.4) - https:\/\/yoast.com\/product\/yoast-seo-premium-wordpress\/ -->\n<title>Calv\u00edcie gen\u00e9tica: ser\u00e1 que eu tenho? - VYDENCE<\/title>\n<meta name=\"description\" content=\"S\u00e3o muitos os motivos que nos levam a buscar solu\u00e7\u00f5es para a queda de cabelo que pode nos acometer ao longo da vida. Um dos principais \u00e9 a calv\u00edcie gen\u00e9tica. Saiba mais\" \/>\n<meta name=\"robots\" content=\"index, follow, max-snippet:-1, max-image-preview:large, max-video-preview:-1\" \/>\n<link rel=\"canonical\" href=\"https:\/\/www.vydence.com\/pt-br\/calvicie-genetica\/\" \/>\n<meta property=\"og:locale\" content=\"pt_BR\" \/>\n<meta property=\"og:type\" content=\"article\" \/>\n<meta property=\"og:title\" content=\"Calv\u00edcie gen\u00e9tica: ser\u00e1 que eu tenho?\" \/>\n<meta property=\"og:description\" content=\"S\u00e3o muitos os motivos que nos levam a buscar solu\u00e7\u00f5es para a queda de cabelo que pode nos acometer ao longo da vida. Um dos principais \u00e9 a calv\u00edcie gen\u00e9tica. Saiba mais\" \/>\n<meta property=\"og:url\" content=\"https:\/\/www.vydence.com\/pt-br\/calvicie-genetica\/\" \/>\n<meta property=\"og:site_name\" content=\"VYDENCE\" \/>\n<meta property=\"article:publisher\" content=\"https:\/\/www.facebook.com\/VYDENCE\" \/>\n<meta property=\"article:published_time\" content=\"2018-04-02T15:28:11+00:00\" \/>\n<meta property=\"og:image\" content=\"https:\/\/www.vydence.com\/wp-content\/uploads\/2018\/04\/calvicie-genetica.jpg\" \/>\n\t<meta property=\"og:image:width\" content=\"1100\" \/>\n\t<meta property=\"og:image:height\" content=\"733\" \/>\n\t<meta property=\"og:image:type\" content=\"image\/jpeg\" \/>\n<meta name=\"author\" content=\"admin\" \/>\n<meta name=\"twitter:card\" content=\"summary_large_image\" \/>\n<meta name=\"twitter:label1\" content=\"Escrito por\" \/>\n\t<meta name=\"twitter:data1\" content=\"admin\" \/>\n\t<meta name=\"twitter:label2\" content=\"Est. tempo de leitura\" \/>\n\t<meta name=\"twitter:data2\" content=\"3 minutos\" \/>\n<script type=\"application\/ld+json\" class=\"yoast-schema-graph\">{\"@context\":\"https:\\\/\\\/schema.org\",\"@graph\":[{\"@type\":\"Article\",\"@id\":\"https:\\\/\\\/www.vydence.com\\\/pt-br\\\/calvicie-genetica\\\/#article\",\"isPartOf\":{\"@id\":\"https:\\\/\\\/www.vydence.com\\\/pt-br\\\/calvicie-genetica\\\/\"},\"author\":{\"name\":\"admin\",\"@id\":\"https:\\\/\\\/www.vydence.com\\\/pt-br\\\/#\\\/schema\\\/person\\\/d07e11658f9624d2d5344c62489f5fed\"},\"headline\":\"Calv\u00edcie gen\u00e9tica: ser\u00e1 que eu tenho?\",\"datePublished\":\"2018-04-02T15:28:11+00:00\",\"mainEntityOfPage\":{\"@id\":\"https:\\\/\\\/www.vydence.com\\\/pt-br\\\/calvicie-genetica\\\/\"},\"wordCount\":632,\"commentCount\":0,\"publisher\":{\"@id\":\"https:\\\/\\\/www.vydence.com\\\/pt-br\\\/#organization\"},\"image\":{\"@id\":\"https:\\\/\\\/www.vydence.com\\\/pt-br\\\/calvicie-genetica\\\/#primaryimage\"},\"thumbnailUrl\":\"https:\\\/\\\/www.vydence.com\\\/wp-content\\\/uploads\\\/2018\\\/04\\\/calvicie-genetica.jpg\",\"keywords\":[\"artas\",\"calv\u00edcie\"],\"articleSection\":[\"Transplante capilar\",\"Tricologia\"],\"inLanguage\":\"pt-BR\",\"potentialAction\":[{\"@type\":\"CommentAction\",\"name\":\"Comment\",\"target\":[\"https:\\\/\\\/www.vydence.com\\\/pt-br\\\/calvicie-genetica\\\/#respond\"]}]},{\"@type\":\"WebPage\",\"@id\":\"https:\\\/\\\/www.vydence.com\\\/pt-br\\\/calvicie-genetica\\\/\",\"url\":\"https:\\\/\\\/www.vydence.com\\\/pt-br\\\/calvicie-genetica\\\/\",\"name\":\"Calv\u00edcie gen\u00e9tica: ser\u00e1 que eu tenho? - VYDENCE\",\"isPartOf\":{\"@id\":\"https:\\\/\\\/www.vydence.com\\\/pt-br\\\/#website\"},\"primaryImageOfPage\":{\"@id\":\"https:\\\/\\\/www.vydence.com\\\/pt-br\\\/calvicie-genetica\\\/#primaryimage\"},\"image\":{\"@id\":\"https:\\\/\\\/www.vydence.com\\\/pt-br\\\/calvicie-genetica\\\/#primaryimage\"},\"thumbnailUrl\":\"https:\\\/\\\/www.vydence.com\\\/wp-content\\\/uploads\\\/2018\\\/04\\\/calvicie-genetica.jpg\",\"datePublished\":\"2018-04-02T15:28:11+00:00\",\"description\":\"S\u00e3o muitos os motivos que nos levam a buscar solu\u00e7\u00f5es para a queda de cabelo que pode nos acometer ao longo da vida. Um dos principais \u00e9 a calv\u00edcie gen\u00e9tica. Saiba mais\",\"breadcrumb\":{\"@id\":\"https:\\\/\\\/www.vydence.com\\\/pt-br\\\/calvicie-genetica\\\/#breadcrumb\"},\"inLanguage\":\"pt-BR\",\"potentialAction\":[{\"@type\":\"ReadAction\",\"target\":[\"https:\\\/\\\/www.vydence.com\\\/pt-br\\\/calvicie-genetica\\\/\"]}]},{\"@type\":\"ImageObject\",\"inLanguage\":\"pt-BR\",\"@id\":\"https:\\\/\\\/www.vydence.com\\\/pt-br\\\/calvicie-genetica\\\/#primaryimage\",\"url\":\"https:\\\/\\\/www.vydence.com\\\/wp-content\\\/uploads\\\/2018\\\/04\\\/calvicie-genetica.jpg\",\"contentUrl\":\"https:\\\/\\\/www.vydence.com\\\/wp-content\\\/uploads\\\/2018\\\/04\\\/calvicie-genetica.jpg\",\"width\":1100,\"height\":733,\"caption\":\"Calv\u00edcie gen\u00e9tica o que \u00e9 - como tratar\"},{\"@type\":\"BreadcrumbList\",\"@id\":\"https:\\\/\\\/www.vydence.com\\\/pt-br\\\/calvicie-genetica\\\/#breadcrumb\",\"itemListElement\":[{\"@type\":\"ListItem\",\"position\":1,\"name\":\"In\u00edcio\",\"item\":\"https:\\\/\\\/www.vydence.com\\\/pt-br\\\/\"},{\"@type\":\"ListItem\",\"position\":2,\"name\":\"Calv\u00edcie gen\u00e9tica: ser\u00e1 que eu tenho?\"}]},{\"@type\":\"WebSite\",\"@id\":\"https:\\\/\\\/www.vydence.com\\\/pt-br\\\/#website\",\"url\":\"https:\\\/\\\/www.vydence.com\\\/pt-br\\\/\",\"name\":\"VYDENCE\",\"description\":\"\",\"publisher\":{\"@id\":\"https:\\\/\\\/www.vydence.com\\\/pt-br\\\/#organization\"},\"potentialAction\":[{\"@type\":\"SearchAction\",\"target\":{\"@type\":\"EntryPoint\",\"urlTemplate\":\"https:\\\/\\\/www.vydence.com\\\/pt-br\\\/?s={search_term_string}\"},\"query-input\":{\"@type\":\"PropertyValueSpecification\",\"valueRequired\":true,\"valueName\":\"search_term_string\"}}],\"inLanguage\":\"pt-BR\"},{\"@type\":\"Organization\",\"@id\":\"https:\\\/\\\/www.vydence.com\\\/pt-br\\\/#organization\",\"name\":\"VYDENCE\",\"url\":\"https:\\\/\\\/www.vydence.com\\\/pt-br\\\/\",\"logo\":{\"@type\":\"ImageObject\",\"inLanguage\":\"pt-BR\",\"@id\":\"https:\\\/\\\/www.vydence.com\\\/pt-br\\\/#\\\/schema\\\/logo\\\/image\\\/\",\"url\":\"https:\\\/\\\/www.vydence.com\\\/wp-content\\\/uploads\\\/2024\\\/11\\\/Logo.svg\",\"contentUrl\":\"https:\\\/\\\/www.vydence.com\\\/wp-content\\\/uploads\\\/2024\\\/11\\\/Logo.svg\",\"width\":149,\"height\":40,\"caption\":\"VYDENCE\"},\"image\":{\"@id\":\"https:\\\/\\\/www.vydence.com\\\/pt-br\\\/#\\\/schema\\\/logo\\\/image\\\/\"},\"sameAs\":[\"https:\\\/\\\/www.facebook.com\\\/VYDENCE\"]},{\"@type\":\"Person\",\"@id\":\"https:\\\/\\\/www.vydence.com\\\/pt-br\\\/#\\\/schema\\\/person\\\/d07e11658f9624d2d5344c62489f5fed\",\"name\":\"admin\",\"image\":{\"@type\":\"ImageObject\",\"inLanguage\":\"pt-BR\",\"@id\":\"https:\\\/\\\/secure.gravatar.com\\\/avatar\\\/1625555f260264654c853a64f2eddfbd5d054ef40597af8b97dc8461ef04e355?s=96&d=mm&r=g\",\"url\":\"https:\\\/\\\/secure.gravatar.com\\\/avatar\\\/1625555f260264654c853a64f2eddfbd5d054ef40597af8b97dc8461ef04e355?s=96&d=mm&r=g\",\"contentUrl\":\"https:\\\/\\\/secure.gravatar.com\\\/avatar\\\/1625555f260264654c853a64f2eddfbd5d054ef40597af8b97dc8461ef04e355?s=96&d=mm&r=g\",\"caption\":\"admin\"},\"sameAs\":[\"https:\\\/\\\/www.vydence.com\"],\"url\":\"https:\\\/\\\/www.vydence.com\\\/pt-br\\\/author\\\/ericknc\\\/\"}]}<\/script>\n<!-- \/ Yoast SEO Premium plugin. -->","yoast_head_json":{"title":"Calv\u00edcie gen\u00e9tica: ser\u00e1 que eu tenho? - VYDENCE","description":"S\u00e3o muitos os motivos que nos levam a buscar solu\u00e7\u00f5es para a queda de cabelo que pode nos acometer ao longo da vida. Um dos principais \u00e9 a calv\u00edcie gen\u00e9tica. Saiba mais","robots":{"index":"index","follow":"follow","max-snippet":"max-snippet:-1","max-image-preview":"max-image-preview:large","max-video-preview":"max-video-preview:-1"},"canonical":"https:\/\/www.vydence.com\/pt-br\/calvicie-genetica\/","og_locale":"pt_BR","og_type":"article","og_title":"Calv\u00edcie gen\u00e9tica: ser\u00e1 que eu tenho?","og_description":"S\u00e3o muitos os motivos que nos levam a buscar solu\u00e7\u00f5es para a queda de cabelo que pode nos acometer ao longo da vida. Um dos principais \u00e9 a calv\u00edcie gen\u00e9tica. Saiba mais","og_url":"https:\/\/www.vydence.com\/pt-br\/calvicie-genetica\/","og_site_name":"VYDENCE","article_publisher":"https:\/\/www.facebook.com\/VYDENCE","article_published_time":"2018-04-02T15:28:11+00:00","og_image":[{"width":1100,"height":733,"url":"https:\/\/www.vydence.com\/wp-content\/uploads\/2018\/04\/calvicie-genetica.jpg","type":"image\/jpeg"}],"author":"admin","twitter_card":"summary_large_image","twitter_misc":{"Escrito por":"admin","Est. tempo de leitura":"3 minutos"},"schema":{"@context":"https:\/\/schema.org","@graph":[{"@type":"Article","@id":"https:\/\/www.vydence.com\/pt-br\/calvicie-genetica\/#article","isPartOf":{"@id":"https:\/\/www.vydence.com\/pt-br\/calvicie-genetica\/"},"author":{"name":"admin","@id":"https:\/\/www.vydence.com\/pt-br\/#\/schema\/person\/d07e11658f9624d2d5344c62489f5fed"},"headline":"Calv\u00edcie gen\u00e9tica: ser\u00e1 que eu tenho?","datePublished":"2018-04-02T15:28:11+00:00","mainEntityOfPage":{"@id":"https:\/\/www.vydence.com\/pt-br\/calvicie-genetica\/"},"wordCount":632,"commentCount":0,"publisher":{"@id":"https:\/\/www.vydence.com\/pt-br\/#organization"},"image":{"@id":"https:\/\/www.vydence.com\/pt-br\/calvicie-genetica\/#primaryimage"},"thumbnailUrl":"https:\/\/www.vydence.com\/wp-content\/uploads\/2018\/04\/calvicie-genetica.jpg","keywords":["artas","calv\u00edcie"],"articleSection":["Transplante capilar","Tricologia"],"inLanguage":"pt-BR","potentialAction":[{"@type":"CommentAction","name":"Comment","target":["https:\/\/www.vydence.com\/pt-br\/calvicie-genetica\/#respond"]}]},{"@type":"WebPage","@id":"https:\/\/www.vydence.com\/pt-br\/calvicie-genetica\/","url":"https:\/\/www.vydence.com\/pt-br\/calvicie-genetica\/","name":"Calv\u00edcie gen\u00e9tica: ser\u00e1 que eu tenho? - VYDENCE","isPartOf":{"@id":"https:\/\/www.vydence.com\/pt-br\/#website"},"primaryImageOfPage":{"@id":"https:\/\/www.vydence.com\/pt-br\/calvicie-genetica\/#primaryimage"},"image":{"@id":"https:\/\/www.vydence.com\/pt-br\/calvicie-genetica\/#primaryimage"},"thumbnailUrl":"https:\/\/www.vydence.com\/wp-content\/uploads\/2018\/04\/calvicie-genetica.jpg","datePublished":"2018-04-02T15:28:11+00:00","description":"S\u00e3o muitos os motivos que nos levam a buscar solu\u00e7\u00f5es para a queda de cabelo que pode nos acometer ao longo da vida. Um dos principais \u00e9 a calv\u00edcie gen\u00e9tica. Saiba mais","breadcrumb":{"@id":"https:\/\/www.vydence.com\/pt-br\/calvicie-genetica\/#breadcrumb"},"inLanguage":"pt-BR","potentialAction":[{"@type":"ReadAction","target":["https:\/\/www.vydence.com\/pt-br\/calvicie-genetica\/"]}]},{"@type":"ImageObject","inLanguage":"pt-BR","@id":"https:\/\/www.vydence.com\/pt-br\/calvicie-genetica\/#primaryimage","url":"https:\/\/www.vydence.com\/wp-content\/uploads\/2018\/04\/calvicie-genetica.jpg","contentUrl":"https:\/\/www.vydence.com\/wp-content\/uploads\/2018\/04\/calvicie-genetica.jpg","width":1100,"height":733,"caption":"Calv\u00edcie gen\u00e9tica o que \u00e9 - como tratar"},{"@type":"BreadcrumbList","@id":"https:\/\/www.vydence.com\/pt-br\/calvicie-genetica\/#breadcrumb","itemListElement":[{"@type":"ListItem","position":1,"name":"In\u00edcio","item":"https:\/\/www.vydence.com\/pt-br\/"},{"@type":"ListItem","position":2,"name":"Calv\u00edcie gen\u00e9tica: ser\u00e1 que eu tenho?"}]},{"@type":"WebSite","@id":"https:\/\/www.vydence.com\/pt-br\/#website","url":"https:\/\/www.vydence.com\/pt-br\/","name":"VYDENCE","description":"","publisher":{"@id":"https:\/\/www.vydence.com\/pt-br\/#organization"},"potentialAction":[{"@type":"SearchAction","target":{"@type":"EntryPoint","urlTemplate":"https:\/\/www.vydence.com\/pt-br\/?s={search_term_string}"},"query-input":{"@type":"PropertyValueSpecification","valueRequired":true,"valueName":"search_term_string"}}],"inLanguage":"pt-BR"},{"@type":"Organization","@id":"https:\/\/www.vydence.com\/pt-br\/#organization","name":"VYDENCE","url":"https:\/\/www.vydence.com\/pt-br\/","logo":{"@type":"ImageObject","inLanguage":"pt-BR","@id":"https:\/\/www.vydence.com\/pt-br\/#\/schema\/logo\/image\/","url":"https:\/\/www.vydence.com\/wp-content\/uploads\/2024\/11\/Logo.svg","contentUrl":"https:\/\/www.vydence.com\/wp-content\/uploads\/2024\/11\/Logo.svg","width":149,"height":40,"caption":"VYDENCE"},"image":{"@id":"https:\/\/www.vydence.com\/pt-br\/#\/schema\/logo\/image\/"},"sameAs":["https:\/\/www.facebook.com\/VYDENCE"]},{"@type":"Person","@id":"https:\/\/www.vydence.com\/pt-br\/#\/schema\/person\/d07e11658f9624d2d5344c62489f5fed","name":"admin","image":{"@type":"ImageObject","inLanguage":"pt-BR","@id":"https:\/\/secure.gravatar.com\/avatar\/1625555f260264654c853a64f2eddfbd5d054ef40597af8b97dc8461ef04e355?s=96&d=mm&r=g","url":"https:\/\/secure.gravatar.com\/avatar\/1625555f260264654c853a64f2eddfbd5d054ef40597af8b97dc8461ef04e355?s=96&d=mm&r=g","contentUrl":"https:\/\/secure.gravatar.com\/avatar\/1625555f260264654c853a64f2eddfbd5d054ef40597af8b97dc8461ef04e355?s=96&d=mm&r=g","caption":"admin"},"sameAs":["https:\/\/www.vydence.com"],"url":"https:\/\/www.vydence.com\/pt-br\/author\/ericknc\/"}]}},"_links":{"self":[{"href":"https:\/\/www.vydence.com\/pt-br\/wp-json\/wp\/v2\/posts\/43","targetHints":{"allow":["GET"]}}],"collection":[{"href":"https:\/\/www.vydence.com\/pt-br\/wp-json\/wp\/v2\/posts"}],"about":[{"href":"https:\/\/www.vydence.com\/pt-br\/wp-json\/wp\/v2\/types\/post"}],"author":[{"embeddable":true,"href":"https:\/\/www.vydence.com\/pt-br\/wp-json\/wp\/v2\/users\/1"}],"replies":[{"embeddable":true,"href":"https:\/\/www.vydence.com\/pt-br\/wp-json\/wp\/v2\/comments?post=43"}],"version-history":[{"count":0,"href":"https:\/\/www.vydence.com\/pt-br\/wp-json\/wp\/v2\/posts\/43\/revisions"}],"wp:featuredmedia":[{"embeddable":true,"href":"https:\/\/www.vydence.com\/pt-br\/wp-json\/wp\/v2\/media\/45"}],"wp:attachment":[{"href":"https:\/\/www.vydence.com\/pt-br\/wp-json\/wp\/v2\/media?parent=43"}],"wp:term":[{"taxonomy":"category","embeddable":true,"href":"https:\/\/www.vydence.com\/pt-br\/wp-json\/wp\/v2\/categories?post=43"},{"taxonomy":"post_tag","embeddable":true,"href":"https:\/\/www.vydence.com\/pt-br\/wp-json\/wp\/v2\/tags?post=43"}],"curies":[{"name":"wp","href":"https:\/\/api.w.org\/{rel}","templated":true}]}}