{"id":19528,"date":"2018-11-27T14:47:52","date_gmt":"2018-11-27T16:47:52","guid":{"rendered":"http:\/\/www.bottomsup.com.br\/blog\/?p=262"},"modified":"2018-11-27T14:47:52","modified_gmt":"2018-11-27T16:47:52","slug":"refrigerante-da-celulite","status":"publish","type":"post","link":"https:\/\/www.vydence.com\/pt-br\/refrigerante-da-celulite\/","title":{"rendered":"Refrigerante d\u00e1 celulite: mito ou verdade"},"content":{"rendered":"<p><span style=\"font-weight: 400;\">Voc\u00ea provavelmente j\u00e1 ouviu algu\u00e9m dizer <\/span><span style=\"font-weight: 400;\">\u2014 ou mesmo j\u00e1 disse! \u2014 que o g\u00e1s do refrigerante d\u00e1 celulite e, por isso, tem evitado a bebida. Mas afinal, isso \u00e9 <\/span><b>mito ou verdade<\/b><span style=\"font-weight: 400;\">? <\/span><\/p>\n<p><span style=\"font-weight: 400;\">Ser\u00e1 que o refrigerante realmente pode fazer surgir ou aumentar o aspecto de casca de laranja na pele provocado pela celulite? Entenda melhor!<\/span><\/p>\n<h2><span style=\"font-weight: 400;\">Refrigerante d\u00e1 celulite: mito ou verdade?<\/span><\/h2>\n<p><span style=\"font-weight: 400;\">Na verdade, o g\u00e1s utilizado para provocar aquela sensa\u00e7\u00e3o t\u00e3o caracter\u00edstica quando voc\u00ea ingere a bebida <\/span><b>n\u00e3o oferece nenhum potencial de causar celulite<\/b><span style=\"font-weight: 400;\">.<\/span><\/p>\n<p><span style=\"font-weight: 400;\">Portanto, a hist\u00f3ria de que <\/span><b>esse componente em espec\u00edfico do refrigerante<\/b><span style=\"font-weight: 400;\"> d\u00e1 celulite n\u00e3o passa de um mito. No entanto, \u00a0a ingest\u00e3o de comidas ou bebidas cal\u00f3ricas, com alto teor de a\u00e7\u00facar, \u00a0<\/span><a href=\"https:\/\/tratamentosalaser.com.br\/blog\/lipolise-celulite\/\"><span style=\"font-weight: 400;\">pode sim favorecer o surgimento dos furinhos<\/span><\/a><span style=\"font-weight: 400;\">.<\/span><\/p>\n<p><span style=\"font-weight: 400;\">Isso porque a celulite \u00e9 desencadeada por uma s\u00e9rie de fatores, como flacidez, problemas na circula\u00e7\u00e3o sangu\u00ednea, ingest\u00e3o de medicamentos que provocam altera\u00e7\u00f5es hormonais, <\/span><a href=\"https:\/\/tratamentosalaser.com.br\/blog\/anticoncepcional-da-celulite\/\"><span style=\"font-weight: 400;\">como os anticoncepcionais<\/span><\/a><span style=\"font-weight: 400;\">, e, n\u00e3o menos importante, pelo sobrepeso.<\/span><\/p>\n<p><span style=\"font-weight: 400;\">Logo, ingerir as chamadas calorias vazias, que aumentam o consumo energ\u00e9tico di\u00e1rio sem trazer qualquer tipo de nutriente para o organismo, contribui para o aumento da <\/span><a href=\"https:\/\/tratamentosalaser.com.br\/blog\/percentual-de-gordura-ideal-em-nosso-corpo\/\"><span style=\"font-weight: 400;\">gordura localizada<\/span><\/a><span style=\"font-weight: 400;\"> e, consequentemente, da celulite.<\/span><\/p>\n<p><span style=\"font-weight: 400;\">Para se ter uma ideia, apenas um copo da bebida <\/span><b>tem em m\u00e9dia 21 gramas de a\u00e7\u00facar<\/b><span style=\"font-weight: 400;\">. A <\/span><a href=\"https:\/\/www.paho.org\/bra\/index.php?option=com_content&amp;view=article&amp;id=4783:oms-recomenda-que-os-paises-reduzam-o-consumo-de-acucar-entre-adultos-e-criancas&amp;Itemid=820\"><span style=\"font-weight: 400;\">Organiza\u00e7\u00e3o Mundial da Sa\u00fade recomenda o consumo m\u00e1ximo di\u00e1rio de 25 gramas<\/span><\/a><span style=\"font-weight: 400;\">, o que quer dizer que voc\u00ea pode consumir at\u00e9 84% da sua cota di\u00e1ria sem nem ao menos notar!<\/span><\/p>\n<p><span style=\"font-weight: 400;\">Em resumo, \u00e9 o a\u00e7\u00facar do refrigerante \u2014 e n\u00e3o o g\u00e1s \u2014 que est\u00e1 por tr\u00e1s da celulite. Por isso, se voc\u00ea prefere <\/span><a href=\"https:\/\/tratamentosalaser.com.br\/blog\/agua-com-gas-da-celulite\/\"><span style=\"font-weight: 400;\">\u00e1gua com g\u00e1s<\/span><\/a><span style=\"font-weight: 400;\"> e vive tentando diminuir o consumo para evitar os furinhos, pode comprar uma garrafinha agora mesmo.<\/span><\/p>\n<p><span style=\"font-weight: 400;\">O consumo regular da bebida \u2014 aliado, \u00e9 claro, <\/span><a href=\"https:\/\/tratamentosalaser.com.br\/blog\/dieta-para-fim-de-ano\/\"><span style=\"font-weight: 400;\">a uma dieta saud\u00e1vel<\/span><\/a><span style=\"font-weight: 400;\">, <\/span><a href=\"https:\/\/tratamentosalaser.com.br\/blog\/exercicios-nas-ferias\/\"><span style=\"font-weight: 400;\">exerc\u00edcios f\u00edsicos regulares<\/span><\/a><span style=\"font-weight: 400;\"> e <\/span><a href=\"https:\/\/tratamentosalaser.com.br\/\"><span style=\"font-weight: 400;\">tratamentos est\u00e9ticos eficazes<\/span><\/a><span style=\"font-weight: 400;\"> \u2014 pode inclusive auxiliar a atenuar o aspecto da celulite, j\u00e1 que deixa seu corpo mais hidratado e ajuda a melhorar a circula\u00e7\u00e3o sangu\u00ednea.<\/span><\/p>\n<h2><span style=\"font-weight: 400;\">Ent\u00e3o o refrigerante zero n\u00e3o d\u00e1 celulite?<\/span><\/h2>\n<p><span style=\"font-weight: 400;\">Em teoria, se a grande quest\u00e3o no consumo de refrigerante \u00e9 o a\u00e7\u00facar, elimin\u00e1-lo da sua composi\u00e7\u00e3o faria com que a bebida n\u00e3o contribu\u00edsse para a celulite, correto? Errado.<\/span><\/p>\n<p><span style=\"font-weight: 400;\">Isso porque embora n\u00e3o conte com a\u00e7\u00facar em sua composi\u00e7\u00e3o, <\/span><b>o refrigerante zero a\u00e7\u00facar \u00e9 rico em s\u00f3dio<\/b><span style=\"font-weight: 400;\">, mineral que interfere na elimina\u00e7\u00e3o de toxinas pelo organismo. Logo, quando consumida em excesso, a bebida pode favorecer a reten\u00e7\u00e3o de l\u00edquido, <\/span><a href=\"https:\/\/tratamentosalaser.com.br\/blog\/retencao-de-liquidos\/\"><span style=\"font-weight: 400;\">um dos principais agravantes da celulite.<\/span><\/a><\/p>\n<p><span style=\"font-weight: 400;\">Al\u00e9m disso, \u00e9 sempre bom lembrar que refrigerantes em geral s\u00e3o ricos em aditivos, como corantes e saborizantes, que n\u00e3o oferecem qualquer benef\u00edcio \u00e0 sa\u00fade do seu organismo ou para o seu bem-estar. <\/span><\/p>\n<p><span style=\"font-weight: 400;\">Como voc\u00ea pode ver, o g\u00e1s do refrigerante n\u00e3o d\u00e1 celulite, mas o consumo de bebidas cal\u00f3ricas ou ricas em s\u00f3dio pode sim favorecer o surgimento dos furinhos. Por isso, a melhor op\u00e7\u00e3o s\u00e3o mesmo os sucos naturais e, principalmente, a \u00e1gua!<\/span><\/p>\n<p><span style=\"font-weight: 400;\">Gostou de entender se \u00e9 <\/span><b>mito ou verdade que refrigerante d\u00e1 celulite<\/b><span style=\"font-weight: 400;\">? Para descobrir ainda mais sobre o tema, leia agora mesmo o post <\/span><a href=\"https:\/\/tratamentosalaser.com.br\/blog\/celulite-na-mulher\/\"><span style=\"font-weight: 400;\">\u201cCelulite na mulher: porque temos e como diminuir\u201d<\/span><\/a><span style=\"font-weight: 400;\">!<\/span><\/p>\n<p><a href=\"https:\/\/www.vydence.com\/wp-content\/uploads\/2019\/08\/ebook-bottoms-up-1.pdf\"><img loading=\"lazy\" decoding=\"async\" class=\"wp-image-344 aligncenter\" src=\"http:\/\/tratamentosalaser.com.br\/wp-content\/uploads\/2019\/03\/Tire-suas-duvidas-2-1024x640.jpg\" alt=\"\" width=\"600\" height=\"375\" \/><\/a><\/p>\n","protected":false},"excerpt":{"rendered":"<p>Voc\u00ea provavelmente j\u00e1 ouviu algu\u00e9m dizer \u2014 ou mesmo j\u00e1 disse! \u2014 que o g\u00e1s do refrigerante d\u00e1 celulite e, por isso, tem evitado a bebida. Mas afinal, isso \u00e9 mito ou verdade? Ser\u00e1 que o refrigerante realmente pode fazer surgir ou aumentar o aspecto de casca de laranja na pele provocado pela celulite? Entenda [&hellip;]<\/p>\n","protected":false},"author":1,"featured_media":256,"comment_status":"open","ping_status":"open","sticky":false,"template":"","format":"standard","meta":{"_et_pb_use_builder":"","_et_pb_old_content":"","_et_gb_content_width":"","inline_featured_image":false,"footnotes":""},"categories":[134],"tags":[128,140,149],"class_list":["post-19528","post","type-post","status-publish","format-standard","has-post-thumbnail","hentry","category-saude","tag-celulite","tag-dieta","tag-saude"],"yoast_head":"<!-- This site is optimized with the Yoast SEO Premium plugin v27.1 (Yoast SEO v27.4) - https:\/\/yoast.com\/product\/yoast-seo-premium-wordpress\/ -->\n<title>Refrigerante d\u00e1 celulite: mito ou verdade - VYDENCE<\/title>\n<meta name=\"description\" content=\"Ser\u00e1 que o refrigerante realmente d\u00e1 celulite e pode fazer surgir ou aumentar o aspecto de casca de laranja na pele? Entenda melhor!\" \/>\n<meta name=\"robots\" content=\"index, follow, max-snippet:-1, max-image-preview:large, max-video-preview:-1\" \/>\n<link rel=\"canonical\" href=\"https:\/\/www.vydence.com\/pt-br\/refrigerante-da-celulite\/\" \/>\n<meta property=\"og:locale\" content=\"pt_BR\" \/>\n<meta property=\"og:type\" content=\"article\" \/>\n<meta property=\"og:title\" content=\"Refrigerante d\u00e1 celulite: mito ou verdade\" \/>\n<meta property=\"og:description\" content=\"Ser\u00e1 que o refrigerante realmente d\u00e1 celulite e pode fazer surgir ou aumentar o aspecto de casca de laranja na pele? Entenda melhor!\" \/>\n<meta property=\"og:url\" content=\"https:\/\/www.vydence.com\/pt-br\/refrigerante-da-celulite\/\" \/>\n<meta property=\"og:site_name\" content=\"VYDENCE\" \/>\n<meta property=\"article:publisher\" content=\"https:\/\/www.facebook.com\/VYDENCE\" \/>\n<meta property=\"article:published_time\" content=\"2018-11-27T16:47:52+00:00\" \/>\n<meta property=\"og:image\" content=\"https:\/\/www.vydence.com\/wp-content\/uploads\/2024\/11\/areasTratadas4.webp\" \/>\n\t<meta property=\"og:image:width\" content=\"228\" \/>\n\t<meta property=\"og:image:height\" content=\"228\" \/>\n\t<meta property=\"og:image:type\" content=\"image\/webp\" \/>\n<meta name=\"author\" content=\"admin\" \/>\n<meta name=\"twitter:card\" content=\"summary_large_image\" \/>\n<meta name=\"twitter:label1\" content=\"Escrito por\" \/>\n\t<meta name=\"twitter:data1\" content=\"admin\" \/>\n\t<meta name=\"twitter:label2\" content=\"Est. tempo de leitura\" \/>\n\t<meta name=\"twitter:data2\" content=\"3 minutos\" \/>\n<script type=\"application\/ld+json\" class=\"yoast-schema-graph\">{\"@context\":\"https:\\\/\\\/schema.org\",\"@graph\":[{\"@type\":\"Article\",\"@id\":\"https:\\\/\\\/www.vydence.com\\\/pt-br\\\/refrigerante-da-celulite\\\/#article\",\"isPartOf\":{\"@id\":\"https:\\\/\\\/www.vydence.com\\\/pt-br\\\/refrigerante-da-celulite\\\/\"},\"author\":{\"name\":\"admin\",\"@id\":\"https:\\\/\\\/www.vydence.com\\\/pt-br\\\/#\\\/schema\\\/person\\\/d07e11658f9624d2d5344c62489f5fed\"},\"headline\":\"Refrigerante d\u00e1 celulite: mito ou verdade\",\"datePublished\":\"2018-11-27T16:47:52+00:00\",\"mainEntityOfPage\":{\"@id\":\"https:\\\/\\\/www.vydence.com\\\/pt-br\\\/refrigerante-da-celulite\\\/\"},\"wordCount\":568,\"commentCount\":0,\"publisher\":{\"@id\":\"https:\\\/\\\/www.vydence.com\\\/pt-br\\\/#organization\"},\"image\":{\"@id\":\"https:\\\/\\\/www.vydence.com\\\/pt-br\\\/refrigerante-da-celulite\\\/#primaryimage\"},\"thumbnailUrl\":\"https:\\\/\\\/www.vydence.com\\\/wp-content\\\/uploads\\\/2024\\\/11\\\/areasTratadas4.webp\",\"keywords\":[\"celulite\",\"dieta\",\"sa\u00fade\"],\"articleSection\":[\"Sa\u00fade\"],\"inLanguage\":\"pt-BR\",\"potentialAction\":[{\"@type\":\"CommentAction\",\"name\":\"Comment\",\"target\":[\"https:\\\/\\\/www.vydence.com\\\/pt-br\\\/refrigerante-da-celulite\\\/#respond\"]}]},{\"@type\":\"WebPage\",\"@id\":\"https:\\\/\\\/www.vydence.com\\\/pt-br\\\/refrigerante-da-celulite\\\/\",\"url\":\"https:\\\/\\\/www.vydence.com\\\/pt-br\\\/refrigerante-da-celulite\\\/\",\"name\":\"Refrigerante d\u00e1 celulite: mito ou verdade - VYDENCE\",\"isPartOf\":{\"@id\":\"https:\\\/\\\/www.vydence.com\\\/pt-br\\\/#website\"},\"primaryImageOfPage\":{\"@id\":\"https:\\\/\\\/www.vydence.com\\\/pt-br\\\/refrigerante-da-celulite\\\/#primaryimage\"},\"image\":{\"@id\":\"https:\\\/\\\/www.vydence.com\\\/pt-br\\\/refrigerante-da-celulite\\\/#primaryimage\"},\"thumbnailUrl\":\"https:\\\/\\\/www.vydence.com\\\/wp-content\\\/uploads\\\/2024\\\/11\\\/areasTratadas4.webp\",\"datePublished\":\"2018-11-27T16:47:52+00:00\",\"description\":\"Ser\u00e1 que o refrigerante realmente d\u00e1 celulite e pode fazer surgir ou aumentar o aspecto de casca de laranja na pele? Entenda melhor!\",\"breadcrumb\":{\"@id\":\"https:\\\/\\\/www.vydence.com\\\/pt-br\\\/refrigerante-da-celulite\\\/#breadcrumb\"},\"inLanguage\":\"pt-BR\",\"potentialAction\":[{\"@type\":\"ReadAction\",\"target\":[\"https:\\\/\\\/www.vydence.com\\\/pt-br\\\/refrigerante-da-celulite\\\/\"]}]},{\"@type\":\"ImageObject\",\"inLanguage\":\"pt-BR\",\"@id\":\"https:\\\/\\\/www.vydence.com\\\/pt-br\\\/refrigerante-da-celulite\\\/#primaryimage\",\"url\":\"https:\\\/\\\/www.vydence.com\\\/wp-content\\\/uploads\\\/2024\\\/11\\\/areasTratadas4.webp\",\"contentUrl\":\"https:\\\/\\\/www.vydence.com\\\/wp-content\\\/uploads\\\/2024\\\/11\\\/areasTratadas4.webp\",\"width\":228,\"height\":228},{\"@type\":\"BreadcrumbList\",\"@id\":\"https:\\\/\\\/www.vydence.com\\\/pt-br\\\/refrigerante-da-celulite\\\/#breadcrumb\",\"itemListElement\":[{\"@type\":\"ListItem\",\"position\":1,\"name\":\"In\u00edcio\",\"item\":\"https:\\\/\\\/www.vydence.com\\\/pt-br\\\/\"},{\"@type\":\"ListItem\",\"position\":2,\"name\":\"Refrigerante d\u00e1 celulite: mito ou verdade\"}]},{\"@type\":\"WebSite\",\"@id\":\"https:\\\/\\\/www.vydence.com\\\/pt-br\\\/#website\",\"url\":\"https:\\\/\\\/www.vydence.com\\\/pt-br\\\/\",\"name\":\"VYDENCE\",\"description\":\"\",\"publisher\":{\"@id\":\"https:\\\/\\\/www.vydence.com\\\/pt-br\\\/#organization\"},\"potentialAction\":[{\"@type\":\"SearchAction\",\"target\":{\"@type\":\"EntryPoint\",\"urlTemplate\":\"https:\\\/\\\/www.vydence.com\\\/pt-br\\\/?s={search_term_string}\"},\"query-input\":{\"@type\":\"PropertyValueSpecification\",\"valueRequired\":true,\"valueName\":\"search_term_string\"}}],\"inLanguage\":\"pt-BR\"},{\"@type\":\"Organization\",\"@id\":\"https:\\\/\\\/www.vydence.com\\\/pt-br\\\/#organization\",\"name\":\"VYDENCE\",\"url\":\"https:\\\/\\\/www.vydence.com\\\/pt-br\\\/\",\"logo\":{\"@type\":\"ImageObject\",\"inLanguage\":\"pt-BR\",\"@id\":\"https:\\\/\\\/www.vydence.com\\\/pt-br\\\/#\\\/schema\\\/logo\\\/image\\\/\",\"url\":\"https:\\\/\\\/www.vydence.com\\\/wp-content\\\/uploads\\\/2024\\\/11\\\/Logo.svg\",\"contentUrl\":\"https:\\\/\\\/www.vydence.com\\\/wp-content\\\/uploads\\\/2024\\\/11\\\/Logo.svg\",\"width\":149,\"height\":40,\"caption\":\"VYDENCE\"},\"image\":{\"@id\":\"https:\\\/\\\/www.vydence.com\\\/pt-br\\\/#\\\/schema\\\/logo\\\/image\\\/\"},\"sameAs\":[\"https:\\\/\\\/www.facebook.com\\\/VYDENCE\"]},{\"@type\":\"Person\",\"@id\":\"https:\\\/\\\/www.vydence.com\\\/pt-br\\\/#\\\/schema\\\/person\\\/d07e11658f9624d2d5344c62489f5fed\",\"name\":\"admin\",\"image\":{\"@type\":\"ImageObject\",\"inLanguage\":\"pt-BR\",\"@id\":\"https:\\\/\\\/secure.gravatar.com\\\/avatar\\\/1625555f260264654c853a64f2eddfbd5d054ef40597af8b97dc8461ef04e355?s=96&d=mm&r=g\",\"url\":\"https:\\\/\\\/secure.gravatar.com\\\/avatar\\\/1625555f260264654c853a64f2eddfbd5d054ef40597af8b97dc8461ef04e355?s=96&d=mm&r=g\",\"contentUrl\":\"https:\\\/\\\/secure.gravatar.com\\\/avatar\\\/1625555f260264654c853a64f2eddfbd5d054ef40597af8b97dc8461ef04e355?s=96&d=mm&r=g\",\"caption\":\"admin\"},\"sameAs\":[\"https:\\\/\\\/www.vydence.com\"],\"url\":\"https:\\\/\\\/www.vydence.com\\\/pt-br\\\/author\\\/ericknc\\\/\"}]}<\/script>\n<!-- \/ Yoast SEO Premium plugin. -->","yoast_head_json":{"title":"Refrigerante d\u00e1 celulite: mito ou verdade - VYDENCE","description":"Ser\u00e1 que o refrigerante realmente d\u00e1 celulite e pode fazer surgir ou aumentar o aspecto de casca de laranja na pele? Entenda melhor!","robots":{"index":"index","follow":"follow","max-snippet":"max-snippet:-1","max-image-preview":"max-image-preview:large","max-video-preview":"max-video-preview:-1"},"canonical":"https:\/\/www.vydence.com\/pt-br\/refrigerante-da-celulite\/","og_locale":"pt_BR","og_type":"article","og_title":"Refrigerante d\u00e1 celulite: mito ou verdade","og_description":"Ser\u00e1 que o refrigerante realmente d\u00e1 celulite e pode fazer surgir ou aumentar o aspecto de casca de laranja na pele? Entenda melhor!","og_url":"https:\/\/www.vydence.com\/pt-br\/refrigerante-da-celulite\/","og_site_name":"VYDENCE","article_publisher":"https:\/\/www.facebook.com\/VYDENCE","article_published_time":"2018-11-27T16:47:52+00:00","og_image":[{"width":228,"height":228,"url":"https:\/\/www.vydence.com\/wp-content\/uploads\/2024\/11\/areasTratadas4.webp","type":"image\/webp"}],"author":"admin","twitter_card":"summary_large_image","twitter_misc":{"Escrito por":"admin","Est. tempo de leitura":"3 minutos"},"schema":{"@context":"https:\/\/schema.org","@graph":[{"@type":"Article","@id":"https:\/\/www.vydence.com\/pt-br\/refrigerante-da-celulite\/#article","isPartOf":{"@id":"https:\/\/www.vydence.com\/pt-br\/refrigerante-da-celulite\/"},"author":{"name":"admin","@id":"https:\/\/www.vydence.com\/pt-br\/#\/schema\/person\/d07e11658f9624d2d5344c62489f5fed"},"headline":"Refrigerante d\u00e1 celulite: mito ou verdade","datePublished":"2018-11-27T16:47:52+00:00","mainEntityOfPage":{"@id":"https:\/\/www.vydence.com\/pt-br\/refrigerante-da-celulite\/"},"wordCount":568,"commentCount":0,"publisher":{"@id":"https:\/\/www.vydence.com\/pt-br\/#organization"},"image":{"@id":"https:\/\/www.vydence.com\/pt-br\/refrigerante-da-celulite\/#primaryimage"},"thumbnailUrl":"https:\/\/www.vydence.com\/wp-content\/uploads\/2024\/11\/areasTratadas4.webp","keywords":["celulite","dieta","sa\u00fade"],"articleSection":["Sa\u00fade"],"inLanguage":"pt-BR","potentialAction":[{"@type":"CommentAction","name":"Comment","target":["https:\/\/www.vydence.com\/pt-br\/refrigerante-da-celulite\/#respond"]}]},{"@type":"WebPage","@id":"https:\/\/www.vydence.com\/pt-br\/refrigerante-da-celulite\/","url":"https:\/\/www.vydence.com\/pt-br\/refrigerante-da-celulite\/","name":"Refrigerante d\u00e1 celulite: mito ou verdade - VYDENCE","isPartOf":{"@id":"https:\/\/www.vydence.com\/pt-br\/#website"},"primaryImageOfPage":{"@id":"https:\/\/www.vydence.com\/pt-br\/refrigerante-da-celulite\/#primaryimage"},"image":{"@id":"https:\/\/www.vydence.com\/pt-br\/refrigerante-da-celulite\/#primaryimage"},"thumbnailUrl":"https:\/\/www.vydence.com\/wp-content\/uploads\/2024\/11\/areasTratadas4.webp","datePublished":"2018-11-27T16:47:52+00:00","description":"Ser\u00e1 que o refrigerante realmente d\u00e1 celulite e pode fazer surgir ou aumentar o aspecto de casca de laranja na pele? Entenda melhor!","breadcrumb":{"@id":"https:\/\/www.vydence.com\/pt-br\/refrigerante-da-celulite\/#breadcrumb"},"inLanguage":"pt-BR","potentialAction":[{"@type":"ReadAction","target":["https:\/\/www.vydence.com\/pt-br\/refrigerante-da-celulite\/"]}]},{"@type":"ImageObject","inLanguage":"pt-BR","@id":"https:\/\/www.vydence.com\/pt-br\/refrigerante-da-celulite\/#primaryimage","url":"https:\/\/www.vydence.com\/wp-content\/uploads\/2024\/11\/areasTratadas4.webp","contentUrl":"https:\/\/www.vydence.com\/wp-content\/uploads\/2024\/11\/areasTratadas4.webp","width":228,"height":228},{"@type":"BreadcrumbList","@id":"https:\/\/www.vydence.com\/pt-br\/refrigerante-da-celulite\/#breadcrumb","itemListElement":[{"@type":"ListItem","position":1,"name":"In\u00edcio","item":"https:\/\/www.vydence.com\/pt-br\/"},{"@type":"ListItem","position":2,"name":"Refrigerante d\u00e1 celulite: mito ou verdade"}]},{"@type":"WebSite","@id":"https:\/\/www.vydence.com\/pt-br\/#website","url":"https:\/\/www.vydence.com\/pt-br\/","name":"VYDENCE","description":"","publisher":{"@id":"https:\/\/www.vydence.com\/pt-br\/#organization"},"potentialAction":[{"@type":"SearchAction","target":{"@type":"EntryPoint","urlTemplate":"https:\/\/www.vydence.com\/pt-br\/?s={search_term_string}"},"query-input":{"@type":"PropertyValueSpecification","valueRequired":true,"valueName":"search_term_string"}}],"inLanguage":"pt-BR"},{"@type":"Organization","@id":"https:\/\/www.vydence.com\/pt-br\/#organization","name":"VYDENCE","url":"https:\/\/www.vydence.com\/pt-br\/","logo":{"@type":"ImageObject","inLanguage":"pt-BR","@id":"https:\/\/www.vydence.com\/pt-br\/#\/schema\/logo\/image\/","url":"https:\/\/www.vydence.com\/wp-content\/uploads\/2024\/11\/Logo.svg","contentUrl":"https:\/\/www.vydence.com\/wp-content\/uploads\/2024\/11\/Logo.svg","width":149,"height":40,"caption":"VYDENCE"},"image":{"@id":"https:\/\/www.vydence.com\/pt-br\/#\/schema\/logo\/image\/"},"sameAs":["https:\/\/www.facebook.com\/VYDENCE"]},{"@type":"Person","@id":"https:\/\/www.vydence.com\/pt-br\/#\/schema\/person\/d07e11658f9624d2d5344c62489f5fed","name":"admin","image":{"@type":"ImageObject","inLanguage":"pt-BR","@id":"https:\/\/secure.gravatar.com\/avatar\/1625555f260264654c853a64f2eddfbd5d054ef40597af8b97dc8461ef04e355?s=96&d=mm&r=g","url":"https:\/\/secure.gravatar.com\/avatar\/1625555f260264654c853a64f2eddfbd5d054ef40597af8b97dc8461ef04e355?s=96&d=mm&r=g","contentUrl":"https:\/\/secure.gravatar.com\/avatar\/1625555f260264654c853a64f2eddfbd5d054ef40597af8b97dc8461ef04e355?s=96&d=mm&r=g","caption":"admin"},"sameAs":["https:\/\/www.vydence.com"],"url":"https:\/\/www.vydence.com\/pt-br\/author\/ericknc\/"}]}},"_links":{"self":[{"href":"https:\/\/www.vydence.com\/pt-br\/wp-json\/wp\/v2\/posts\/19528","targetHints":{"allow":["GET"]}}],"collection":[{"href":"https:\/\/www.vydence.com\/pt-br\/wp-json\/wp\/v2\/posts"}],"about":[{"href":"https:\/\/www.vydence.com\/pt-br\/wp-json\/wp\/v2\/types\/post"}],"author":[{"embeddable":true,"href":"https:\/\/www.vydence.com\/pt-br\/wp-json\/wp\/v2\/users\/1"}],"replies":[{"embeddable":true,"href":"https:\/\/www.vydence.com\/pt-br\/wp-json\/wp\/v2\/comments?post=19528"}],"version-history":[{"count":0,"href":"https:\/\/www.vydence.com\/pt-br\/wp-json\/wp\/v2\/posts\/19528\/revisions"}],"wp:featuredmedia":[{"embeddable":true,"href":"https:\/\/www.vydence.com\/pt-br\/wp-json\/wp\/v2\/media\/256"}],"wp:attachment":[{"href":"https:\/\/www.vydence.com\/pt-br\/wp-json\/wp\/v2\/media?parent=19528"}],"wp:term":[{"taxonomy":"category","embeddable":true,"href":"https:\/\/www.vydence.com\/pt-br\/wp-json\/wp\/v2\/categories?post=19528"},{"taxonomy":"post_tag","embeddable":true,"href":"https:\/\/www.vydence.com\/pt-br\/wp-json\/wp\/v2\/tags?post=19528"}],"curies":[{"name":"wp","href":"https:\/\/api.w.org\/{rel}","templated":true}]}}