{"id":19512,"date":"2018-08-21T12:00:24","date_gmt":"2018-08-21T15:00:24","guid":{"rendered":"http:\/\/www.artasbr.com.br\/?p=170"},"modified":"2018-08-21T12:00:24","modified_gmt":"2018-08-21T15:00:24","slug":"5-doencas-do-couro-cabeludo","status":"publish","type":"post","link":"https:\/\/www.vydence.com\/pt-br\/5-doencas-do-couro-cabeludo\/","title":{"rendered":"5 doen\u00e7as do couro cabeludo para voc\u00ea ficar atento"},"content":{"rendered":"<p><span style=\"font-weight: 400;\">Muitas pessoas tendem a se preocupar com as <\/span><b>doen\u00e7as do couro cabeludo<\/b><span style=\"font-weight: 400;\"> quando apontam algum sintoma evidente, como as<\/span><a href=\"http:\/\/www.tratamentosalaser.com.br\/entradas-no-cabelo\/\"> <span style=\"font-weight: 400;\">entradas no cabelo<\/span><\/a><span style=\"font-weight: 400;\"> mais acentuadas.<\/span><\/p>\n<p><span style=\"font-weight: 400;\">Acontece que nem todos os males causam, diretamente, a queda do cabelo. No entanto, prevenir e tratar \u00e9 muito importante.<\/span><\/p>\n<p><span style=\"font-weight: 400;\">Aprender a avaliar o tipo de problema que voc\u00ea tem \u00e9 fundamental para saber como remedi\u00e1-lo prontamente e evitar que o quadro evolua para outros sintomas. Por isso, neste post vamos apresentar 5 doen\u00e7as do couro cabeludo para voc\u00ea ficar atento e saber como proceder!<\/span><\/p>\n<h2><span style=\"font-weight: 400;\">1. Psor\u00edase<\/span><\/h2>\n<p><span style=\"font-weight: 400;\">Ela tende a ser confundida com a dermatite seborreica por conta da descama\u00e7\u00e3o que causa no couro cabeludo e a caracter\u00edstica coceira na regi\u00e3o.<\/span><\/p>\n<p><span style=\"font-weight: 400;\">Mas, aten\u00e7\u00e3o: a psor\u00edase \u00e9 uma das mais peculiares doen\u00e7as do couro cabeludo e tem origem gen\u00e9tica. N\u00e3o \u00e9 qualquer tratamento que resolve, portanto.<\/span><\/p>\n<h3><span style=\"font-weight: 400;\">Tratamento<\/span><\/h3>\n<p><span style=\"font-weight: 400;\">Visite um m\u00e9dico especialista para identificar a melhor lo\u00e7\u00e3o anti-inflamat\u00f3ria ou xampu \u00e0 base de alcatr\u00e3o para o seu caso.<\/span><\/p>\n<h2><span style=\"font-weight: 400;\">2. Dermatite seborreica<\/span><\/h2>\n<p><span style=\"font-weight: 400;\">Essa, sim, est\u00e1 entre as doen\u00e7as do couro cabeludo que mais atacam as pessoas. A popular caspa tem os sintomas similares ao da psor\u00edase, mas por meio de causas variadas, como:<\/span><\/p>\n<ul>\n<li style=\"font-weight: 400;\"><span style=\"font-weight: 400;\">estresse;<\/span><\/li>\n<li style=\"font-weight: 400;\"><a href=\"http:\/\/www.tratamentosalaser.com.br\/fungos-no-cabelo\/\"><span style=\"font-weight: 400;\">fungos no couro cabeludo<\/span><\/a><span style=\"font-weight: 400;\">;<\/span><\/li>\n<li style=\"font-weight: 400;\"><span style=\"font-weight: 400;\">excesso de oleosidade.<\/span><\/li>\n<\/ul>\n<h3><span style=\"font-weight: 400;\">Tratamento<\/span><\/h3>\n<p><span style=\"font-weight: 400;\">No geral, a aplica\u00e7\u00e3o de xampus anti-inflamat\u00f3rios e antif\u00fangicos s\u00e3o boas solu\u00e7\u00f5es. Mas conv\u00e9m seguir pelo percurso tradicional de tratamento, buscando avalia\u00e7\u00e3o do seu m\u00e9dico.<\/span><\/p>\n<h2><span style=\"font-weight: 400;\">3. Tinha<\/span><\/h2>\n<p><span style=\"font-weight: 400;\">Cuidado com a queda de cabelo sem causa aparente, pois \u00e9 o principal sintoma da Tinha, que surge em decorr\u00eancia da prolifera\u00e7\u00e3o de fungos no couro cabeludo.<\/span><\/p>\n<h3><span style=\"font-weight: 400;\">Tratamento<\/span><\/h3>\n<p><span style=\"font-weight: 400;\">A agilidade no tratamento \u00e9 relevante porque a sua neglig\u00eancia faz com que a inflama\u00e7\u00e3o progrida, acelerando a<\/span><a href=\"http:\/\/www.tratamentosalaser.com.br\/por-que-o-cabelo-cai\/\"> <span style=\"font-weight: 400;\">queda dos fios de cabelos<\/span><\/a><span style=\"font-weight: 400;\">. Por isso, uma avalia\u00e7\u00e3o com o m\u00e9dico de sua confian\u00e7a confere mais rapidez na aplica\u00e7\u00e3o de antibi\u00f3ticos para melhorar o quadro.<\/span><\/p>\n<h2><span style=\"font-weight: 400;\">4. L\u00edquen plano capilar<\/span><\/h2>\n<p><span style=\"font-weight: 400;\">Mais uma, entre as doen\u00e7as do couro cabeludo, que se caracterizam pela coceira local \u2014 o que dificulta um diagn\u00f3stico r\u00e1pido.<\/span><\/p>\n<p><span style=\"font-weight: 400;\">A diferencia\u00e7\u00e3o se d\u00e1 por meio de uma avalia\u00e7\u00e3o visual da \u00e1rea afetada: no geral, as inflama\u00e7\u00f5es v\u00eam acompanhadas de bolas pequenas e arroxeadas na regi\u00e3o.<\/span><\/p>\n<h3><span style=\"font-weight: 400;\">Tratamento<\/span><\/h3>\n<p><span style=\"font-weight: 400;\">A solu\u00e7\u00e3o mais eficaz contra o L\u00edquen plano capilar \u00e9 por meio do uso de cortic\u00f3ides.<\/span><\/p>\n<h2><span style=\"font-weight: 400;\">5. C\u00e2ncer de pele<\/span><\/h2>\n<p><span style=\"font-weight: 400;\">Muitos parecem n\u00e3o se dar conta, mas o c\u00e2ncer de pele tamb\u00e9m afeta essa \u00e1rea, sendo uma das mais perigosas doen\u00e7as do couro cabeludo.<\/span><\/p>\n<p><span style=\"font-weight: 400;\">E silenciosa, acima de tudo, podendo ser confundida com uma das doen\u00e7as do couro cabeludo citadas anteriormente. Afinal, os sintomas iniciais n\u00e3o diferem muito delas.<\/span><\/p>\n<p><span style=\"font-weight: 400;\">S\u00f3 que, com o tempo, a les\u00e3o cancer\u00edgena pode evoluir rapidamente, dificultando o tratamento mais eficaz para cada paciente.<\/span><\/p>\n<h3><span style=\"font-weight: 400;\">Tratamento<\/span><\/h3>\n<p><span style=\"font-weight: 400;\">O tratamento mais recomendado para o c\u00e2ncer de pele \u00e9 a remo\u00e7\u00e3o do tumor, mas pode variar de acordo com a condi\u00e7\u00e3o de cada paciente. Por isso, ter acompanhamento m\u00e9dico \u00e9 imprescind\u00edvel.<\/span><\/p>\n<p><span style=\"font-weight: 400;\">E ent\u00e3o, deu para conhecer um pouco mais a respeito de outras doen\u00e7as do couro cabeludo? Que tal complementar os seus conhecimentos, agora, e avaliar as<\/span><a href=\"http:\/\/www.tratamentosalaser.com.br\/doencas-que-causam-queda-de-cabelo\/\"> <span style=\"font-weight: 400;\">condi\u00e7\u00f5es que, exclusivamente, causam a queda de cabelo<\/span><\/a><span style=\"font-weight: 400;\">?<\/span><\/p>\n","protected":false},"excerpt":{"rendered":"<p>Muitas pessoas tendem a se preocupar com as doen\u00e7as do couro cabeludo quando apontam algum sintoma evidente, como as entradas no cabelo mais acentuadas. Acontece que nem todos os males causam, diretamente, a queda do cabelo. No entanto, prevenir e tratar \u00e9 muito importante. Aprender a avaliar o tipo de problema que voc\u00ea tem \u00e9 [&hellip;]<\/p>\n","protected":false},"author":1,"featured_media":19336,"comment_status":"open","ping_status":"open","sticky":false,"template":"","format":"standard","meta":{"_et_pb_use_builder":"","_et_pb_old_content":"","_et_gb_content_width":"","inline_featured_image":false,"footnotes":""},"categories":[125],"tags":[121,154],"class_list":["post-19512","post","type-post","status-publish","format-standard","has-post-thumbnail","hentry","category-tricologia","tag-artas","tag-cabelo"],"yoast_head":"<!-- This site is optimized with the Yoast SEO Premium plugin v27.1 (Yoast SEO v27.4) - https:\/\/yoast.com\/product\/yoast-seo-premium-wordpress\/ -->\n<title>5 doen\u00e7as do couro cabeludo para voc\u00ea ficar atento - VYDENCE<\/title>\n<meta name=\"description\" content=\"Muitas pessoas tendem a se preocupar com as doen\u00e7as do couro cabeludo. Listamos as principais e apresentamos os cuidados que voc\u00ea deve ter com cada uma\" \/>\n<meta name=\"robots\" content=\"index, follow, max-snippet:-1, max-image-preview:large, max-video-preview:-1\" \/>\n<link rel=\"canonical\" href=\"https:\/\/www.vydence.com\/pt-br\/5-doencas-do-couro-cabeludo\/\" \/>\n<meta property=\"og:locale\" content=\"pt_BR\" \/>\n<meta property=\"og:type\" content=\"article\" \/>\n<meta property=\"og:title\" content=\"5 doen\u00e7as do couro cabeludo para voc\u00ea ficar atento\" \/>\n<meta property=\"og:description\" content=\"Muitas pessoas tendem a se preocupar com as doen\u00e7as do couro cabeludo. Listamos as principais e apresentamos os cuidados que voc\u00ea deve ter com cada uma\" \/>\n<meta property=\"og:url\" content=\"https:\/\/www.vydence.com\/pt-br\/5-doencas-do-couro-cabeludo\/\" \/>\n<meta property=\"og:site_name\" content=\"VYDENCE\" \/>\n<meta property=\"article:publisher\" content=\"https:\/\/www.facebook.com\/VYDENCE\" \/>\n<meta property=\"article:published_time\" content=\"2018-08-21T15:00:24+00:00\" \/>\n<meta property=\"og:image\" content=\"https:\/\/www.vydence.com\/wp-content\/uploads\/2018\/08\/doencas-do-couro-cabeludo-1.png\" \/>\n\t<meta property=\"og:image:width\" content=\"1200\" \/>\n\t<meta property=\"og:image:height\" content=\"800\" \/>\n\t<meta property=\"og:image:type\" content=\"image\/png\" \/>\n<meta name=\"author\" content=\"admin\" \/>\n<meta name=\"twitter:card\" content=\"summary_large_image\" \/>\n<meta name=\"twitter:label1\" content=\"Escrito por\" \/>\n\t<meta name=\"twitter:data1\" content=\"admin\" \/>\n\t<meta name=\"twitter:label2\" content=\"Est. tempo de leitura\" \/>\n\t<meta name=\"twitter:data2\" content=\"3 minutos\" \/>\n<script type=\"application\/ld+json\" class=\"yoast-schema-graph\">{\"@context\":\"https:\\\/\\\/schema.org\",\"@graph\":[{\"@type\":\"Article\",\"@id\":\"https:\\\/\\\/www.vydence.com\\\/pt-br\\\/5-doencas-do-couro-cabeludo\\\/#article\",\"isPartOf\":{\"@id\":\"https:\\\/\\\/www.vydence.com\\\/pt-br\\\/5-doencas-do-couro-cabeludo\\\/\"},\"author\":{\"name\":\"admin\",\"@id\":\"https:\\\/\\\/www.vydence.com\\\/pt-br\\\/#\\\/schema\\\/person\\\/d07e11658f9624d2d5344c62489f5fed\"},\"headline\":\"5 doen\u00e7as do couro cabeludo para voc\u00ea ficar atento\",\"datePublished\":\"2018-08-21T15:00:24+00:00\",\"mainEntityOfPage\":{\"@id\":\"https:\\\/\\\/www.vydence.com\\\/pt-br\\\/5-doencas-do-couro-cabeludo\\\/\"},\"wordCount\":565,\"commentCount\":0,\"publisher\":{\"@id\":\"https:\\\/\\\/www.vydence.com\\\/pt-br\\\/#organization\"},\"image\":{\"@id\":\"https:\\\/\\\/www.vydence.com\\\/pt-br\\\/5-doencas-do-couro-cabeludo\\\/#primaryimage\"},\"thumbnailUrl\":\"https:\\\/\\\/www.vydence.com\\\/wp-content\\\/uploads\\\/2018\\\/08\\\/doencas-do-couro-cabeludo-1.png\",\"keywords\":[\"artas\",\"cabelo\"],\"articleSection\":[\"Tricologia\"],\"inLanguage\":\"pt-BR\",\"potentialAction\":[{\"@type\":\"CommentAction\",\"name\":\"Comment\",\"target\":[\"https:\\\/\\\/www.vydence.com\\\/pt-br\\\/5-doencas-do-couro-cabeludo\\\/#respond\"]}]},{\"@type\":\"WebPage\",\"@id\":\"https:\\\/\\\/www.vydence.com\\\/pt-br\\\/5-doencas-do-couro-cabeludo\\\/\",\"url\":\"https:\\\/\\\/www.vydence.com\\\/pt-br\\\/5-doencas-do-couro-cabeludo\\\/\",\"name\":\"5 doen\u00e7as do couro cabeludo para voc\u00ea ficar atento - VYDENCE\",\"isPartOf\":{\"@id\":\"https:\\\/\\\/www.vydence.com\\\/pt-br\\\/#website\"},\"primaryImageOfPage\":{\"@id\":\"https:\\\/\\\/www.vydence.com\\\/pt-br\\\/5-doencas-do-couro-cabeludo\\\/#primaryimage\"},\"image\":{\"@id\":\"https:\\\/\\\/www.vydence.com\\\/pt-br\\\/5-doencas-do-couro-cabeludo\\\/#primaryimage\"},\"thumbnailUrl\":\"https:\\\/\\\/www.vydence.com\\\/wp-content\\\/uploads\\\/2018\\\/08\\\/doencas-do-couro-cabeludo-1.png\",\"datePublished\":\"2018-08-21T15:00:24+00:00\",\"description\":\"Muitas pessoas tendem a se preocupar com as doen\u00e7as do couro cabeludo. Listamos as principais e apresentamos os cuidados que voc\u00ea deve ter com cada uma\",\"breadcrumb\":{\"@id\":\"https:\\\/\\\/www.vydence.com\\\/pt-br\\\/5-doencas-do-couro-cabeludo\\\/#breadcrumb\"},\"inLanguage\":\"pt-BR\",\"potentialAction\":[{\"@type\":\"ReadAction\",\"target\":[\"https:\\\/\\\/www.vydence.com\\\/pt-br\\\/5-doencas-do-couro-cabeludo\\\/\"]}]},{\"@type\":\"ImageObject\",\"inLanguage\":\"pt-BR\",\"@id\":\"https:\\\/\\\/www.vydence.com\\\/pt-br\\\/5-doencas-do-couro-cabeludo\\\/#primaryimage\",\"url\":\"https:\\\/\\\/www.vydence.com\\\/wp-content\\\/uploads\\\/2018\\\/08\\\/doencas-do-couro-cabeludo-1.png\",\"contentUrl\":\"https:\\\/\\\/www.vydence.com\\\/wp-content\\\/uploads\\\/2018\\\/08\\\/doencas-do-couro-cabeludo-1.png\",\"width\":1200,\"height\":800,\"caption\":\"Doen\u00e7as do couro cabeludo\"},{\"@type\":\"BreadcrumbList\",\"@id\":\"https:\\\/\\\/www.vydence.com\\\/pt-br\\\/5-doencas-do-couro-cabeludo\\\/#breadcrumb\",\"itemListElement\":[{\"@type\":\"ListItem\",\"position\":1,\"name\":\"In\u00edcio\",\"item\":\"https:\\\/\\\/www.vydence.com\\\/pt-br\\\/\"},{\"@type\":\"ListItem\",\"position\":2,\"name\":\"5 doen\u00e7as do couro cabeludo para voc\u00ea ficar atento\"}]},{\"@type\":\"WebSite\",\"@id\":\"https:\\\/\\\/www.vydence.com\\\/pt-br\\\/#website\",\"url\":\"https:\\\/\\\/www.vydence.com\\\/pt-br\\\/\",\"name\":\"VYDENCE\",\"description\":\"\",\"publisher\":{\"@id\":\"https:\\\/\\\/www.vydence.com\\\/pt-br\\\/#organization\"},\"potentialAction\":[{\"@type\":\"SearchAction\",\"target\":{\"@type\":\"EntryPoint\",\"urlTemplate\":\"https:\\\/\\\/www.vydence.com\\\/pt-br\\\/?s={search_term_string}\"},\"query-input\":{\"@type\":\"PropertyValueSpecification\",\"valueRequired\":true,\"valueName\":\"search_term_string\"}}],\"inLanguage\":\"pt-BR\"},{\"@type\":\"Organization\",\"@id\":\"https:\\\/\\\/www.vydence.com\\\/pt-br\\\/#organization\",\"name\":\"VYDENCE\",\"url\":\"https:\\\/\\\/www.vydence.com\\\/pt-br\\\/\",\"logo\":{\"@type\":\"ImageObject\",\"inLanguage\":\"pt-BR\",\"@id\":\"https:\\\/\\\/www.vydence.com\\\/pt-br\\\/#\\\/schema\\\/logo\\\/image\\\/\",\"url\":\"https:\\\/\\\/www.vydence.com\\\/wp-content\\\/uploads\\\/2024\\\/11\\\/Logo.svg\",\"contentUrl\":\"https:\\\/\\\/www.vydence.com\\\/wp-content\\\/uploads\\\/2024\\\/11\\\/Logo.svg\",\"width\":149,\"height\":40,\"caption\":\"VYDENCE\"},\"image\":{\"@id\":\"https:\\\/\\\/www.vydence.com\\\/pt-br\\\/#\\\/schema\\\/logo\\\/image\\\/\"},\"sameAs\":[\"https:\\\/\\\/www.facebook.com\\\/VYDENCE\"]},{\"@type\":\"Person\",\"@id\":\"https:\\\/\\\/www.vydence.com\\\/pt-br\\\/#\\\/schema\\\/person\\\/d07e11658f9624d2d5344c62489f5fed\",\"name\":\"admin\",\"image\":{\"@type\":\"ImageObject\",\"inLanguage\":\"pt-BR\",\"@id\":\"https:\\\/\\\/secure.gravatar.com\\\/avatar\\\/1625555f260264654c853a64f2eddfbd5d054ef40597af8b97dc8461ef04e355?s=96&d=mm&r=g\",\"url\":\"https:\\\/\\\/secure.gravatar.com\\\/avatar\\\/1625555f260264654c853a64f2eddfbd5d054ef40597af8b97dc8461ef04e355?s=96&d=mm&r=g\",\"contentUrl\":\"https:\\\/\\\/secure.gravatar.com\\\/avatar\\\/1625555f260264654c853a64f2eddfbd5d054ef40597af8b97dc8461ef04e355?s=96&d=mm&r=g\",\"caption\":\"admin\"},\"sameAs\":[\"https:\\\/\\\/www.vydence.com\"],\"url\":\"https:\\\/\\\/www.vydence.com\\\/pt-br\\\/author\\\/ericknc\\\/\"}]}<\/script>\n<!-- \/ Yoast SEO Premium plugin. -->","yoast_head_json":{"title":"5 doen\u00e7as do couro cabeludo para voc\u00ea ficar atento - VYDENCE","description":"Muitas pessoas tendem a se preocupar com as doen\u00e7as do couro cabeludo. Listamos as principais e apresentamos os cuidados que voc\u00ea deve ter com cada uma","robots":{"index":"index","follow":"follow","max-snippet":"max-snippet:-1","max-image-preview":"max-image-preview:large","max-video-preview":"max-video-preview:-1"},"canonical":"https:\/\/www.vydence.com\/pt-br\/5-doencas-do-couro-cabeludo\/","og_locale":"pt_BR","og_type":"article","og_title":"5 doen\u00e7as do couro cabeludo para voc\u00ea ficar atento","og_description":"Muitas pessoas tendem a se preocupar com as doen\u00e7as do couro cabeludo. Listamos as principais e apresentamos os cuidados que voc\u00ea deve ter com cada uma","og_url":"https:\/\/www.vydence.com\/pt-br\/5-doencas-do-couro-cabeludo\/","og_site_name":"VYDENCE","article_publisher":"https:\/\/www.facebook.com\/VYDENCE","article_published_time":"2018-08-21T15:00:24+00:00","og_image":[{"width":1200,"height":800,"url":"https:\/\/www.vydence.com\/wp-content\/uploads\/2018\/08\/doencas-do-couro-cabeludo-1.png","type":"image\/png"}],"author":"admin","twitter_card":"summary_large_image","twitter_misc":{"Escrito por":"admin","Est. tempo de leitura":"3 minutos"},"schema":{"@context":"https:\/\/schema.org","@graph":[{"@type":"Article","@id":"https:\/\/www.vydence.com\/pt-br\/5-doencas-do-couro-cabeludo\/#article","isPartOf":{"@id":"https:\/\/www.vydence.com\/pt-br\/5-doencas-do-couro-cabeludo\/"},"author":{"name":"admin","@id":"https:\/\/www.vydence.com\/pt-br\/#\/schema\/person\/d07e11658f9624d2d5344c62489f5fed"},"headline":"5 doen\u00e7as do couro cabeludo para voc\u00ea ficar atento","datePublished":"2018-08-21T15:00:24+00:00","mainEntityOfPage":{"@id":"https:\/\/www.vydence.com\/pt-br\/5-doencas-do-couro-cabeludo\/"},"wordCount":565,"commentCount":0,"publisher":{"@id":"https:\/\/www.vydence.com\/pt-br\/#organization"},"image":{"@id":"https:\/\/www.vydence.com\/pt-br\/5-doencas-do-couro-cabeludo\/#primaryimage"},"thumbnailUrl":"https:\/\/www.vydence.com\/wp-content\/uploads\/2018\/08\/doencas-do-couro-cabeludo-1.png","keywords":["artas","cabelo"],"articleSection":["Tricologia"],"inLanguage":"pt-BR","potentialAction":[{"@type":"CommentAction","name":"Comment","target":["https:\/\/www.vydence.com\/pt-br\/5-doencas-do-couro-cabeludo\/#respond"]}]},{"@type":"WebPage","@id":"https:\/\/www.vydence.com\/pt-br\/5-doencas-do-couro-cabeludo\/","url":"https:\/\/www.vydence.com\/pt-br\/5-doencas-do-couro-cabeludo\/","name":"5 doen\u00e7as do couro cabeludo para voc\u00ea ficar atento - VYDENCE","isPartOf":{"@id":"https:\/\/www.vydence.com\/pt-br\/#website"},"primaryImageOfPage":{"@id":"https:\/\/www.vydence.com\/pt-br\/5-doencas-do-couro-cabeludo\/#primaryimage"},"image":{"@id":"https:\/\/www.vydence.com\/pt-br\/5-doencas-do-couro-cabeludo\/#primaryimage"},"thumbnailUrl":"https:\/\/www.vydence.com\/wp-content\/uploads\/2018\/08\/doencas-do-couro-cabeludo-1.png","datePublished":"2018-08-21T15:00:24+00:00","description":"Muitas pessoas tendem a se preocupar com as doen\u00e7as do couro cabeludo. Listamos as principais e apresentamos os cuidados que voc\u00ea deve ter com cada uma","breadcrumb":{"@id":"https:\/\/www.vydence.com\/pt-br\/5-doencas-do-couro-cabeludo\/#breadcrumb"},"inLanguage":"pt-BR","potentialAction":[{"@type":"ReadAction","target":["https:\/\/www.vydence.com\/pt-br\/5-doencas-do-couro-cabeludo\/"]}]},{"@type":"ImageObject","inLanguage":"pt-BR","@id":"https:\/\/www.vydence.com\/pt-br\/5-doencas-do-couro-cabeludo\/#primaryimage","url":"https:\/\/www.vydence.com\/wp-content\/uploads\/2018\/08\/doencas-do-couro-cabeludo-1.png","contentUrl":"https:\/\/www.vydence.com\/wp-content\/uploads\/2018\/08\/doencas-do-couro-cabeludo-1.png","width":1200,"height":800,"caption":"Doen\u00e7as do couro cabeludo"},{"@type":"BreadcrumbList","@id":"https:\/\/www.vydence.com\/pt-br\/5-doencas-do-couro-cabeludo\/#breadcrumb","itemListElement":[{"@type":"ListItem","position":1,"name":"In\u00edcio","item":"https:\/\/www.vydence.com\/pt-br\/"},{"@type":"ListItem","position":2,"name":"5 doen\u00e7as do couro cabeludo para voc\u00ea ficar atento"}]},{"@type":"WebSite","@id":"https:\/\/www.vydence.com\/pt-br\/#website","url":"https:\/\/www.vydence.com\/pt-br\/","name":"VYDENCE","description":"","publisher":{"@id":"https:\/\/www.vydence.com\/pt-br\/#organization"},"potentialAction":[{"@type":"SearchAction","target":{"@type":"EntryPoint","urlTemplate":"https:\/\/www.vydence.com\/pt-br\/?s={search_term_string}"},"query-input":{"@type":"PropertyValueSpecification","valueRequired":true,"valueName":"search_term_string"}}],"inLanguage":"pt-BR"},{"@type":"Organization","@id":"https:\/\/www.vydence.com\/pt-br\/#organization","name":"VYDENCE","url":"https:\/\/www.vydence.com\/pt-br\/","logo":{"@type":"ImageObject","inLanguage":"pt-BR","@id":"https:\/\/www.vydence.com\/pt-br\/#\/schema\/logo\/image\/","url":"https:\/\/www.vydence.com\/wp-content\/uploads\/2024\/11\/Logo.svg","contentUrl":"https:\/\/www.vydence.com\/wp-content\/uploads\/2024\/11\/Logo.svg","width":149,"height":40,"caption":"VYDENCE"},"image":{"@id":"https:\/\/www.vydence.com\/pt-br\/#\/schema\/logo\/image\/"},"sameAs":["https:\/\/www.facebook.com\/VYDENCE"]},{"@type":"Person","@id":"https:\/\/www.vydence.com\/pt-br\/#\/schema\/person\/d07e11658f9624d2d5344c62489f5fed","name":"admin","image":{"@type":"ImageObject","inLanguage":"pt-BR","@id":"https:\/\/secure.gravatar.com\/avatar\/1625555f260264654c853a64f2eddfbd5d054ef40597af8b97dc8461ef04e355?s=96&d=mm&r=g","url":"https:\/\/secure.gravatar.com\/avatar\/1625555f260264654c853a64f2eddfbd5d054ef40597af8b97dc8461ef04e355?s=96&d=mm&r=g","contentUrl":"https:\/\/secure.gravatar.com\/avatar\/1625555f260264654c853a64f2eddfbd5d054ef40597af8b97dc8461ef04e355?s=96&d=mm&r=g","caption":"admin"},"sameAs":["https:\/\/www.vydence.com"],"url":"https:\/\/www.vydence.com\/pt-br\/author\/ericknc\/"}]}},"_links":{"self":[{"href":"https:\/\/www.vydence.com\/pt-br\/wp-json\/wp\/v2\/posts\/19512","targetHints":{"allow":["GET"]}}],"collection":[{"href":"https:\/\/www.vydence.com\/pt-br\/wp-json\/wp\/v2\/posts"}],"about":[{"href":"https:\/\/www.vydence.com\/pt-br\/wp-json\/wp\/v2\/types\/post"}],"author":[{"embeddable":true,"href":"https:\/\/www.vydence.com\/pt-br\/wp-json\/wp\/v2\/users\/1"}],"replies":[{"embeddable":true,"href":"https:\/\/www.vydence.com\/pt-br\/wp-json\/wp\/v2\/comments?post=19512"}],"version-history":[{"count":0,"href":"https:\/\/www.vydence.com\/pt-br\/wp-json\/wp\/v2\/posts\/19512\/revisions"}],"wp:featuredmedia":[{"embeddable":true,"href":"https:\/\/www.vydence.com\/pt-br\/wp-json\/wp\/v2\/media\/19336"}],"wp:attachment":[{"href":"https:\/\/www.vydence.com\/pt-br\/wp-json\/wp\/v2\/media?parent=19512"}],"wp:term":[{"taxonomy":"category","embeddable":true,"href":"https:\/\/www.vydence.com\/pt-br\/wp-json\/wp\/v2\/categories?post=19512"},{"taxonomy":"post_tag","embeddable":true,"href":"https:\/\/www.vydence.com\/pt-br\/wp-json\/wp\/v2\/tags?post=19512"}],"curies":[{"name":"wp","href":"https:\/\/api.w.org\/{rel}","templated":true}]}}