{"id":19511,"date":"2018-08-20T15:00:42","date_gmt":"2018-08-20T15:00:42","guid":{"rendered":"http:\/\/www.artasbr.com.br\/?p=163"},"modified":"2018-08-20T15:00:42","modified_gmt":"2018-08-20T15:00:42","slug":"fungos-no-cabelo","status":"publish","type":"post","link":"https:\/\/www.vydence.com\/pt-br\/fungos-no-cabelo\/","title":{"rendered":"Como tratar fungos no cabelo?"},"content":{"rendered":"<p><span style=\"font-weight: 400;\">Muitas vezes, as<\/span><a href=\"http:\/\/www.tratamentosalaser.com.br\/entradas-no-cabelo\/\"> <span style=\"font-weight: 400;\">entradas no cabelo<\/span><\/a><span style=\"font-weight: 400;\"> n\u00e3o s\u00e3o a \u00fanica preocupa\u00e7\u00e3o dos homens. Afinal de contas, existem diversos problemas que podem acometer o couro cabeludo, prejudicando a sa\u00fade dos fios e a qualidade de vida, como um todo. \u00c9 o caso dos <\/span><b>fungos no cabelo<\/b><span style=\"font-weight: 400;\">.<\/span><\/p>\n<p><span style=\"font-weight: 400;\">Quando eles se manifestam, uma s\u00e9rie de sintomas coloca em risco os cuidados que voc\u00ea j\u00e1 deve tomar com os cabelos. Por isso, aprender como prevenir-se e remediar esses problemas \u00e9 fundamental.<\/span><\/p>\n<p><span style=\"font-weight: 400;\">Quer saber ent\u00e3o como os fungos no cabelo aparecem, manifestam-se e podem ser tratados? Basta seguir com a leitura deste post!<\/span><\/p>\n<h2><span style=\"font-weight: 400;\">Como os fungos no cabelo podem ser identificados?<\/span><\/h2>\n<p><span style=\"font-weight: 400;\">Em geral, os fungos no cabelo aparecem para se alimentar de c\u00e9lulas mortas \u2014 como as que perdemos por conta da renova\u00e7\u00e3o celular. Eles s\u00e3o conhecidos como dermat\u00f3fitos e t\u00eam predile\u00e7\u00e3o pelas c\u00e9lulas presentes nas unhas, nos cabelos e na pele.<\/span><\/p>\n<p><span style=\"font-weight: 400;\">Acontece que a prolifera\u00e7\u00e3o dos fungos \u00e9 mais arriscada do que podemos imaginar. Simplesmente, pessoas que dormem juntas podem ser contagiadas por meio do contato direto. Ou, ainda, a partir do compartilhamento de itens de higiene pessoal.<\/span><\/p>\n<h2><span style=\"font-weight: 400;\">Quais s\u00e3o os principais sintomas?<\/span><\/h2>\n<p><span style=\"font-weight: 400;\">Para identificar se h\u00e1 algum problema no seu couro cabeludo, confira as dicas abaixo:<\/span><\/p>\n<ul>\n<li style=\"font-weight: 400;\"><span style=\"font-weight: 400;\">presen\u00e7a s\u00fabita de \u00e1reas escamosas no couro cabeludo;<\/span><\/li>\n<li style=\"font-weight: 400;\"><span style=\"font-weight: 400;\">fios de cabelo mais quebradi\u00e7os;<\/span><\/li>\n<li style=\"font-weight: 400;\"><span style=\"font-weight: 400;\">vermelhid\u00e3o, incha\u00e7o e coceira localizada.<\/span><\/li>\n<\/ul>\n<p><span style=\"font-weight: 400;\">Se esses sinais forem ignorados, pode acontecer de as manchas avermelhadas se espalharem por outras \u00e1reas do corpo, como o pesco\u00e7o e o rosto. Isso tamb\u00e9m pode se refletir em uma inflama\u00e7\u00e3o dos g\u00e2nglios linf\u00e1ticos.<\/span><\/p>\n<p><span style=\"font-weight: 400;\">N\u00e3o \u00e9 \u00e0 toa que seja comum a ocorr\u00eancia de outros sintomas que dificultam um diagn\u00f3stico preciso de fungos no cabelo, como v\u00f4mitos e febre.<\/span><\/p>\n<h2><span style=\"font-weight: 400;\">Como funciona o tratamento contra os fungos no cabelo?<\/span><\/h2>\n<p><span style=\"font-weight: 400;\">Naturalmente resistentes, os fungos no cabelo tendem a prolongar o tratamento em decorr\u00eancia de suas caracter\u00edsticas.<\/span><\/p>\n<p><span style=\"font-weight: 400;\">At\u00e9 por isso, \u00e9 fundamental uma avalia\u00e7\u00e3o inicial com m\u00e9dicos especialistas, pois existem 3 formas principais de tratamentos. Escolher a mais indicada pode agilizar o processo e reverter os danos causados por eles:<\/span><\/p>\n<h3><span style=\"font-weight: 400;\">Medicamentos antif\u00fangicos<\/span><\/h3>\n<p><span style=\"font-weight: 400;\">Medicamentos \u00e0 base de griseofulvina e terbinafina s\u00e3o muito populares no combate aos fungos no cabelo. Em m\u00e9dia, o tratamento dura de at\u00e9 8 semanas.<\/span><\/p>\n<h3><span style=\"font-weight: 400;\">Xampus medicinais<\/span><\/h3>\n<p><span style=\"font-weight: 400;\">Existem os xampus medicinais que possuem composi\u00e7\u00f5es espec\u00edficas, como:<\/span><\/p>\n<ul>\n<li style=\"font-weight: 400;\"><span style=\"font-weight: 400;\">sulfeto de sel\u00eanio;<\/span><\/li>\n<li style=\"font-weight: 400;\"><span style=\"font-weight: 400;\">cetoconazol;<\/span><\/li>\n<li style=\"font-weight: 400;\"><span style=\"font-weight: 400;\">pitirionato de zinco.<\/span><\/li>\n<\/ul>\n<p><span style=\"font-weight: 400;\">Elas s\u00e3o subst\u00e2ncias fungicidas, mas o tempo de exposi\u00e7\u00e3o a esses produtos \u00e9 mais prolongado. Al\u00e9m disso, eles podem ressecar os fios, com o tempo, embora o efeito seja positivo para o controle desses microrganismos no couro cabeludo. \u00a0<\/span><\/p>\n<h2><span style=\"font-weight: 400;\">Aten\u00e7\u00e3o ao contato com outras pessoas<\/span><\/h2>\n<p><span style=\"font-weight: 400;\">Evitar a prolifera\u00e7\u00e3o dos fungos nos cabelos depende muito das pessoas. Caso voc\u00ea esteja nessas condi\u00e7\u00f5es, evite:<\/span><\/p>\n<ul>\n<li style=\"font-weight: 400;\"><span style=\"font-weight: 400;\">compartilhar pentes e escovas com outras pessoas;<\/span><\/li>\n<li style=\"font-weight: 400;\"><span style=\"font-weight: 400;\">usar a mesma toalha por muito tempo (e lave-as com \u00e1gua quente);<\/span><\/li>\n<li style=\"font-weight: 400;\"><span style=\"font-weight: 400;\">aproximar-se muito das pessoas, pois isso ajuda a conter o risco de cont\u00e1gio.<\/span><\/li>\n<\/ul>\n<p><span style=\"font-weight: 400;\">Quer uma dica complementar? Cuide da sua<\/span><a href=\"http:\/\/www.tratamentosalaser.com.br\/7-alimentos-para-queda-de-cabelo\/\"> <span style=\"font-weight: 400;\">alimenta\u00e7\u00e3o<\/span><\/a><span style=\"font-weight: 400;\">, pois existem diversos nutrientes que tamb\u00e9m ajudam a fortalecer os cabelos.<\/span><\/p>\n<p><span style=\"font-weight: 400;\">E, se voc\u00ea acha que o seu problema com a queda dos fios n\u00e3o est\u00e1, especificamente, relacionada aos fungos no cabelo, ent\u00e3o confira outro post nosso, que explora diversas<\/span><a href=\"http:\/\/www.tratamentosalaser.com.br\/doencas-que-causam-queda-de-cabelo\/\"> <span style=\"font-weight: 400;\">doen\u00e7as respons\u00e1veis pela queda de cabelo<\/span><\/a><span style=\"font-weight: 400;\">!<\/span><\/p>\n","protected":false},"excerpt":{"rendered":"<p>Muitas vezes, as entradas no cabelo n\u00e3o s\u00e3o a \u00fanica preocupa\u00e7\u00e3o dos homens. Afinal de contas, existem diversos problemas que podem acometer o couro cabeludo, prejudicando a sa\u00fade dos fios e a qualidade de vida, como um todo. \u00c9 o caso dos fungos no cabelo. Quando eles se manifestam, uma s\u00e9rie de sintomas coloca em [&hellip;]<\/p>\n","protected":false},"author":1,"featured_media":19332,"comment_status":"open","ping_status":"open","sticky":false,"template":"","format":"standard","meta":{"_et_pb_use_builder":"","_et_pb_old_content":"","_et_gb_content_width":"","inline_featured_image":false,"footnotes":""},"categories":[123,125],"tags":[154],"class_list":["post-19511","post","type-post","status-publish","format-standard","has-post-thumbnail","hentry","category-transplante-capilar","category-tricologia","tag-cabelo"],"yoast_head":"<!-- This site is optimized with the Yoast SEO Premium plugin v27.1 (Yoast SEO v27.4) - https:\/\/yoast.com\/product\/yoast-seo-premium-wordpress\/ -->\n<title>Como tratar fungos no cabelo? - VYDENCE<\/title>\n<meta name=\"description\" content=\"Diversos problemas podem acometer o couro cabeludo. \u00c9 o caso dos fungos que se proliferam no cabelo. Entenda como ele surge e como trat\u00e1-lo adequadamente\" \/>\n<meta name=\"robots\" content=\"index, follow, max-snippet:-1, max-image-preview:large, max-video-preview:-1\" \/>\n<link rel=\"canonical\" href=\"https:\/\/www.vydence.com\/pt-br\/fungos-no-cabelo\/\" \/>\n<meta property=\"og:locale\" content=\"pt_BR\" \/>\n<meta property=\"og:type\" content=\"article\" \/>\n<meta property=\"og:title\" content=\"Como tratar fungos no cabelo?\" \/>\n<meta property=\"og:description\" content=\"Diversos problemas podem acometer o couro cabeludo. \u00c9 o caso dos fungos que se proliferam no cabelo. Entenda como ele surge e como trat\u00e1-lo adequadamente\" \/>\n<meta property=\"og:url\" content=\"https:\/\/www.vydence.com\/pt-br\/fungos-no-cabelo\/\" \/>\n<meta property=\"og:site_name\" content=\"VYDENCE\" \/>\n<meta property=\"article:publisher\" content=\"https:\/\/www.facebook.com\/VYDENCE\" \/>\n<meta property=\"article:published_time\" content=\"2018-08-20T15:00:42+00:00\" \/>\n<meta property=\"og:image\" content=\"https:\/\/www.vydence.com\/wp-content\/uploads\/2018\/08\/tratar-fungos-no-cabelo.png\" \/>\n\t<meta property=\"og:image:width\" content=\"1348\" \/>\n\t<meta property=\"og:image:height\" content=\"899\" \/>\n\t<meta property=\"og:image:type\" content=\"image\/png\" \/>\n<meta name=\"author\" content=\"admin\" \/>\n<meta name=\"twitter:card\" content=\"summary_large_image\" \/>\n<meta name=\"twitter:label1\" content=\"Escrito por\" \/>\n\t<meta name=\"twitter:data1\" content=\"admin\" \/>\n\t<meta name=\"twitter:label2\" content=\"Est. tempo de leitura\" \/>\n\t<meta name=\"twitter:data2\" content=\"3 minutos\" \/>\n<script type=\"application\/ld+json\" class=\"yoast-schema-graph\">{\"@context\":\"https:\\\/\\\/schema.org\",\"@graph\":[{\"@type\":\"Article\",\"@id\":\"https:\\\/\\\/www.vydence.com\\\/pt-br\\\/fungos-no-cabelo\\\/#article\",\"isPartOf\":{\"@id\":\"https:\\\/\\\/www.vydence.com\\\/pt-br\\\/fungos-no-cabelo\\\/\"},\"author\":{\"name\":\"admin\",\"@id\":\"https:\\\/\\\/www.vydence.com\\\/pt-br\\\/#\\\/schema\\\/person\\\/d07e11658f9624d2d5344c62489f5fed\"},\"headline\":\"Como tratar fungos no cabelo?\",\"datePublished\":\"2018-08-20T15:00:42+00:00\",\"mainEntityOfPage\":{\"@id\":\"https:\\\/\\\/www.vydence.com\\\/pt-br\\\/fungos-no-cabelo\\\/\"},\"wordCount\":578,\"commentCount\":0,\"publisher\":{\"@id\":\"https:\\\/\\\/www.vydence.com\\\/pt-br\\\/#organization\"},\"image\":{\"@id\":\"https:\\\/\\\/www.vydence.com\\\/pt-br\\\/fungos-no-cabelo\\\/#primaryimage\"},\"thumbnailUrl\":\"https:\\\/\\\/www.vydence.com\\\/wp-content\\\/uploads\\\/2018\\\/08\\\/tratar-fungos-no-cabelo.png\",\"keywords\":[\"cabelo\"],\"articleSection\":[\"Transplante capilar\",\"Tricologia\"],\"inLanguage\":\"pt-BR\",\"potentialAction\":[{\"@type\":\"CommentAction\",\"name\":\"Comment\",\"target\":[\"https:\\\/\\\/www.vydence.com\\\/pt-br\\\/fungos-no-cabelo\\\/#respond\"]}]},{\"@type\":\"WebPage\",\"@id\":\"https:\\\/\\\/www.vydence.com\\\/pt-br\\\/fungos-no-cabelo\\\/\",\"url\":\"https:\\\/\\\/www.vydence.com\\\/pt-br\\\/fungos-no-cabelo\\\/\",\"name\":\"Como tratar fungos no cabelo? - VYDENCE\",\"isPartOf\":{\"@id\":\"https:\\\/\\\/www.vydence.com\\\/pt-br\\\/#website\"},\"primaryImageOfPage\":{\"@id\":\"https:\\\/\\\/www.vydence.com\\\/pt-br\\\/fungos-no-cabelo\\\/#primaryimage\"},\"image\":{\"@id\":\"https:\\\/\\\/www.vydence.com\\\/pt-br\\\/fungos-no-cabelo\\\/#primaryimage\"},\"thumbnailUrl\":\"https:\\\/\\\/www.vydence.com\\\/wp-content\\\/uploads\\\/2018\\\/08\\\/tratar-fungos-no-cabelo.png\",\"datePublished\":\"2018-08-20T15:00:42+00:00\",\"description\":\"Diversos problemas podem acometer o couro cabeludo. \u00c9 o caso dos fungos que se proliferam no cabelo. Entenda como ele surge e como trat\u00e1-lo adequadamente\",\"breadcrumb\":{\"@id\":\"https:\\\/\\\/www.vydence.com\\\/pt-br\\\/fungos-no-cabelo\\\/#breadcrumb\"},\"inLanguage\":\"pt-BR\",\"potentialAction\":[{\"@type\":\"ReadAction\",\"target\":[\"https:\\\/\\\/www.vydence.com\\\/pt-br\\\/fungos-no-cabelo\\\/\"]}]},{\"@type\":\"ImageObject\",\"inLanguage\":\"pt-BR\",\"@id\":\"https:\\\/\\\/www.vydence.com\\\/pt-br\\\/fungos-no-cabelo\\\/#primaryimage\",\"url\":\"https:\\\/\\\/www.vydence.com\\\/wp-content\\\/uploads\\\/2018\\\/08\\\/tratar-fungos-no-cabelo.png\",\"contentUrl\":\"https:\\\/\\\/www.vydence.com\\\/wp-content\\\/uploads\\\/2018\\\/08\\\/tratar-fungos-no-cabelo.png\",\"width\":1348,\"height\":899,\"caption\":\"Fungos no cabelo tratar\"},{\"@type\":\"BreadcrumbList\",\"@id\":\"https:\\\/\\\/www.vydence.com\\\/pt-br\\\/fungos-no-cabelo\\\/#breadcrumb\",\"itemListElement\":[{\"@type\":\"ListItem\",\"position\":1,\"name\":\"In\u00edcio\",\"item\":\"https:\\\/\\\/www.vydence.com\\\/pt-br\\\/\"},{\"@type\":\"ListItem\",\"position\":2,\"name\":\"Como tratar fungos no cabelo?\"}]},{\"@type\":\"WebSite\",\"@id\":\"https:\\\/\\\/www.vydence.com\\\/pt-br\\\/#website\",\"url\":\"https:\\\/\\\/www.vydence.com\\\/pt-br\\\/\",\"name\":\"VYDENCE\",\"description\":\"\",\"publisher\":{\"@id\":\"https:\\\/\\\/www.vydence.com\\\/pt-br\\\/#organization\"},\"potentialAction\":[{\"@type\":\"SearchAction\",\"target\":{\"@type\":\"EntryPoint\",\"urlTemplate\":\"https:\\\/\\\/www.vydence.com\\\/pt-br\\\/?s={search_term_string}\"},\"query-input\":{\"@type\":\"PropertyValueSpecification\",\"valueRequired\":true,\"valueName\":\"search_term_string\"}}],\"inLanguage\":\"pt-BR\"},{\"@type\":\"Organization\",\"@id\":\"https:\\\/\\\/www.vydence.com\\\/pt-br\\\/#organization\",\"name\":\"VYDENCE\",\"url\":\"https:\\\/\\\/www.vydence.com\\\/pt-br\\\/\",\"logo\":{\"@type\":\"ImageObject\",\"inLanguage\":\"pt-BR\",\"@id\":\"https:\\\/\\\/www.vydence.com\\\/pt-br\\\/#\\\/schema\\\/logo\\\/image\\\/\",\"url\":\"https:\\\/\\\/www.vydence.com\\\/wp-content\\\/uploads\\\/2024\\\/11\\\/Logo.svg\",\"contentUrl\":\"https:\\\/\\\/www.vydence.com\\\/wp-content\\\/uploads\\\/2024\\\/11\\\/Logo.svg\",\"width\":149,\"height\":40,\"caption\":\"VYDENCE\"},\"image\":{\"@id\":\"https:\\\/\\\/www.vydence.com\\\/pt-br\\\/#\\\/schema\\\/logo\\\/image\\\/\"},\"sameAs\":[\"https:\\\/\\\/www.facebook.com\\\/VYDENCE\"]},{\"@type\":\"Person\",\"@id\":\"https:\\\/\\\/www.vydence.com\\\/pt-br\\\/#\\\/schema\\\/person\\\/d07e11658f9624d2d5344c62489f5fed\",\"name\":\"admin\",\"image\":{\"@type\":\"ImageObject\",\"inLanguage\":\"pt-BR\",\"@id\":\"https:\\\/\\\/secure.gravatar.com\\\/avatar\\\/1625555f260264654c853a64f2eddfbd5d054ef40597af8b97dc8461ef04e355?s=96&d=mm&r=g\",\"url\":\"https:\\\/\\\/secure.gravatar.com\\\/avatar\\\/1625555f260264654c853a64f2eddfbd5d054ef40597af8b97dc8461ef04e355?s=96&d=mm&r=g\",\"contentUrl\":\"https:\\\/\\\/secure.gravatar.com\\\/avatar\\\/1625555f260264654c853a64f2eddfbd5d054ef40597af8b97dc8461ef04e355?s=96&d=mm&r=g\",\"caption\":\"admin\"},\"sameAs\":[\"https:\\\/\\\/www.vydence.com\"],\"url\":\"https:\\\/\\\/www.vydence.com\\\/pt-br\\\/author\\\/ericknc\\\/\"}]}<\/script>\n<!-- \/ Yoast SEO Premium plugin. -->","yoast_head_json":{"title":"Como tratar fungos no cabelo? - VYDENCE","description":"Diversos problemas podem acometer o couro cabeludo. \u00c9 o caso dos fungos que se proliferam no cabelo. Entenda como ele surge e como trat\u00e1-lo adequadamente","robots":{"index":"index","follow":"follow","max-snippet":"max-snippet:-1","max-image-preview":"max-image-preview:large","max-video-preview":"max-video-preview:-1"},"canonical":"https:\/\/www.vydence.com\/pt-br\/fungos-no-cabelo\/","og_locale":"pt_BR","og_type":"article","og_title":"Como tratar fungos no cabelo?","og_description":"Diversos problemas podem acometer o couro cabeludo. \u00c9 o caso dos fungos que se proliferam no cabelo. Entenda como ele surge e como trat\u00e1-lo adequadamente","og_url":"https:\/\/www.vydence.com\/pt-br\/fungos-no-cabelo\/","og_site_name":"VYDENCE","article_publisher":"https:\/\/www.facebook.com\/VYDENCE","article_published_time":"2018-08-20T15:00:42+00:00","og_image":[{"width":1348,"height":899,"url":"https:\/\/www.vydence.com\/wp-content\/uploads\/2018\/08\/tratar-fungos-no-cabelo.png","type":"image\/png"}],"author":"admin","twitter_card":"summary_large_image","twitter_misc":{"Escrito por":"admin","Est. tempo de leitura":"3 minutos"},"schema":{"@context":"https:\/\/schema.org","@graph":[{"@type":"Article","@id":"https:\/\/www.vydence.com\/pt-br\/fungos-no-cabelo\/#article","isPartOf":{"@id":"https:\/\/www.vydence.com\/pt-br\/fungos-no-cabelo\/"},"author":{"name":"admin","@id":"https:\/\/www.vydence.com\/pt-br\/#\/schema\/person\/d07e11658f9624d2d5344c62489f5fed"},"headline":"Como tratar fungos no cabelo?","datePublished":"2018-08-20T15:00:42+00:00","mainEntityOfPage":{"@id":"https:\/\/www.vydence.com\/pt-br\/fungos-no-cabelo\/"},"wordCount":578,"commentCount":0,"publisher":{"@id":"https:\/\/www.vydence.com\/pt-br\/#organization"},"image":{"@id":"https:\/\/www.vydence.com\/pt-br\/fungos-no-cabelo\/#primaryimage"},"thumbnailUrl":"https:\/\/www.vydence.com\/wp-content\/uploads\/2018\/08\/tratar-fungos-no-cabelo.png","keywords":["cabelo"],"articleSection":["Transplante capilar","Tricologia"],"inLanguage":"pt-BR","potentialAction":[{"@type":"CommentAction","name":"Comment","target":["https:\/\/www.vydence.com\/pt-br\/fungos-no-cabelo\/#respond"]}]},{"@type":"WebPage","@id":"https:\/\/www.vydence.com\/pt-br\/fungos-no-cabelo\/","url":"https:\/\/www.vydence.com\/pt-br\/fungos-no-cabelo\/","name":"Como tratar fungos no cabelo? - VYDENCE","isPartOf":{"@id":"https:\/\/www.vydence.com\/pt-br\/#website"},"primaryImageOfPage":{"@id":"https:\/\/www.vydence.com\/pt-br\/fungos-no-cabelo\/#primaryimage"},"image":{"@id":"https:\/\/www.vydence.com\/pt-br\/fungos-no-cabelo\/#primaryimage"},"thumbnailUrl":"https:\/\/www.vydence.com\/wp-content\/uploads\/2018\/08\/tratar-fungos-no-cabelo.png","datePublished":"2018-08-20T15:00:42+00:00","description":"Diversos problemas podem acometer o couro cabeludo. \u00c9 o caso dos fungos que se proliferam no cabelo. Entenda como ele surge e como trat\u00e1-lo adequadamente","breadcrumb":{"@id":"https:\/\/www.vydence.com\/pt-br\/fungos-no-cabelo\/#breadcrumb"},"inLanguage":"pt-BR","potentialAction":[{"@type":"ReadAction","target":["https:\/\/www.vydence.com\/pt-br\/fungos-no-cabelo\/"]}]},{"@type":"ImageObject","inLanguage":"pt-BR","@id":"https:\/\/www.vydence.com\/pt-br\/fungos-no-cabelo\/#primaryimage","url":"https:\/\/www.vydence.com\/wp-content\/uploads\/2018\/08\/tratar-fungos-no-cabelo.png","contentUrl":"https:\/\/www.vydence.com\/wp-content\/uploads\/2018\/08\/tratar-fungos-no-cabelo.png","width":1348,"height":899,"caption":"Fungos no cabelo tratar"},{"@type":"BreadcrumbList","@id":"https:\/\/www.vydence.com\/pt-br\/fungos-no-cabelo\/#breadcrumb","itemListElement":[{"@type":"ListItem","position":1,"name":"In\u00edcio","item":"https:\/\/www.vydence.com\/pt-br\/"},{"@type":"ListItem","position":2,"name":"Como tratar fungos no cabelo?"}]},{"@type":"WebSite","@id":"https:\/\/www.vydence.com\/pt-br\/#website","url":"https:\/\/www.vydence.com\/pt-br\/","name":"VYDENCE","description":"","publisher":{"@id":"https:\/\/www.vydence.com\/pt-br\/#organization"},"potentialAction":[{"@type":"SearchAction","target":{"@type":"EntryPoint","urlTemplate":"https:\/\/www.vydence.com\/pt-br\/?s={search_term_string}"},"query-input":{"@type":"PropertyValueSpecification","valueRequired":true,"valueName":"search_term_string"}}],"inLanguage":"pt-BR"},{"@type":"Organization","@id":"https:\/\/www.vydence.com\/pt-br\/#organization","name":"VYDENCE","url":"https:\/\/www.vydence.com\/pt-br\/","logo":{"@type":"ImageObject","inLanguage":"pt-BR","@id":"https:\/\/www.vydence.com\/pt-br\/#\/schema\/logo\/image\/","url":"https:\/\/www.vydence.com\/wp-content\/uploads\/2024\/11\/Logo.svg","contentUrl":"https:\/\/www.vydence.com\/wp-content\/uploads\/2024\/11\/Logo.svg","width":149,"height":40,"caption":"VYDENCE"},"image":{"@id":"https:\/\/www.vydence.com\/pt-br\/#\/schema\/logo\/image\/"},"sameAs":["https:\/\/www.facebook.com\/VYDENCE"]},{"@type":"Person","@id":"https:\/\/www.vydence.com\/pt-br\/#\/schema\/person\/d07e11658f9624d2d5344c62489f5fed","name":"admin","image":{"@type":"ImageObject","inLanguage":"pt-BR","@id":"https:\/\/secure.gravatar.com\/avatar\/1625555f260264654c853a64f2eddfbd5d054ef40597af8b97dc8461ef04e355?s=96&d=mm&r=g","url":"https:\/\/secure.gravatar.com\/avatar\/1625555f260264654c853a64f2eddfbd5d054ef40597af8b97dc8461ef04e355?s=96&d=mm&r=g","contentUrl":"https:\/\/secure.gravatar.com\/avatar\/1625555f260264654c853a64f2eddfbd5d054ef40597af8b97dc8461ef04e355?s=96&d=mm&r=g","caption":"admin"},"sameAs":["https:\/\/www.vydence.com"],"url":"https:\/\/www.vydence.com\/pt-br\/author\/ericknc\/"}]}},"_links":{"self":[{"href":"https:\/\/www.vydence.com\/pt-br\/wp-json\/wp\/v2\/posts\/19511","targetHints":{"allow":["GET"]}}],"collection":[{"href":"https:\/\/www.vydence.com\/pt-br\/wp-json\/wp\/v2\/posts"}],"about":[{"href":"https:\/\/www.vydence.com\/pt-br\/wp-json\/wp\/v2\/types\/post"}],"author":[{"embeddable":true,"href":"https:\/\/www.vydence.com\/pt-br\/wp-json\/wp\/v2\/users\/1"}],"replies":[{"embeddable":true,"href":"https:\/\/www.vydence.com\/pt-br\/wp-json\/wp\/v2\/comments?post=19511"}],"version-history":[{"count":0,"href":"https:\/\/www.vydence.com\/pt-br\/wp-json\/wp\/v2\/posts\/19511\/revisions"}],"wp:featuredmedia":[{"embeddable":true,"href":"https:\/\/www.vydence.com\/pt-br\/wp-json\/wp\/v2\/media\/19332"}],"wp:attachment":[{"href":"https:\/\/www.vydence.com\/pt-br\/wp-json\/wp\/v2\/media?parent=19511"}],"wp:term":[{"taxonomy":"category","embeddable":true,"href":"https:\/\/www.vydence.com\/pt-br\/wp-json\/wp\/v2\/categories?post=19511"},{"taxonomy":"post_tag","embeddable":true,"href":"https:\/\/www.vydence.com\/pt-br\/wp-json\/wp\/v2\/tags?post=19511"}],"curies":[{"name":"wp","href":"https:\/\/api.w.org\/{rel}","templated":true}]}}