{"id":19498,"date":"2018-07-26T14:36:39","date_gmt":"2018-07-26T17:36:39","guid":{"rendered":"http:\/\/www.artasbr.com.br\/?p=149"},"modified":"2018-07-26T14:36:39","modified_gmt":"2018-07-26T17:36:39","slug":"foliculite-decalvante","status":"publish","type":"post","link":"https:\/\/www.vydence.com\/pt-br\/foliculite-decalvante\/","title":{"rendered":"Foliculite decalvante: entenda essa inflama\u00e7\u00e3o na raiz do cabelo"},"content":{"rendered":"<p><span style=\"font-weight: 400;\">A foliculite \u00e9 uma inflama\u00e7\u00e3o na base do cabelo e que tem a apar\u00eancia e os sintomas similares aos de uma espinha. Agora, a <\/span><b>foliculite decalvante<\/b><span style=\"font-weight: 400;\"> \u2014 menos comum \u2014 \u00e9 um tipo de inflama\u00e7\u00e3o que pode causar uma s\u00e9rie de problemas caso n\u00e3o seja tratada logo no in\u00edcio.<\/span><\/p>\n<p><span style=\"font-weight: 400;\">E o motivo para isso \u00e9 simples: quando a foliculite decalvante n\u00e3o \u00e9 tratada, o couro cabeludo pode apresentar uma falha no crescimento local dos cabelos, deixando<\/span><a href=\"http:\/\/www.tratamentosalaser.com.br\/entradas-no-cabelo\/\"> <span style=\"font-weight: 400;\">entradas<\/span><\/a><span style=\"font-weight: 400;\"> profundas.<\/span><\/p>\n<p><span style=\"font-weight: 400;\">E \u00e9 por conta dessa falta de informa\u00e7\u00e3o a respeito da foliculite decalvante que preparamos este artigo. Acompanhe, e saiba tudo sobre esse tipo incomum de inflama\u00e7\u00e3o na raiz do cabelo!<\/span><\/p>\n<h2><span style=\"font-weight: 400;\">O que \u00e9 a foliculite decalvante?<\/span><\/h2>\n<p><span style=\"font-weight: 400;\">Como destacamos, trata-se de um tipo de inflama\u00e7\u00e3o \u2014 que pode ser aguda ou cr\u00f4nica \u2014 e que tem origem na gl\u00e2ndula seb\u00e1cea dos fios de cabelo.<\/span><\/p>\n<p><span style=\"font-weight: 400;\">Vale adiantar que ela pode acontecer em qualquer lugar do corpo onde cres\u00e7am pelos, s\u00f3 que a preval\u00eancia ocorre, mesmo, no couro cabeludo. E o problema real acontece quando os sintomas iniciais s\u00e3o ignorados, uma vez que a condi\u00e7\u00e3o pode evoluir para cicatrizes definitivas.<\/span><\/p>\n<h2><span style=\"font-weight: 400;\">Como ela afeta o couro cabeludo?<\/span><\/h2>\n<p><span style=\"font-weight: 400;\">Agressiva, a foliculite decalvante prejudica diretamente o fol\u00edculo, gradativamente at\u00e9 que ele seja destru\u00eddo. N\u00e3o \u00e0 toa, uma consequ\u00eancia grave dessa inflama\u00e7\u00e3o \u00e9 o quadro de alopecia definitiva no couro cabeludo das pessoas.<\/span><\/p>\n<p><span style=\"font-weight: 400;\">Al\u00e9m disso, h\u00e1 o risco de fur\u00fanculos aparecerem em decorr\u00eancia da infec\u00e7\u00e3o por bact\u00e9rias. Por isso, \u00e9 fundamental compreender como a foliculite se manifesta e como lidar com ela.<\/span><\/p>\n<p><img loading=\"lazy\" decoding=\"async\" class=\"wp-image-151 aligncenter\" src=\"http:\/\/tratamentosalaser.com.br\/wp-content\/uploads\/2018\/07\/foliculite-decalvante-300x247.png\" alt=\"Foliculite decalvante foto\" width=\"462\" height=\"380\" \/><\/p>\n<h2><span style=\"font-weight: 400;\">Quais s\u00e3o as causas da foliculite decalvante?<\/span><\/h2>\n<p><span style=\"font-weight: 400;\">Em geral, a foliculite decalvante pode acontecer mediante as seguintes situa\u00e7\u00f5es:<\/span><\/p>\n<ul>\n<li style=\"font-weight: 400;\"><span style=\"font-weight: 400;\">Infec\u00e7\u00f5es que tenham sido causadas por estafilococos, al\u00e9m de outros tipos de infec\u00e7\u00f5es decorrentes de fungos ou v\u00edrus;<\/span><\/li>\n<li style=\"font-weight: 400;\"><span style=\"font-weight: 400;\">Reten\u00e7\u00e3o de umidade e de calor no couro cabeludo;<\/span><\/li>\n<li style=\"font-weight: 400;\"><span style=\"font-weight: 400;\">Picadas de inseto;<\/span><\/li>\n<li style=\"font-weight: 400;\"><span style=\"font-weight: 400;\">Consequ\u00eancia do uso de medicamentos (como cremes esteroides).<\/span><\/li>\n<\/ul>\n<p><span style=\"font-weight: 400;\">Al\u00e9m disso, a foliculite decalvante costuma acontecer em um grupo de risco formado por homens jovens. Aten\u00e7\u00e3o, portanto, caso voc\u00ea se enquadre nesse perfil.<\/span><\/p>\n<h2><span style=\"font-weight: 400;\">Existem tipos diferentes de foliculite decalvante?<\/span><\/h2>\n<p><span style=\"font-weight: 400;\">As les\u00f5es costumam acontecer gradativamente, com bolinhas avermelhadas se proliferando ao redor dos fol\u00edculos. No geral, os sintomas s\u00e3o comuns para a foliculite, independentemente da sua causa, como:<\/span><\/p>\n<ul>\n<li style=\"font-weight: 400;\"><span style=\"font-weight: 400;\">Queima\u00e7\u00e3o;<\/span><\/li>\n<li style=\"font-weight: 400;\"><span style=\"font-weight: 400;\">Coceira;<\/span><\/li>\n<li style=\"font-weight: 400;\"><span style=\"font-weight: 400;\">Sangramento local;<\/span><\/li>\n<li style=\"font-weight: 400;\"><span style=\"font-weight: 400;\">Incha\u00e7o sobre a pele.<\/span><\/li>\n<\/ul>\n<p><span style=\"font-weight: 400;\">\u00c9 importante mencionar, tamb\u00e9m, que esse tipo de inflama\u00e7\u00e3o tem um aspecto cr\u00f4nico, sendo o seu tratamento mais desafiador.<\/span><\/p>\n<h2><span style=\"font-weight: 400;\">\u00c9 poss\u00edvel trat\u00e1-la?<\/span><\/h2>\n<p><span style=\"font-weight: 400;\">O primeiro passo \u00e9 a consulta com um dermatologista, que vai avaliar o grau da foliculite decalvante. Quando se trata de uma inflama\u00e7\u00e3o em seus est\u00e1gios iniciais, o procedimento tende a ser composto por sess\u00f5es de compressas mornas.<\/span><\/p>\n<p><span style=\"font-weight: 400;\">Outras situa\u00e7\u00f5es podem exigir o uso de pomadas anti-inflamat\u00f3rias e at\u00e9 mesmo a interven\u00e7\u00e3o com antibi\u00f3ticos \u2014 t\u00f3picos ou injet\u00e1veis \u2014 se necess\u00e1rio.<\/span><\/p>\n<p><span style=\"font-weight: 400;\">Assim, os sintomas v\u00e3o sendo controlados gradativamente, e a pessoa pode recuperar a sua rotina normalmente, sem o risco de passar pela<\/span><a href=\"http:\/\/www.tratamentosalaser.com.br\/doencas-que-causam-queda-de-cabelo\/\"> <span style=\"font-weight: 400;\">perda definitiva dos cabelos<\/span><\/a><span style=\"font-weight: 400;\">.<\/span><\/p>\n<p><span style=\"font-weight: 400;\">Deu para entender, ent\u00e3o, o que \u00e9 a foliculite decalvante e os principais sinais de sua presen\u00e7a \u2014 bem como o caminho para iniciar o tratamento? Ent\u00e3o, <\/span><a href=\"https:\/\/instagram.com\/artasbrasil\/\"><span style=\"font-weight: 400;\">n\u00e3o deixe de seguir-nos no Instagram<\/span><\/a><span style=\"font-weight: 400;\"> para ficar sabendo, em primeira m\u00e3o, de muitas outras dicas e temas sobre a sa\u00fade capilar.<\/span><\/p>\n","protected":false},"excerpt":{"rendered":"<p>A foliculite \u00e9 uma inflama\u00e7\u00e3o na base do cabelo e que tem a apar\u00eancia e os sintomas similares aos de uma espinha. Agora, a foliculite decalvante \u2014 menos comum \u2014 \u00e9 um tipo de inflama\u00e7\u00e3o que pode causar uma s\u00e9rie de problemas caso n\u00e3o seja tratada logo no in\u00edcio. E o motivo para isso \u00e9 [&hellip;]<\/p>\n","protected":false},"author":1,"featured_media":19325,"comment_status":"open","ping_status":"open","sticky":false,"template":"","format":"standard","meta":{"_et_pb_use_builder":"","_et_pb_old_content":"","_et_gb_content_width":"","inline_featured_image":false,"footnotes":""},"categories":[125],"tags":[121,154,139],"class_list":["post-19498","post","type-post","status-publish","format-standard","has-post-thumbnail","hentry","category-tricologia","tag-artas","tag-cabelo","tag-queda-de-cabelo"],"yoast_head":"<!-- This site is optimized with the Yoast SEO Premium plugin v27.1 (Yoast SEO v27.4) - https:\/\/yoast.com\/product\/yoast-seo-premium-wordpress\/ -->\n<title>Foliculite decalvante: causas, tratamentos e cuidados - VYDENCE<\/title>\n<meta name=\"description\" content=\"A foliculite \u00e9 uma inflama\u00e7\u00e3o na base do cabelo e que tem a apar\u00eancia e os sintomas similares aos de uma espinha. Saiba mais sobre ela e como trat\u00e1-la.\" \/>\n<meta name=\"robots\" content=\"index, follow, max-snippet:-1, max-image-preview:large, max-video-preview:-1\" \/>\n<link rel=\"canonical\" href=\"https:\/\/www.vydence.com\/pt-br\/foliculite-decalvante\/\" \/>\n<meta property=\"og:locale\" content=\"pt_BR\" \/>\n<meta property=\"og:type\" content=\"article\" \/>\n<meta property=\"og:title\" content=\"Foliculite decalvante: entenda essa inflama\u00e7\u00e3o na raiz do cabelo\" \/>\n<meta property=\"og:description\" content=\"A foliculite \u00e9 uma inflama\u00e7\u00e3o na base do cabelo e que tem a apar\u00eancia e os sintomas similares aos de uma espinha. Saiba mais sobre ela e como trat\u00e1-la.\" \/>\n<meta property=\"og:url\" content=\"https:\/\/www.vydence.com\/pt-br\/foliculite-decalvante\/\" \/>\n<meta property=\"og:site_name\" content=\"VYDENCE\" \/>\n<meta property=\"article:publisher\" content=\"https:\/\/www.facebook.com\/VYDENCE\" \/>\n<meta property=\"article:published_time\" content=\"2018-07-26T17:36:39+00:00\" \/>\n<meta property=\"og:image\" content=\"https:\/\/www.vydence.com\/wp-content\/uploads\/2018\/07\/foliculite-decalvante-o-que-e-1.png\" \/>\n\t<meta property=\"og:image:width\" content=\"1600\" \/>\n\t<meta property=\"og:image:height\" content=\"834\" \/>\n\t<meta property=\"og:image:type\" content=\"image\/png\" \/>\n<meta name=\"author\" content=\"admin\" \/>\n<meta name=\"twitter:card\" content=\"summary_large_image\" \/>\n<meta name=\"twitter:label1\" content=\"Escrito por\" \/>\n\t<meta name=\"twitter:data1\" content=\"admin\" \/>\n\t<meta name=\"twitter:label2\" content=\"Est. tempo de leitura\" \/>\n\t<meta name=\"twitter:data2\" content=\"3 minutos\" \/>\n<script type=\"application\/ld+json\" class=\"yoast-schema-graph\">{\"@context\":\"https:\\\/\\\/schema.org\",\"@graph\":[{\"@type\":\"Article\",\"@id\":\"https:\\\/\\\/www.vydence.com\\\/pt-br\\\/foliculite-decalvante\\\/#article\",\"isPartOf\":{\"@id\":\"https:\\\/\\\/www.vydence.com\\\/pt-br\\\/foliculite-decalvante\\\/\"},\"author\":{\"name\":\"admin\",\"@id\":\"https:\\\/\\\/www.vydence.com\\\/pt-br\\\/#\\\/schema\\\/person\\\/d07e11658f9624d2d5344c62489f5fed\"},\"headline\":\"Foliculite decalvante: entenda essa inflama\u00e7\u00e3o na raiz do cabelo\",\"datePublished\":\"2018-07-26T17:36:39+00:00\",\"mainEntityOfPage\":{\"@id\":\"https:\\\/\\\/www.vydence.com\\\/pt-br\\\/foliculite-decalvante\\\/\"},\"wordCount\":588,\"commentCount\":0,\"publisher\":{\"@id\":\"https:\\\/\\\/www.vydence.com\\\/pt-br\\\/#organization\"},\"image\":{\"@id\":\"https:\\\/\\\/www.vydence.com\\\/pt-br\\\/foliculite-decalvante\\\/#primaryimage\"},\"thumbnailUrl\":\"https:\\\/\\\/www.vydence.com\\\/wp-content\\\/uploads\\\/2018\\\/07\\\/foliculite-decalvante-o-que-e-1.png\",\"keywords\":[\"artas\",\"cabelo\",\"queda de cabelo\"],\"articleSection\":[\"Tricologia\"],\"inLanguage\":\"pt-BR\",\"potentialAction\":[{\"@type\":\"CommentAction\",\"name\":\"Comment\",\"target\":[\"https:\\\/\\\/www.vydence.com\\\/pt-br\\\/foliculite-decalvante\\\/#respond\"]}]},{\"@type\":\"WebPage\",\"@id\":\"https:\\\/\\\/www.vydence.com\\\/pt-br\\\/foliculite-decalvante\\\/\",\"url\":\"https:\\\/\\\/www.vydence.com\\\/pt-br\\\/foliculite-decalvante\\\/\",\"name\":\"Foliculite decalvante: causas, tratamentos e cuidados - VYDENCE\",\"isPartOf\":{\"@id\":\"https:\\\/\\\/www.vydence.com\\\/pt-br\\\/#website\"},\"primaryImageOfPage\":{\"@id\":\"https:\\\/\\\/www.vydence.com\\\/pt-br\\\/foliculite-decalvante\\\/#primaryimage\"},\"image\":{\"@id\":\"https:\\\/\\\/www.vydence.com\\\/pt-br\\\/foliculite-decalvante\\\/#primaryimage\"},\"thumbnailUrl\":\"https:\\\/\\\/www.vydence.com\\\/wp-content\\\/uploads\\\/2018\\\/07\\\/foliculite-decalvante-o-que-e-1.png\",\"datePublished\":\"2018-07-26T17:36:39+00:00\",\"description\":\"A foliculite \u00e9 uma inflama\u00e7\u00e3o na base do cabelo e que tem a apar\u00eancia e os sintomas similares aos de uma espinha. Saiba mais sobre ela e como trat\u00e1-la.\",\"breadcrumb\":{\"@id\":\"https:\\\/\\\/www.vydence.com\\\/pt-br\\\/foliculite-decalvante\\\/#breadcrumb\"},\"inLanguage\":\"pt-BR\",\"potentialAction\":[{\"@type\":\"ReadAction\",\"target\":[\"https:\\\/\\\/www.vydence.com\\\/pt-br\\\/foliculite-decalvante\\\/\"]}]},{\"@type\":\"ImageObject\",\"inLanguage\":\"pt-BR\",\"@id\":\"https:\\\/\\\/www.vydence.com\\\/pt-br\\\/foliculite-decalvante\\\/#primaryimage\",\"url\":\"https:\\\/\\\/www.vydence.com\\\/wp-content\\\/uploads\\\/2018\\\/07\\\/foliculite-decalvante-o-que-e-1.png\",\"contentUrl\":\"https:\\\/\\\/www.vydence.com\\\/wp-content\\\/uploads\\\/2018\\\/07\\\/foliculite-decalvante-o-que-e-1.png\",\"width\":1600,\"height\":834,\"caption\":\"Foliculite decalvante como tratar\"},{\"@type\":\"BreadcrumbList\",\"@id\":\"https:\\\/\\\/www.vydence.com\\\/pt-br\\\/foliculite-decalvante\\\/#breadcrumb\",\"itemListElement\":[{\"@type\":\"ListItem\",\"position\":1,\"name\":\"In\u00edcio\",\"item\":\"https:\\\/\\\/www.vydence.com\\\/pt-br\\\/\"},{\"@type\":\"ListItem\",\"position\":2,\"name\":\"Foliculite decalvante: entenda essa inflama\u00e7\u00e3o na raiz do cabelo\"}]},{\"@type\":\"WebSite\",\"@id\":\"https:\\\/\\\/www.vydence.com\\\/pt-br\\\/#website\",\"url\":\"https:\\\/\\\/www.vydence.com\\\/pt-br\\\/\",\"name\":\"VYDENCE\",\"description\":\"\",\"publisher\":{\"@id\":\"https:\\\/\\\/www.vydence.com\\\/pt-br\\\/#organization\"},\"potentialAction\":[{\"@type\":\"SearchAction\",\"target\":{\"@type\":\"EntryPoint\",\"urlTemplate\":\"https:\\\/\\\/www.vydence.com\\\/pt-br\\\/?s={search_term_string}\"},\"query-input\":{\"@type\":\"PropertyValueSpecification\",\"valueRequired\":true,\"valueName\":\"search_term_string\"}}],\"inLanguage\":\"pt-BR\"},{\"@type\":\"Organization\",\"@id\":\"https:\\\/\\\/www.vydence.com\\\/pt-br\\\/#organization\",\"name\":\"VYDENCE\",\"url\":\"https:\\\/\\\/www.vydence.com\\\/pt-br\\\/\",\"logo\":{\"@type\":\"ImageObject\",\"inLanguage\":\"pt-BR\",\"@id\":\"https:\\\/\\\/www.vydence.com\\\/pt-br\\\/#\\\/schema\\\/logo\\\/image\\\/\",\"url\":\"https:\\\/\\\/www.vydence.com\\\/wp-content\\\/uploads\\\/2024\\\/11\\\/Logo.svg\",\"contentUrl\":\"https:\\\/\\\/www.vydence.com\\\/wp-content\\\/uploads\\\/2024\\\/11\\\/Logo.svg\",\"width\":149,\"height\":40,\"caption\":\"VYDENCE\"},\"image\":{\"@id\":\"https:\\\/\\\/www.vydence.com\\\/pt-br\\\/#\\\/schema\\\/logo\\\/image\\\/\"},\"sameAs\":[\"https:\\\/\\\/www.facebook.com\\\/VYDENCE\"]},{\"@type\":\"Person\",\"@id\":\"https:\\\/\\\/www.vydence.com\\\/pt-br\\\/#\\\/schema\\\/person\\\/d07e11658f9624d2d5344c62489f5fed\",\"name\":\"admin\",\"image\":{\"@type\":\"ImageObject\",\"inLanguage\":\"pt-BR\",\"@id\":\"https:\\\/\\\/secure.gravatar.com\\\/avatar\\\/1625555f260264654c853a64f2eddfbd5d054ef40597af8b97dc8461ef04e355?s=96&d=mm&r=g\",\"url\":\"https:\\\/\\\/secure.gravatar.com\\\/avatar\\\/1625555f260264654c853a64f2eddfbd5d054ef40597af8b97dc8461ef04e355?s=96&d=mm&r=g\",\"contentUrl\":\"https:\\\/\\\/secure.gravatar.com\\\/avatar\\\/1625555f260264654c853a64f2eddfbd5d054ef40597af8b97dc8461ef04e355?s=96&d=mm&r=g\",\"caption\":\"admin\"},\"sameAs\":[\"https:\\\/\\\/www.vydence.com\"],\"url\":\"https:\\\/\\\/www.vydence.com\\\/pt-br\\\/author\\\/ericknc\\\/\"}]}<\/script>\n<!-- \/ Yoast SEO Premium plugin. -->","yoast_head_json":{"title":"Foliculite decalvante: causas, tratamentos e cuidados - VYDENCE","description":"A foliculite \u00e9 uma inflama\u00e7\u00e3o na base do cabelo e que tem a apar\u00eancia e os sintomas similares aos de uma espinha. Saiba mais sobre ela e como trat\u00e1-la.","robots":{"index":"index","follow":"follow","max-snippet":"max-snippet:-1","max-image-preview":"max-image-preview:large","max-video-preview":"max-video-preview:-1"},"canonical":"https:\/\/www.vydence.com\/pt-br\/foliculite-decalvante\/","og_locale":"pt_BR","og_type":"article","og_title":"Foliculite decalvante: entenda essa inflama\u00e7\u00e3o na raiz do cabelo","og_description":"A foliculite \u00e9 uma inflama\u00e7\u00e3o na base do cabelo e que tem a apar\u00eancia e os sintomas similares aos de uma espinha. Saiba mais sobre ela e como trat\u00e1-la.","og_url":"https:\/\/www.vydence.com\/pt-br\/foliculite-decalvante\/","og_site_name":"VYDENCE","article_publisher":"https:\/\/www.facebook.com\/VYDENCE","article_published_time":"2018-07-26T17:36:39+00:00","og_image":[{"width":1600,"height":834,"url":"https:\/\/www.vydence.com\/wp-content\/uploads\/2018\/07\/foliculite-decalvante-o-que-e-1.png","type":"image\/png"}],"author":"admin","twitter_card":"summary_large_image","twitter_misc":{"Escrito por":"admin","Est. tempo de leitura":"3 minutos"},"schema":{"@context":"https:\/\/schema.org","@graph":[{"@type":"Article","@id":"https:\/\/www.vydence.com\/pt-br\/foliculite-decalvante\/#article","isPartOf":{"@id":"https:\/\/www.vydence.com\/pt-br\/foliculite-decalvante\/"},"author":{"name":"admin","@id":"https:\/\/www.vydence.com\/pt-br\/#\/schema\/person\/d07e11658f9624d2d5344c62489f5fed"},"headline":"Foliculite decalvante: entenda essa inflama\u00e7\u00e3o na raiz do cabelo","datePublished":"2018-07-26T17:36:39+00:00","mainEntityOfPage":{"@id":"https:\/\/www.vydence.com\/pt-br\/foliculite-decalvante\/"},"wordCount":588,"commentCount":0,"publisher":{"@id":"https:\/\/www.vydence.com\/pt-br\/#organization"},"image":{"@id":"https:\/\/www.vydence.com\/pt-br\/foliculite-decalvante\/#primaryimage"},"thumbnailUrl":"https:\/\/www.vydence.com\/wp-content\/uploads\/2018\/07\/foliculite-decalvante-o-que-e-1.png","keywords":["artas","cabelo","queda de cabelo"],"articleSection":["Tricologia"],"inLanguage":"pt-BR","potentialAction":[{"@type":"CommentAction","name":"Comment","target":["https:\/\/www.vydence.com\/pt-br\/foliculite-decalvante\/#respond"]}]},{"@type":"WebPage","@id":"https:\/\/www.vydence.com\/pt-br\/foliculite-decalvante\/","url":"https:\/\/www.vydence.com\/pt-br\/foliculite-decalvante\/","name":"Foliculite decalvante: causas, tratamentos e cuidados - VYDENCE","isPartOf":{"@id":"https:\/\/www.vydence.com\/pt-br\/#website"},"primaryImageOfPage":{"@id":"https:\/\/www.vydence.com\/pt-br\/foliculite-decalvante\/#primaryimage"},"image":{"@id":"https:\/\/www.vydence.com\/pt-br\/foliculite-decalvante\/#primaryimage"},"thumbnailUrl":"https:\/\/www.vydence.com\/wp-content\/uploads\/2018\/07\/foliculite-decalvante-o-que-e-1.png","datePublished":"2018-07-26T17:36:39+00:00","description":"A foliculite \u00e9 uma inflama\u00e7\u00e3o na base do cabelo e que tem a apar\u00eancia e os sintomas similares aos de uma espinha. Saiba mais sobre ela e como trat\u00e1-la.","breadcrumb":{"@id":"https:\/\/www.vydence.com\/pt-br\/foliculite-decalvante\/#breadcrumb"},"inLanguage":"pt-BR","potentialAction":[{"@type":"ReadAction","target":["https:\/\/www.vydence.com\/pt-br\/foliculite-decalvante\/"]}]},{"@type":"ImageObject","inLanguage":"pt-BR","@id":"https:\/\/www.vydence.com\/pt-br\/foliculite-decalvante\/#primaryimage","url":"https:\/\/www.vydence.com\/wp-content\/uploads\/2018\/07\/foliculite-decalvante-o-que-e-1.png","contentUrl":"https:\/\/www.vydence.com\/wp-content\/uploads\/2018\/07\/foliculite-decalvante-o-que-e-1.png","width":1600,"height":834,"caption":"Foliculite decalvante como tratar"},{"@type":"BreadcrumbList","@id":"https:\/\/www.vydence.com\/pt-br\/foliculite-decalvante\/#breadcrumb","itemListElement":[{"@type":"ListItem","position":1,"name":"In\u00edcio","item":"https:\/\/www.vydence.com\/pt-br\/"},{"@type":"ListItem","position":2,"name":"Foliculite decalvante: entenda essa inflama\u00e7\u00e3o na raiz do cabelo"}]},{"@type":"WebSite","@id":"https:\/\/www.vydence.com\/pt-br\/#website","url":"https:\/\/www.vydence.com\/pt-br\/","name":"VYDENCE","description":"","publisher":{"@id":"https:\/\/www.vydence.com\/pt-br\/#organization"},"potentialAction":[{"@type":"SearchAction","target":{"@type":"EntryPoint","urlTemplate":"https:\/\/www.vydence.com\/pt-br\/?s={search_term_string}"},"query-input":{"@type":"PropertyValueSpecification","valueRequired":true,"valueName":"search_term_string"}}],"inLanguage":"pt-BR"},{"@type":"Organization","@id":"https:\/\/www.vydence.com\/pt-br\/#organization","name":"VYDENCE","url":"https:\/\/www.vydence.com\/pt-br\/","logo":{"@type":"ImageObject","inLanguage":"pt-BR","@id":"https:\/\/www.vydence.com\/pt-br\/#\/schema\/logo\/image\/","url":"https:\/\/www.vydence.com\/wp-content\/uploads\/2024\/11\/Logo.svg","contentUrl":"https:\/\/www.vydence.com\/wp-content\/uploads\/2024\/11\/Logo.svg","width":149,"height":40,"caption":"VYDENCE"},"image":{"@id":"https:\/\/www.vydence.com\/pt-br\/#\/schema\/logo\/image\/"},"sameAs":["https:\/\/www.facebook.com\/VYDENCE"]},{"@type":"Person","@id":"https:\/\/www.vydence.com\/pt-br\/#\/schema\/person\/d07e11658f9624d2d5344c62489f5fed","name":"admin","image":{"@type":"ImageObject","inLanguage":"pt-BR","@id":"https:\/\/secure.gravatar.com\/avatar\/1625555f260264654c853a64f2eddfbd5d054ef40597af8b97dc8461ef04e355?s=96&d=mm&r=g","url":"https:\/\/secure.gravatar.com\/avatar\/1625555f260264654c853a64f2eddfbd5d054ef40597af8b97dc8461ef04e355?s=96&d=mm&r=g","contentUrl":"https:\/\/secure.gravatar.com\/avatar\/1625555f260264654c853a64f2eddfbd5d054ef40597af8b97dc8461ef04e355?s=96&d=mm&r=g","caption":"admin"},"sameAs":["https:\/\/www.vydence.com"],"url":"https:\/\/www.vydence.com\/pt-br\/author\/ericknc\/"}]}},"_links":{"self":[{"href":"https:\/\/www.vydence.com\/pt-br\/wp-json\/wp\/v2\/posts\/19498","targetHints":{"allow":["GET"]}}],"collection":[{"href":"https:\/\/www.vydence.com\/pt-br\/wp-json\/wp\/v2\/posts"}],"about":[{"href":"https:\/\/www.vydence.com\/pt-br\/wp-json\/wp\/v2\/types\/post"}],"author":[{"embeddable":true,"href":"https:\/\/www.vydence.com\/pt-br\/wp-json\/wp\/v2\/users\/1"}],"replies":[{"embeddable":true,"href":"https:\/\/www.vydence.com\/pt-br\/wp-json\/wp\/v2\/comments?post=19498"}],"version-history":[{"count":0,"href":"https:\/\/www.vydence.com\/pt-br\/wp-json\/wp\/v2\/posts\/19498\/revisions"}],"wp:featuredmedia":[{"embeddable":true,"href":"https:\/\/www.vydence.com\/pt-br\/wp-json\/wp\/v2\/media\/19325"}],"wp:attachment":[{"href":"https:\/\/www.vydence.com\/pt-br\/wp-json\/wp\/v2\/media?parent=19498"}],"wp:term":[{"taxonomy":"category","embeddable":true,"href":"https:\/\/www.vydence.com\/pt-br\/wp-json\/wp\/v2\/categories?post=19498"},{"taxonomy":"post_tag","embeddable":true,"href":"https:\/\/www.vydence.com\/pt-br\/wp-json\/wp\/v2\/tags?post=19498"}],"curies":[{"name":"wp","href":"https:\/\/api.w.org\/{rel}","templated":true}]}}