{"id":19489,"date":"2018-06-14T11:25:29","date_gmt":"2018-06-14T11:25:29","guid":{"rendered":"http:\/\/www.bottomsup.com.br\/blog\/?p=131"},"modified":"2018-06-14T11:25:29","modified_gmt":"2018-06-14T11:25:29","slug":"sua-celulite-doi","status":"publish","type":"post","link":"https:\/\/www.vydence.com\/pt-br\/sua-celulite-doi\/","title":{"rendered":"Sua celulite d\u00f3i? Saiba porque e como trat\u00e1-la"},"content":{"rendered":"<p><span style=\"font-weight: 400;\">Combater a celulite \u00e9 um desafio que a maior parte das mulheres enfrenta ao longo de sua jornada em busca de um corpo bonito e saud\u00e1vel. Ela se manifesta no corpo em diferentes \u00a0<\/span><a href=\"https:\/\/tratamentosalaser.com.br\/blog\/graus-da-celulite\/\"><span style=\"font-weight: 400;\">graus<\/span><\/a><span style=\"font-weight: 400;\">, e cada um deles com uma caracter\u00edstica e resultados diferentes. Nos graus mais avan\u00e7ados, a celulite d\u00f3i e o aspecto de casca de laranja fica muito mais evidente.<\/span><\/p>\n<p><span style=\"font-weight: 400;\">A celulite, infelizmente, \u00e9 um problema cr\u00f4nico e n\u00e3o tem cura, mas pode ser tratada e controlada, tendo grandes chances de retomar o aspecto natural e saud\u00e1vel da pele. Ela afeta quase 95% das mulheres e aparece principalmente na regi\u00e3o das coxas e n\u00e1degas. <\/span><\/p>\n<p><span style=\"font-weight: 400;\">Com causas diversas como altera\u00e7\u00f5es hormonais, metab\u00f3licas e at\u00e9 predisposi\u00e7\u00e3o gen\u00e9tica, a celulite tamb\u00e9m \u00e9 agravada por reten\u00e7\u00e3o de l\u00edquidos e problemas com a circula\u00e7\u00e3o.<\/span><\/p>\n<h2><span style=\"font-weight: 400;\">Porque a celulite d\u00f3i?<\/span><\/h2>\n<p><span style=\"font-weight: 400;\">A celulite d\u00f3i porque \u00e9 caracterizada essencialmente por uma inflama\u00e7\u00e3o na regi\u00e3o afetada, logo, quanto maior o grau dela, pior a dor. Al\u00e9m do grau, existem diversos tipos de celulites que se manifestam no corpo de diferentes formas, s\u00e3o elas:<\/span><\/p>\n<ul>\n<li style=\"font-weight: 400;\"><b>1\u00ba Tipo \u2013 Fl\u00e1cida:<\/b><span style=\"font-weight: 400;\"> \u00c9 o tipo mais comum e est\u00e1 associado ao famoso \u201cefeito sanfona\u201d, com o ganho e a perda de peso constante. S\u00e3o mais comuns nas regi\u00f5es do culote e das coxas.<\/span><\/li>\n<\/ul>\n<ul>\n<li style=\"font-weight: 400;\"><b>2\u00ba Tipo \u2013 Dura ou Compacta:<\/b><span style=\"font-weight: 400;\"> S\u00e3o mais comuns em pessoas com m\u00fasculos delineados, que praticam atividade f\u00edsica. Elas s\u00e3o doloridas ao toque, mas \u00a0n\u00e3o s\u00e3o vis\u00edveis e s\u00f3 costuma aparecer ao apertar a pele (pin\u00e7amento).<\/span><\/li>\n<\/ul>\n<ul>\n<li style=\"font-weight: 400;\"><b>3\u00ba Tipo \u2013 Edematosa:<\/b><span style=\"font-weight: 400;\"> Aparecem em m\u00fasculos que n\u00e3o s\u00e3o nem duros e nem fl\u00e1cidos, s\u00e3o vis\u00edveis e apresentam o aspecto de casca de laranja. S\u00e3o doloridas ao toque e, normalmente, s\u00e3o causadas por problemas hormonais como tireoide e problemas nos ov\u00e1rios.<\/span><\/li>\n<\/ul>\n<ul>\n<li style=\"font-weight: 400;\"><b>4\u00ba Tipo \u2013 Celulite Branda:<\/b><span style=\"font-weight: 400;\"> \u00c9 caracterizada pela jun\u00e7\u00e3o dos outros tipos de celulite e pode aparecer \u201cmisturada\u201d em uma \u00fanica parte do corpo. Aparece com mais frequ\u00eancia em regi\u00f5es como coxas, abd\u00f4men e bra\u00e7os.<\/span><\/li>\n<\/ul>\n<p><span style=\"font-weight: 400;\">Quando est\u00e3o em est\u00e1gio mais avan\u00e7ado, as celulites geram dor e costumam ser caracterizadas pela exist\u00eancia de fibrose e comprometimento da circula\u00e7\u00e3o, deixando as pernas pesadas, doloridas e cansadas. Para o reconhecimento do problema, \u00e9 preciso estar atento aos sintomas: <\/span><span style=\"font-weight: 400;\"><br \/>\n<\/span><\/p>\n<ul>\n<li style=\"font-weight: 400;\"><span style=\"font-weight: 400;\">Cansa\u00e7o excessivo nas pernas;<\/span><\/li>\n<li style=\"font-weight: 400;\"><span style=\"font-weight: 400;\">Aparecimento de vazinhos e varizes; <\/span><\/li>\n<li style=\"font-weight: 400;\"><span style=\"font-weight: 400;\">Sensa\u00e7\u00e3o de peso ao andar muito ou ficar muito tempo de p\u00e9;<\/span><\/li>\n<li style=\"font-weight: 400;\"><span style=\"font-weight: 400;\">Vasos capilares fragilizados. <\/span><\/li>\n<\/ul>\n<h2><span style=\"font-weight: 400;\">Como tratar a celulite<\/span><\/h2>\n<p>[embedyt] https:\/\/www.youtube.com\/embed?listType=playlist&amp;list=PL8a-ss-hiORZISZIgVKdN355gI7uzddTm&amp;v=dfD-yXWcXAE[\/embedyt]<\/p>\n<p><span style=\"font-weight: 400;\">Como falamos anteriormente, apesar da celulite n\u00e3o ter cura, existem recursos e tratamentos que auxiliam na redu\u00e7\u00e3o e no controle dela. Para resolver a reten\u00e7\u00e3o de l\u00edquido no corpo, al\u00e9m da ingest\u00e3o di\u00e1ria de uma boa quantidade de \u00e1gua, vale a pena investir em sess\u00f5es de drenagem linf\u00e1tica para retirar as toxinas que ficam acumuladas entre as c\u00e9lulas, ajudando na diminui\u00e7\u00e3o do incha\u00e7o e na melhora da celulite.<\/span><\/p>\n<p><span style=\"font-weight: 400;\">Agora, se o objetivo \u00e9 realizar um tratamento mais eficaz, que acabe de vez com a dor causada pela celulite e ofere\u00e7a resultados r\u00e1pidos, vale consultar um m\u00e9dico e apostar em tratamentos de alta tecnologia. O programa <\/span><b>Bottoms Up<\/b><b>\u00ae<\/b><span style=\"font-weight: 400;\"> \u00e9 um dos mais eficazes do Brasil e \u00a0agrega um procedimento n\u00e3o-invasivo com resultados incompar\u00e1veis. Com radiofrequ\u00eancia multipolar e tecnologia de ondas ac\u00fasticas radiais, o Bottoms Up realiza o delineamento do contorno corporal, liberando as fibroses da celulite e regenerando as fibras de col\u00e1geno e elastina do corpo.<\/span><\/p>\n<p><span style=\"font-weight: 400;\">Agora que voc\u00ea j\u00e1 sabe porque a celulite d\u00f3i, entenda mais a fundo <\/span><a href=\"https:\/\/tratamentosalaser.com.br\/blog\/celulite-o-que-e-e-como-tratar\/\"><span style=\"font-weight: 400;\">o que \u00e9 a Celulite<\/span><\/a><span style=\"font-weight: 400;\"> e veja como combater de vez o aspecto de casca de laranja, com outras dicas de tratamento que podem ser aliadas ao Bottoms Up<\/span><span style=\"font-weight: 400;\">\u00ae<\/span><span style=\"font-weight: 400;\">.<\/span><\/p>\n<p><a href=\"http:\/\/https:\/\/tratamentosalaser.com.br\/\"><img loading=\"lazy\" decoding=\"async\" class=\"wp-image-342 aligncenter\" src=\"http:\/\/tratamentosalaser.com.br\/wp-content\/uploads\/2019\/03\/Marque-sua-consulta-1024x640.jpg\" alt=\"\" width=\"600\" height=\"375\" \/><\/a><\/p>\n","protected":false},"excerpt":{"rendered":"<p>Combater a celulite \u00e9 um desafio que a maior parte das mulheres enfrenta ao longo de sua jornada em busca de um corpo bonito e saud\u00e1vel. Ela se manifesta no corpo em diferentes \u00a0graus, e cada um deles com uma caracter\u00edstica e resultados diferentes. Nos graus mais avan\u00e7ados, a celulite d\u00f3i e o aspecto de [&hellip;]<\/p>\n","protected":false},"author":1,"featured_media":19276,"comment_status":"open","ping_status":"open","sticky":false,"template":"","format":"standard","meta":{"_et_pb_use_builder":"","_et_pb_old_content":"","_et_gb_content_width":"","inline_featured_image":false,"footnotes":""},"categories":[129],"tags":[126,128],"class_list":["post-19489","post","type-post","status-publish","format-standard","has-post-thumbnail","hentry","category-tratamento-para-celulite","tag-bottoms-up","tag-celulite"],"yoast_head":"<!-- This site is optimized with the Yoast SEO Premium plugin v27.1 (Yoast SEO v27.4) - https:\/\/yoast.com\/product\/yoast-seo-premium-wordpress\/ -->\n<title>Sua celulite d\u00f3i? Saiba porque e como trat\u00e1-la - VYDENCE<\/title>\n<meta name=\"description\" content=\"A celulite d\u00f3i porque \u00e9 caracterizada essencialmente por uma inflama\u00e7\u00e3o na regi\u00e3o afetada, logo, quanto maior o grau dela, pior a dor. Saiba mais.\" \/>\n<meta name=\"robots\" content=\"index, follow, max-snippet:-1, max-image-preview:large, max-video-preview:-1\" \/>\n<link rel=\"canonical\" href=\"https:\/\/www.vydence.com\/pt-br\/sua-celulite-doi\/\" \/>\n<meta property=\"og:locale\" content=\"pt_BR\" \/>\n<meta property=\"og:type\" content=\"article\" \/>\n<meta property=\"og:title\" content=\"Sua celulite d\u00f3i? Saiba porque e como trat\u00e1-la\" \/>\n<meta property=\"og:description\" content=\"A celulite d\u00f3i porque \u00e9 caracterizada essencialmente por uma inflama\u00e7\u00e3o na regi\u00e3o afetada, logo, quanto maior o grau dela, pior a dor. Saiba mais.\" \/>\n<meta property=\"og:url\" content=\"https:\/\/www.vydence.com\/pt-br\/sua-celulite-doi\/\" \/>\n<meta property=\"og:site_name\" content=\"VYDENCE\" \/>\n<meta property=\"article:publisher\" content=\"https:\/\/www.facebook.com\/VYDENCE\" \/>\n<meta property=\"article:published_time\" content=\"2018-06-14T11:25:29+00:00\" \/>\n<meta property=\"og:image\" content=\"https:\/\/www.vydence.com\/wp-content\/uploads\/2018\/06\/celulite-doi-1.jpg\" \/>\n\t<meta property=\"og:image:width\" content=\"1200\" \/>\n\t<meta property=\"og:image:height\" content=\"800\" \/>\n\t<meta property=\"og:image:type\" content=\"image\/jpeg\" \/>\n<meta name=\"author\" content=\"admin\" \/>\n<meta name=\"twitter:card\" content=\"summary_large_image\" \/>\n<meta name=\"twitter:label1\" content=\"Escrito por\" \/>\n\t<meta name=\"twitter:data1\" content=\"admin\" \/>\n\t<meta name=\"twitter:label2\" content=\"Est. tempo de leitura\" \/>\n\t<meta name=\"twitter:data2\" content=\"3 minutos\" \/>\n<script type=\"application\/ld+json\" class=\"yoast-schema-graph\">{\"@context\":\"https:\\\/\\\/schema.org\",\"@graph\":[{\"@type\":\"Article\",\"@id\":\"https:\\\/\\\/www.vydence.com\\\/pt-br\\\/sua-celulite-doi\\\/#article\",\"isPartOf\":{\"@id\":\"https:\\\/\\\/www.vydence.com\\\/pt-br\\\/sua-celulite-doi\\\/\"},\"author\":{\"name\":\"admin\",\"@id\":\"https:\\\/\\\/www.vydence.com\\\/pt-br\\\/#\\\/schema\\\/person\\\/d07e11658f9624d2d5344c62489f5fed\"},\"headline\":\"Sua celulite d\u00f3i? Saiba porque e como trat\u00e1-la\",\"datePublished\":\"2018-06-14T11:25:29+00:00\",\"mainEntityOfPage\":{\"@id\":\"https:\\\/\\\/www.vydence.com\\\/pt-br\\\/sua-celulite-doi\\\/\"},\"wordCount\":673,\"commentCount\":0,\"publisher\":{\"@id\":\"https:\\\/\\\/www.vydence.com\\\/pt-br\\\/#organization\"},\"image\":{\"@id\":\"https:\\\/\\\/www.vydence.com\\\/pt-br\\\/sua-celulite-doi\\\/#primaryimage\"},\"thumbnailUrl\":\"https:\\\/\\\/www.vydence.com\\\/wp-content\\\/uploads\\\/2018\\\/06\\\/celulite-doi-1.jpg\",\"keywords\":[\"bottoms up\",\"celulite\"],\"articleSection\":[\"Tratamento para celulite\"],\"inLanguage\":\"pt-BR\",\"potentialAction\":[{\"@type\":\"CommentAction\",\"name\":\"Comment\",\"target\":[\"https:\\\/\\\/www.vydence.com\\\/pt-br\\\/sua-celulite-doi\\\/#respond\"]}]},{\"@type\":\"WebPage\",\"@id\":\"https:\\\/\\\/www.vydence.com\\\/pt-br\\\/sua-celulite-doi\\\/\",\"url\":\"https:\\\/\\\/www.vydence.com\\\/pt-br\\\/sua-celulite-doi\\\/\",\"name\":\"Sua celulite d\u00f3i? Saiba porque e como trat\u00e1-la - VYDENCE\",\"isPartOf\":{\"@id\":\"https:\\\/\\\/www.vydence.com\\\/pt-br\\\/#website\"},\"primaryImageOfPage\":{\"@id\":\"https:\\\/\\\/www.vydence.com\\\/pt-br\\\/sua-celulite-doi\\\/#primaryimage\"},\"image\":{\"@id\":\"https:\\\/\\\/www.vydence.com\\\/pt-br\\\/sua-celulite-doi\\\/#primaryimage\"},\"thumbnailUrl\":\"https:\\\/\\\/www.vydence.com\\\/wp-content\\\/uploads\\\/2018\\\/06\\\/celulite-doi-1.jpg\",\"datePublished\":\"2018-06-14T11:25:29+00:00\",\"description\":\"A celulite d\u00f3i porque \u00e9 caracterizada essencialmente por uma inflama\u00e7\u00e3o na regi\u00e3o afetada, logo, quanto maior o grau dela, pior a dor. Saiba mais.\",\"breadcrumb\":{\"@id\":\"https:\\\/\\\/www.vydence.com\\\/pt-br\\\/sua-celulite-doi\\\/#breadcrumb\"},\"inLanguage\":\"pt-BR\",\"potentialAction\":[{\"@type\":\"ReadAction\",\"target\":[\"https:\\\/\\\/www.vydence.com\\\/pt-br\\\/sua-celulite-doi\\\/\"]}]},{\"@type\":\"ImageObject\",\"inLanguage\":\"pt-BR\",\"@id\":\"https:\\\/\\\/www.vydence.com\\\/pt-br\\\/sua-celulite-doi\\\/#primaryimage\",\"url\":\"https:\\\/\\\/www.vydence.com\\\/wp-content\\\/uploads\\\/2018\\\/06\\\/celulite-doi-1.jpg\",\"contentUrl\":\"https:\\\/\\\/www.vydence.com\\\/wp-content\\\/uploads\\\/2018\\\/06\\\/celulite-doi-1.jpg\",\"width\":1200,\"height\":800,\"caption\":\"Celulite d\u00f3i? Saiba como tratar\"},{\"@type\":\"BreadcrumbList\",\"@id\":\"https:\\\/\\\/www.vydence.com\\\/pt-br\\\/sua-celulite-doi\\\/#breadcrumb\",\"itemListElement\":[{\"@type\":\"ListItem\",\"position\":1,\"name\":\"In\u00edcio\",\"item\":\"https:\\\/\\\/www.vydence.com\\\/pt-br\\\/\"},{\"@type\":\"ListItem\",\"position\":2,\"name\":\"Sua celulite d\u00f3i? Saiba porque e como trat\u00e1-la\"}]},{\"@type\":\"WebSite\",\"@id\":\"https:\\\/\\\/www.vydence.com\\\/pt-br\\\/#website\",\"url\":\"https:\\\/\\\/www.vydence.com\\\/pt-br\\\/\",\"name\":\"VYDENCE\",\"description\":\"\",\"publisher\":{\"@id\":\"https:\\\/\\\/www.vydence.com\\\/pt-br\\\/#organization\"},\"potentialAction\":[{\"@type\":\"SearchAction\",\"target\":{\"@type\":\"EntryPoint\",\"urlTemplate\":\"https:\\\/\\\/www.vydence.com\\\/pt-br\\\/?s={search_term_string}\"},\"query-input\":{\"@type\":\"PropertyValueSpecification\",\"valueRequired\":true,\"valueName\":\"search_term_string\"}}],\"inLanguage\":\"pt-BR\"},{\"@type\":\"Organization\",\"@id\":\"https:\\\/\\\/www.vydence.com\\\/pt-br\\\/#organization\",\"name\":\"VYDENCE\",\"url\":\"https:\\\/\\\/www.vydence.com\\\/pt-br\\\/\",\"logo\":{\"@type\":\"ImageObject\",\"inLanguage\":\"pt-BR\",\"@id\":\"https:\\\/\\\/www.vydence.com\\\/pt-br\\\/#\\\/schema\\\/logo\\\/image\\\/\",\"url\":\"https:\\\/\\\/www.vydence.com\\\/wp-content\\\/uploads\\\/2024\\\/11\\\/Logo.svg\",\"contentUrl\":\"https:\\\/\\\/www.vydence.com\\\/wp-content\\\/uploads\\\/2024\\\/11\\\/Logo.svg\",\"width\":149,\"height\":40,\"caption\":\"VYDENCE\"},\"image\":{\"@id\":\"https:\\\/\\\/www.vydence.com\\\/pt-br\\\/#\\\/schema\\\/logo\\\/image\\\/\"},\"sameAs\":[\"https:\\\/\\\/www.facebook.com\\\/VYDENCE\"]},{\"@type\":\"Person\",\"@id\":\"https:\\\/\\\/www.vydence.com\\\/pt-br\\\/#\\\/schema\\\/person\\\/d07e11658f9624d2d5344c62489f5fed\",\"name\":\"admin\",\"image\":{\"@type\":\"ImageObject\",\"inLanguage\":\"pt-BR\",\"@id\":\"https:\\\/\\\/secure.gravatar.com\\\/avatar\\\/1625555f260264654c853a64f2eddfbd5d054ef40597af8b97dc8461ef04e355?s=96&d=mm&r=g\",\"url\":\"https:\\\/\\\/secure.gravatar.com\\\/avatar\\\/1625555f260264654c853a64f2eddfbd5d054ef40597af8b97dc8461ef04e355?s=96&d=mm&r=g\",\"contentUrl\":\"https:\\\/\\\/secure.gravatar.com\\\/avatar\\\/1625555f260264654c853a64f2eddfbd5d054ef40597af8b97dc8461ef04e355?s=96&d=mm&r=g\",\"caption\":\"admin\"},\"sameAs\":[\"https:\\\/\\\/www.vydence.com\"],\"url\":\"https:\\\/\\\/www.vydence.com\\\/pt-br\\\/author\\\/ericknc\\\/\"}]}<\/script>\n<!-- \/ Yoast SEO Premium plugin. -->","yoast_head_json":{"title":"Sua celulite d\u00f3i? Saiba porque e como trat\u00e1-la - VYDENCE","description":"A celulite d\u00f3i porque \u00e9 caracterizada essencialmente por uma inflama\u00e7\u00e3o na regi\u00e3o afetada, logo, quanto maior o grau dela, pior a dor. Saiba mais.","robots":{"index":"index","follow":"follow","max-snippet":"max-snippet:-1","max-image-preview":"max-image-preview:large","max-video-preview":"max-video-preview:-1"},"canonical":"https:\/\/www.vydence.com\/pt-br\/sua-celulite-doi\/","og_locale":"pt_BR","og_type":"article","og_title":"Sua celulite d\u00f3i? Saiba porque e como trat\u00e1-la","og_description":"A celulite d\u00f3i porque \u00e9 caracterizada essencialmente por uma inflama\u00e7\u00e3o na regi\u00e3o afetada, logo, quanto maior o grau dela, pior a dor. Saiba mais.","og_url":"https:\/\/www.vydence.com\/pt-br\/sua-celulite-doi\/","og_site_name":"VYDENCE","article_publisher":"https:\/\/www.facebook.com\/VYDENCE","article_published_time":"2018-06-14T11:25:29+00:00","og_image":[{"width":1200,"height":800,"url":"https:\/\/www.vydence.com\/wp-content\/uploads\/2018\/06\/celulite-doi-1.jpg","type":"image\/jpeg"}],"author":"admin","twitter_card":"summary_large_image","twitter_misc":{"Escrito por":"admin","Est. tempo de leitura":"3 minutos"},"schema":{"@context":"https:\/\/schema.org","@graph":[{"@type":"Article","@id":"https:\/\/www.vydence.com\/pt-br\/sua-celulite-doi\/#article","isPartOf":{"@id":"https:\/\/www.vydence.com\/pt-br\/sua-celulite-doi\/"},"author":{"name":"admin","@id":"https:\/\/www.vydence.com\/pt-br\/#\/schema\/person\/d07e11658f9624d2d5344c62489f5fed"},"headline":"Sua celulite d\u00f3i? Saiba porque e como trat\u00e1-la","datePublished":"2018-06-14T11:25:29+00:00","mainEntityOfPage":{"@id":"https:\/\/www.vydence.com\/pt-br\/sua-celulite-doi\/"},"wordCount":673,"commentCount":0,"publisher":{"@id":"https:\/\/www.vydence.com\/pt-br\/#organization"},"image":{"@id":"https:\/\/www.vydence.com\/pt-br\/sua-celulite-doi\/#primaryimage"},"thumbnailUrl":"https:\/\/www.vydence.com\/wp-content\/uploads\/2018\/06\/celulite-doi-1.jpg","keywords":["bottoms up","celulite"],"articleSection":["Tratamento para celulite"],"inLanguage":"pt-BR","potentialAction":[{"@type":"CommentAction","name":"Comment","target":["https:\/\/www.vydence.com\/pt-br\/sua-celulite-doi\/#respond"]}]},{"@type":"WebPage","@id":"https:\/\/www.vydence.com\/pt-br\/sua-celulite-doi\/","url":"https:\/\/www.vydence.com\/pt-br\/sua-celulite-doi\/","name":"Sua celulite d\u00f3i? Saiba porque e como trat\u00e1-la - VYDENCE","isPartOf":{"@id":"https:\/\/www.vydence.com\/pt-br\/#website"},"primaryImageOfPage":{"@id":"https:\/\/www.vydence.com\/pt-br\/sua-celulite-doi\/#primaryimage"},"image":{"@id":"https:\/\/www.vydence.com\/pt-br\/sua-celulite-doi\/#primaryimage"},"thumbnailUrl":"https:\/\/www.vydence.com\/wp-content\/uploads\/2018\/06\/celulite-doi-1.jpg","datePublished":"2018-06-14T11:25:29+00:00","description":"A celulite d\u00f3i porque \u00e9 caracterizada essencialmente por uma inflama\u00e7\u00e3o na regi\u00e3o afetada, logo, quanto maior o grau dela, pior a dor. Saiba mais.","breadcrumb":{"@id":"https:\/\/www.vydence.com\/pt-br\/sua-celulite-doi\/#breadcrumb"},"inLanguage":"pt-BR","potentialAction":[{"@type":"ReadAction","target":["https:\/\/www.vydence.com\/pt-br\/sua-celulite-doi\/"]}]},{"@type":"ImageObject","inLanguage":"pt-BR","@id":"https:\/\/www.vydence.com\/pt-br\/sua-celulite-doi\/#primaryimage","url":"https:\/\/www.vydence.com\/wp-content\/uploads\/2018\/06\/celulite-doi-1.jpg","contentUrl":"https:\/\/www.vydence.com\/wp-content\/uploads\/2018\/06\/celulite-doi-1.jpg","width":1200,"height":800,"caption":"Celulite d\u00f3i? Saiba como tratar"},{"@type":"BreadcrumbList","@id":"https:\/\/www.vydence.com\/pt-br\/sua-celulite-doi\/#breadcrumb","itemListElement":[{"@type":"ListItem","position":1,"name":"In\u00edcio","item":"https:\/\/www.vydence.com\/pt-br\/"},{"@type":"ListItem","position":2,"name":"Sua celulite d\u00f3i? Saiba porque e como trat\u00e1-la"}]},{"@type":"WebSite","@id":"https:\/\/www.vydence.com\/pt-br\/#website","url":"https:\/\/www.vydence.com\/pt-br\/","name":"VYDENCE","description":"","publisher":{"@id":"https:\/\/www.vydence.com\/pt-br\/#organization"},"potentialAction":[{"@type":"SearchAction","target":{"@type":"EntryPoint","urlTemplate":"https:\/\/www.vydence.com\/pt-br\/?s={search_term_string}"},"query-input":{"@type":"PropertyValueSpecification","valueRequired":true,"valueName":"search_term_string"}}],"inLanguage":"pt-BR"},{"@type":"Organization","@id":"https:\/\/www.vydence.com\/pt-br\/#organization","name":"VYDENCE","url":"https:\/\/www.vydence.com\/pt-br\/","logo":{"@type":"ImageObject","inLanguage":"pt-BR","@id":"https:\/\/www.vydence.com\/pt-br\/#\/schema\/logo\/image\/","url":"https:\/\/www.vydence.com\/wp-content\/uploads\/2024\/11\/Logo.svg","contentUrl":"https:\/\/www.vydence.com\/wp-content\/uploads\/2024\/11\/Logo.svg","width":149,"height":40,"caption":"VYDENCE"},"image":{"@id":"https:\/\/www.vydence.com\/pt-br\/#\/schema\/logo\/image\/"},"sameAs":["https:\/\/www.facebook.com\/VYDENCE"]},{"@type":"Person","@id":"https:\/\/www.vydence.com\/pt-br\/#\/schema\/person\/d07e11658f9624d2d5344c62489f5fed","name":"admin","image":{"@type":"ImageObject","inLanguage":"pt-BR","@id":"https:\/\/secure.gravatar.com\/avatar\/1625555f260264654c853a64f2eddfbd5d054ef40597af8b97dc8461ef04e355?s=96&d=mm&r=g","url":"https:\/\/secure.gravatar.com\/avatar\/1625555f260264654c853a64f2eddfbd5d054ef40597af8b97dc8461ef04e355?s=96&d=mm&r=g","contentUrl":"https:\/\/secure.gravatar.com\/avatar\/1625555f260264654c853a64f2eddfbd5d054ef40597af8b97dc8461ef04e355?s=96&d=mm&r=g","caption":"admin"},"sameAs":["https:\/\/www.vydence.com"],"url":"https:\/\/www.vydence.com\/pt-br\/author\/ericknc\/"}]}},"_links":{"self":[{"href":"https:\/\/www.vydence.com\/pt-br\/wp-json\/wp\/v2\/posts\/19489","targetHints":{"allow":["GET"]}}],"collection":[{"href":"https:\/\/www.vydence.com\/pt-br\/wp-json\/wp\/v2\/posts"}],"about":[{"href":"https:\/\/www.vydence.com\/pt-br\/wp-json\/wp\/v2\/types\/post"}],"author":[{"embeddable":true,"href":"https:\/\/www.vydence.com\/pt-br\/wp-json\/wp\/v2\/users\/1"}],"replies":[{"embeddable":true,"href":"https:\/\/www.vydence.com\/pt-br\/wp-json\/wp\/v2\/comments?post=19489"}],"version-history":[{"count":0,"href":"https:\/\/www.vydence.com\/pt-br\/wp-json\/wp\/v2\/posts\/19489\/revisions"}],"wp:featuredmedia":[{"embeddable":true,"href":"https:\/\/www.vydence.com\/pt-br\/wp-json\/wp\/v2\/media\/19276"}],"wp:attachment":[{"href":"https:\/\/www.vydence.com\/pt-br\/wp-json\/wp\/v2\/media?parent=19489"}],"wp:term":[{"taxonomy":"category","embeddable":true,"href":"https:\/\/www.vydence.com\/pt-br\/wp-json\/wp\/v2\/categories?post=19489"},{"taxonomy":"post_tag","embeddable":true,"href":"https:\/\/www.vydence.com\/pt-br\/wp-json\/wp\/v2\/tags?post=19489"}],"curies":[{"name":"wp","href":"https:\/\/api.w.org\/{rel}","templated":true}]}}