{"id":19488,"date":"2018-07-05T10:00:38","date_gmt":"2018-07-05T10:00:38","guid":{"rendered":"http:\/\/www.artasbr.com.br\/?p=128"},"modified":"2018-07-05T10:00:38","modified_gmt":"2018-07-05T10:00:38","slug":"entradas-no-cabelo","status":"publish","type":"post","link":"https:\/\/www.vydence.com\/pt-br\/entradas-no-cabelo\/","title":{"rendered":"Entradas no cabelo: entenda as causas e o que fazer"},"content":{"rendered":"<p><span style=\"font-weight: 400;\">As tem\u00edveis <\/span><b>entradas no cabelo<\/b><span style=\"font-weight: 400;\"> s\u00e3o verdadeiros vil\u00f5es para quem se preocupa com a chegada da calv\u00edcie. Mas ser\u00e1 que dever\u00edamos tem\u00ea-las tanto assim?<\/span><\/p>\n<p><span style=\"font-weight: 400;\">Ao longo deste post, n\u00f3s vamos desmistificar o assunto para que voc\u00ea tenha a informa\u00e7\u00e3o correta em m\u00e3os. Assim, caso as suas entradas no cabelo tenham um significado verdadeiramente preocupante, voc\u00ea vai saber como reagir e contornar o poss\u00edvel problema.<\/span><\/p>\n<p><span style=\"font-weight: 400;\">Continue com a leitura e descubra como as entradas no cabelo se relacionam com a calv\u00edcie!<\/span><\/p>\n<h2><span style=\"font-weight: 400;\">Como as entradas no cabelo se relacionam com a calv\u00edcie?<\/span><\/h2>\n<p><span style=\"font-weight: 400;\">Durante a inf\u00e2ncia e princ\u00edpio da adolesc\u00eancia, nossos cabelos respondem a um formato arredondado. S\u00f3 que \u2014 no caso dos homens \u2014 as a\u00e7\u00f5es hormonais dessa transi\u00e7\u00e3o conferem um desenho anguloso no formato do cabelo. O que justifica o recuo lateral, por exemplo.<\/span><\/p>\n<p><span style=\"font-weight: 400;\">S\u00f3 que \u00e9 importante observar o avan\u00e7o das entradas no cabelo periodicamente, porque muitas vezes esse recuo corresponde a uma s\u00e9rie de fatores \u2014 como a defici\u00eancia nutricional. E \u00e9 a\u00ed que esse processo pode estar ligado ao princ\u00edpio de calv\u00edcie.<\/span><\/p>\n<h2><span style=\"font-weight: 400;\">Como identificar se estou ficando calvo?<\/span><\/h2>\n<p><span style=\"font-weight: 400;\">Amplamente utilizada por especialistas, n\u00f3s temos a escala Norwood-Hamilton para identificar o gradual avan\u00e7o de um suposto princ\u00edpio de calv\u00edcie. Dividida em sete est\u00e1gios, a escala Norwood-Hamilton funciona da seguinte maneira:<\/span><\/p>\n<p><img loading=\"lazy\" decoding=\"async\" class=\"alignnone wp-image-129 size-full\" title=\"Escala de norwood hamilton\" src=\"https:\/\/www.vydence.com\/wp-content\/uploads\/2018\/07\/escala-de-norwood-hamilton.png\" alt=\"Escala de norwood hamilton\" width=\"780\" height=\"466\" \/><\/p>\n<ul>\n<li><span style=\"font-weight: 400;\"> \u00a0\u00a0\u00a0\u00a0\u00a0\u00a0\u00a0\u00a0Tipo I: leve, com sens\u00edvel falha no crescimento de cabelo na regi\u00e3o temporal;<\/span><\/li>\n<li><span style=\"font-weight: 400;\"> \u00a0\u00a0\u00a0\u00a0\u00a0\u00a0\u00a0\u00a0Tipo II: torna-se mais percept\u00edvel a queda de cabelo, com falhas encontradas tamb\u00e9m na parte frontal;<\/span><\/li>\n<li><span style=\"font-weight: 400;\"> \u00a0\u00a0\u00a0\u00a0\u00a0\u00a0\u00a0\u00a0Tipo III: representa um recuo mais acentuado, e que se percebe tamb\u00e9m na testa e na regi\u00e3o onde ocorrem as entradas de cabelo mais profundas;<\/span><\/li>\n<li><span style=\"font-weight: 400;\"> \u00a0\u00a0\u00a0\u00a0\u00a0\u00a0\u00a0\u00a0Tipo IV: a linha capilar retrocede visivelmente nas t\u00eamporas e na testa. Pode ocorrer, tamb\u00e9m, a perda de cabelo na regi\u00e3o da coroa (no topo);<\/span><\/li>\n<li><span style=\"font-weight: 400;\"> \u00a0\u00a0\u00a0\u00a0\u00a0\u00a0\u00a0\u00a0Tipo V: a queda de cabelo j\u00e1 \u00e9 mais agravada. As linhas s\u00e3o ainda mais recuadas e pode-se perceber falhas em mais \u00e1reas do couro cabeludo;<\/span><\/li>\n<li><span style=\"font-weight: 400;\"> \u00a0\u00a0\u00a0\u00a0\u00a0\u00a0\u00a0\u00a0Tipo VI: j\u00e1 existem poucos fios espalhados pelo couro cabeludo e uma significativa \u00e1rea calva;<\/span><\/li>\n<li><span style=\"font-weight: 400;\"> \u00a0\u00a0\u00a0\u00a0\u00a0\u00a0\u00a0\u00a0Tipo VII: est\u00e1gio mais avan\u00e7ado da queda de cabelo.<\/span><\/li>\n<\/ul>\n<h2><span style=\"font-weight: 400;\">\u00c9 poss\u00edvel retardar ou interromper o recuo?<\/span><\/h2>\n<p><span style=\"font-weight: 400;\">Caso voc\u00ea tenha percebido que as entradas no cabelo est\u00e3o cada vez maiores, o primeiro passo consiste em agendar uma consulta com um profissional especializado.<\/span><\/p>\n<p><span style=\"font-weight: 400;\">A partir do diagn\u00f3stico \u00e9 que voc\u00ea vai entender as causas para a queda de cabelo acentuada e o que pode ser feito para que voc\u00ea tenha uma ameniza\u00e7\u00e3o ou poss\u00edvel<\/span><a href=\"http:\/\/www.tratamentosalaser.com.br\/cura-da-calvicie\/\"> <span style=\"font-weight: 400;\">interrup\u00e7\u00e3o da calv\u00edcie<\/span><\/a><span style=\"font-weight: 400;\"> precipitada.<\/span><\/p>\n<p><span style=\"font-weight: 400;\">Vale destacar que, em muitos casos, o avan\u00e7o progressivo das entradas no cabelo n\u00e3o podem ser revertidos. Especialmente, quando o quadro se encontra nos tipos mais avan\u00e7ados da escala Norwood-Hamilton.<\/span><\/p>\n<p><span style=\"font-weight: 400;\">Nessas situa\u00e7\u00f5es mais avan\u00e7adas existem alternativas eficazes para minimizar o problema, sendo o <\/span><a href=\"http:\/\/www.tratamentosalaser.com.br\/implante-capilar-preco\/\"><span style=\"font-weight: 400;\">transplante capilar<\/span><\/a><span style=\"font-weight: 400;\"> a medida mais eficaz entre os tratamentos dispon\u00edveis.<\/span><\/p>\n<p><span style=\"font-weight: 400;\">E a\u00ed, voc\u00ea conseguiu identificar o est\u00e1gio das entradas no cabelo que possui? Ent\u00e3o, para que voc\u00ea tenha ainda mais informa\u00e7\u00f5es relevantes para compartilhar com o dermatologista, confira tamb\u00e9m nosso artigo que explica melhor<\/span><a href=\"http:\/\/www.tratamentosalaser.com.br\/como-saber-se-vou-ficar-careca\/\"> <span style=\"font-weight: 400;\">como saber se voc\u00ea vai ficar careca<\/span><\/a><span style=\"font-weight: 400;\">!<\/span><\/p>\n","protected":false},"excerpt":{"rendered":"<p>As tem\u00edveis entradas no cabelo s\u00e3o verdadeiros vil\u00f5es para quem se preocupa com a chegada da calv\u00edcie. Mas ser\u00e1 que dever\u00edamos tem\u00ea-las tanto assim? Ao longo deste post, n\u00f3s vamos desmistificar o assunto para que voc\u00ea tenha a informa\u00e7\u00e3o correta em m\u00e3os. Assim, caso as suas entradas no cabelo tenham um significado verdadeiramente preocupante, voc\u00ea [&hellip;]<\/p>\n","protected":false},"author":1,"featured_media":19299,"comment_status":"open","ping_status":"open","sticky":false,"template":"","format":"standard","meta":{"_et_pb_use_builder":"","_et_pb_old_content":"","_et_gb_content_width":"","inline_featured_image":false,"footnotes":""},"categories":[123,125],"tags":[121,154,139],"class_list":["post-19488","post","type-post","status-publish","format-standard","has-post-thumbnail","hentry","category-transplante-capilar","category-tricologia","tag-artas","tag-cabelo","tag-queda-de-cabelo"],"yoast_head":"<!-- This site is optimized with the Yoast SEO Premium plugin v27.1 (Yoast SEO v27.4) - https:\/\/yoast.com\/product\/yoast-seo-premium-wordpress\/ -->\n<title>Entradas no cabelo: entenda as causas e o que fazer - VYDENCE<\/title>\n<meta name=\"description\" content=\"Tem notado o crescimento das entradas no cabelo? V\u00e1rios fatores podem estar relacionados. Entenda cada um deles e saiba quais tratamentos mais adequados\" \/>\n<meta name=\"robots\" content=\"index, follow, max-snippet:-1, max-image-preview:large, max-video-preview:-1\" \/>\n<link rel=\"canonical\" href=\"https:\/\/www.vydence.com\/pt-br\/entradas-no-cabelo\/\" \/>\n<meta property=\"og:locale\" content=\"pt_BR\" \/>\n<meta property=\"og:type\" content=\"article\" \/>\n<meta property=\"og:title\" content=\"Entradas no cabelo: entenda as causas e o que fazer\" \/>\n<meta property=\"og:description\" content=\"Tem notado o crescimento das entradas no cabelo? V\u00e1rios fatores podem estar relacionados. Entenda cada um deles e saiba quais tratamentos mais adequados\" \/>\n<meta property=\"og:url\" content=\"https:\/\/www.vydence.com\/pt-br\/entradas-no-cabelo\/\" \/>\n<meta property=\"og:site_name\" content=\"VYDENCE\" \/>\n<meta property=\"article:publisher\" content=\"https:\/\/www.facebook.com\/VYDENCE\" \/>\n<meta property=\"article:published_time\" content=\"2018-07-05T10:00:38+00:00\" \/>\n<meta property=\"og:image\" content=\"https:\/\/www.vydence.com\/wp-content\/uploads\/2018\/07\/entradas-no-cabelo-1.jpg\" \/>\n\t<meta property=\"og:image:width\" content=\"1100\" \/>\n\t<meta property=\"og:image:height\" content=\"733\" \/>\n\t<meta property=\"og:image:type\" content=\"image\/jpeg\" \/>\n<meta name=\"author\" content=\"admin\" \/>\n<meta name=\"twitter:card\" content=\"summary_large_image\" \/>\n<meta name=\"twitter:label1\" content=\"Escrito por\" \/>\n\t<meta name=\"twitter:data1\" content=\"admin\" \/>\n\t<meta name=\"twitter:label2\" content=\"Est. tempo de leitura\" \/>\n\t<meta name=\"twitter:data2\" content=\"3 minutos\" \/>\n<script type=\"application\/ld+json\" class=\"yoast-schema-graph\">{\"@context\":\"https:\\\/\\\/schema.org\",\"@graph\":[{\"@type\":\"Article\",\"@id\":\"https:\\\/\\\/www.vydence.com\\\/pt-br\\\/entradas-no-cabelo\\\/#article\",\"isPartOf\":{\"@id\":\"https:\\\/\\\/www.vydence.com\\\/pt-br\\\/entradas-no-cabelo\\\/\"},\"author\":{\"name\":\"admin\",\"@id\":\"https:\\\/\\\/www.vydence.com\\\/pt-br\\\/#\\\/schema\\\/person\\\/d07e11658f9624d2d5344c62489f5fed\"},\"headline\":\"Entradas no cabelo: entenda as causas e o que fazer\",\"datePublished\":\"2018-07-05T10:00:38+00:00\",\"mainEntityOfPage\":{\"@id\":\"https:\\\/\\\/www.vydence.com\\\/pt-br\\\/entradas-no-cabelo\\\/\"},\"wordCount\":559,\"commentCount\":0,\"publisher\":{\"@id\":\"https:\\\/\\\/www.vydence.com\\\/pt-br\\\/#organization\"},\"image\":{\"@id\":\"https:\\\/\\\/www.vydence.com\\\/pt-br\\\/entradas-no-cabelo\\\/#primaryimage\"},\"thumbnailUrl\":\"https:\\\/\\\/www.vydence.com\\\/wp-content\\\/uploads\\\/2018\\\/07\\\/entradas-no-cabelo-1.jpg\",\"keywords\":[\"artas\",\"cabelo\",\"queda de cabelo\"],\"articleSection\":[\"Transplante capilar\",\"Tricologia\"],\"inLanguage\":\"pt-BR\",\"potentialAction\":[{\"@type\":\"CommentAction\",\"name\":\"Comment\",\"target\":[\"https:\\\/\\\/www.vydence.com\\\/pt-br\\\/entradas-no-cabelo\\\/#respond\"]}]},{\"@type\":\"WebPage\",\"@id\":\"https:\\\/\\\/www.vydence.com\\\/pt-br\\\/entradas-no-cabelo\\\/\",\"url\":\"https:\\\/\\\/www.vydence.com\\\/pt-br\\\/entradas-no-cabelo\\\/\",\"name\":\"Entradas no cabelo: entenda as causas e o que fazer - VYDENCE\",\"isPartOf\":{\"@id\":\"https:\\\/\\\/www.vydence.com\\\/pt-br\\\/#website\"},\"primaryImageOfPage\":{\"@id\":\"https:\\\/\\\/www.vydence.com\\\/pt-br\\\/entradas-no-cabelo\\\/#primaryimage\"},\"image\":{\"@id\":\"https:\\\/\\\/www.vydence.com\\\/pt-br\\\/entradas-no-cabelo\\\/#primaryimage\"},\"thumbnailUrl\":\"https:\\\/\\\/www.vydence.com\\\/wp-content\\\/uploads\\\/2018\\\/07\\\/entradas-no-cabelo-1.jpg\",\"datePublished\":\"2018-07-05T10:00:38+00:00\",\"description\":\"Tem notado o crescimento das entradas no cabelo? V\u00e1rios fatores podem estar relacionados. Entenda cada um deles e saiba quais tratamentos mais adequados\",\"breadcrumb\":{\"@id\":\"https:\\\/\\\/www.vydence.com\\\/pt-br\\\/entradas-no-cabelo\\\/#breadcrumb\"},\"inLanguage\":\"pt-BR\",\"potentialAction\":[{\"@type\":\"ReadAction\",\"target\":[\"https:\\\/\\\/www.vydence.com\\\/pt-br\\\/entradas-no-cabelo\\\/\"]}]},{\"@type\":\"ImageObject\",\"inLanguage\":\"pt-BR\",\"@id\":\"https:\\\/\\\/www.vydence.com\\\/pt-br\\\/entradas-no-cabelo\\\/#primaryimage\",\"url\":\"https:\\\/\\\/www.vydence.com\\\/wp-content\\\/uploads\\\/2018\\\/07\\\/entradas-no-cabelo-1.jpg\",\"contentUrl\":\"https:\\\/\\\/www.vydence.com\\\/wp-content\\\/uploads\\\/2018\\\/07\\\/entradas-no-cabelo-1.jpg\",\"width\":1100,\"height\":733,\"caption\":\"entradas-no-cabelo\"},{\"@type\":\"BreadcrumbList\",\"@id\":\"https:\\\/\\\/www.vydence.com\\\/pt-br\\\/entradas-no-cabelo\\\/#breadcrumb\",\"itemListElement\":[{\"@type\":\"ListItem\",\"position\":1,\"name\":\"In\u00edcio\",\"item\":\"https:\\\/\\\/www.vydence.com\\\/pt-br\\\/\"},{\"@type\":\"ListItem\",\"position\":2,\"name\":\"Entradas no cabelo: entenda as causas e o que fazer\"}]},{\"@type\":\"WebSite\",\"@id\":\"https:\\\/\\\/www.vydence.com\\\/pt-br\\\/#website\",\"url\":\"https:\\\/\\\/www.vydence.com\\\/pt-br\\\/\",\"name\":\"VYDENCE\",\"description\":\"\",\"publisher\":{\"@id\":\"https:\\\/\\\/www.vydence.com\\\/pt-br\\\/#organization\"},\"potentialAction\":[{\"@type\":\"SearchAction\",\"target\":{\"@type\":\"EntryPoint\",\"urlTemplate\":\"https:\\\/\\\/www.vydence.com\\\/pt-br\\\/?s={search_term_string}\"},\"query-input\":{\"@type\":\"PropertyValueSpecification\",\"valueRequired\":true,\"valueName\":\"search_term_string\"}}],\"inLanguage\":\"pt-BR\"},{\"@type\":\"Organization\",\"@id\":\"https:\\\/\\\/www.vydence.com\\\/pt-br\\\/#organization\",\"name\":\"VYDENCE\",\"url\":\"https:\\\/\\\/www.vydence.com\\\/pt-br\\\/\",\"logo\":{\"@type\":\"ImageObject\",\"inLanguage\":\"pt-BR\",\"@id\":\"https:\\\/\\\/www.vydence.com\\\/pt-br\\\/#\\\/schema\\\/logo\\\/image\\\/\",\"url\":\"https:\\\/\\\/www.vydence.com\\\/wp-content\\\/uploads\\\/2024\\\/11\\\/Logo.svg\",\"contentUrl\":\"https:\\\/\\\/www.vydence.com\\\/wp-content\\\/uploads\\\/2024\\\/11\\\/Logo.svg\",\"width\":149,\"height\":40,\"caption\":\"VYDENCE\"},\"image\":{\"@id\":\"https:\\\/\\\/www.vydence.com\\\/pt-br\\\/#\\\/schema\\\/logo\\\/image\\\/\"},\"sameAs\":[\"https:\\\/\\\/www.facebook.com\\\/VYDENCE\"]},{\"@type\":\"Person\",\"@id\":\"https:\\\/\\\/www.vydence.com\\\/pt-br\\\/#\\\/schema\\\/person\\\/d07e11658f9624d2d5344c62489f5fed\",\"name\":\"admin\",\"image\":{\"@type\":\"ImageObject\",\"inLanguage\":\"pt-BR\",\"@id\":\"https:\\\/\\\/secure.gravatar.com\\\/avatar\\\/1625555f260264654c853a64f2eddfbd5d054ef40597af8b97dc8461ef04e355?s=96&d=mm&r=g\",\"url\":\"https:\\\/\\\/secure.gravatar.com\\\/avatar\\\/1625555f260264654c853a64f2eddfbd5d054ef40597af8b97dc8461ef04e355?s=96&d=mm&r=g\",\"contentUrl\":\"https:\\\/\\\/secure.gravatar.com\\\/avatar\\\/1625555f260264654c853a64f2eddfbd5d054ef40597af8b97dc8461ef04e355?s=96&d=mm&r=g\",\"caption\":\"admin\"},\"sameAs\":[\"https:\\\/\\\/www.vydence.com\"],\"url\":\"https:\\\/\\\/www.vydence.com\\\/pt-br\\\/author\\\/ericknc\\\/\"}]}<\/script>\n<!-- \/ Yoast SEO Premium plugin. -->","yoast_head_json":{"title":"Entradas no cabelo: entenda as causas e o que fazer - VYDENCE","description":"Tem notado o crescimento das entradas no cabelo? V\u00e1rios fatores podem estar relacionados. Entenda cada um deles e saiba quais tratamentos mais adequados","robots":{"index":"index","follow":"follow","max-snippet":"max-snippet:-1","max-image-preview":"max-image-preview:large","max-video-preview":"max-video-preview:-1"},"canonical":"https:\/\/www.vydence.com\/pt-br\/entradas-no-cabelo\/","og_locale":"pt_BR","og_type":"article","og_title":"Entradas no cabelo: entenda as causas e o que fazer","og_description":"Tem notado o crescimento das entradas no cabelo? V\u00e1rios fatores podem estar relacionados. Entenda cada um deles e saiba quais tratamentos mais adequados","og_url":"https:\/\/www.vydence.com\/pt-br\/entradas-no-cabelo\/","og_site_name":"VYDENCE","article_publisher":"https:\/\/www.facebook.com\/VYDENCE","article_published_time":"2018-07-05T10:00:38+00:00","og_image":[{"width":1100,"height":733,"url":"https:\/\/www.vydence.com\/wp-content\/uploads\/2018\/07\/entradas-no-cabelo-1.jpg","type":"image\/jpeg"}],"author":"admin","twitter_card":"summary_large_image","twitter_misc":{"Escrito por":"admin","Est. tempo de leitura":"3 minutos"},"schema":{"@context":"https:\/\/schema.org","@graph":[{"@type":"Article","@id":"https:\/\/www.vydence.com\/pt-br\/entradas-no-cabelo\/#article","isPartOf":{"@id":"https:\/\/www.vydence.com\/pt-br\/entradas-no-cabelo\/"},"author":{"name":"admin","@id":"https:\/\/www.vydence.com\/pt-br\/#\/schema\/person\/d07e11658f9624d2d5344c62489f5fed"},"headline":"Entradas no cabelo: entenda as causas e o que fazer","datePublished":"2018-07-05T10:00:38+00:00","mainEntityOfPage":{"@id":"https:\/\/www.vydence.com\/pt-br\/entradas-no-cabelo\/"},"wordCount":559,"commentCount":0,"publisher":{"@id":"https:\/\/www.vydence.com\/pt-br\/#organization"},"image":{"@id":"https:\/\/www.vydence.com\/pt-br\/entradas-no-cabelo\/#primaryimage"},"thumbnailUrl":"https:\/\/www.vydence.com\/wp-content\/uploads\/2018\/07\/entradas-no-cabelo-1.jpg","keywords":["artas","cabelo","queda de cabelo"],"articleSection":["Transplante capilar","Tricologia"],"inLanguage":"pt-BR","potentialAction":[{"@type":"CommentAction","name":"Comment","target":["https:\/\/www.vydence.com\/pt-br\/entradas-no-cabelo\/#respond"]}]},{"@type":"WebPage","@id":"https:\/\/www.vydence.com\/pt-br\/entradas-no-cabelo\/","url":"https:\/\/www.vydence.com\/pt-br\/entradas-no-cabelo\/","name":"Entradas no cabelo: entenda as causas e o que fazer - VYDENCE","isPartOf":{"@id":"https:\/\/www.vydence.com\/pt-br\/#website"},"primaryImageOfPage":{"@id":"https:\/\/www.vydence.com\/pt-br\/entradas-no-cabelo\/#primaryimage"},"image":{"@id":"https:\/\/www.vydence.com\/pt-br\/entradas-no-cabelo\/#primaryimage"},"thumbnailUrl":"https:\/\/www.vydence.com\/wp-content\/uploads\/2018\/07\/entradas-no-cabelo-1.jpg","datePublished":"2018-07-05T10:00:38+00:00","description":"Tem notado o crescimento das entradas no cabelo? V\u00e1rios fatores podem estar relacionados. Entenda cada um deles e saiba quais tratamentos mais adequados","breadcrumb":{"@id":"https:\/\/www.vydence.com\/pt-br\/entradas-no-cabelo\/#breadcrumb"},"inLanguage":"pt-BR","potentialAction":[{"@type":"ReadAction","target":["https:\/\/www.vydence.com\/pt-br\/entradas-no-cabelo\/"]}]},{"@type":"ImageObject","inLanguage":"pt-BR","@id":"https:\/\/www.vydence.com\/pt-br\/entradas-no-cabelo\/#primaryimage","url":"https:\/\/www.vydence.com\/wp-content\/uploads\/2018\/07\/entradas-no-cabelo-1.jpg","contentUrl":"https:\/\/www.vydence.com\/wp-content\/uploads\/2018\/07\/entradas-no-cabelo-1.jpg","width":1100,"height":733,"caption":"entradas-no-cabelo"},{"@type":"BreadcrumbList","@id":"https:\/\/www.vydence.com\/pt-br\/entradas-no-cabelo\/#breadcrumb","itemListElement":[{"@type":"ListItem","position":1,"name":"In\u00edcio","item":"https:\/\/www.vydence.com\/pt-br\/"},{"@type":"ListItem","position":2,"name":"Entradas no cabelo: entenda as causas e o que fazer"}]},{"@type":"WebSite","@id":"https:\/\/www.vydence.com\/pt-br\/#website","url":"https:\/\/www.vydence.com\/pt-br\/","name":"VYDENCE","description":"","publisher":{"@id":"https:\/\/www.vydence.com\/pt-br\/#organization"},"potentialAction":[{"@type":"SearchAction","target":{"@type":"EntryPoint","urlTemplate":"https:\/\/www.vydence.com\/pt-br\/?s={search_term_string}"},"query-input":{"@type":"PropertyValueSpecification","valueRequired":true,"valueName":"search_term_string"}}],"inLanguage":"pt-BR"},{"@type":"Organization","@id":"https:\/\/www.vydence.com\/pt-br\/#organization","name":"VYDENCE","url":"https:\/\/www.vydence.com\/pt-br\/","logo":{"@type":"ImageObject","inLanguage":"pt-BR","@id":"https:\/\/www.vydence.com\/pt-br\/#\/schema\/logo\/image\/","url":"https:\/\/www.vydence.com\/wp-content\/uploads\/2024\/11\/Logo.svg","contentUrl":"https:\/\/www.vydence.com\/wp-content\/uploads\/2024\/11\/Logo.svg","width":149,"height":40,"caption":"VYDENCE"},"image":{"@id":"https:\/\/www.vydence.com\/pt-br\/#\/schema\/logo\/image\/"},"sameAs":["https:\/\/www.facebook.com\/VYDENCE"]},{"@type":"Person","@id":"https:\/\/www.vydence.com\/pt-br\/#\/schema\/person\/d07e11658f9624d2d5344c62489f5fed","name":"admin","image":{"@type":"ImageObject","inLanguage":"pt-BR","@id":"https:\/\/secure.gravatar.com\/avatar\/1625555f260264654c853a64f2eddfbd5d054ef40597af8b97dc8461ef04e355?s=96&d=mm&r=g","url":"https:\/\/secure.gravatar.com\/avatar\/1625555f260264654c853a64f2eddfbd5d054ef40597af8b97dc8461ef04e355?s=96&d=mm&r=g","contentUrl":"https:\/\/secure.gravatar.com\/avatar\/1625555f260264654c853a64f2eddfbd5d054ef40597af8b97dc8461ef04e355?s=96&d=mm&r=g","caption":"admin"},"sameAs":["https:\/\/www.vydence.com"],"url":"https:\/\/www.vydence.com\/pt-br\/author\/ericknc\/"}]}},"_links":{"self":[{"href":"https:\/\/www.vydence.com\/pt-br\/wp-json\/wp\/v2\/posts\/19488","targetHints":{"allow":["GET"]}}],"collection":[{"href":"https:\/\/www.vydence.com\/pt-br\/wp-json\/wp\/v2\/posts"}],"about":[{"href":"https:\/\/www.vydence.com\/pt-br\/wp-json\/wp\/v2\/types\/post"}],"author":[{"embeddable":true,"href":"https:\/\/www.vydence.com\/pt-br\/wp-json\/wp\/v2\/users\/1"}],"replies":[{"embeddable":true,"href":"https:\/\/www.vydence.com\/pt-br\/wp-json\/wp\/v2\/comments?post=19488"}],"version-history":[{"count":0,"href":"https:\/\/www.vydence.com\/pt-br\/wp-json\/wp\/v2\/posts\/19488\/revisions"}],"wp:featuredmedia":[{"embeddable":true,"href":"https:\/\/www.vydence.com\/pt-br\/wp-json\/wp\/v2\/media\/19299"}],"wp:attachment":[{"href":"https:\/\/www.vydence.com\/pt-br\/wp-json\/wp\/v2\/media?parent=19488"}],"wp:term":[{"taxonomy":"category","embeddable":true,"href":"https:\/\/www.vydence.com\/pt-br\/wp-json\/wp\/v2\/categories?post=19488"},{"taxonomy":"post_tag","embeddable":true,"href":"https:\/\/www.vydence.com\/pt-br\/wp-json\/wp\/v2\/tags?post=19488"}],"curies":[{"name":"wp","href":"https:\/\/api.w.org\/{rel}","templated":true}]}}