{"id":19483,"date":"2018-06-26T11:09:33","date_gmt":"2018-06-26T11:09:33","guid":{"rendered":"http:\/\/www.artasbr.com.br\/?p=113"},"modified":"2018-06-26T11:09:33","modified_gmt":"2018-06-26T11:09:33","slug":"7-alimentos-para-queda-de-cabelo","status":"publish","type":"post","link":"https:\/\/www.vydence.com\/pt-br\/7-alimentos-para-queda-de-cabelo\/","title":{"rendered":"7 alimentos para queda de cabelo"},"content":{"rendered":"<p><span style=\"font-weight: 400;\">No dia a dia, precisamos de <\/span><b>alimentos ricos<\/b><span style=\"font-weight: 400;\"> para promover nossa sa\u00fade, bem-estar e qualidade de vida. E, entre os motivos para isso, podemos considerar uma s\u00e9rie de alimentos <\/span><b>para queda de cabelo<\/b><span style=\"font-weight: 400;\"> \u2014 evitando que, com isso, um eventual quadro de<\/span><a href=\"http:\/\/www.tratamentosalaser.com.br\/cura-da-calvicie\/\"> <span style=\"font-weight: 400;\">calv\u00edcie<\/span><\/a><span style=\"font-weight: 400;\"> se agrave.<\/span><\/p>\n<p><span style=\"font-weight: 400;\">Cada um desses alimentos \u00e9 importante para algo, seja como <\/span><b>fonte de prote\u00edna<\/b><span style=\"font-weight: 400;\"> ou para repor as <\/span><b>vitaminas do complexo B<\/b><span style=\"font-weight: 400;\">, entre outras op\u00e7\u00f5es.<\/span><\/p>\n<p><span style=\"font-weight: 400;\">E \u00e9 por conta dessa amplitude do tema, e relev\u00e2ncia, que planejamos este post. Confira, conosco, 7 alimentos para queda de cabelo e algumas dicas sobre o que evitar!<\/span><\/p>\n<p><img loading=\"lazy\" decoding=\"async\" class=\"alignnone wp-image-118 size-full\" src=\"https:\/\/www.vydence.com\/wp-content\/uploads\/2018\/07\/alimentos-para-queda-de-cabelo-cenoura.png\" alt=\"\" width=\"999\" height=\"667\" \/><\/p>\n<h2><span style=\"font-weight: 400;\">1. Cenoura<\/span><\/h2>\n<p><span style=\"font-weight: 400;\">Rica em betacaroteno e vitamina A, a cenoura ajuda a combater os radicais livres, fazendo com que pigmenta\u00e7\u00e3o do cabelo n\u00e3o seja perdida facilmente. \u00d3timo para evitar os<\/span><a href=\"http:\/\/www.tratamentosalaser.com.br\/cabelo-branco-masculino\/\"> <span style=\"font-weight: 400;\">cabelos brancos<\/span><\/a><span style=\"font-weight: 400;\"> precocemente e tamb\u00e9m para nutrir o couro cabeludo.<\/span><\/p>\n<p><img loading=\"lazy\" decoding=\"async\" class=\"alignnone wp-image-114 size-large\" title=\"alimentos para queda de cabelo espinafre\" src=\"http:\/\/tratamentosalaser.com.br\/wp-content\/uploads\/2018\/07\/alimentos-para-queda-de-cabelo-espinafre-1024x724.png\" alt=\"alimentos para queda de cabelo espinafre\" width=\"1024\" height=\"724\" \/><\/p>\n<h2><span style=\"font-weight: 400;\">2. Espinafre<\/span><\/h2>\n<p><span style=\"font-weight: 400;\">O vegetal conta com ferro e clorofila em sua composi\u00e7\u00e3o, o que ajuda a nutrir os fol\u00edculos capilares e a evitar a oleosidade. Como resultado, o cabelo permanece brilhante e resistente.<\/span><\/p>\n<p><img loading=\"lazy\" decoding=\"async\" class=\"alignnone wp-image-115 size-large\" title=\"alimentos para queda de cabelo aveia\" src=\"http:\/\/tratamentosalaser.com.br\/wp-content\/uploads\/2018\/07\/alimentos-para-queda-de-cabelo-aveia-1024x683.png\" alt=\"alimentos para queda de cabelo aveia\" width=\"1024\" height=\"683\" srcset=\"https:\/\/www.vydence.com\/wp-content\/uploads\/2018\/07\/alimentos-para-queda-de-cabelo-aveia-1024x683.png 1024w, https:\/\/www.vydence.com\/wp-content\/uploads\/2018\/07\/alimentos-para-queda-de-cabelo-aveia-300x200.png 300w, https:\/\/www.vydence.com\/wp-content\/uploads\/2018\/07\/alimentos-para-queda-de-cabelo-aveia-768x512.png 768w, https:\/\/www.vydence.com\/wp-content\/uploads\/2018\/07\/alimentos-para-queda-de-cabelo-aveia-1080x720.png 1080w, https:\/\/www.vydence.com\/wp-content\/uploads\/2018\/07\/alimentos-para-queda-de-cabelo-aveia-980x653.png 980w, https:\/\/www.vydence.com\/wp-content\/uploads\/2018\/07\/alimentos-para-queda-de-cabelo-aveia-480x320.png 480w, https:\/\/www.vydence.com\/wp-content\/uploads\/2018\/07\/alimentos-para-queda-de-cabelo-aveia.png 1152w\" sizes=\"(max-width: 1024px) 100vw, 1024px\" \/><\/p>\n<h2><span style=\"font-weight: 400;\">3. Aveia<\/span><\/h2>\n<p><span style=\"font-weight: 400;\">O gr\u00e3o \u00e9 bastante conhecido por favorecer o crescimento dos cabelos por conta da presen\u00e7a de sil\u00edcio entre os seus principais nutrientes.<\/span><\/p>\n<p><span style=\"font-weight: 400;\">Al\u00e9m disso, a aveia tamb\u00e9m conta com vitaminas do complexo B e zinco, que ajudam no controle de mudan\u00e7as hormonais \u2014 aquelas que podem ocasionar a queda de cabelos, por exemplo.<\/span><\/p>\n<p><img loading=\"lazy\" decoding=\"async\" class=\"alignnone wp-image-116 size-large\" title=\"alimentos para queda de cabelo salm\u00e3o\" src=\"http:\/\/tratamentosalaser.com.br\/wp-content\/uploads\/2018\/07\/alimentos-para-queda-de-cabelo-salm\u00e3o-1024x683.png\" alt=\"alimentos para queda de cabelo salm\u00e3o\" width=\"1024\" height=\"683\" \/><\/p>\n<h2><span style=\"font-weight: 400;\">4. Salm\u00e3o<\/span><\/h2>\n<p><span style=\"font-weight: 400;\">Fonte de prote\u00edna, o salm\u00e3o est\u00e1 entre os principais alimentos para<\/span><a href=\"http:\/\/www.tratamentosalaser.com.br\/queda-de-cabelo-o-que-pode-ser\/\"> <span style=\"font-weight: 400;\">queda de cabelo<\/span><\/a><span style=\"font-weight: 400;\"> porque combate inflama\u00e7\u00f5es (tamb\u00e9m no couro cabeludo) e promove melhoras na circula\u00e7\u00e3o sangu\u00ednea, favorecendo a nutri\u00e7\u00e3o do bulbo capilar.<\/span><\/p>\n<p><img loading=\"lazy\" decoding=\"async\" class=\"alignnone wp-image-117 size-full\" title=\"alimentos para queda de cabelo soja\" src=\"https:\/\/www.vydence.com\/wp-content\/uploads\/2018\/07\/alimentos-para-queda-de-cabelo-soja.png\" alt=\"alimentos para queda de cabelo soja\" width=\"1280\" height=\"854\" \/><\/p>\n<h2><span style=\"font-weight: 400;\">5. Soja<\/span><\/h2>\n<p><span style=\"font-weight: 400;\">Outra excelente fonte de prote\u00edna, a soja \u00e9 considerada para o consumo di\u00e1rio porque ajuda na:<\/span><\/p>\n<ul>\n<li style=\"font-weight: 400;\"><span style=\"font-weight: 400;\">produ\u00e7\u00e3o de novos fios;<\/span><\/li>\n<li style=\"font-weight: 400;\"><span style=\"font-weight: 400;\">promover intensidade \u00e0 cor e firmeza dos fios;<\/span><\/li>\n<li style=\"font-weight: 400;\"><span style=\"font-weight: 400;\">ajuda no desenvolvimento do fol\u00edculo piloso.<\/span><\/li>\n<\/ul>\n<p><img loading=\"lazy\" decoding=\"async\" class=\"alignnone wp-image-120 size-large\" title=\"alimentos para queda de cabelo iogurte\" src=\"http:\/\/tratamentosalaser.com.br\/wp-content\/uploads\/2018\/07\/alimentos-para-queda-de-cabelo-iogurte-1024x680.png\" alt=\"alimentos para queda de cabelo iogurte\" width=\"1024\" height=\"680\" \/><\/p>\n<h2><span style=\"font-weight: 400;\">6. Iogurte magro<\/span><\/h2>\n<p><span style=\"font-weight: 400;\">Pode consider\u00e1-lo, no dia a dia, entre os alimentos para queda de cabelo porque o iogurte cont\u00e9m amino\u00e1cidos (contribui com o fortalecimento da fibra capilar) e \u00e9 bastante rico em vitaminas do complexo B.<\/span><\/p>\n<h2><span style=\"font-weight: 400;\">7. Castanha-do-par\u00e1<\/span><\/h2>\n<p><span style=\"font-weight: 400;\">Por fim, temos essa fruta oleaginosa que \u00e9 muito rica em zinco, cuja car\u00eancia deixa o cabelo mais fino e quebradi\u00e7o e sem brilho.<\/span><\/p>\n<p><span style=\"font-weight: 400;\">Al\u00e9m disso, com duas unidades ao dia, em m\u00e9dia, voc\u00ea j\u00e1 pode considerar tamb\u00e9m boa melhoria no desenvolvimento capilar e na redu\u00e7\u00e3o da oleosidade excessiva.<\/span><\/p>\n<h2><span style=\"font-weight: 400;\">Alimentos que s\u00e3o inimigos do seu cabelo<\/span><\/h2>\n<p><span style=\"font-weight: 400;\">Agora, vamos falar de alimentos para queda de cabelo que podem contribuir para acentuar esse quadro em homens e mulheres. Casos de:<\/span><\/p>\n<ul>\n<li style=\"font-weight: 400;\"><span style=\"font-weight: 400;\">a\u00e7\u00facar em excesso;<\/span><\/li>\n<li style=\"font-weight: 400;\"><span style=\"font-weight: 400;\">carboidrato refinado, como o presente em massas e no p\u00e3o branco;<\/span><\/li>\n<li style=\"font-weight: 400;\"><span style=\"font-weight: 400;\">\u00e1lcool de maneira exagerada.<\/span><\/li>\n<\/ul>\n<p><span style=\"font-weight: 400;\">Motivos para isso n\u00e3o faltam: eles ajudam a elevar os n\u00edveis de insulina no sangue, o que pode desregular alguns horm\u00f4nios e, consequentemente, gerar efeitos negativos nos fol\u00edculos.<\/span><\/p>\n<p><span style=\"font-weight: 400;\">Algumas bebidas, como ch\u00e1 e caf\u00e9, tamb\u00e9m devem ser consumidas com modera\u00e7\u00e3o, pois elas prejudicam a absor\u00e7\u00e3o de nutrientes, como o ferro.<\/span><\/p>\n<p><span style=\"font-weight: 400;\">Claro que isso n\u00e3o significa que voc\u00ea deve cortar por completo esses alimentos, mas uma conscientiza\u00e7\u00e3o nunca \u00e9 demais para evitar a queda de cabelo, n\u00e3o \u00e9 mesmo?<\/span><\/p>\n<p><span style=\"font-weight: 400;\">Agora que j\u00e1 vimos alguns alimentos para queda de cabelo, que tal nos aprofundarmos no assunto? Para isso, confira outro artigo nosso, que explora a<\/span><a href=\"http:\/\/www.tratamentosalaser.com.br\/falta-de-vitamina-d-causa-queda-de-cabelo\/\"> <span style=\"font-weight: 400;\">import\u00e2ncia da vitamina D para a sa\u00fade dos seus cabelos<\/span><\/a><span style=\"font-weight: 400;\">!<\/span><\/p>\n","protected":false},"excerpt":{"rendered":"<p>No dia a dia, precisamos de alimentos ricos para promover nossa sa\u00fade, bem-estar e qualidade de vida. E, entre os motivos para isso, podemos considerar uma s\u00e9rie de alimentos para queda de cabelo \u2014 evitando que, com isso, um eventual quadro de calv\u00edcie se agrave. Cada um desses alimentos \u00e9 importante para algo, seja como [&hellip;]<\/p>\n","protected":false},"author":1,"featured_media":19290,"comment_status":"open","ping_status":"open","sticky":false,"template":"","format":"standard","meta":{"_et_pb_use_builder":"","_et_pb_old_content":"","_et_gb_content_width":"","inline_featured_image":false,"footnotes":""},"categories":[123,125],"tags":[139,149],"class_list":["post-19483","post","type-post","status-publish","format-standard","has-post-thumbnail","hentry","category-transplante-capilar","category-tricologia","tag-queda-de-cabelo","tag-saude"],"yoast_head":"<!-- This site is optimized with the Yoast SEO Premium plugin v27.1 (Yoast SEO v27.4) - https:\/\/yoast.com\/product\/yoast-seo-premium-wordpress\/ -->\n<title>7 alimentos para queda de cabelo - VYDENCE<\/title>\n<meta name=\"description\" content=\"Listamos 7 alimentos para queda de cabelo que possuem \u00f3tima contribui\u00e7\u00e3o para a nutri\u00e7\u00e3o do organismo e sa\u00fade dos cabelos. Saiba tamb\u00e9m quais alimentos evitar\" \/>\n<meta name=\"robots\" content=\"index, follow, max-snippet:-1, max-image-preview:large, max-video-preview:-1\" \/>\n<link rel=\"canonical\" href=\"https:\/\/www.vydence.com\/pt-br\/7-alimentos-para-queda-de-cabelo\/\" \/>\n<meta property=\"og:locale\" content=\"pt_BR\" \/>\n<meta property=\"og:type\" content=\"article\" \/>\n<meta property=\"og:title\" content=\"7 alimentos para queda de cabelo\" \/>\n<meta property=\"og:description\" content=\"Listamos 7 alimentos para queda de cabelo que possuem \u00f3tima contribui\u00e7\u00e3o para a nutri\u00e7\u00e3o do organismo e sa\u00fade dos cabelos. Saiba tamb\u00e9m quais alimentos evitar\" \/>\n<meta property=\"og:url\" content=\"https:\/\/www.vydence.com\/pt-br\/7-alimentos-para-queda-de-cabelo\/\" \/>\n<meta property=\"og:site_name\" content=\"VYDENCE\" \/>\n<meta property=\"article:publisher\" content=\"https:\/\/www.facebook.com\/VYDENCE\" \/>\n<meta property=\"article:published_time\" content=\"2018-06-26T11:09:33+00:00\" \/>\n<meta property=\"og:image\" content=\"https:\/\/www.vydence.com\/wp-content\/uploads\/2018\/07\/alimentos-para-queda-de-cabelo.png\" \/>\n\t<meta property=\"og:image:width\" content=\"1232\" \/>\n\t<meta property=\"og:image:height\" content=\"816\" \/>\n\t<meta property=\"og:image:type\" content=\"image\/png\" \/>\n<meta name=\"author\" content=\"admin\" \/>\n<meta name=\"twitter:card\" content=\"summary_large_image\" \/>\n<meta name=\"twitter:label1\" content=\"Escrito por\" \/>\n\t<meta name=\"twitter:data1\" content=\"admin\" \/>\n\t<meta name=\"twitter:label2\" content=\"Est. tempo de leitura\" \/>\n\t<meta name=\"twitter:data2\" content=\"3 minutos\" \/>\n<script type=\"application\/ld+json\" class=\"yoast-schema-graph\">{\"@context\":\"https:\\\/\\\/schema.org\",\"@graph\":[{\"@type\":\"Article\",\"@id\":\"https:\\\/\\\/www.vydence.com\\\/pt-br\\\/7-alimentos-para-queda-de-cabelo\\\/#article\",\"isPartOf\":{\"@id\":\"https:\\\/\\\/www.vydence.com\\\/pt-br\\\/7-alimentos-para-queda-de-cabelo\\\/\"},\"author\":{\"name\":\"admin\",\"@id\":\"https:\\\/\\\/www.vydence.com\\\/pt-br\\\/#\\\/schema\\\/person\\\/d07e11658f9624d2d5344c62489f5fed\"},\"headline\":\"7 alimentos para queda de cabelo\",\"datePublished\":\"2018-06-26T11:09:33+00:00\",\"mainEntityOfPage\":{\"@id\":\"https:\\\/\\\/www.vydence.com\\\/pt-br\\\/7-alimentos-para-queda-de-cabelo\\\/\"},\"wordCount\":584,\"commentCount\":0,\"publisher\":{\"@id\":\"https:\\\/\\\/www.vydence.com\\\/pt-br\\\/#organization\"},\"image\":{\"@id\":\"https:\\\/\\\/www.vydence.com\\\/pt-br\\\/7-alimentos-para-queda-de-cabelo\\\/#primaryimage\"},\"thumbnailUrl\":\"https:\\\/\\\/www.vydence.com\\\/wp-content\\\/uploads\\\/2018\\\/07\\\/alimentos-para-queda-de-cabelo.png\",\"keywords\":[\"queda de cabelo\",\"sa\u00fade\"],\"articleSection\":[\"Transplante capilar\",\"Tricologia\"],\"inLanguage\":\"pt-BR\",\"potentialAction\":[{\"@type\":\"CommentAction\",\"name\":\"Comment\",\"target\":[\"https:\\\/\\\/www.vydence.com\\\/pt-br\\\/7-alimentos-para-queda-de-cabelo\\\/#respond\"]}]},{\"@type\":\"WebPage\",\"@id\":\"https:\\\/\\\/www.vydence.com\\\/pt-br\\\/7-alimentos-para-queda-de-cabelo\\\/\",\"url\":\"https:\\\/\\\/www.vydence.com\\\/pt-br\\\/7-alimentos-para-queda-de-cabelo\\\/\",\"name\":\"7 alimentos para queda de cabelo - VYDENCE\",\"isPartOf\":{\"@id\":\"https:\\\/\\\/www.vydence.com\\\/pt-br\\\/#website\"},\"primaryImageOfPage\":{\"@id\":\"https:\\\/\\\/www.vydence.com\\\/pt-br\\\/7-alimentos-para-queda-de-cabelo\\\/#primaryimage\"},\"image\":{\"@id\":\"https:\\\/\\\/www.vydence.com\\\/pt-br\\\/7-alimentos-para-queda-de-cabelo\\\/#primaryimage\"},\"thumbnailUrl\":\"https:\\\/\\\/www.vydence.com\\\/wp-content\\\/uploads\\\/2018\\\/07\\\/alimentos-para-queda-de-cabelo.png\",\"datePublished\":\"2018-06-26T11:09:33+00:00\",\"description\":\"Listamos 7 alimentos para queda de cabelo que possuem \u00f3tima contribui\u00e7\u00e3o para a nutri\u00e7\u00e3o do organismo e sa\u00fade dos cabelos. Saiba tamb\u00e9m quais alimentos evitar\",\"breadcrumb\":{\"@id\":\"https:\\\/\\\/www.vydence.com\\\/pt-br\\\/7-alimentos-para-queda-de-cabelo\\\/#breadcrumb\"},\"inLanguage\":\"pt-BR\",\"potentialAction\":[{\"@type\":\"ReadAction\",\"target\":[\"https:\\\/\\\/www.vydence.com\\\/pt-br\\\/7-alimentos-para-queda-de-cabelo\\\/\"]}]},{\"@type\":\"ImageObject\",\"inLanguage\":\"pt-BR\",\"@id\":\"https:\\\/\\\/www.vydence.com\\\/pt-br\\\/7-alimentos-para-queda-de-cabelo\\\/#primaryimage\",\"url\":\"https:\\\/\\\/www.vydence.com\\\/wp-content\\\/uploads\\\/2018\\\/07\\\/alimentos-para-queda-de-cabelo.png\",\"contentUrl\":\"https:\\\/\\\/www.vydence.com\\\/wp-content\\\/uploads\\\/2018\\\/07\\\/alimentos-para-queda-de-cabelo.png\",\"width\":1232,\"height\":816,\"caption\":\"Alimentos para queda de cabelo\"},{\"@type\":\"BreadcrumbList\",\"@id\":\"https:\\\/\\\/www.vydence.com\\\/pt-br\\\/7-alimentos-para-queda-de-cabelo\\\/#breadcrumb\",\"itemListElement\":[{\"@type\":\"ListItem\",\"position\":1,\"name\":\"In\u00edcio\",\"item\":\"https:\\\/\\\/www.vydence.com\\\/pt-br\\\/\"},{\"@type\":\"ListItem\",\"position\":2,\"name\":\"7 alimentos para queda de cabelo\"}]},{\"@type\":\"WebSite\",\"@id\":\"https:\\\/\\\/www.vydence.com\\\/pt-br\\\/#website\",\"url\":\"https:\\\/\\\/www.vydence.com\\\/pt-br\\\/\",\"name\":\"VYDENCE\",\"description\":\"\",\"publisher\":{\"@id\":\"https:\\\/\\\/www.vydence.com\\\/pt-br\\\/#organization\"},\"potentialAction\":[{\"@type\":\"SearchAction\",\"target\":{\"@type\":\"EntryPoint\",\"urlTemplate\":\"https:\\\/\\\/www.vydence.com\\\/pt-br\\\/?s={search_term_string}\"},\"query-input\":{\"@type\":\"PropertyValueSpecification\",\"valueRequired\":true,\"valueName\":\"search_term_string\"}}],\"inLanguage\":\"pt-BR\"},{\"@type\":\"Organization\",\"@id\":\"https:\\\/\\\/www.vydence.com\\\/pt-br\\\/#organization\",\"name\":\"VYDENCE\",\"url\":\"https:\\\/\\\/www.vydence.com\\\/pt-br\\\/\",\"logo\":{\"@type\":\"ImageObject\",\"inLanguage\":\"pt-BR\",\"@id\":\"https:\\\/\\\/www.vydence.com\\\/pt-br\\\/#\\\/schema\\\/logo\\\/image\\\/\",\"url\":\"https:\\\/\\\/www.vydence.com\\\/wp-content\\\/uploads\\\/2024\\\/11\\\/Logo.svg\",\"contentUrl\":\"https:\\\/\\\/www.vydence.com\\\/wp-content\\\/uploads\\\/2024\\\/11\\\/Logo.svg\",\"width\":149,\"height\":40,\"caption\":\"VYDENCE\"},\"image\":{\"@id\":\"https:\\\/\\\/www.vydence.com\\\/pt-br\\\/#\\\/schema\\\/logo\\\/image\\\/\"},\"sameAs\":[\"https:\\\/\\\/www.facebook.com\\\/VYDENCE\"]},{\"@type\":\"Person\",\"@id\":\"https:\\\/\\\/www.vydence.com\\\/pt-br\\\/#\\\/schema\\\/person\\\/d07e11658f9624d2d5344c62489f5fed\",\"name\":\"admin\",\"image\":{\"@type\":\"ImageObject\",\"inLanguage\":\"pt-BR\",\"@id\":\"https:\\\/\\\/secure.gravatar.com\\\/avatar\\\/1625555f260264654c853a64f2eddfbd5d054ef40597af8b97dc8461ef04e355?s=96&d=mm&r=g\",\"url\":\"https:\\\/\\\/secure.gravatar.com\\\/avatar\\\/1625555f260264654c853a64f2eddfbd5d054ef40597af8b97dc8461ef04e355?s=96&d=mm&r=g\",\"contentUrl\":\"https:\\\/\\\/secure.gravatar.com\\\/avatar\\\/1625555f260264654c853a64f2eddfbd5d054ef40597af8b97dc8461ef04e355?s=96&d=mm&r=g\",\"caption\":\"admin\"},\"sameAs\":[\"https:\\\/\\\/www.vydence.com\"],\"url\":\"https:\\\/\\\/www.vydence.com\\\/pt-br\\\/author\\\/ericknc\\\/\"}]}<\/script>\n<!-- \/ Yoast SEO Premium plugin. -->","yoast_head_json":{"title":"7 alimentos para queda de cabelo - VYDENCE","description":"Listamos 7 alimentos para queda de cabelo que possuem \u00f3tima contribui\u00e7\u00e3o para a nutri\u00e7\u00e3o do organismo e sa\u00fade dos cabelos. Saiba tamb\u00e9m quais alimentos evitar","robots":{"index":"index","follow":"follow","max-snippet":"max-snippet:-1","max-image-preview":"max-image-preview:large","max-video-preview":"max-video-preview:-1"},"canonical":"https:\/\/www.vydence.com\/pt-br\/7-alimentos-para-queda-de-cabelo\/","og_locale":"pt_BR","og_type":"article","og_title":"7 alimentos para queda de cabelo","og_description":"Listamos 7 alimentos para queda de cabelo que possuem \u00f3tima contribui\u00e7\u00e3o para a nutri\u00e7\u00e3o do organismo e sa\u00fade dos cabelos. Saiba tamb\u00e9m quais alimentos evitar","og_url":"https:\/\/www.vydence.com\/pt-br\/7-alimentos-para-queda-de-cabelo\/","og_site_name":"VYDENCE","article_publisher":"https:\/\/www.facebook.com\/VYDENCE","article_published_time":"2018-06-26T11:09:33+00:00","og_image":[{"width":1232,"height":816,"url":"https:\/\/www.vydence.com\/wp-content\/uploads\/2018\/07\/alimentos-para-queda-de-cabelo.png","type":"image\/png"}],"author":"admin","twitter_card":"summary_large_image","twitter_misc":{"Escrito por":"admin","Est. tempo de leitura":"3 minutos"},"schema":{"@context":"https:\/\/schema.org","@graph":[{"@type":"Article","@id":"https:\/\/www.vydence.com\/pt-br\/7-alimentos-para-queda-de-cabelo\/#article","isPartOf":{"@id":"https:\/\/www.vydence.com\/pt-br\/7-alimentos-para-queda-de-cabelo\/"},"author":{"name":"admin","@id":"https:\/\/www.vydence.com\/pt-br\/#\/schema\/person\/d07e11658f9624d2d5344c62489f5fed"},"headline":"7 alimentos para queda de cabelo","datePublished":"2018-06-26T11:09:33+00:00","mainEntityOfPage":{"@id":"https:\/\/www.vydence.com\/pt-br\/7-alimentos-para-queda-de-cabelo\/"},"wordCount":584,"commentCount":0,"publisher":{"@id":"https:\/\/www.vydence.com\/pt-br\/#organization"},"image":{"@id":"https:\/\/www.vydence.com\/pt-br\/7-alimentos-para-queda-de-cabelo\/#primaryimage"},"thumbnailUrl":"https:\/\/www.vydence.com\/wp-content\/uploads\/2018\/07\/alimentos-para-queda-de-cabelo.png","keywords":["queda de cabelo","sa\u00fade"],"articleSection":["Transplante capilar","Tricologia"],"inLanguage":"pt-BR","potentialAction":[{"@type":"CommentAction","name":"Comment","target":["https:\/\/www.vydence.com\/pt-br\/7-alimentos-para-queda-de-cabelo\/#respond"]}]},{"@type":"WebPage","@id":"https:\/\/www.vydence.com\/pt-br\/7-alimentos-para-queda-de-cabelo\/","url":"https:\/\/www.vydence.com\/pt-br\/7-alimentos-para-queda-de-cabelo\/","name":"7 alimentos para queda de cabelo - VYDENCE","isPartOf":{"@id":"https:\/\/www.vydence.com\/pt-br\/#website"},"primaryImageOfPage":{"@id":"https:\/\/www.vydence.com\/pt-br\/7-alimentos-para-queda-de-cabelo\/#primaryimage"},"image":{"@id":"https:\/\/www.vydence.com\/pt-br\/7-alimentos-para-queda-de-cabelo\/#primaryimage"},"thumbnailUrl":"https:\/\/www.vydence.com\/wp-content\/uploads\/2018\/07\/alimentos-para-queda-de-cabelo.png","datePublished":"2018-06-26T11:09:33+00:00","description":"Listamos 7 alimentos para queda de cabelo que possuem \u00f3tima contribui\u00e7\u00e3o para a nutri\u00e7\u00e3o do organismo e sa\u00fade dos cabelos. Saiba tamb\u00e9m quais alimentos evitar","breadcrumb":{"@id":"https:\/\/www.vydence.com\/pt-br\/7-alimentos-para-queda-de-cabelo\/#breadcrumb"},"inLanguage":"pt-BR","potentialAction":[{"@type":"ReadAction","target":["https:\/\/www.vydence.com\/pt-br\/7-alimentos-para-queda-de-cabelo\/"]}]},{"@type":"ImageObject","inLanguage":"pt-BR","@id":"https:\/\/www.vydence.com\/pt-br\/7-alimentos-para-queda-de-cabelo\/#primaryimage","url":"https:\/\/www.vydence.com\/wp-content\/uploads\/2018\/07\/alimentos-para-queda-de-cabelo.png","contentUrl":"https:\/\/www.vydence.com\/wp-content\/uploads\/2018\/07\/alimentos-para-queda-de-cabelo.png","width":1232,"height":816,"caption":"Alimentos para queda de cabelo"},{"@type":"BreadcrumbList","@id":"https:\/\/www.vydence.com\/pt-br\/7-alimentos-para-queda-de-cabelo\/#breadcrumb","itemListElement":[{"@type":"ListItem","position":1,"name":"In\u00edcio","item":"https:\/\/www.vydence.com\/pt-br\/"},{"@type":"ListItem","position":2,"name":"7 alimentos para queda de cabelo"}]},{"@type":"WebSite","@id":"https:\/\/www.vydence.com\/pt-br\/#website","url":"https:\/\/www.vydence.com\/pt-br\/","name":"VYDENCE","description":"","publisher":{"@id":"https:\/\/www.vydence.com\/pt-br\/#organization"},"potentialAction":[{"@type":"SearchAction","target":{"@type":"EntryPoint","urlTemplate":"https:\/\/www.vydence.com\/pt-br\/?s={search_term_string}"},"query-input":{"@type":"PropertyValueSpecification","valueRequired":true,"valueName":"search_term_string"}}],"inLanguage":"pt-BR"},{"@type":"Organization","@id":"https:\/\/www.vydence.com\/pt-br\/#organization","name":"VYDENCE","url":"https:\/\/www.vydence.com\/pt-br\/","logo":{"@type":"ImageObject","inLanguage":"pt-BR","@id":"https:\/\/www.vydence.com\/pt-br\/#\/schema\/logo\/image\/","url":"https:\/\/www.vydence.com\/wp-content\/uploads\/2024\/11\/Logo.svg","contentUrl":"https:\/\/www.vydence.com\/wp-content\/uploads\/2024\/11\/Logo.svg","width":149,"height":40,"caption":"VYDENCE"},"image":{"@id":"https:\/\/www.vydence.com\/pt-br\/#\/schema\/logo\/image\/"},"sameAs":["https:\/\/www.facebook.com\/VYDENCE"]},{"@type":"Person","@id":"https:\/\/www.vydence.com\/pt-br\/#\/schema\/person\/d07e11658f9624d2d5344c62489f5fed","name":"admin","image":{"@type":"ImageObject","inLanguage":"pt-BR","@id":"https:\/\/secure.gravatar.com\/avatar\/1625555f260264654c853a64f2eddfbd5d054ef40597af8b97dc8461ef04e355?s=96&d=mm&r=g","url":"https:\/\/secure.gravatar.com\/avatar\/1625555f260264654c853a64f2eddfbd5d054ef40597af8b97dc8461ef04e355?s=96&d=mm&r=g","contentUrl":"https:\/\/secure.gravatar.com\/avatar\/1625555f260264654c853a64f2eddfbd5d054ef40597af8b97dc8461ef04e355?s=96&d=mm&r=g","caption":"admin"},"sameAs":["https:\/\/www.vydence.com"],"url":"https:\/\/www.vydence.com\/pt-br\/author\/ericknc\/"}]}},"_links":{"self":[{"href":"https:\/\/www.vydence.com\/pt-br\/wp-json\/wp\/v2\/posts\/19483","targetHints":{"allow":["GET"]}}],"collection":[{"href":"https:\/\/www.vydence.com\/pt-br\/wp-json\/wp\/v2\/posts"}],"about":[{"href":"https:\/\/www.vydence.com\/pt-br\/wp-json\/wp\/v2\/types\/post"}],"author":[{"embeddable":true,"href":"https:\/\/www.vydence.com\/pt-br\/wp-json\/wp\/v2\/users\/1"}],"replies":[{"embeddable":true,"href":"https:\/\/www.vydence.com\/pt-br\/wp-json\/wp\/v2\/comments?post=19483"}],"version-history":[{"count":0,"href":"https:\/\/www.vydence.com\/pt-br\/wp-json\/wp\/v2\/posts\/19483\/revisions"}],"wp:featuredmedia":[{"embeddable":true,"href":"https:\/\/www.vydence.com\/pt-br\/wp-json\/wp\/v2\/media\/19290"}],"wp:attachment":[{"href":"https:\/\/www.vydence.com\/pt-br\/wp-json\/wp\/v2\/media?parent=19483"}],"wp:term":[{"taxonomy":"category","embeddable":true,"href":"https:\/\/www.vydence.com\/pt-br\/wp-json\/wp\/v2\/categories?post=19483"},{"taxonomy":"post_tag","embeddable":true,"href":"https:\/\/www.vydence.com\/pt-br\/wp-json\/wp\/v2\/tags?post=19483"}],"curies":[{"name":"wp","href":"https:\/\/api.w.org\/{rel}","templated":true}]}}