{"id":19479,"date":"2018-06-19T11:00:49","date_gmt":"2018-06-19T11:00:49","guid":{"rendered":"http:\/\/www.artasbr.com.br\/?p=105"},"modified":"2018-06-19T11:00:49","modified_gmt":"2018-06-19T11:00:49","slug":"bulbo-capilar","status":"publish","type":"post","link":"https:\/\/www.vydence.com\/pt-br\/bulbo-capilar\/","title":{"rendered":"Bulbo capilar: entendendo a estrutura do seu cabelo"},"content":{"rendered":"<p><span style=\"font-weight: 400;\">Voc\u00ea j\u00e1 parou para pensar como \u00e9 a estrutura do seu cabelo? O bulbo capilar, que podemos considerar a raiz do cabelo, est\u00e1 ligado a outras partes importantes que devemos conhecer para entender um pouco mais sobre a sa\u00fade do nosso couro cabeludo e fios de cabelo, inclusive nos epis\u00f3dios de <\/span><a href=\"http:\/\/www.tratamentosalaser.com.br\/queda-de-cabelo-o-que-pode-ser\/\"><span style=\"font-weight: 400;\">queda acentuada dos fios<\/span><\/a><span style=\"font-weight: 400;\">. <\/span><\/p>\n<p><span style=\"font-weight: 400;\">Para que voc\u00ea possa absorver essas informa\u00e7\u00f5es t\u00e3o relevantes para a sa\u00fade dos cabelos, n\u00f3s preparamos este post. A seguir, vamos explicar o que \u00e9 bulbo capilar, sua composi\u00e7\u00e3o e tamb\u00e9m apresentar dicas sobre como analisar a sa\u00fade das estruturas do cabelo. Acompanhe!<\/span><\/p>\n<h2><span style=\"font-weight: 400;\">O que \u00e9 o bulbo capilar?<\/span><\/h2>\n<p><span style=\"font-weight: 400;\">A estrutura de um fio de cabelo \u00e9 segmentada em sua parte externa e interna, e o <\/span><b>bulbo capilar<\/b><span style=\"font-weight: 400;\"> est\u00e1 presente no segundo caso. \u00c9 l\u00e1 que ele se encarrega de produzir e distribuir as c\u00e9lulas germinativas \u2014 que respondem pelo<\/span><a href=\"http:\/\/www.tratamentosalaser.com.br\/quanto-tempo-demora-para-o-cabelo-crescer\/\"> <span style=\"font-weight: 400;\">crescimento do cabelo<\/span><\/a><span style=\"font-weight: 400;\">.<\/span><\/p>\n<p><span style=\"font-weight: 400;\">Ou seja: toda a produ\u00e7\u00e3o de cabelos corresponde \u00e0 atividade do bulbo capilar, e que tem in\u00edcio com a entrega de nutrientes \u2014 levados pela corrente sangu\u00ednea \u2014 para a papila d\u00e9rmica, localizada abaixo do bulbo.<\/span><\/p>\n<p><span style=\"font-weight: 400;\">Essa alimenta\u00e7\u00e3o cont\u00ednua \u00e9 o que ajuda no crescimento e fortalecimento de cada fio de cabelo. Grande responsabilidade, n\u00e3o \u00e9 mesmo?<\/span><\/p>\n<h2><span style=\"font-weight: 400;\">Como ele \u00e9 dividido?<\/span><\/h2>\n<p><span style=\"font-weight: 400;\">Pensando agora em toda a estrutura capilar, vamos come\u00e7ar pela parte externa de um fio, que nada mais \u00e9 do que a composi\u00e7\u00e3o deles \u2014 formada pela cut\u00edcula, a medula e o c\u00f3rtex.<\/span><\/p>\n<p><span style=\"font-weight: 400;\">A parte interna, por sua vez, tem o nome de fol\u00edculo pilo-seb\u00e1ceo. Nele, encontramos:<\/span><\/p>\n<ul>\n<li><span style=\"font-weight: 400;\"> \u00a0\u00a0\u00a0\u00a0\u00a0\u00a0\u00a0\u00a0papila d\u00e9rmica;<\/span><\/li>\n<li><span style=\"font-weight: 400;\"> \u00a0\u00a0\u00a0\u00a0\u00a0\u00a0\u00a0\u00a0bulbo capilar;<\/span><\/li>\n<li><span style=\"font-weight: 400;\"> \u00a0\u00a0\u00a0\u00a0\u00a0\u00a0\u00a0\u00a0gl\u00e2ndula seb\u00e1cea;<\/span><\/li>\n<li><span style=\"font-weight: 400;\"> \u00a0\u00a0\u00a0\u00a0\u00a0\u00a0\u00a0\u00a0m\u00fasculo eretor do pelo;<\/span><\/li>\n<li><span style=\"font-weight: 400;\"> \u00a0\u00a0\u00a0\u00a0\u00a0\u00a0\u00a0\u00a0vasos capilares.<\/span><\/li>\n<\/ul>\n<p><img loading=\"lazy\" decoding=\"async\" class=\"aligncenter wp-image-106 size-full\" src=\"https:\/\/www.vydence.com\/wp-content\/uploads\/2018\/07\/estrutura-capilar.png\" alt=\"Estrutura capilar\" width=\"556\" height=\"408\" \/><\/p>\n<p><span style=\"font-weight: 400;\">E se voc\u00ea estava se perguntando em qual camada da pele est\u00e1 inserido o bulbo capilar, j\u00e1 adiantamos a resposta: na derme, que \u00e9 a camada mais profunda, logo ap\u00f3s a epiderme (mais superficial).<\/span><\/p>\n<h2><span style=\"font-weight: 400;\">Qual \u00e9 a import\u00e2ncia dele para a sa\u00fade dos cabelos?<\/span><\/h2>\n<p><span style=\"font-weight: 400;\">Por meio dele, os fios de cabelo crescem e s\u00e3o empurrados por novos fios, completando o seu ciclo de vida. Seu papel \u00e9 muito relevante pois, sem os nutrientes necess\u00e1rios, os cabelos enfraquecem. <\/span><\/p>\n<p><span style=\"font-weight: 400;\">Inclusive, associado a outras quest\u00f5es (como o estado de sa\u00fade da pessoa), isso pode levar a um quadro de <\/span><b>cabelo caindo com bulbo capilar<\/b><span style=\"font-weight: 400;\">. E \u00e9 por isso que \u00e9 fundamental tamb\u00e9m identificar a quantas anda a sa\u00fade do seu cabelo.<\/span><\/p>\n<h2><span style=\"font-weight: 400;\">Como avaliar a sa\u00fade do bulbo capilar?<\/span><\/h2>\n<p><span style=\"font-weight: 400;\">Existem diferentes m\u00e9todos para isso. Abaixo, os principais, como:<\/span><\/p>\n<h3><span style=\"font-weight: 400;\">An\u00e1lise fio a fio<\/span><\/h3>\n<p><span style=\"font-weight: 400;\">Caso voc\u00ea esteja com uma queda acentuada de cabelos, a recomenda\u00e7\u00e3o b\u00e1sica \u00e9 que voc\u00ea procure um profissional qualificado. L\u00e1, ele vai fazer uma an\u00e1lise visual, primeiramente, composta pela avalia\u00e7\u00e3o de res\u00edduos no couro cabeludo e a oleosidade na raiz. Os fios tamb\u00e9m podem ser puxados, com o intuito de testar sua elasticidade e resist\u00eancia.<\/span><\/p>\n<h3><span style=\"font-weight: 400;\">Lente de aumento<\/span><\/h3>\n<p><span style=\"font-weight: 400;\">Outro exame que ajuda a identificar a sa\u00fade do bulbo capilar, no geral, \u00e9 feito com o aux\u00edlio de uma microc\u00e2mera que aumenta significativamente o enfoque na estrutura capilar.<\/span><\/p>\n<p><span style=\"font-weight: 400;\">Com isso, o especialista pode analisar estado do couro cabeludo, do poro de onde saem os fios de cabelos e at\u00e9 mesmo o grau de<\/span><a href=\"http:\/\/www.tratamentosalaser.com.br\/cabelo-branco-masculino\/\"> <span style=\"font-weight: 400;\">cabelos brancos<\/span><\/a><span style=\"font-weight: 400;\"> surgindo.<\/span><\/p>\n<h3><span style=\"font-weight: 400;\">Como cuidar da sa\u00fade do bulbo capilar?<\/span><\/h3>\n<p><span style=\"font-weight: 400;\">Fora das cl\u00ednicas dermatol\u00f3gicas, voc\u00ea pode manter o bulbo capilar muito bem servido por meio de uma alimenta\u00e7\u00e3o nutritiva. Isso inclui alimentos diversos, como:<\/span><\/p>\n<ul>\n<li><span style=\"font-weight: 400;\"> \u00a0\u00a0\u00a0\u00a0\u00a0\u00a0\u00a0\u00a0espinafre;<\/span><\/li>\n<li><span style=\"font-weight: 400;\"> \u00a0\u00a0\u00a0\u00a0\u00a0\u00a0\u00a0\u00a0salm\u00e3o;<\/span><\/li>\n<li><span style=\"font-weight: 400;\"> \u00a0\u00a0\u00a0\u00a0\u00a0\u00a0\u00a0\u00a0carnes magras;<\/span><\/li>\n<li><span style=\"font-weight: 400;\"> \u00a0\u00a0\u00a0\u00a0\u00a0\u00a0\u00a0\u00a0frutas ricas em vitamina C;<\/span><\/li>\n<li><span style=\"font-weight: 400;\"> \u00a0\u00a0\u00a0\u00a0\u00a0\u00a0\u00a0\u00a0acelga;<\/span><\/li>\n<li><span style=\"font-weight: 400;\"> \u00a0\u00a0\u00a0\u00a0\u00a0\u00a0\u00a0\u00a0couve;<\/span><\/li>\n<li><span style=\"font-weight: 400;\"> \u00a0\u00a0\u00a0\u00a0\u00a0\u00a0\u00a0\u00a0agri\u00e3o;<\/span><\/li>\n<li><span style=\"font-weight: 400;\"> \u00a0\u00a0\u00a0\u00a0\u00a0\u00a0\u00a0\u00a0ovos;<\/span><\/li>\n<li><span style=\"font-weight: 400;\"> \u00a0\u00a0\u00a0\u00a0\u00a0\u00a0\u00a0\u00a0batata-doce.<\/span><\/li>\n<\/ul>\n<p><span style=\"font-weight: 400;\">Vale adiantar que a queda de cabelos pode ser estimulada por diversos outros fatores, e n\u00e3o somente pelo estado do bulbo capilar. Para saber mais a respeito disso, confira outro artigo nosso, que explica<\/span><a href=\"http:\/\/www.tratamentosalaser.com.br\/cabelo-caindo-muito-o-que-fazer\/\"> <span style=\"font-weight: 400;\">como proceder com a queda de cabelos<\/span><\/a><span style=\"font-weight: 400;\">!<\/span><\/p>\n","protected":false},"excerpt":{"rendered":"<p>Voc\u00ea j\u00e1 parou para pensar como \u00e9 a estrutura do seu cabelo? O bulbo capilar, que podemos considerar a raiz do cabelo, est\u00e1 ligado a outras partes importantes que devemos conhecer para entender um pouco mais sobre a sa\u00fade do nosso couro cabeludo e fios de cabelo, inclusive nos epis\u00f3dios de queda acentuada dos fios. [&hellip;]<\/p>\n","protected":false},"author":1,"featured_media":107,"comment_status":"open","ping_status":"open","sticky":false,"template":"","format":"standard","meta":{"_et_pb_use_builder":"","_et_pb_old_content":"","_et_gb_content_width":"","inline_featured_image":false,"footnotes":""},"categories":[123,125],"tags":[121,154],"class_list":["post-19479","post","type-post","status-publish","format-standard","has-post-thumbnail","hentry","category-transplante-capilar","category-tricologia","tag-artas","tag-cabelo"],"yoast_head":"<!-- This site is optimized with the Yoast SEO Premium plugin v27.1 (Yoast SEO v27.4) - https:\/\/yoast.com\/product\/yoast-seo-premium-wordpress\/ -->\n<title>Bulbo capilar: entendendo a estrutura do seu cabelo - VYDENCE<\/title>\n<meta name=\"description\" content=\"J\u00e1 parou para pensar como \u00e9 a estrutura do seu cabelo? Entenda a fun\u00e7\u00e3o do bulbo capilar e de todos os elementos que integram seus fios e couro cabeludo!\" \/>\n<meta name=\"robots\" content=\"index, follow, max-snippet:-1, max-image-preview:large, max-video-preview:-1\" \/>\n<link rel=\"canonical\" href=\"https:\/\/www.vydence.com\/pt-br\/bulbo-capilar\/\" \/>\n<meta property=\"og:locale\" content=\"pt_BR\" \/>\n<meta property=\"og:type\" content=\"article\" \/>\n<meta property=\"og:title\" content=\"Bulbo capilar: entendendo a estrutura do seu cabelo\" \/>\n<meta property=\"og:description\" content=\"J\u00e1 parou para pensar como \u00e9 a estrutura do seu cabelo? Entenda a fun\u00e7\u00e3o do bulbo capilar e de todos os elementos que integram seus fios e couro cabeludo!\" \/>\n<meta property=\"og:url\" content=\"https:\/\/www.vydence.com\/pt-br\/bulbo-capilar\/\" \/>\n<meta property=\"og:site_name\" content=\"VYDENCE\" \/>\n<meta property=\"article:publisher\" content=\"https:\/\/www.facebook.com\/VYDENCE\" \/>\n<meta property=\"article:published_time\" content=\"2018-06-19T11:00:49+00:00\" \/>\n<meta property=\"og:image\" content=\"https:\/\/www.vydence.com\/wp-content\/uploads\/2018\/07\/bulbo-capilar.png\" \/>\n\t<meta property=\"og:image:width\" content=\"1000\" \/>\n\t<meta property=\"og:image:height\" content=\"667\" \/>\n\t<meta property=\"og:image:type\" content=\"image\/png\" \/>\n<meta name=\"author\" content=\"admin\" \/>\n<meta name=\"twitter:card\" content=\"summary_large_image\" \/>\n<meta name=\"twitter:label1\" content=\"Escrito por\" \/>\n\t<meta name=\"twitter:data1\" content=\"admin\" \/>\n\t<meta name=\"twitter:label2\" content=\"Est. tempo de leitura\" \/>\n\t<meta name=\"twitter:data2\" content=\"3 minutos\" \/>\n<script type=\"application\/ld+json\" class=\"yoast-schema-graph\">{\"@context\":\"https:\\\/\\\/schema.org\",\"@graph\":[{\"@type\":\"Article\",\"@id\":\"https:\\\/\\\/www.vydence.com\\\/pt-br\\\/bulbo-capilar\\\/#article\",\"isPartOf\":{\"@id\":\"https:\\\/\\\/www.vydence.com\\\/pt-br\\\/bulbo-capilar\\\/\"},\"author\":{\"name\":\"admin\",\"@id\":\"https:\\\/\\\/www.vydence.com\\\/pt-br\\\/#\\\/schema\\\/person\\\/d07e11658f9624d2d5344c62489f5fed\"},\"headline\":\"Bulbo capilar: entendendo a estrutura do seu cabelo\",\"datePublished\":\"2018-06-19T11:00:49+00:00\",\"mainEntityOfPage\":{\"@id\":\"https:\\\/\\\/www.vydence.com\\\/pt-br\\\/bulbo-capilar\\\/\"},\"wordCount\":650,\"commentCount\":0,\"publisher\":{\"@id\":\"https:\\\/\\\/www.vydence.com\\\/pt-br\\\/#organization\"},\"image\":{\"@id\":\"https:\\\/\\\/www.vydence.com\\\/pt-br\\\/bulbo-capilar\\\/#primaryimage\"},\"thumbnailUrl\":\"https:\\\/\\\/www.vydence.com\\\/wp-content\\\/uploads\\\/2018\\\/07\\\/bulbo-capilar.png\",\"keywords\":[\"artas\",\"cabelo\"],\"articleSection\":[\"Transplante capilar\",\"Tricologia\"],\"inLanguage\":\"pt-BR\",\"potentialAction\":[{\"@type\":\"CommentAction\",\"name\":\"Comment\",\"target\":[\"https:\\\/\\\/www.vydence.com\\\/pt-br\\\/bulbo-capilar\\\/#respond\"]}]},{\"@type\":\"WebPage\",\"@id\":\"https:\\\/\\\/www.vydence.com\\\/pt-br\\\/bulbo-capilar\\\/\",\"url\":\"https:\\\/\\\/www.vydence.com\\\/pt-br\\\/bulbo-capilar\\\/\",\"name\":\"Bulbo capilar: entendendo a estrutura do seu cabelo - VYDENCE\",\"isPartOf\":{\"@id\":\"https:\\\/\\\/www.vydence.com\\\/pt-br\\\/#website\"},\"primaryImageOfPage\":{\"@id\":\"https:\\\/\\\/www.vydence.com\\\/pt-br\\\/bulbo-capilar\\\/#primaryimage\"},\"image\":{\"@id\":\"https:\\\/\\\/www.vydence.com\\\/pt-br\\\/bulbo-capilar\\\/#primaryimage\"},\"thumbnailUrl\":\"https:\\\/\\\/www.vydence.com\\\/wp-content\\\/uploads\\\/2018\\\/07\\\/bulbo-capilar.png\",\"datePublished\":\"2018-06-19T11:00:49+00:00\",\"description\":\"J\u00e1 parou para pensar como \u00e9 a estrutura do seu cabelo? Entenda a fun\u00e7\u00e3o do bulbo capilar e de todos os elementos que integram seus fios e couro cabeludo!\",\"breadcrumb\":{\"@id\":\"https:\\\/\\\/www.vydence.com\\\/pt-br\\\/bulbo-capilar\\\/#breadcrumb\"},\"inLanguage\":\"pt-BR\",\"potentialAction\":[{\"@type\":\"ReadAction\",\"target\":[\"https:\\\/\\\/www.vydence.com\\\/pt-br\\\/bulbo-capilar\\\/\"]}]},{\"@type\":\"ImageObject\",\"inLanguage\":\"pt-BR\",\"@id\":\"https:\\\/\\\/www.vydence.com\\\/pt-br\\\/bulbo-capilar\\\/#primaryimage\",\"url\":\"https:\\\/\\\/www.vydence.com\\\/wp-content\\\/uploads\\\/2018\\\/07\\\/bulbo-capilar.png\",\"contentUrl\":\"https:\\\/\\\/www.vydence.com\\\/wp-content\\\/uploads\\\/2018\\\/07\\\/bulbo-capilar.png\",\"width\":1000,\"height\":667,\"caption\":\"Bulbo Capilar\"},{\"@type\":\"BreadcrumbList\",\"@id\":\"https:\\\/\\\/www.vydence.com\\\/pt-br\\\/bulbo-capilar\\\/#breadcrumb\",\"itemListElement\":[{\"@type\":\"ListItem\",\"position\":1,\"name\":\"In\u00edcio\",\"item\":\"https:\\\/\\\/www.vydence.com\\\/pt-br\\\/\"},{\"@type\":\"ListItem\",\"position\":2,\"name\":\"Bulbo capilar: entendendo a estrutura do seu cabelo\"}]},{\"@type\":\"WebSite\",\"@id\":\"https:\\\/\\\/www.vydence.com\\\/pt-br\\\/#website\",\"url\":\"https:\\\/\\\/www.vydence.com\\\/pt-br\\\/\",\"name\":\"VYDENCE\",\"description\":\"\",\"publisher\":{\"@id\":\"https:\\\/\\\/www.vydence.com\\\/pt-br\\\/#organization\"},\"potentialAction\":[{\"@type\":\"SearchAction\",\"target\":{\"@type\":\"EntryPoint\",\"urlTemplate\":\"https:\\\/\\\/www.vydence.com\\\/pt-br\\\/?s={search_term_string}\"},\"query-input\":{\"@type\":\"PropertyValueSpecification\",\"valueRequired\":true,\"valueName\":\"search_term_string\"}}],\"inLanguage\":\"pt-BR\"},{\"@type\":\"Organization\",\"@id\":\"https:\\\/\\\/www.vydence.com\\\/pt-br\\\/#organization\",\"name\":\"VYDENCE\",\"url\":\"https:\\\/\\\/www.vydence.com\\\/pt-br\\\/\",\"logo\":{\"@type\":\"ImageObject\",\"inLanguage\":\"pt-BR\",\"@id\":\"https:\\\/\\\/www.vydence.com\\\/pt-br\\\/#\\\/schema\\\/logo\\\/image\\\/\",\"url\":\"https:\\\/\\\/www.vydence.com\\\/wp-content\\\/uploads\\\/2024\\\/11\\\/Logo.svg\",\"contentUrl\":\"https:\\\/\\\/www.vydence.com\\\/wp-content\\\/uploads\\\/2024\\\/11\\\/Logo.svg\",\"width\":149,\"height\":40,\"caption\":\"VYDENCE\"},\"image\":{\"@id\":\"https:\\\/\\\/www.vydence.com\\\/pt-br\\\/#\\\/schema\\\/logo\\\/image\\\/\"},\"sameAs\":[\"https:\\\/\\\/www.facebook.com\\\/VYDENCE\"]},{\"@type\":\"Person\",\"@id\":\"https:\\\/\\\/www.vydence.com\\\/pt-br\\\/#\\\/schema\\\/person\\\/d07e11658f9624d2d5344c62489f5fed\",\"name\":\"admin\",\"image\":{\"@type\":\"ImageObject\",\"inLanguage\":\"pt-BR\",\"@id\":\"https:\\\/\\\/secure.gravatar.com\\\/avatar\\\/1625555f260264654c853a64f2eddfbd5d054ef40597af8b97dc8461ef04e355?s=96&d=mm&r=g\",\"url\":\"https:\\\/\\\/secure.gravatar.com\\\/avatar\\\/1625555f260264654c853a64f2eddfbd5d054ef40597af8b97dc8461ef04e355?s=96&d=mm&r=g\",\"contentUrl\":\"https:\\\/\\\/secure.gravatar.com\\\/avatar\\\/1625555f260264654c853a64f2eddfbd5d054ef40597af8b97dc8461ef04e355?s=96&d=mm&r=g\",\"caption\":\"admin\"},\"sameAs\":[\"https:\\\/\\\/www.vydence.com\"],\"url\":\"https:\\\/\\\/www.vydence.com\\\/pt-br\\\/author\\\/ericknc\\\/\"}]}<\/script>\n<!-- \/ Yoast SEO Premium plugin. -->","yoast_head_json":{"title":"Bulbo capilar: entendendo a estrutura do seu cabelo - VYDENCE","description":"J\u00e1 parou para pensar como \u00e9 a estrutura do seu cabelo? Entenda a fun\u00e7\u00e3o do bulbo capilar e de todos os elementos que integram seus fios e couro cabeludo!","robots":{"index":"index","follow":"follow","max-snippet":"max-snippet:-1","max-image-preview":"max-image-preview:large","max-video-preview":"max-video-preview:-1"},"canonical":"https:\/\/www.vydence.com\/pt-br\/bulbo-capilar\/","og_locale":"pt_BR","og_type":"article","og_title":"Bulbo capilar: entendendo a estrutura do seu cabelo","og_description":"J\u00e1 parou para pensar como \u00e9 a estrutura do seu cabelo? Entenda a fun\u00e7\u00e3o do bulbo capilar e de todos os elementos que integram seus fios e couro cabeludo!","og_url":"https:\/\/www.vydence.com\/pt-br\/bulbo-capilar\/","og_site_name":"VYDENCE","article_publisher":"https:\/\/www.facebook.com\/VYDENCE","article_published_time":"2018-06-19T11:00:49+00:00","og_image":[{"width":1000,"height":667,"url":"https:\/\/www.vydence.com\/wp-content\/uploads\/2018\/07\/bulbo-capilar.png","type":"image\/png"}],"author":"admin","twitter_card":"summary_large_image","twitter_misc":{"Escrito por":"admin","Est. tempo de leitura":"3 minutos"},"schema":{"@context":"https:\/\/schema.org","@graph":[{"@type":"Article","@id":"https:\/\/www.vydence.com\/pt-br\/bulbo-capilar\/#article","isPartOf":{"@id":"https:\/\/www.vydence.com\/pt-br\/bulbo-capilar\/"},"author":{"name":"admin","@id":"https:\/\/www.vydence.com\/pt-br\/#\/schema\/person\/d07e11658f9624d2d5344c62489f5fed"},"headline":"Bulbo capilar: entendendo a estrutura do seu cabelo","datePublished":"2018-06-19T11:00:49+00:00","mainEntityOfPage":{"@id":"https:\/\/www.vydence.com\/pt-br\/bulbo-capilar\/"},"wordCount":650,"commentCount":0,"publisher":{"@id":"https:\/\/www.vydence.com\/pt-br\/#organization"},"image":{"@id":"https:\/\/www.vydence.com\/pt-br\/bulbo-capilar\/#primaryimage"},"thumbnailUrl":"https:\/\/www.vydence.com\/wp-content\/uploads\/2018\/07\/bulbo-capilar.png","keywords":["artas","cabelo"],"articleSection":["Transplante capilar","Tricologia"],"inLanguage":"pt-BR","potentialAction":[{"@type":"CommentAction","name":"Comment","target":["https:\/\/www.vydence.com\/pt-br\/bulbo-capilar\/#respond"]}]},{"@type":"WebPage","@id":"https:\/\/www.vydence.com\/pt-br\/bulbo-capilar\/","url":"https:\/\/www.vydence.com\/pt-br\/bulbo-capilar\/","name":"Bulbo capilar: entendendo a estrutura do seu cabelo - VYDENCE","isPartOf":{"@id":"https:\/\/www.vydence.com\/pt-br\/#website"},"primaryImageOfPage":{"@id":"https:\/\/www.vydence.com\/pt-br\/bulbo-capilar\/#primaryimage"},"image":{"@id":"https:\/\/www.vydence.com\/pt-br\/bulbo-capilar\/#primaryimage"},"thumbnailUrl":"https:\/\/www.vydence.com\/wp-content\/uploads\/2018\/07\/bulbo-capilar.png","datePublished":"2018-06-19T11:00:49+00:00","description":"J\u00e1 parou para pensar como \u00e9 a estrutura do seu cabelo? Entenda a fun\u00e7\u00e3o do bulbo capilar e de todos os elementos que integram seus fios e couro cabeludo!","breadcrumb":{"@id":"https:\/\/www.vydence.com\/pt-br\/bulbo-capilar\/#breadcrumb"},"inLanguage":"pt-BR","potentialAction":[{"@type":"ReadAction","target":["https:\/\/www.vydence.com\/pt-br\/bulbo-capilar\/"]}]},{"@type":"ImageObject","inLanguage":"pt-BR","@id":"https:\/\/www.vydence.com\/pt-br\/bulbo-capilar\/#primaryimage","url":"https:\/\/www.vydence.com\/wp-content\/uploads\/2018\/07\/bulbo-capilar.png","contentUrl":"https:\/\/www.vydence.com\/wp-content\/uploads\/2018\/07\/bulbo-capilar.png","width":1000,"height":667,"caption":"Bulbo Capilar"},{"@type":"BreadcrumbList","@id":"https:\/\/www.vydence.com\/pt-br\/bulbo-capilar\/#breadcrumb","itemListElement":[{"@type":"ListItem","position":1,"name":"In\u00edcio","item":"https:\/\/www.vydence.com\/pt-br\/"},{"@type":"ListItem","position":2,"name":"Bulbo capilar: entendendo a estrutura do seu cabelo"}]},{"@type":"WebSite","@id":"https:\/\/www.vydence.com\/pt-br\/#website","url":"https:\/\/www.vydence.com\/pt-br\/","name":"VYDENCE","description":"","publisher":{"@id":"https:\/\/www.vydence.com\/pt-br\/#organization"},"potentialAction":[{"@type":"SearchAction","target":{"@type":"EntryPoint","urlTemplate":"https:\/\/www.vydence.com\/pt-br\/?s={search_term_string}"},"query-input":{"@type":"PropertyValueSpecification","valueRequired":true,"valueName":"search_term_string"}}],"inLanguage":"pt-BR"},{"@type":"Organization","@id":"https:\/\/www.vydence.com\/pt-br\/#organization","name":"VYDENCE","url":"https:\/\/www.vydence.com\/pt-br\/","logo":{"@type":"ImageObject","inLanguage":"pt-BR","@id":"https:\/\/www.vydence.com\/pt-br\/#\/schema\/logo\/image\/","url":"https:\/\/www.vydence.com\/wp-content\/uploads\/2024\/11\/Logo.svg","contentUrl":"https:\/\/www.vydence.com\/wp-content\/uploads\/2024\/11\/Logo.svg","width":149,"height":40,"caption":"VYDENCE"},"image":{"@id":"https:\/\/www.vydence.com\/pt-br\/#\/schema\/logo\/image\/"},"sameAs":["https:\/\/www.facebook.com\/VYDENCE"]},{"@type":"Person","@id":"https:\/\/www.vydence.com\/pt-br\/#\/schema\/person\/d07e11658f9624d2d5344c62489f5fed","name":"admin","image":{"@type":"ImageObject","inLanguage":"pt-BR","@id":"https:\/\/secure.gravatar.com\/avatar\/1625555f260264654c853a64f2eddfbd5d054ef40597af8b97dc8461ef04e355?s=96&d=mm&r=g","url":"https:\/\/secure.gravatar.com\/avatar\/1625555f260264654c853a64f2eddfbd5d054ef40597af8b97dc8461ef04e355?s=96&d=mm&r=g","contentUrl":"https:\/\/secure.gravatar.com\/avatar\/1625555f260264654c853a64f2eddfbd5d054ef40597af8b97dc8461ef04e355?s=96&d=mm&r=g","caption":"admin"},"sameAs":["https:\/\/www.vydence.com"],"url":"https:\/\/www.vydence.com\/pt-br\/author\/ericknc\/"}]}},"_links":{"self":[{"href":"https:\/\/www.vydence.com\/pt-br\/wp-json\/wp\/v2\/posts\/19479","targetHints":{"allow":["GET"]}}],"collection":[{"href":"https:\/\/www.vydence.com\/pt-br\/wp-json\/wp\/v2\/posts"}],"about":[{"href":"https:\/\/www.vydence.com\/pt-br\/wp-json\/wp\/v2\/types\/post"}],"author":[{"embeddable":true,"href":"https:\/\/www.vydence.com\/pt-br\/wp-json\/wp\/v2\/users\/1"}],"replies":[{"embeddable":true,"href":"https:\/\/www.vydence.com\/pt-br\/wp-json\/wp\/v2\/comments?post=19479"}],"version-history":[{"count":0,"href":"https:\/\/www.vydence.com\/pt-br\/wp-json\/wp\/v2\/posts\/19479\/revisions"}],"wp:featuredmedia":[{"embeddable":true,"href":"https:\/\/www.vydence.com\/pt-br\/wp-json\/wp\/v2\/media\/107"}],"wp:attachment":[{"href":"https:\/\/www.vydence.com\/pt-br\/wp-json\/wp\/v2\/media?parent=19479"}],"wp:term":[{"taxonomy":"category","embeddable":true,"href":"https:\/\/www.vydence.com\/pt-br\/wp-json\/wp\/v2\/categories?post=19479"},{"taxonomy":"post_tag","embeddable":true,"href":"https:\/\/www.vydence.com\/pt-br\/wp-json\/wp\/v2\/tags?post=19479"}],"curies":[{"name":"wp","href":"https:\/\/api.w.org\/{rel}","templated":true}]}}