{"id":19475,"date":"2018-06-05T16:15:32","date_gmt":"2018-06-05T16:15:32","guid":{"rendered":"http:\/\/www.artasbr.com.br\/?p=94"},"modified":"2018-06-05T16:15:32","modified_gmt":"2018-06-05T16:15:32","slug":"queda-de-cabelo-o-que-pode-ser","status":"publish","type":"post","link":"https:\/\/www.vydence.com\/pt-br\/queda-de-cabelo-o-que-pode-ser\/","title":{"rendered":"Queda de cabelo, o que pode ser?"},"content":{"rendered":"<p><span style=\"font-weight: 400;\">Quando muitos<\/span><a href=\"http:\/\/www.tratamentosalaser.com.br\/quantos-fios-de-cabelo-caem-por-dia\/\"> <span style=\"font-weight: 400;\">fios de cabelo caem por dia<\/span><\/a><span style=\"font-weight: 400;\">, logo entramos em uma espiral de d\u00favidas a respeito de suas causas \u2014 e, \u00e9 claro, consequ\u00eancias dessa <\/span><b>queda de cabelo<\/b><span style=\"font-weight: 400;\"> que pode se estender progressivamente e levar a casos moderados e graves de calv\u00edcie.<\/span><\/p>\n<p><span style=\"font-weight: 400;\">O que muitas pessoas n\u00e3o sabem \u00e9 que, al\u00e9m da hereditariedade e outros motivos cotidianos, a queda de cabelo pode estar diretamente relacionada ao nosso estado de sa\u00fade.<\/span><\/p>\n<p><span style=\"font-weight: 400;\">Por isso, neste post vamos identificar alguns casos cl\u00ednicos que podem estar ligados \u00e0 queda de cabelo. Algo que pode ser providencial para melhorar a sua qualidade de vida e reverter esse quadro progressivo. Confira!<\/span><\/p>\n<h2><span style=\"font-weight: 400;\">Anemia \u00a0<\/span><\/h2>\n<p><span style=\"font-weight: 400;\">Casos em que a pessoa sofre de anemia se traduzem em uma defici\u00eancia de ferro no organismo. Como resultado, as unhas e cabelos enfraquecem, al\u00e9m da cont\u00ednua sensa\u00e7\u00e3o de cansa\u00e7o e fraqueza.<\/span><\/p>\n<p><span style=\"font-weight: 400;\">Assim, embora os<\/span><a href=\"http:\/\/www.tratamentosalaser.com.br\/quanto-tempo-demora-para-o-cabelo-crescer\/\"> <span style=\"font-weight: 400;\">fios de cabelo tenham um tempo espec\u00edfico de crescimento<\/span><\/a><span style=\"font-weight: 400;\">, a anemia pode fazer com que os fios caiam progressivamente. Para evitar isso, \u00e9 importante ter uma consulta com um nutr\u00f3logo e identificar quais vitaminas e suplementos podem fazer parte de sua rotina para fortalecer o organismo.<\/span><\/p>\n<h2><span style=\"font-weight: 400;\">Menopausa<\/span><\/h2>\n<p><span style=\"font-weight: 400;\">As mulheres que passam pela menopausa tamb\u00e9m podem enfrentar problemas com a queda de cabelo, impactada pela redu\u00e7\u00e3o de horm\u00f4nios capazes de fortificar os fios.<\/span><\/p>\n<p><span style=\"font-weight: 400;\">O tratamento, nesses casos, consiste na ingest\u00e3o de vitaminas, e n\u00e3o na reposi\u00e7\u00e3o hormonal, que \u00e9 um assunto que deve ser minuciosamente estudado antes de ser implementado.<\/span><\/p>\n<h2><span style=\"font-weight: 400;\">Estresse ou traumas \u00a0<\/span><\/h2>\n<p><span style=\"font-weight: 400;\">Situa\u00e7\u00f5es de extremo estresse ou que causem traumas tamb\u00e9m s\u00e3o reconhecidamente causas para a queda de cabelo. Acontece que o impacto n\u00e3o \u00e9 imediato, mas sim cerca de 3 meses depois, o que faz com que as pessoas n\u00e3o relacionem o problema \u00e0 queda de cabelo.<\/span><\/p>\n<p><span style=\"font-weight: 400;\">Em geral, o problema se resolve sozinho, com exce\u00e7\u00e3o \u00e0s situa\u00e7\u00f5es estressantes e traumas que permanecem constantes na vida da pessoa.<\/span><\/p>\n<h2><span style=\"font-weight: 400;\">Inflama\u00e7\u00e3o do couro cabeludo <\/span><\/h2>\n<p><span style=\"font-weight: 400;\">Inflama\u00e7\u00f5es tamb\u00e9m podem estimular a queda de cabelo excessiva, por exemplo:<\/span><\/p>\n<ul>\n<li style=\"font-weight: 400;\"><span style=\"font-weight: 400;\">seborr\u00e9ia;<\/span><\/li>\n<li style=\"font-weight: 400;\"><span style=\"font-weight: 400;\">queimaduras de sol.<\/span><\/li>\n<\/ul>\n<p><span style=\"font-weight: 400;\">Para a primeira, produtos espec\u00edficos para o controle da caspa s\u00e3o recomendados, enquanto a preven\u00e7\u00e3o contra as queimaduras de sol segue sendo a melhor alternativa.<\/span><\/p>\n<h2><span style=\"font-weight: 400;\">L\u00fapus Eritematoso Sist\u00eamico<\/span><\/h2>\n<p><span style=\"font-weight: 400;\">As doen\u00e7as autoimunes fazem com que os nossos anticorpos ataquem o pr\u00f3prio corpo, e isso pode desencadear rea\u00e7\u00f5es inflamat\u00f3rias que, eventualmente, podem culminar na queda de cabelo. E o l\u00fapus \u00e9 uma delas, sendo importante manter o acompanhamento para fazer com que voc\u00ea consiga a<\/span><a href=\"http:\/\/www.tratamentosalaser.com.br\/cura-da-calvicie\/\"> <span style=\"font-weight: 400;\">cura da calv\u00edcie<\/span><\/a><span style=\"font-weight: 400;\"> nesse caso.<\/span><\/p>\n<h2><span style=\"font-weight: 400;\">Doen\u00e7a da tireoide<\/span><\/h2>\n<p><span style=\"font-weight: 400;\">Os dist\u00farbios hormonais tamb\u00e9m causam a queda de cabelo. Neste caso, as complica\u00e7\u00f5es da doen\u00e7a \u00a0interferem na produ\u00e7\u00e3o de horm\u00f4nios que, normalmente, ajudam no crescimento e fortalecimento dos cabelos.<\/span><\/p>\n<h2><span style=\"font-weight: 400;\">Doen\u00e7as infecciosas<\/span><\/h2>\n<p><span style=\"font-weight: 400;\">Infec\u00e7\u00f5es graves que gerem rea\u00e7\u00f5es inflamat\u00f3rias podem causar a queda de cabelo. A\u00ed, \u00e9 importante certificar-se do problema para que ele seja solucionado prontamente. Em geral, o problema com os fios \u00e9 uma consequ\u00eancia da infec\u00e7\u00e3o e \u00e9 resolvido quando ela tamb\u00e9m \u00e9 solucionada no paciente.<\/span><\/p>\n<h2><span style=\"font-weight: 400;\">Doen\u00e7a cel\u00edaca<\/span><\/h2>\n<p><span style=\"font-weight: 400;\">Por fim, a doen\u00e7a cel\u00edaca \u2014 mais uma condi\u00e7\u00e3o autoimune \u2014 tamb\u00e9m pode se converter em um quadro cl\u00ednico de queda de cabelo. Essa inflama\u00e7\u00e3o da parede intestinal causa uma defici\u00eancia nutricional porque o organismo n\u00e3o absorve direito os nutrientes, causando enfoques diferentes de problemas, como a queda de cabelo.<\/span><\/p>\n<p><span style=\"font-weight: 400;\">Para tanto, a ingest\u00e3o de vitaminas \u00e9 recomendada para reduzir o impacto e, assim, fortalecer o organismo.<\/span><\/p>\n<p><span style=\"font-weight: 400;\">Quer saber um pouco mais sobre as causas da queda de cabelo. Ent\u00e3o, leia tamb\u00e9m outro<\/span><a href=\"http:\/\/www.tratamentosalaser.com.br\/queda-de-cabelo-causas-mais-comuns\/\"> <span style=\"font-weight: 400;\">artigo nosso a respeito do assunto com as causas mais comuns<\/span><\/a><span style=\"font-weight: 400;\">!<\/span><\/p>\n","protected":false},"excerpt":{"rendered":"<p>Quando muitos fios de cabelo caem por dia, logo entramos em uma espiral de d\u00favidas a respeito de suas causas \u2014 e, \u00e9 claro, consequ\u00eancias dessa queda de cabelo que pode se estender progressivamente e levar a casos moderados e graves de calv\u00edcie. O que muitas pessoas n\u00e3o sabem \u00e9 que, al\u00e9m da hereditariedade e [&hellip;]<\/p>\n","protected":false},"author":1,"featured_media":19258,"comment_status":"open","ping_status":"open","sticky":false,"template":"","format":"standard","meta":{"_et_pb_use_builder":"","_et_pb_old_content":"","_et_gb_content_width":"","inline_featured_image":false,"footnotes":""},"categories":[123,125],"tags":[121,122,139],"class_list":["post-19475","post","type-post","status-publish","format-standard","has-post-thumbnail","hentry","category-transplante-capilar","category-tricologia","tag-artas","tag-calvicie","tag-queda-de-cabelo"],"yoast_head":"<!-- This site is optimized with the Yoast SEO Premium plugin v27.1 (Yoast SEO v27.4) - https:\/\/yoast.com\/product\/yoast-seo-premium-wordpress\/ -->\n<title>Queda de cabelo, o que pode ser? - VYDENCE<\/title>\n<meta name=\"description\" content=\"Est\u00e1 com queda de cabelo e quer saber o que pode ser? Confira as principais causas, entre doen\u00e7as, inflama\u00e7\u00f5es e desequil\u00edbrio e entenda como elas influenciam a queda\" \/>\n<meta name=\"robots\" content=\"index, follow, max-snippet:-1, max-image-preview:large, max-video-preview:-1\" \/>\n<link rel=\"canonical\" href=\"https:\/\/www.vydence.com\/pt-br\/queda-de-cabelo-o-que-pode-ser\/\" \/>\n<meta property=\"og:locale\" content=\"pt_BR\" \/>\n<meta property=\"og:type\" content=\"article\" \/>\n<meta property=\"og:title\" content=\"Queda de cabelo, o que pode ser?\" \/>\n<meta property=\"og:description\" content=\"Est\u00e1 com queda de cabelo e quer saber o que pode ser? Confira as principais causas, entre doen\u00e7as, inflama\u00e7\u00f5es e desequil\u00edbrio e entenda como elas influenciam a queda\" \/>\n<meta property=\"og:url\" content=\"https:\/\/www.vydence.com\/pt-br\/queda-de-cabelo-o-que-pode-ser\/\" \/>\n<meta property=\"og:site_name\" content=\"VYDENCE\" \/>\n<meta property=\"article:publisher\" content=\"https:\/\/www.facebook.com\/VYDENCE\" \/>\n<meta property=\"article:published_time\" content=\"2018-06-05T16:15:32+00:00\" \/>\n<meta property=\"og:image\" content=\"https:\/\/www.vydence.com\/wp-content\/uploads\/2018\/06\/queda-de-cabelo-o-que-pode-ser-1.png\" \/>\n\t<meta property=\"og:image:width\" content=\"1000\" \/>\n\t<meta property=\"og:image:height\" content=\"667\" \/>\n\t<meta property=\"og:image:type\" content=\"image\/png\" \/>\n<meta name=\"author\" content=\"admin\" \/>\n<meta name=\"twitter:card\" content=\"summary_large_image\" \/>\n<meta name=\"twitter:label1\" content=\"Escrito por\" \/>\n\t<meta name=\"twitter:data1\" content=\"admin\" \/>\n\t<meta name=\"twitter:label2\" content=\"Est. tempo de leitura\" \/>\n\t<meta name=\"twitter:data2\" content=\"3 minutos\" \/>\n<script type=\"application\/ld+json\" class=\"yoast-schema-graph\">{\"@context\":\"https:\\\/\\\/schema.org\",\"@graph\":[{\"@type\":\"Article\",\"@id\":\"https:\\\/\\\/www.vydence.com\\\/pt-br\\\/queda-de-cabelo-o-que-pode-ser\\\/#article\",\"isPartOf\":{\"@id\":\"https:\\\/\\\/www.vydence.com\\\/pt-br\\\/queda-de-cabelo-o-que-pode-ser\\\/\"},\"author\":{\"name\":\"admin\",\"@id\":\"https:\\\/\\\/www.vydence.com\\\/pt-br\\\/#\\\/schema\\\/person\\\/d07e11658f9624d2d5344c62489f5fed\"},\"headline\":\"Queda de cabelo, o que pode ser?\",\"datePublished\":\"2018-06-05T16:15:32+00:00\",\"mainEntityOfPage\":{\"@id\":\"https:\\\/\\\/www.vydence.com\\\/pt-br\\\/queda-de-cabelo-o-que-pode-ser\\\/\"},\"wordCount\":643,\"commentCount\":0,\"publisher\":{\"@id\":\"https:\\\/\\\/www.vydence.com\\\/pt-br\\\/#organization\"},\"image\":{\"@id\":\"https:\\\/\\\/www.vydence.com\\\/pt-br\\\/queda-de-cabelo-o-que-pode-ser\\\/#primaryimage\"},\"thumbnailUrl\":\"https:\\\/\\\/www.vydence.com\\\/wp-content\\\/uploads\\\/2018\\\/06\\\/queda-de-cabelo-o-que-pode-ser-1.png\",\"keywords\":[\"artas\",\"calv\u00edcie\",\"queda de cabelo\"],\"articleSection\":[\"Transplante capilar\",\"Tricologia\"],\"inLanguage\":\"pt-BR\",\"potentialAction\":[{\"@type\":\"CommentAction\",\"name\":\"Comment\",\"target\":[\"https:\\\/\\\/www.vydence.com\\\/pt-br\\\/queda-de-cabelo-o-que-pode-ser\\\/#respond\"]}]},{\"@type\":\"WebPage\",\"@id\":\"https:\\\/\\\/www.vydence.com\\\/pt-br\\\/queda-de-cabelo-o-que-pode-ser\\\/\",\"url\":\"https:\\\/\\\/www.vydence.com\\\/pt-br\\\/queda-de-cabelo-o-que-pode-ser\\\/\",\"name\":\"Queda de cabelo, o que pode ser? - VYDENCE\",\"isPartOf\":{\"@id\":\"https:\\\/\\\/www.vydence.com\\\/pt-br\\\/#website\"},\"primaryImageOfPage\":{\"@id\":\"https:\\\/\\\/www.vydence.com\\\/pt-br\\\/queda-de-cabelo-o-que-pode-ser\\\/#primaryimage\"},\"image\":{\"@id\":\"https:\\\/\\\/www.vydence.com\\\/pt-br\\\/queda-de-cabelo-o-que-pode-ser\\\/#primaryimage\"},\"thumbnailUrl\":\"https:\\\/\\\/www.vydence.com\\\/wp-content\\\/uploads\\\/2018\\\/06\\\/queda-de-cabelo-o-que-pode-ser-1.png\",\"datePublished\":\"2018-06-05T16:15:32+00:00\",\"description\":\"Est\u00e1 com queda de cabelo e quer saber o que pode ser? Confira as principais causas, entre doen\u00e7as, inflama\u00e7\u00f5es e desequil\u00edbrio e entenda como elas influenciam a queda\",\"breadcrumb\":{\"@id\":\"https:\\\/\\\/www.vydence.com\\\/pt-br\\\/queda-de-cabelo-o-que-pode-ser\\\/#breadcrumb\"},\"inLanguage\":\"pt-BR\",\"potentialAction\":[{\"@type\":\"ReadAction\",\"target\":[\"https:\\\/\\\/www.vydence.com\\\/pt-br\\\/queda-de-cabelo-o-que-pode-ser\\\/\"]}]},{\"@type\":\"ImageObject\",\"inLanguage\":\"pt-BR\",\"@id\":\"https:\\\/\\\/www.vydence.com\\\/pt-br\\\/queda-de-cabelo-o-que-pode-ser\\\/#primaryimage\",\"url\":\"https:\\\/\\\/www.vydence.com\\\/wp-content\\\/uploads\\\/2018\\\/06\\\/queda-de-cabelo-o-que-pode-ser-1.png\",\"contentUrl\":\"https:\\\/\\\/www.vydence.com\\\/wp-content\\\/uploads\\\/2018\\\/06\\\/queda-de-cabelo-o-que-pode-ser-1.png\",\"width\":1000,\"height\":667,\"caption\":\"Queda de cabelo o que pode ser\"},{\"@type\":\"BreadcrumbList\",\"@id\":\"https:\\\/\\\/www.vydence.com\\\/pt-br\\\/queda-de-cabelo-o-que-pode-ser\\\/#breadcrumb\",\"itemListElement\":[{\"@type\":\"ListItem\",\"position\":1,\"name\":\"In\u00edcio\",\"item\":\"https:\\\/\\\/www.vydence.com\\\/pt-br\\\/\"},{\"@type\":\"ListItem\",\"position\":2,\"name\":\"Queda de cabelo, o que pode ser?\"}]},{\"@type\":\"WebSite\",\"@id\":\"https:\\\/\\\/www.vydence.com\\\/pt-br\\\/#website\",\"url\":\"https:\\\/\\\/www.vydence.com\\\/pt-br\\\/\",\"name\":\"VYDENCE\",\"description\":\"\",\"publisher\":{\"@id\":\"https:\\\/\\\/www.vydence.com\\\/pt-br\\\/#organization\"},\"potentialAction\":[{\"@type\":\"SearchAction\",\"target\":{\"@type\":\"EntryPoint\",\"urlTemplate\":\"https:\\\/\\\/www.vydence.com\\\/pt-br\\\/?s={search_term_string}\"},\"query-input\":{\"@type\":\"PropertyValueSpecification\",\"valueRequired\":true,\"valueName\":\"search_term_string\"}}],\"inLanguage\":\"pt-BR\"},{\"@type\":\"Organization\",\"@id\":\"https:\\\/\\\/www.vydence.com\\\/pt-br\\\/#organization\",\"name\":\"VYDENCE\",\"url\":\"https:\\\/\\\/www.vydence.com\\\/pt-br\\\/\",\"logo\":{\"@type\":\"ImageObject\",\"inLanguage\":\"pt-BR\",\"@id\":\"https:\\\/\\\/www.vydence.com\\\/pt-br\\\/#\\\/schema\\\/logo\\\/image\\\/\",\"url\":\"https:\\\/\\\/www.vydence.com\\\/wp-content\\\/uploads\\\/2024\\\/11\\\/Logo.svg\",\"contentUrl\":\"https:\\\/\\\/www.vydence.com\\\/wp-content\\\/uploads\\\/2024\\\/11\\\/Logo.svg\",\"width\":149,\"height\":40,\"caption\":\"VYDENCE\"},\"image\":{\"@id\":\"https:\\\/\\\/www.vydence.com\\\/pt-br\\\/#\\\/schema\\\/logo\\\/image\\\/\"},\"sameAs\":[\"https:\\\/\\\/www.facebook.com\\\/VYDENCE\"]},{\"@type\":\"Person\",\"@id\":\"https:\\\/\\\/www.vydence.com\\\/pt-br\\\/#\\\/schema\\\/person\\\/d07e11658f9624d2d5344c62489f5fed\",\"name\":\"admin\",\"image\":{\"@type\":\"ImageObject\",\"inLanguage\":\"pt-BR\",\"@id\":\"https:\\\/\\\/secure.gravatar.com\\\/avatar\\\/1625555f260264654c853a64f2eddfbd5d054ef40597af8b97dc8461ef04e355?s=96&d=mm&r=g\",\"url\":\"https:\\\/\\\/secure.gravatar.com\\\/avatar\\\/1625555f260264654c853a64f2eddfbd5d054ef40597af8b97dc8461ef04e355?s=96&d=mm&r=g\",\"contentUrl\":\"https:\\\/\\\/secure.gravatar.com\\\/avatar\\\/1625555f260264654c853a64f2eddfbd5d054ef40597af8b97dc8461ef04e355?s=96&d=mm&r=g\",\"caption\":\"admin\"},\"sameAs\":[\"https:\\\/\\\/www.vydence.com\"],\"url\":\"https:\\\/\\\/www.vydence.com\\\/pt-br\\\/author\\\/ericknc\\\/\"}]}<\/script>\n<!-- \/ Yoast SEO Premium plugin. -->","yoast_head_json":{"title":"Queda de cabelo, o que pode ser? - VYDENCE","description":"Est\u00e1 com queda de cabelo e quer saber o que pode ser? Confira as principais causas, entre doen\u00e7as, inflama\u00e7\u00f5es e desequil\u00edbrio e entenda como elas influenciam a queda","robots":{"index":"index","follow":"follow","max-snippet":"max-snippet:-1","max-image-preview":"max-image-preview:large","max-video-preview":"max-video-preview:-1"},"canonical":"https:\/\/www.vydence.com\/pt-br\/queda-de-cabelo-o-que-pode-ser\/","og_locale":"pt_BR","og_type":"article","og_title":"Queda de cabelo, o que pode ser?","og_description":"Est\u00e1 com queda de cabelo e quer saber o que pode ser? Confira as principais causas, entre doen\u00e7as, inflama\u00e7\u00f5es e desequil\u00edbrio e entenda como elas influenciam a queda","og_url":"https:\/\/www.vydence.com\/pt-br\/queda-de-cabelo-o-que-pode-ser\/","og_site_name":"VYDENCE","article_publisher":"https:\/\/www.facebook.com\/VYDENCE","article_published_time":"2018-06-05T16:15:32+00:00","og_image":[{"width":1000,"height":667,"url":"https:\/\/www.vydence.com\/wp-content\/uploads\/2018\/06\/queda-de-cabelo-o-que-pode-ser-1.png","type":"image\/png"}],"author":"admin","twitter_card":"summary_large_image","twitter_misc":{"Escrito por":"admin","Est. tempo de leitura":"3 minutos"},"schema":{"@context":"https:\/\/schema.org","@graph":[{"@type":"Article","@id":"https:\/\/www.vydence.com\/pt-br\/queda-de-cabelo-o-que-pode-ser\/#article","isPartOf":{"@id":"https:\/\/www.vydence.com\/pt-br\/queda-de-cabelo-o-que-pode-ser\/"},"author":{"name":"admin","@id":"https:\/\/www.vydence.com\/pt-br\/#\/schema\/person\/d07e11658f9624d2d5344c62489f5fed"},"headline":"Queda de cabelo, o que pode ser?","datePublished":"2018-06-05T16:15:32+00:00","mainEntityOfPage":{"@id":"https:\/\/www.vydence.com\/pt-br\/queda-de-cabelo-o-que-pode-ser\/"},"wordCount":643,"commentCount":0,"publisher":{"@id":"https:\/\/www.vydence.com\/pt-br\/#organization"},"image":{"@id":"https:\/\/www.vydence.com\/pt-br\/queda-de-cabelo-o-que-pode-ser\/#primaryimage"},"thumbnailUrl":"https:\/\/www.vydence.com\/wp-content\/uploads\/2018\/06\/queda-de-cabelo-o-que-pode-ser-1.png","keywords":["artas","calv\u00edcie","queda de cabelo"],"articleSection":["Transplante capilar","Tricologia"],"inLanguage":"pt-BR","potentialAction":[{"@type":"CommentAction","name":"Comment","target":["https:\/\/www.vydence.com\/pt-br\/queda-de-cabelo-o-que-pode-ser\/#respond"]}]},{"@type":"WebPage","@id":"https:\/\/www.vydence.com\/pt-br\/queda-de-cabelo-o-que-pode-ser\/","url":"https:\/\/www.vydence.com\/pt-br\/queda-de-cabelo-o-que-pode-ser\/","name":"Queda de cabelo, o que pode ser? - VYDENCE","isPartOf":{"@id":"https:\/\/www.vydence.com\/pt-br\/#website"},"primaryImageOfPage":{"@id":"https:\/\/www.vydence.com\/pt-br\/queda-de-cabelo-o-que-pode-ser\/#primaryimage"},"image":{"@id":"https:\/\/www.vydence.com\/pt-br\/queda-de-cabelo-o-que-pode-ser\/#primaryimage"},"thumbnailUrl":"https:\/\/www.vydence.com\/wp-content\/uploads\/2018\/06\/queda-de-cabelo-o-que-pode-ser-1.png","datePublished":"2018-06-05T16:15:32+00:00","description":"Est\u00e1 com queda de cabelo e quer saber o que pode ser? Confira as principais causas, entre doen\u00e7as, inflama\u00e7\u00f5es e desequil\u00edbrio e entenda como elas influenciam a queda","breadcrumb":{"@id":"https:\/\/www.vydence.com\/pt-br\/queda-de-cabelo-o-que-pode-ser\/#breadcrumb"},"inLanguage":"pt-BR","potentialAction":[{"@type":"ReadAction","target":["https:\/\/www.vydence.com\/pt-br\/queda-de-cabelo-o-que-pode-ser\/"]}]},{"@type":"ImageObject","inLanguage":"pt-BR","@id":"https:\/\/www.vydence.com\/pt-br\/queda-de-cabelo-o-que-pode-ser\/#primaryimage","url":"https:\/\/www.vydence.com\/wp-content\/uploads\/2018\/06\/queda-de-cabelo-o-que-pode-ser-1.png","contentUrl":"https:\/\/www.vydence.com\/wp-content\/uploads\/2018\/06\/queda-de-cabelo-o-que-pode-ser-1.png","width":1000,"height":667,"caption":"Queda de cabelo o que pode ser"},{"@type":"BreadcrumbList","@id":"https:\/\/www.vydence.com\/pt-br\/queda-de-cabelo-o-que-pode-ser\/#breadcrumb","itemListElement":[{"@type":"ListItem","position":1,"name":"In\u00edcio","item":"https:\/\/www.vydence.com\/pt-br\/"},{"@type":"ListItem","position":2,"name":"Queda de cabelo, o que pode ser?"}]},{"@type":"WebSite","@id":"https:\/\/www.vydence.com\/pt-br\/#website","url":"https:\/\/www.vydence.com\/pt-br\/","name":"VYDENCE","description":"","publisher":{"@id":"https:\/\/www.vydence.com\/pt-br\/#organization"},"potentialAction":[{"@type":"SearchAction","target":{"@type":"EntryPoint","urlTemplate":"https:\/\/www.vydence.com\/pt-br\/?s={search_term_string}"},"query-input":{"@type":"PropertyValueSpecification","valueRequired":true,"valueName":"search_term_string"}}],"inLanguage":"pt-BR"},{"@type":"Organization","@id":"https:\/\/www.vydence.com\/pt-br\/#organization","name":"VYDENCE","url":"https:\/\/www.vydence.com\/pt-br\/","logo":{"@type":"ImageObject","inLanguage":"pt-BR","@id":"https:\/\/www.vydence.com\/pt-br\/#\/schema\/logo\/image\/","url":"https:\/\/www.vydence.com\/wp-content\/uploads\/2024\/11\/Logo.svg","contentUrl":"https:\/\/www.vydence.com\/wp-content\/uploads\/2024\/11\/Logo.svg","width":149,"height":40,"caption":"VYDENCE"},"image":{"@id":"https:\/\/www.vydence.com\/pt-br\/#\/schema\/logo\/image\/"},"sameAs":["https:\/\/www.facebook.com\/VYDENCE"]},{"@type":"Person","@id":"https:\/\/www.vydence.com\/pt-br\/#\/schema\/person\/d07e11658f9624d2d5344c62489f5fed","name":"admin","image":{"@type":"ImageObject","inLanguage":"pt-BR","@id":"https:\/\/secure.gravatar.com\/avatar\/1625555f260264654c853a64f2eddfbd5d054ef40597af8b97dc8461ef04e355?s=96&d=mm&r=g","url":"https:\/\/secure.gravatar.com\/avatar\/1625555f260264654c853a64f2eddfbd5d054ef40597af8b97dc8461ef04e355?s=96&d=mm&r=g","contentUrl":"https:\/\/secure.gravatar.com\/avatar\/1625555f260264654c853a64f2eddfbd5d054ef40597af8b97dc8461ef04e355?s=96&d=mm&r=g","caption":"admin"},"sameAs":["https:\/\/www.vydence.com"],"url":"https:\/\/www.vydence.com\/pt-br\/author\/ericknc\/"}]}},"_links":{"self":[{"href":"https:\/\/www.vydence.com\/pt-br\/wp-json\/wp\/v2\/posts\/19475","targetHints":{"allow":["GET"]}}],"collection":[{"href":"https:\/\/www.vydence.com\/pt-br\/wp-json\/wp\/v2\/posts"}],"about":[{"href":"https:\/\/www.vydence.com\/pt-br\/wp-json\/wp\/v2\/types\/post"}],"author":[{"embeddable":true,"href":"https:\/\/www.vydence.com\/pt-br\/wp-json\/wp\/v2\/users\/1"}],"replies":[{"embeddable":true,"href":"https:\/\/www.vydence.com\/pt-br\/wp-json\/wp\/v2\/comments?post=19475"}],"version-history":[{"count":0,"href":"https:\/\/www.vydence.com\/pt-br\/wp-json\/wp\/v2\/posts\/19475\/revisions"}],"wp:featuredmedia":[{"embeddable":true,"href":"https:\/\/www.vydence.com\/pt-br\/wp-json\/wp\/v2\/media\/19258"}],"wp:attachment":[{"href":"https:\/\/www.vydence.com\/pt-br\/wp-json\/wp\/v2\/media?parent=19475"}],"wp:term":[{"taxonomy":"category","embeddable":true,"href":"https:\/\/www.vydence.com\/pt-br\/wp-json\/wp\/v2\/categories?post=19475"},{"taxonomy":"post_tag","embeddable":true,"href":"https:\/\/www.vydence.com\/pt-br\/wp-json\/wp\/v2\/tags?post=19475"}],"curies":[{"name":"wp","href":"https:\/\/api.w.org\/{rel}","templated":true}]}}