{"id":19468,"date":"2018-05-17T17:00:27","date_gmt":"2018-05-17T17:00:27","guid":{"rendered":"http:\/\/www.artasbr.com.br\/?p=81"},"modified":"2018-05-17T17:00:27","modified_gmt":"2018-05-17T17:00:27","slug":"cura-da-calvicie","status":"publish","type":"post","link":"https:\/\/www.vydence.com\/pt-br\/cura-da-calvicie\/","title":{"rendered":"Cura da calv\u00edcie: tratamentos mais eficazes"},"content":{"rendered":"<p><span style=\"font-weight: 400;\">A <\/span><b>cura da calv\u00edcie<\/b><span style=\"font-weight: 400;\"> se tornou a meta de homens e mulheres espalhados pelo mundo. Estima-se que<\/span><a href=\"https:\/\/oportaln10.com.br\/por-que-calvicie-e-mais-frequente-nos-homens-61608\/\"> <span style=\"font-weight: 400;\">50% da popula\u00e7\u00e3o masculina com at\u00e9 50 anos<\/span><\/a><span style=\"font-weight: 400;\"> sofra com o problema \u2014 e chegando a 30% entre as mulheres \u2014, o que torna o problema t\u00e3o comum quanto indefinido.<\/span><\/p>\n<p><span style=\"font-weight: 400;\">Indefinido, porque a definitiva cura da calv\u00edcie \u00e9 ainda um mist\u00e9rio. Especialmente porque a<\/span><a href=\"http:\/\/www.tratamentosalaser.com.br\/queda-de-cabelo-causas-mais-comuns\/\"> <span style=\"font-weight: 400;\">queda de cabelos<\/span><\/a><span style=\"font-weight: 400;\"> pode ser influenciada por diferentes fatores. O primeiro passo, portanto, \u00e9 conhecer a origem do seu problema para minimiz\u00e1-la com os tratamentos mais adequados.<\/span><\/p>\n<p><span style=\"font-weight: 400;\">E \u00e9 justamente o que vamos debater neste artigo. Acompanhe-nos e confira os n\u00edveis de calv\u00edcie existentes, e a melhor solu\u00e7\u00e3o para cada caso!<\/span><\/p>\n<h3><span style=\"font-weight: 400;\">Os principais tipos de calv\u00edcie<\/span><\/h3>\n<p><span style=\"font-weight: 400;\">Abaixo, reunimos os tipos mais recorrentes que levam os pacientes a buscarem a cura da calv\u00edcie, como:<\/span><\/p>\n<ul>\n<li style=\"font-weight: 400;\"><span style=\"font-weight: 400;\">alopecia difusa: \u00e9 o enfraquecimento do cabelo, normalmente estimulado por problemas psicol\u00f3gicos, nutri\u00e7\u00e3o pobre e fatores hormonais;<\/span><\/li>\n<li style=\"font-weight: 400;\"><span style=\"font-weight: 400;\">alopecia areata: de origem gen\u00e9tica, tamb\u00e9m pode acontecer a partir de doen\u00e7as que fazem o sistema imunol\u00f3gico atacar os pr\u00f3prios tecidos;<\/span><\/li>\n<li style=\"font-weight: 400;\"><span style=\"font-weight: 400;\">alopecia total: a completa perda de cabelo. Entre as principais causas, apontam o estresse e as doen\u00e7as autoimunes como influenciadoras;<\/span><\/li>\n<li style=\"font-weight: 400;\"><span style=\"font-weight: 400;\">alopecia mucinosa: deixa, aos poucos, pequenas \u00e1reas do corpo sem cabelo ou pelo, estando associada a alguns tipos de doen\u00e7as sist\u00eamicas como causa.<\/span><\/li>\n<\/ul>\n<p><span style=\"font-weight: 400;\">Dentro desse escopo existem, ainda, graus que devem ser observados para saber como proceder para alcan\u00e7ar a cura da calv\u00edcie, vamos ver quais s\u00e3o?<\/span><\/p>\n<h2><span style=\"font-weight: 400;\">Os diferentes graus de calv\u00edcie<\/span><\/h2>\n<p><span style=\"font-weight: 400;\">Abaixo reunimos uma completa lista de graus de calv\u00edcie, elaborada a partir dos estudos conduzidos pelos doutores O\u2019Tar Norwood e James Hamilton, mais conhecida como escala NW. S\u00e3o eles:<\/span><\/p>\n<h3><span style=\"font-weight: 400;\">Tipo 1<\/span><\/h3>\n<p><span style=\"font-weight: 400;\">Entradas capilares mais acentuadas, mas sem efeitos de rarefa\u00e7\u00e3o dos cabelos. Aqui, o tratamento cl\u00ednico \u00e9 o mais indicado a partir da identifica\u00e7\u00e3o da origem do problema.<\/span><\/p>\n<h3><span style=\"font-weight: 400;\">Tipo 2<\/span><\/h3>\n<p><span style=\"font-weight: 400;\">A rarefa\u00e7\u00e3o \u00e9 percebida, aqui, cujo principal tratamento \u00e9 o impedimento do avan\u00e7o das entradas. Transplantes capilares j\u00e1 s\u00e3o indicados \u2014 exceto em pacientes muito jovens.<\/span><\/p>\n<h3><span style=\"font-weight: 400;\">Tipo 2A<\/span><\/h3>\n<p><span style=\"font-weight: 400;\">Rarefa\u00e7\u00e3o frontal e testa alta \u2014 hist\u00f3rico familiar \u00e9 indicado para conhecer as causas. Tratamento cl\u00ednico e transplante s\u00e3o indicados nesta etapa.<\/span><\/p>\n<h3><span style=\"font-weight: 400;\">Tipo 3<\/span><\/h3>\n<p><span style=\"font-weight: 400;\">As entradas est\u00e3o bem acentuadas, com princ\u00edpio de rarefa\u00e7\u00e3o atr\u00e1s e na coroa. O tratamento cl\u00ednico \u00e9 considerado para conter os avan\u00e7os, enquanto a cura da calv\u00edcie, neste caso, \u00e9 obtida por meio de um transplante capilar.<\/span><\/p>\n<h3><span style=\"font-weight: 400;\">Tipo 3A<\/span><\/h3>\n<p><span style=\"font-weight: 400;\">Entradas bem acentuadas e\/ou testa alta. Geralmente, apresenta rarefa\u00e7\u00e3o atr\u00e1s, nas entradas e coroa, podendo haver rarefa\u00e7\u00e3o difusa. Tratamento cl\u00ednico necess\u00e1rio e transplante indicado.<\/span><\/p>\n<p><span style=\"font-weight: 400;\">Tipo 4<\/span><\/p>\n<p><span style=\"font-weight: 400;\">O<\/span><a href=\"http:\/\/vydence.com\/equipamentos\/artas-transplante-capilar-robotico\"> <span style=\"font-weight: 400;\">transplante capilar rob\u00f3tico<\/span><\/a><span style=\"font-weight: 400;\"> \u00e9 tido como solu\u00e7\u00e3o para quem j\u00e1 conta com as entradas muito acentuadas e aumento da \u00e1rea de rarefa\u00e7\u00e3o.<\/span><\/p>\n<p><span style=\"font-weight: 400;\">Tipo 4A<\/span><\/p>\n<p><span style=\"font-weight: 400;\">As entradas e rarefa\u00e7\u00f5es ultrapassaram a linha m\u00e9dia. Retardar a evolu\u00e7\u00e3o ainda \u00e9 uma das solu\u00e7\u00f5es, embora o transplante tamb\u00e9m seja indicado.<\/span><\/p>\n<p><span style=\"font-weight: 400;\">Tipo 5<\/span><\/p>\n<p><span style=\"font-weight: 400;\">A cura da calv\u00edcie \u00e9 um esfor\u00e7o grande, nesse est\u00e1gio mais avan\u00e7ado, pois retardar o avan\u00e7o da queda \u00e9 mais paliativo.<\/span><\/p>\n<p><span style=\"font-weight: 400;\">Tipo 5A<\/span><\/p>\n<p><span style=\"font-weight: 400;\">Rarefa\u00e7\u00e3o difusa, com boa \u00e1rea doadora ainda para o transplante, que \u00e9 recomendado em combina\u00e7\u00e3o com o tratamento cl\u00ednico.<\/span><\/p>\n<p><span style=\"font-weight: 400;\">Tipo 6<\/span><\/p>\n<p><span style=\"font-weight: 400;\">\u00c1rea calva aumenta consideravelmente, com alargamento das bandas laterais. A densidade dos cabelos tamb\u00e9m \u00e9 menor.<\/span><\/p>\n<p><span style=\"font-weight: 400;\">Tipo 7<\/span><\/p>\n<p><span style=\"font-weight: 400;\">Grau elevado de calv\u00edcie, em que o transplante ainda \u00e9 poss\u00edvel, mas a \u00e1rea doadora para o procedimento \u00e9 menor.<\/span><\/p>\n<p><span style=\"font-weight: 400;\">Quer saber um pouco mais sobre um dos casos que mais influenciam a procura pela cura da calv\u00edcie? Ent\u00e3o confira tamb\u00e9m nosso<\/span><a href=\"http:\/\/www.tratamentosalaser.com.br\/calvicie-genetica\/\"> <span style=\"font-weight: 400;\">artigo sobre a calv\u00edcie gen\u00e9tica<\/span><\/a><span style=\"font-weight: 400;\">!<\/span><\/p>\n","protected":false},"excerpt":{"rendered":"<p>A cura da calv\u00edcie se tornou a meta de homens e mulheres espalhados pelo mundo. Estima-se que 50% da popula\u00e7\u00e3o masculina com at\u00e9 50 anos sofra com o problema \u2014 e chegando a 30% entre as mulheres \u2014, o que torna o problema t\u00e3o comum quanto indefinido. Indefinido, porque a definitiva cura da calv\u00edcie \u00e9 [&hellip;]<\/p>\n","protected":false},"author":1,"featured_media":19239,"comment_status":"open","ping_status":"open","sticky":false,"template":"","format":"standard","meta":{"_et_pb_use_builder":"","_et_pb_old_content":"","_et_gb_content_width":"","inline_featured_image":false,"footnotes":""},"categories":[123,125],"tags":[121,122],"class_list":["post-19468","post","type-post","status-publish","format-standard","has-post-thumbnail","hentry","category-transplante-capilar","category-tricologia","tag-artas","tag-calvicie"],"yoast_head":"<!-- This site is optimized with the Yoast SEO Premium plugin v27.1 (Yoast SEO v27.4) - https:\/\/yoast.com\/product\/yoast-seo-premium-wordpress\/ -->\n<title>Cura da calv\u00edcie: tratamentos mais eficazes - VYDENCE<\/title>\n<meta name=\"description\" content=\"A cura da calv\u00edcie se tornou a meta de homens e mulheres espalhados pelo mundo. Conhe\u00e7a os tratamentos mais eficazes para esta condi\u00e7\u00e3o.\" \/>\n<meta name=\"robots\" content=\"index, follow, max-snippet:-1, max-image-preview:large, max-video-preview:-1\" \/>\n<link rel=\"canonical\" href=\"https:\/\/www.vydence.com\/pt-br\/cura-da-calvicie\/\" \/>\n<meta property=\"og:locale\" content=\"pt_BR\" \/>\n<meta property=\"og:type\" content=\"article\" \/>\n<meta property=\"og:title\" content=\"Cura da calv\u00edcie: tratamentos mais eficazes\" \/>\n<meta property=\"og:description\" content=\"A cura da calv\u00edcie se tornou a meta de homens e mulheres espalhados pelo mundo. Conhe\u00e7a os tratamentos mais eficazes para esta condi\u00e7\u00e3o.\" \/>\n<meta property=\"og:url\" content=\"https:\/\/www.vydence.com\/pt-br\/cura-da-calvicie\/\" \/>\n<meta property=\"og:site_name\" content=\"VYDENCE\" \/>\n<meta property=\"article:publisher\" content=\"https:\/\/www.facebook.com\/VYDENCE\" \/>\n<meta property=\"article:published_time\" content=\"2018-05-17T17:00:27+00:00\" \/>\n<meta property=\"og:image\" content=\"https:\/\/www.vydence.com\/wp-content\/uploads\/2018\/05\/cura-da-calvicie.jpg\" \/>\n\t<meta property=\"og:image:width\" content=\"1200\" \/>\n\t<meta property=\"og:image:height\" content=\"801\" \/>\n\t<meta property=\"og:image:type\" content=\"image\/jpeg\" \/>\n<meta name=\"author\" content=\"admin\" \/>\n<meta name=\"twitter:card\" content=\"summary_large_image\" \/>\n<meta name=\"twitter:label1\" content=\"Escrito por\" \/>\n\t<meta name=\"twitter:data1\" content=\"admin\" \/>\n\t<meta name=\"twitter:label2\" content=\"Est. tempo de leitura\" \/>\n\t<meta name=\"twitter:data2\" content=\"3 minutos\" \/>\n<script type=\"application\/ld+json\" class=\"yoast-schema-graph\">{\"@context\":\"https:\\\/\\\/schema.org\",\"@graph\":[{\"@type\":\"Article\",\"@id\":\"https:\\\/\\\/www.vydence.com\\\/pt-br\\\/cura-da-calvicie\\\/#article\",\"isPartOf\":{\"@id\":\"https:\\\/\\\/www.vydence.com\\\/pt-br\\\/cura-da-calvicie\\\/\"},\"author\":{\"name\":\"admin\",\"@id\":\"https:\\\/\\\/www.vydence.com\\\/pt-br\\\/#\\\/schema\\\/person\\\/d07e11658f9624d2d5344c62489f5fed\"},\"headline\":\"Cura da calv\u00edcie: tratamentos mais eficazes\",\"datePublished\":\"2018-05-17T17:00:27+00:00\",\"mainEntityOfPage\":{\"@id\":\"https:\\\/\\\/www.vydence.com\\\/pt-br\\\/cura-da-calvicie\\\/\"},\"wordCount\":629,\"commentCount\":0,\"publisher\":{\"@id\":\"https:\\\/\\\/www.vydence.com\\\/pt-br\\\/#organization\"},\"image\":{\"@id\":\"https:\\\/\\\/www.vydence.com\\\/pt-br\\\/cura-da-calvicie\\\/#primaryimage\"},\"thumbnailUrl\":\"https:\\\/\\\/www.vydence.com\\\/wp-content\\\/uploads\\\/2018\\\/05\\\/cura-da-calvicie.jpg\",\"keywords\":[\"artas\",\"calv\u00edcie\"],\"articleSection\":[\"Transplante capilar\",\"Tricologia\"],\"inLanguage\":\"pt-BR\",\"potentialAction\":[{\"@type\":\"CommentAction\",\"name\":\"Comment\",\"target\":[\"https:\\\/\\\/www.vydence.com\\\/pt-br\\\/cura-da-calvicie\\\/#respond\"]}]},{\"@type\":\"WebPage\",\"@id\":\"https:\\\/\\\/www.vydence.com\\\/pt-br\\\/cura-da-calvicie\\\/\",\"url\":\"https:\\\/\\\/www.vydence.com\\\/pt-br\\\/cura-da-calvicie\\\/\",\"name\":\"Cura da calv\u00edcie: tratamentos mais eficazes - VYDENCE\",\"isPartOf\":{\"@id\":\"https:\\\/\\\/www.vydence.com\\\/pt-br\\\/#website\"},\"primaryImageOfPage\":{\"@id\":\"https:\\\/\\\/www.vydence.com\\\/pt-br\\\/cura-da-calvicie\\\/#primaryimage\"},\"image\":{\"@id\":\"https:\\\/\\\/www.vydence.com\\\/pt-br\\\/cura-da-calvicie\\\/#primaryimage\"},\"thumbnailUrl\":\"https:\\\/\\\/www.vydence.com\\\/wp-content\\\/uploads\\\/2018\\\/05\\\/cura-da-calvicie.jpg\",\"datePublished\":\"2018-05-17T17:00:27+00:00\",\"description\":\"A cura da calv\u00edcie se tornou a meta de homens e mulheres espalhados pelo mundo. Conhe\u00e7a os tratamentos mais eficazes para esta condi\u00e7\u00e3o.\",\"breadcrumb\":{\"@id\":\"https:\\\/\\\/www.vydence.com\\\/pt-br\\\/cura-da-calvicie\\\/#breadcrumb\"},\"inLanguage\":\"pt-BR\",\"potentialAction\":[{\"@type\":\"ReadAction\",\"target\":[\"https:\\\/\\\/www.vydence.com\\\/pt-br\\\/cura-da-calvicie\\\/\"]}]},{\"@type\":\"ImageObject\",\"inLanguage\":\"pt-BR\",\"@id\":\"https:\\\/\\\/www.vydence.com\\\/pt-br\\\/cura-da-calvicie\\\/#primaryimage\",\"url\":\"https:\\\/\\\/www.vydence.com\\\/wp-content\\\/uploads\\\/2018\\\/05\\\/cura-da-calvicie.jpg\",\"contentUrl\":\"https:\\\/\\\/www.vydence.com\\\/wp-content\\\/uploads\\\/2018\\\/05\\\/cura-da-calvicie.jpg\",\"width\":1200,\"height\":801,\"caption\":\"Cura da calv\u00edcie - tratamentos eficazes\"},{\"@type\":\"BreadcrumbList\",\"@id\":\"https:\\\/\\\/www.vydence.com\\\/pt-br\\\/cura-da-calvicie\\\/#breadcrumb\",\"itemListElement\":[{\"@type\":\"ListItem\",\"position\":1,\"name\":\"In\u00edcio\",\"item\":\"https:\\\/\\\/www.vydence.com\\\/pt-br\\\/\"},{\"@type\":\"ListItem\",\"position\":2,\"name\":\"Cura da calv\u00edcie: tratamentos mais eficazes\"}]},{\"@type\":\"WebSite\",\"@id\":\"https:\\\/\\\/www.vydence.com\\\/pt-br\\\/#website\",\"url\":\"https:\\\/\\\/www.vydence.com\\\/pt-br\\\/\",\"name\":\"VYDENCE\",\"description\":\"\",\"publisher\":{\"@id\":\"https:\\\/\\\/www.vydence.com\\\/pt-br\\\/#organization\"},\"potentialAction\":[{\"@type\":\"SearchAction\",\"target\":{\"@type\":\"EntryPoint\",\"urlTemplate\":\"https:\\\/\\\/www.vydence.com\\\/pt-br\\\/?s={search_term_string}\"},\"query-input\":{\"@type\":\"PropertyValueSpecification\",\"valueRequired\":true,\"valueName\":\"search_term_string\"}}],\"inLanguage\":\"pt-BR\"},{\"@type\":\"Organization\",\"@id\":\"https:\\\/\\\/www.vydence.com\\\/pt-br\\\/#organization\",\"name\":\"VYDENCE\",\"url\":\"https:\\\/\\\/www.vydence.com\\\/pt-br\\\/\",\"logo\":{\"@type\":\"ImageObject\",\"inLanguage\":\"pt-BR\",\"@id\":\"https:\\\/\\\/www.vydence.com\\\/pt-br\\\/#\\\/schema\\\/logo\\\/image\\\/\",\"url\":\"https:\\\/\\\/www.vydence.com\\\/wp-content\\\/uploads\\\/2024\\\/11\\\/Logo.svg\",\"contentUrl\":\"https:\\\/\\\/www.vydence.com\\\/wp-content\\\/uploads\\\/2024\\\/11\\\/Logo.svg\",\"width\":149,\"height\":40,\"caption\":\"VYDENCE\"},\"image\":{\"@id\":\"https:\\\/\\\/www.vydence.com\\\/pt-br\\\/#\\\/schema\\\/logo\\\/image\\\/\"},\"sameAs\":[\"https:\\\/\\\/www.facebook.com\\\/VYDENCE\"]},{\"@type\":\"Person\",\"@id\":\"https:\\\/\\\/www.vydence.com\\\/pt-br\\\/#\\\/schema\\\/person\\\/d07e11658f9624d2d5344c62489f5fed\",\"name\":\"admin\",\"image\":{\"@type\":\"ImageObject\",\"inLanguage\":\"pt-BR\",\"@id\":\"https:\\\/\\\/secure.gravatar.com\\\/avatar\\\/1625555f260264654c853a64f2eddfbd5d054ef40597af8b97dc8461ef04e355?s=96&d=mm&r=g\",\"url\":\"https:\\\/\\\/secure.gravatar.com\\\/avatar\\\/1625555f260264654c853a64f2eddfbd5d054ef40597af8b97dc8461ef04e355?s=96&d=mm&r=g\",\"contentUrl\":\"https:\\\/\\\/secure.gravatar.com\\\/avatar\\\/1625555f260264654c853a64f2eddfbd5d054ef40597af8b97dc8461ef04e355?s=96&d=mm&r=g\",\"caption\":\"admin\"},\"sameAs\":[\"https:\\\/\\\/www.vydence.com\"],\"url\":\"https:\\\/\\\/www.vydence.com\\\/pt-br\\\/author\\\/ericknc\\\/\"}]}<\/script>\n<!-- \/ Yoast SEO Premium plugin. -->","yoast_head_json":{"title":"Cura da calv\u00edcie: tratamentos mais eficazes - VYDENCE","description":"A cura da calv\u00edcie se tornou a meta de homens e mulheres espalhados pelo mundo. Conhe\u00e7a os tratamentos mais eficazes para esta condi\u00e7\u00e3o.","robots":{"index":"index","follow":"follow","max-snippet":"max-snippet:-1","max-image-preview":"max-image-preview:large","max-video-preview":"max-video-preview:-1"},"canonical":"https:\/\/www.vydence.com\/pt-br\/cura-da-calvicie\/","og_locale":"pt_BR","og_type":"article","og_title":"Cura da calv\u00edcie: tratamentos mais eficazes","og_description":"A cura da calv\u00edcie se tornou a meta de homens e mulheres espalhados pelo mundo. Conhe\u00e7a os tratamentos mais eficazes para esta condi\u00e7\u00e3o.","og_url":"https:\/\/www.vydence.com\/pt-br\/cura-da-calvicie\/","og_site_name":"VYDENCE","article_publisher":"https:\/\/www.facebook.com\/VYDENCE","article_published_time":"2018-05-17T17:00:27+00:00","og_image":[{"width":1200,"height":801,"url":"https:\/\/www.vydence.com\/wp-content\/uploads\/2018\/05\/cura-da-calvicie.jpg","type":"image\/jpeg"}],"author":"admin","twitter_card":"summary_large_image","twitter_misc":{"Escrito por":"admin","Est. tempo de leitura":"3 minutos"},"schema":{"@context":"https:\/\/schema.org","@graph":[{"@type":"Article","@id":"https:\/\/www.vydence.com\/pt-br\/cura-da-calvicie\/#article","isPartOf":{"@id":"https:\/\/www.vydence.com\/pt-br\/cura-da-calvicie\/"},"author":{"name":"admin","@id":"https:\/\/www.vydence.com\/pt-br\/#\/schema\/person\/d07e11658f9624d2d5344c62489f5fed"},"headline":"Cura da calv\u00edcie: tratamentos mais eficazes","datePublished":"2018-05-17T17:00:27+00:00","mainEntityOfPage":{"@id":"https:\/\/www.vydence.com\/pt-br\/cura-da-calvicie\/"},"wordCount":629,"commentCount":0,"publisher":{"@id":"https:\/\/www.vydence.com\/pt-br\/#organization"},"image":{"@id":"https:\/\/www.vydence.com\/pt-br\/cura-da-calvicie\/#primaryimage"},"thumbnailUrl":"https:\/\/www.vydence.com\/wp-content\/uploads\/2018\/05\/cura-da-calvicie.jpg","keywords":["artas","calv\u00edcie"],"articleSection":["Transplante capilar","Tricologia"],"inLanguage":"pt-BR","potentialAction":[{"@type":"CommentAction","name":"Comment","target":["https:\/\/www.vydence.com\/pt-br\/cura-da-calvicie\/#respond"]}]},{"@type":"WebPage","@id":"https:\/\/www.vydence.com\/pt-br\/cura-da-calvicie\/","url":"https:\/\/www.vydence.com\/pt-br\/cura-da-calvicie\/","name":"Cura da calv\u00edcie: tratamentos mais eficazes - VYDENCE","isPartOf":{"@id":"https:\/\/www.vydence.com\/pt-br\/#website"},"primaryImageOfPage":{"@id":"https:\/\/www.vydence.com\/pt-br\/cura-da-calvicie\/#primaryimage"},"image":{"@id":"https:\/\/www.vydence.com\/pt-br\/cura-da-calvicie\/#primaryimage"},"thumbnailUrl":"https:\/\/www.vydence.com\/wp-content\/uploads\/2018\/05\/cura-da-calvicie.jpg","datePublished":"2018-05-17T17:00:27+00:00","description":"A cura da calv\u00edcie se tornou a meta de homens e mulheres espalhados pelo mundo. Conhe\u00e7a os tratamentos mais eficazes para esta condi\u00e7\u00e3o.","breadcrumb":{"@id":"https:\/\/www.vydence.com\/pt-br\/cura-da-calvicie\/#breadcrumb"},"inLanguage":"pt-BR","potentialAction":[{"@type":"ReadAction","target":["https:\/\/www.vydence.com\/pt-br\/cura-da-calvicie\/"]}]},{"@type":"ImageObject","inLanguage":"pt-BR","@id":"https:\/\/www.vydence.com\/pt-br\/cura-da-calvicie\/#primaryimage","url":"https:\/\/www.vydence.com\/wp-content\/uploads\/2018\/05\/cura-da-calvicie.jpg","contentUrl":"https:\/\/www.vydence.com\/wp-content\/uploads\/2018\/05\/cura-da-calvicie.jpg","width":1200,"height":801,"caption":"Cura da calv\u00edcie - tratamentos eficazes"},{"@type":"BreadcrumbList","@id":"https:\/\/www.vydence.com\/pt-br\/cura-da-calvicie\/#breadcrumb","itemListElement":[{"@type":"ListItem","position":1,"name":"In\u00edcio","item":"https:\/\/www.vydence.com\/pt-br\/"},{"@type":"ListItem","position":2,"name":"Cura da calv\u00edcie: tratamentos mais eficazes"}]},{"@type":"WebSite","@id":"https:\/\/www.vydence.com\/pt-br\/#website","url":"https:\/\/www.vydence.com\/pt-br\/","name":"VYDENCE","description":"","publisher":{"@id":"https:\/\/www.vydence.com\/pt-br\/#organization"},"potentialAction":[{"@type":"SearchAction","target":{"@type":"EntryPoint","urlTemplate":"https:\/\/www.vydence.com\/pt-br\/?s={search_term_string}"},"query-input":{"@type":"PropertyValueSpecification","valueRequired":true,"valueName":"search_term_string"}}],"inLanguage":"pt-BR"},{"@type":"Organization","@id":"https:\/\/www.vydence.com\/pt-br\/#organization","name":"VYDENCE","url":"https:\/\/www.vydence.com\/pt-br\/","logo":{"@type":"ImageObject","inLanguage":"pt-BR","@id":"https:\/\/www.vydence.com\/pt-br\/#\/schema\/logo\/image\/","url":"https:\/\/www.vydence.com\/wp-content\/uploads\/2024\/11\/Logo.svg","contentUrl":"https:\/\/www.vydence.com\/wp-content\/uploads\/2024\/11\/Logo.svg","width":149,"height":40,"caption":"VYDENCE"},"image":{"@id":"https:\/\/www.vydence.com\/pt-br\/#\/schema\/logo\/image\/"},"sameAs":["https:\/\/www.facebook.com\/VYDENCE"]},{"@type":"Person","@id":"https:\/\/www.vydence.com\/pt-br\/#\/schema\/person\/d07e11658f9624d2d5344c62489f5fed","name":"admin","image":{"@type":"ImageObject","inLanguage":"pt-BR","@id":"https:\/\/secure.gravatar.com\/avatar\/1625555f260264654c853a64f2eddfbd5d054ef40597af8b97dc8461ef04e355?s=96&d=mm&r=g","url":"https:\/\/secure.gravatar.com\/avatar\/1625555f260264654c853a64f2eddfbd5d054ef40597af8b97dc8461ef04e355?s=96&d=mm&r=g","contentUrl":"https:\/\/secure.gravatar.com\/avatar\/1625555f260264654c853a64f2eddfbd5d054ef40597af8b97dc8461ef04e355?s=96&d=mm&r=g","caption":"admin"},"sameAs":["https:\/\/www.vydence.com"],"url":"https:\/\/www.vydence.com\/pt-br\/author\/ericknc\/"}]}},"_links":{"self":[{"href":"https:\/\/www.vydence.com\/pt-br\/wp-json\/wp\/v2\/posts\/19468","targetHints":{"allow":["GET"]}}],"collection":[{"href":"https:\/\/www.vydence.com\/pt-br\/wp-json\/wp\/v2\/posts"}],"about":[{"href":"https:\/\/www.vydence.com\/pt-br\/wp-json\/wp\/v2\/types\/post"}],"author":[{"embeddable":true,"href":"https:\/\/www.vydence.com\/pt-br\/wp-json\/wp\/v2\/users\/1"}],"replies":[{"embeddable":true,"href":"https:\/\/www.vydence.com\/pt-br\/wp-json\/wp\/v2\/comments?post=19468"}],"version-history":[{"count":0,"href":"https:\/\/www.vydence.com\/pt-br\/wp-json\/wp\/v2\/posts\/19468\/revisions"}],"wp:featuredmedia":[{"embeddable":true,"href":"https:\/\/www.vydence.com\/pt-br\/wp-json\/wp\/v2\/media\/19239"}],"wp:attachment":[{"href":"https:\/\/www.vydence.com\/pt-br\/wp-json\/wp\/v2\/media?parent=19468"}],"wp:term":[{"taxonomy":"category","embeddable":true,"href":"https:\/\/www.vydence.com\/pt-br\/wp-json\/wp\/v2\/categories?post=19468"},{"taxonomy":"post_tag","embeddable":true,"href":"https:\/\/www.vydence.com\/pt-br\/wp-json\/wp\/v2\/tags?post=19468"}],"curies":[{"name":"wp","href":"https:\/\/api.w.org\/{rel}","templated":true}]}}