{"id":19467,"date":"2018-05-11T15:00:55","date_gmt":"2018-05-11T18:00:55","guid":{"rendered":"http:\/\/www.artasbr.com.br\/?p=75"},"modified":"2018-05-11T15:00:55","modified_gmt":"2018-05-11T18:00:55","slug":"cabelo-branco-masculino","status":"publish","type":"post","link":"https:\/\/www.vydence.com\/pt-br\/cabelo-branco-masculino\/","title":{"rendered":"Cabelo branco masculino: tudo o que voc\u00ea precisa saber"},"content":{"rendered":"<p><span style=\"font-weight: 400;\">O envelhecimento \u00e9 uma das causas naturais para o surgimento do <\/span><b>cabelo branco masculino<\/b><span style=\"font-weight: 400;\"> \u2014 e tamb\u00e9m nas mulheres. Acontece que existem outros fatores que podem estimul\u00e1-lo a aparecer de maneira precoce na cabe\u00e7a.<\/span><\/p>\n<p><span style=\"font-weight: 400;\">E, para muitos, isso pode ser um bom sin\u00f4nimo de desconforto e de ado\u00e7\u00e3o de medidas imediatas de disfarce, como a tintura artificial dos fios. Por isso, gostar\u00edamos de discutir, ao longo deste post, os fatores que mais influenciam a precocidade do cabelo branco masculino e os m\u00e9todos de preven\u00e7\u00e3o mais frut\u00edferos. Confira!<\/span><\/p>\n<h2><span style=\"font-weight: 400;\">Como os cabelos brancos surgem?<\/span><\/h2>\n<p><span style=\"font-weight: 400;\">O cabelo branco masculino \u00e9 resultado do estresse oxidativo epid\u00e9rmico \u2014 um ac\u00famulo de per\u00f3xido de hidrog\u00eanio nos fol\u00edculos. Isso faz com que eles percam a sua cor natural de dentro para fora, bloqueando a subst\u00e2ncia que d\u00e1 a cor natural do seu cabelo.<\/span><\/p>\n<p><span style=\"font-weight: 400;\">A diferen\u00e7a no processo est\u00e1 naquela fase natural de transi\u00e7\u00e3o para os fios brancos, da fase adulta, do momento em que o cabelo branco masculino aparece muito cedo.<\/span><\/p>\n<h2><span style=\"font-weight: 400;\">Quais fatores influenciam seu surgimento?<\/span><\/h2>\n<p><span style=\"font-weight: 400;\">O fator gen\u00e9tico \u00e9 um dos principais motivos para que o cabelo branco masculino d\u00ea as caras precocemente. S\u00f3 que isso tamb\u00e9m pode ser influenciado \u2014 direta ou indiretamente \u2014 por outras condi\u00e7\u00f5es, como:<\/span><\/p>\n<ul>\n<li style=\"font-weight: 400;\"><span style=\"font-weight: 400;\">M\u00e1 alimenta\u00e7\u00e3o;<\/span><\/li>\n<li style=\"font-weight: 400;\"><span style=\"font-weight: 400;\">Defici\u00eancia nutricional, como a falta de vitaminas, como a do complexo B5, e o \u00e1cido&nbsp;<\/span>pantot\u00eanico, entre outras;<\/li>\n<li style=\"font-weight: 400;\"><span style=\"font-weight: 400;\">Tabagismo;&nbsp;<\/span><\/li>\n<li style=\"font-weight: 400;\"><span style=\"font-weight: 400;\">Excesso no consumo de bebidas alco\u00f3licas;<\/span><\/li>\n<li style=\"font-weight: 400;\"><span style=\"font-weight: 400;\">Estresse;<\/span><\/li>\n<li style=\"font-weight: 400;\"><span style=\"font-weight: 400;\">Depress\u00e3o;<\/span><\/li>\n<li style=\"font-weight: 400;\"><span style=\"font-weight: 400;\">Problemas hormonais.<\/span><\/li>\n<\/ul>\n<h3><span style=\"font-weight: 400;\">O cabelo masculino \u00e9 afetado antes do feminino?<\/span><\/h3>\n<p><span style=\"font-weight: 400;\">Em geral, o cabelo branco masculino surge com anteced\u00eancia se comparado aos fios de cabelo de mulheres. Para eles, a m\u00e9dia aceit\u00e1vel para a chegada dos primeiros fios grisalhos gira em torno de 30 anos de idade. Para elas, cerca de 5 anos depois.<\/span><\/p>\n<h2><span style=\"font-weight: 400;\">Existe idade apropriada?<\/span><\/h2>\n<p><span style=\"font-weight: 400;\">Qualquer situa\u00e7\u00e3o que ocorra antes do quadro acima citado, e com bastante intensidade, j\u00e1 valida a import\u00e2ncia do diagn\u00f3stico m\u00e9dico para conhecer a causa.<\/span><\/p>\n<p><span style=\"font-weight: 400;\">S\u00f3 que o surgimento do cabelo branco n\u00e3o deve ser algo a ser considerado perigoso. O grande problema com os fios brancos precoces est\u00e1 no aspecto est\u00e9tico. Muitos ainda consideram algo ruim, e tentam buscar medidas preventivas ou que revertam a situa\u00e7\u00e3o \u2014 como a j\u00e1 citada tintura.<\/span><\/p>\n<p><span style=\"font-weight: 400;\">J\u00e1 existem tratamentos que adiem os cabelos brancos masculinos?<\/span><\/p>\n<p><span style=\"font-weight: 400;\">Como vimos, alguns fatores que estimulam os fios brancos s\u00e3o decorrentes de nossos h\u00e1bitos de vida. Por isso, o mais indicado \u2014 como m\u00e9todo de preven\u00e7\u00e3o \u2014 \u00e9 a mudan\u00e7a desse estilo e comportamento, evitando que o cabelo branco masculino bata \u00e0 porta muito cedo.<\/span><\/p>\n<p><span style=\"font-weight: 400;\">Al\u00e9m disso, existem produtos que visam a prote\u00e7\u00e3o do DNA contra os melan\u00f3citos que prejudicam a pigmenta\u00e7\u00e3o dos fios. S\u00f3 que, uma vez que o quadro j\u00e1 se espalhou pelo couro cabeludo, a solu\u00e7\u00e3o \u00e9 paliativa \u2014 tonalizantes, tinta para o cabelo e outros produtos.<\/span><\/p>\n<h2><span style=\"font-weight: 400;\">\u00c9 importante buscar o dermatologista?<\/span><\/h2>\n<p><span style=\"font-weight: 400;\">Sim, especialmente se o seu caso de cabelo branco masculino est\u00e1 relacionado \u00e0 aus\u00eancia de vitaminas ou por conta dos radicais livres e da microcircula\u00e7\u00e3o do couro cabeludo. O dermatologista poder\u00e1 identificar o motivo e apontar algum tratamento mais eficaz para frear a a\u00e7\u00e3o.<\/span><\/p>\n<p><span style=\"font-weight: 400;\">Viu como \u00e9 poss\u00edvel lidar melhor com esse tipo de situa\u00e7\u00e3o? Agora, para ficar sempre por dentro de outras dicas e novidades que visam o fortalecimento dos cabelos,<\/span><a href=\"https:\/\/www.instagram.com\/artasbrasil\/\"> <span style=\"font-weight: 400;\">acompanhe-nos em nosso Instagram<\/span><\/a><span style=\"font-weight: 400;\">!<\/span><\/p>\n","protected":false},"excerpt":{"rendered":"<p>O envelhecimento \u00e9 uma das causas naturais para o surgimento do cabelo branco masculino \u2014 e tamb\u00e9m nas mulheres. Acontece que existem outros fatores que podem estimul\u00e1-lo a aparecer de maneira precoce na cabe\u00e7a. E, para muitos, isso pode ser um bom sin\u00f4nimo de desconforto e de ado\u00e7\u00e3o de medidas imediatas de disfarce, como a [&hellip;]<\/p>\n","protected":false},"author":1,"featured_media":76,"comment_status":"open","ping_status":"open","sticky":false,"template":"","format":"standard","meta":{"_et_pb_use_builder":"","_et_pb_old_content":"","_et_gb_content_width":"","inline_featured_image":false,"footnotes":""},"categories":[144],"tags":[143],"class_list":["post-19467","post","type-post","status-publish","format-standard","has-post-thumbnail","hentry","category-moda-e-beleza","tag-cabelo-branco"],"yoast_head":"<!-- This site is optimized with the Yoast SEO Premium plugin v27.1 (Yoast SEO v27.4) - https:\/\/yoast.com\/product\/yoast-seo-premium-wordpress\/ -->\n<title>Cabelo branco masculino: tudo o que voc\u00ea precisa saber<\/title>\n<meta name=\"description\" content=\"O envelhecimento \u00e9 uma das causas naturais para o surgimento do cabelo branco masculino \u2014 e tamb\u00e9m nas mulheres. Acontece que existem outros fatores que podem estimul\u00e1-lo a aparecer de maneira precoce na cabe\u00e7a. Saiba tudo sobre o assunto!\" \/>\n<meta name=\"robots\" content=\"index, follow, max-snippet:-1, max-image-preview:large, max-video-preview:-1\" \/>\n<link rel=\"canonical\" href=\"https:\/\/www.vydence.com\/pt-br\/cabelo-branco-masculino\/\" \/>\n<meta property=\"og:locale\" content=\"pt_BR\" \/>\n<meta property=\"og:type\" content=\"article\" \/>\n<meta property=\"og:title\" content=\"Cabelo branco masculino: tudo o que voc\u00ea precisa saber\" \/>\n<meta property=\"og:description\" content=\"O envelhecimento \u00e9 uma das causas naturais para o surgimento do cabelo branco masculino \u2014 e tamb\u00e9m nas mulheres. Acontece que existem outros fatores que podem estimul\u00e1-lo a aparecer de maneira precoce na cabe\u00e7a. Saiba tudo sobre o assunto!\" \/>\n<meta property=\"og:url\" content=\"https:\/\/www.vydence.com\/pt-br\/cabelo-branco-masculino\/\" \/>\n<meta property=\"og:site_name\" content=\"VYDENCE\" \/>\n<meta property=\"article:publisher\" content=\"https:\/\/www.facebook.com\/VYDENCE\" \/>\n<meta property=\"article:published_time\" content=\"2018-05-11T18:00:55+00:00\" \/>\n<meta property=\"og:image\" content=\"https:\/\/www.vydence.com\/wp-content\/uploads\/2018\/05\/cabelo-branco-masculino.png\" \/>\n\t<meta property=\"og:image:width\" content=\"1100\" \/>\n\t<meta property=\"og:image:height\" content=\"728\" \/>\n\t<meta property=\"og:image:type\" content=\"image\/png\" \/>\n<meta name=\"author\" content=\"admin\" \/>\n<meta name=\"twitter:card\" content=\"summary_large_image\" \/>\n<meta name=\"twitter:label1\" content=\"Escrito por\" \/>\n\t<meta name=\"twitter:data1\" content=\"admin\" \/>\n\t<meta name=\"twitter:label2\" content=\"Est. tempo de leitura\" \/>\n\t<meta name=\"twitter:data2\" content=\"3 minutos\" \/>\n<script type=\"application\/ld+json\" class=\"yoast-schema-graph\">{\"@context\":\"https:\\\/\\\/schema.org\",\"@graph\":[{\"@type\":\"Article\",\"@id\":\"https:\\\/\\\/www.vydence.com\\\/pt-br\\\/cabelo-branco-masculino\\\/#article\",\"isPartOf\":{\"@id\":\"https:\\\/\\\/www.vydence.com\\\/pt-br\\\/cabelo-branco-masculino\\\/\"},\"author\":{\"name\":\"admin\",\"@id\":\"https:\\\/\\\/www.vydence.com\\\/pt-br\\\/#\\\/schema\\\/person\\\/d07e11658f9624d2d5344c62489f5fed\"},\"headline\":\"Cabelo branco masculino: tudo o que voc\u00ea precisa saber\",\"datePublished\":\"2018-05-11T18:00:55+00:00\",\"mainEntityOfPage\":{\"@id\":\"https:\\\/\\\/www.vydence.com\\\/pt-br\\\/cabelo-branco-masculino\\\/\"},\"wordCount\":582,\"commentCount\":0,\"publisher\":{\"@id\":\"https:\\\/\\\/www.vydence.com\\\/pt-br\\\/#organization\"},\"image\":{\"@id\":\"https:\\\/\\\/www.vydence.com\\\/pt-br\\\/cabelo-branco-masculino\\\/#primaryimage\"},\"thumbnailUrl\":\"https:\\\/\\\/www.vydence.com\\\/wp-content\\\/uploads\\\/2018\\\/05\\\/cabelo-branco-masculino.png\",\"keywords\":[\"cabelo branco\"],\"articleSection\":[\"Moda e beleza\"],\"inLanguage\":\"pt-BR\",\"potentialAction\":[{\"@type\":\"CommentAction\",\"name\":\"Comment\",\"target\":[\"https:\\\/\\\/www.vydence.com\\\/pt-br\\\/cabelo-branco-masculino\\\/#respond\"]}]},{\"@type\":\"WebPage\",\"@id\":\"https:\\\/\\\/www.vydence.com\\\/pt-br\\\/cabelo-branco-masculino\\\/\",\"url\":\"https:\\\/\\\/www.vydence.com\\\/pt-br\\\/cabelo-branco-masculino\\\/\",\"name\":\"Cabelo branco masculino: tudo o que voc\u00ea precisa saber\",\"isPartOf\":{\"@id\":\"https:\\\/\\\/www.vydence.com\\\/pt-br\\\/#website\"},\"primaryImageOfPage\":{\"@id\":\"https:\\\/\\\/www.vydence.com\\\/pt-br\\\/cabelo-branco-masculino\\\/#primaryimage\"},\"image\":{\"@id\":\"https:\\\/\\\/www.vydence.com\\\/pt-br\\\/cabelo-branco-masculino\\\/#primaryimage\"},\"thumbnailUrl\":\"https:\\\/\\\/www.vydence.com\\\/wp-content\\\/uploads\\\/2018\\\/05\\\/cabelo-branco-masculino.png\",\"datePublished\":\"2018-05-11T18:00:55+00:00\",\"description\":\"O envelhecimento \u00e9 uma das causas naturais para o surgimento do cabelo branco masculino \u2014 e tamb\u00e9m nas mulheres. Acontece que existem outros fatores que podem estimul\u00e1-lo a aparecer de maneira precoce na cabe\u00e7a. Saiba tudo sobre o assunto!\",\"breadcrumb\":{\"@id\":\"https:\\\/\\\/www.vydence.com\\\/pt-br\\\/cabelo-branco-masculino\\\/#breadcrumb\"},\"inLanguage\":\"pt-BR\",\"potentialAction\":[{\"@type\":\"ReadAction\",\"target\":[\"https:\\\/\\\/www.vydence.com\\\/pt-br\\\/cabelo-branco-masculino\\\/\"]}]},{\"@type\":\"ImageObject\",\"inLanguage\":\"pt-BR\",\"@id\":\"https:\\\/\\\/www.vydence.com\\\/pt-br\\\/cabelo-branco-masculino\\\/#primaryimage\",\"url\":\"https:\\\/\\\/www.vydence.com\\\/wp-content\\\/uploads\\\/2018\\\/05\\\/cabelo-branco-masculino.png\",\"contentUrl\":\"https:\\\/\\\/www.vydence.com\\\/wp-content\\\/uploads\\\/2018\\\/05\\\/cabelo-branco-masculino.png\",\"width\":1100,\"height\":728,\"caption\":\"Tudo sobre cabelo branco masculino\"},{\"@type\":\"BreadcrumbList\",\"@id\":\"https:\\\/\\\/www.vydence.com\\\/pt-br\\\/cabelo-branco-masculino\\\/#breadcrumb\",\"itemListElement\":[{\"@type\":\"ListItem\",\"position\":1,\"name\":\"In\u00edcio\",\"item\":\"https:\\\/\\\/www.vydence.com\\\/pt-br\\\/\"},{\"@type\":\"ListItem\",\"position\":2,\"name\":\"Cabelo branco masculino: tudo o que voc\u00ea precisa saber\"}]},{\"@type\":\"WebSite\",\"@id\":\"https:\\\/\\\/www.vydence.com\\\/pt-br\\\/#website\",\"url\":\"https:\\\/\\\/www.vydence.com\\\/pt-br\\\/\",\"name\":\"VYDENCE\",\"description\":\"\",\"publisher\":{\"@id\":\"https:\\\/\\\/www.vydence.com\\\/pt-br\\\/#organization\"},\"potentialAction\":[{\"@type\":\"SearchAction\",\"target\":{\"@type\":\"EntryPoint\",\"urlTemplate\":\"https:\\\/\\\/www.vydence.com\\\/pt-br\\\/?s={search_term_string}\"},\"query-input\":{\"@type\":\"PropertyValueSpecification\",\"valueRequired\":true,\"valueName\":\"search_term_string\"}}],\"inLanguage\":\"pt-BR\"},{\"@type\":\"Organization\",\"@id\":\"https:\\\/\\\/www.vydence.com\\\/pt-br\\\/#organization\",\"name\":\"VYDENCE\",\"url\":\"https:\\\/\\\/www.vydence.com\\\/pt-br\\\/\",\"logo\":{\"@type\":\"ImageObject\",\"inLanguage\":\"pt-BR\",\"@id\":\"https:\\\/\\\/www.vydence.com\\\/pt-br\\\/#\\\/schema\\\/logo\\\/image\\\/\",\"url\":\"https:\\\/\\\/www.vydence.com\\\/wp-content\\\/uploads\\\/2024\\\/11\\\/Logo.svg\",\"contentUrl\":\"https:\\\/\\\/www.vydence.com\\\/wp-content\\\/uploads\\\/2024\\\/11\\\/Logo.svg\",\"width\":149,\"height\":40,\"caption\":\"VYDENCE\"},\"image\":{\"@id\":\"https:\\\/\\\/www.vydence.com\\\/pt-br\\\/#\\\/schema\\\/logo\\\/image\\\/\"},\"sameAs\":[\"https:\\\/\\\/www.facebook.com\\\/VYDENCE\"]},{\"@type\":\"Person\",\"@id\":\"https:\\\/\\\/www.vydence.com\\\/pt-br\\\/#\\\/schema\\\/person\\\/d07e11658f9624d2d5344c62489f5fed\",\"name\":\"admin\",\"image\":{\"@type\":\"ImageObject\",\"inLanguage\":\"pt-BR\",\"@id\":\"https:\\\/\\\/secure.gravatar.com\\\/avatar\\\/1625555f260264654c853a64f2eddfbd5d054ef40597af8b97dc8461ef04e355?s=96&d=mm&r=g\",\"url\":\"https:\\\/\\\/secure.gravatar.com\\\/avatar\\\/1625555f260264654c853a64f2eddfbd5d054ef40597af8b97dc8461ef04e355?s=96&d=mm&r=g\",\"contentUrl\":\"https:\\\/\\\/secure.gravatar.com\\\/avatar\\\/1625555f260264654c853a64f2eddfbd5d054ef40597af8b97dc8461ef04e355?s=96&d=mm&r=g\",\"caption\":\"admin\"},\"sameAs\":[\"https:\\\/\\\/www.vydence.com\"],\"url\":\"https:\\\/\\\/www.vydence.com\\\/pt-br\\\/author\\\/ericknc\\\/\"}]}<\/script>\n<!-- \/ Yoast SEO Premium plugin. -->","yoast_head_json":{"title":"Cabelo branco masculino: tudo o que voc\u00ea precisa saber","description":"O envelhecimento \u00e9 uma das causas naturais para o surgimento do cabelo branco masculino \u2014 e tamb\u00e9m nas mulheres. Acontece que existem outros fatores que podem estimul\u00e1-lo a aparecer de maneira precoce na cabe\u00e7a. Saiba tudo sobre o assunto!","robots":{"index":"index","follow":"follow","max-snippet":"max-snippet:-1","max-image-preview":"max-image-preview:large","max-video-preview":"max-video-preview:-1"},"canonical":"https:\/\/www.vydence.com\/pt-br\/cabelo-branco-masculino\/","og_locale":"pt_BR","og_type":"article","og_title":"Cabelo branco masculino: tudo o que voc\u00ea precisa saber","og_description":"O envelhecimento \u00e9 uma das causas naturais para o surgimento do cabelo branco masculino \u2014 e tamb\u00e9m nas mulheres. Acontece que existem outros fatores que podem estimul\u00e1-lo a aparecer de maneira precoce na cabe\u00e7a. Saiba tudo sobre o assunto!","og_url":"https:\/\/www.vydence.com\/pt-br\/cabelo-branco-masculino\/","og_site_name":"VYDENCE","article_publisher":"https:\/\/www.facebook.com\/VYDENCE","article_published_time":"2018-05-11T18:00:55+00:00","og_image":[{"width":1100,"height":728,"url":"https:\/\/www.vydence.com\/wp-content\/uploads\/2018\/05\/cabelo-branco-masculino.png","type":"image\/png"}],"author":"admin","twitter_card":"summary_large_image","twitter_misc":{"Escrito por":"admin","Est. tempo de leitura":"3 minutos"},"schema":{"@context":"https:\/\/schema.org","@graph":[{"@type":"Article","@id":"https:\/\/www.vydence.com\/pt-br\/cabelo-branco-masculino\/#article","isPartOf":{"@id":"https:\/\/www.vydence.com\/pt-br\/cabelo-branco-masculino\/"},"author":{"name":"admin","@id":"https:\/\/www.vydence.com\/pt-br\/#\/schema\/person\/d07e11658f9624d2d5344c62489f5fed"},"headline":"Cabelo branco masculino: tudo o que voc\u00ea precisa saber","datePublished":"2018-05-11T18:00:55+00:00","mainEntityOfPage":{"@id":"https:\/\/www.vydence.com\/pt-br\/cabelo-branco-masculino\/"},"wordCount":582,"commentCount":0,"publisher":{"@id":"https:\/\/www.vydence.com\/pt-br\/#organization"},"image":{"@id":"https:\/\/www.vydence.com\/pt-br\/cabelo-branco-masculino\/#primaryimage"},"thumbnailUrl":"https:\/\/www.vydence.com\/wp-content\/uploads\/2018\/05\/cabelo-branco-masculino.png","keywords":["cabelo branco"],"articleSection":["Moda e beleza"],"inLanguage":"pt-BR","potentialAction":[{"@type":"CommentAction","name":"Comment","target":["https:\/\/www.vydence.com\/pt-br\/cabelo-branco-masculino\/#respond"]}]},{"@type":"WebPage","@id":"https:\/\/www.vydence.com\/pt-br\/cabelo-branco-masculino\/","url":"https:\/\/www.vydence.com\/pt-br\/cabelo-branco-masculino\/","name":"Cabelo branco masculino: tudo o que voc\u00ea precisa saber","isPartOf":{"@id":"https:\/\/www.vydence.com\/pt-br\/#website"},"primaryImageOfPage":{"@id":"https:\/\/www.vydence.com\/pt-br\/cabelo-branco-masculino\/#primaryimage"},"image":{"@id":"https:\/\/www.vydence.com\/pt-br\/cabelo-branco-masculino\/#primaryimage"},"thumbnailUrl":"https:\/\/www.vydence.com\/wp-content\/uploads\/2018\/05\/cabelo-branco-masculino.png","datePublished":"2018-05-11T18:00:55+00:00","description":"O envelhecimento \u00e9 uma das causas naturais para o surgimento do cabelo branco masculino \u2014 e tamb\u00e9m nas mulheres. Acontece que existem outros fatores que podem estimul\u00e1-lo a aparecer de maneira precoce na cabe\u00e7a. Saiba tudo sobre o assunto!","breadcrumb":{"@id":"https:\/\/www.vydence.com\/pt-br\/cabelo-branco-masculino\/#breadcrumb"},"inLanguage":"pt-BR","potentialAction":[{"@type":"ReadAction","target":["https:\/\/www.vydence.com\/pt-br\/cabelo-branco-masculino\/"]}]},{"@type":"ImageObject","inLanguage":"pt-BR","@id":"https:\/\/www.vydence.com\/pt-br\/cabelo-branco-masculino\/#primaryimage","url":"https:\/\/www.vydence.com\/wp-content\/uploads\/2018\/05\/cabelo-branco-masculino.png","contentUrl":"https:\/\/www.vydence.com\/wp-content\/uploads\/2018\/05\/cabelo-branco-masculino.png","width":1100,"height":728,"caption":"Tudo sobre cabelo branco masculino"},{"@type":"BreadcrumbList","@id":"https:\/\/www.vydence.com\/pt-br\/cabelo-branco-masculino\/#breadcrumb","itemListElement":[{"@type":"ListItem","position":1,"name":"In\u00edcio","item":"https:\/\/www.vydence.com\/pt-br\/"},{"@type":"ListItem","position":2,"name":"Cabelo branco masculino: tudo o que voc\u00ea precisa saber"}]},{"@type":"WebSite","@id":"https:\/\/www.vydence.com\/pt-br\/#website","url":"https:\/\/www.vydence.com\/pt-br\/","name":"VYDENCE","description":"","publisher":{"@id":"https:\/\/www.vydence.com\/pt-br\/#organization"},"potentialAction":[{"@type":"SearchAction","target":{"@type":"EntryPoint","urlTemplate":"https:\/\/www.vydence.com\/pt-br\/?s={search_term_string}"},"query-input":{"@type":"PropertyValueSpecification","valueRequired":true,"valueName":"search_term_string"}}],"inLanguage":"pt-BR"},{"@type":"Organization","@id":"https:\/\/www.vydence.com\/pt-br\/#organization","name":"VYDENCE","url":"https:\/\/www.vydence.com\/pt-br\/","logo":{"@type":"ImageObject","inLanguage":"pt-BR","@id":"https:\/\/www.vydence.com\/pt-br\/#\/schema\/logo\/image\/","url":"https:\/\/www.vydence.com\/wp-content\/uploads\/2024\/11\/Logo.svg","contentUrl":"https:\/\/www.vydence.com\/wp-content\/uploads\/2024\/11\/Logo.svg","width":149,"height":40,"caption":"VYDENCE"},"image":{"@id":"https:\/\/www.vydence.com\/pt-br\/#\/schema\/logo\/image\/"},"sameAs":["https:\/\/www.facebook.com\/VYDENCE"]},{"@type":"Person","@id":"https:\/\/www.vydence.com\/pt-br\/#\/schema\/person\/d07e11658f9624d2d5344c62489f5fed","name":"admin","image":{"@type":"ImageObject","inLanguage":"pt-BR","@id":"https:\/\/secure.gravatar.com\/avatar\/1625555f260264654c853a64f2eddfbd5d054ef40597af8b97dc8461ef04e355?s=96&d=mm&r=g","url":"https:\/\/secure.gravatar.com\/avatar\/1625555f260264654c853a64f2eddfbd5d054ef40597af8b97dc8461ef04e355?s=96&d=mm&r=g","contentUrl":"https:\/\/secure.gravatar.com\/avatar\/1625555f260264654c853a64f2eddfbd5d054ef40597af8b97dc8461ef04e355?s=96&d=mm&r=g","caption":"admin"},"sameAs":["https:\/\/www.vydence.com"],"url":"https:\/\/www.vydence.com\/pt-br\/author\/ericknc\/"}]}},"_links":{"self":[{"href":"https:\/\/www.vydence.com\/pt-br\/wp-json\/wp\/v2\/posts\/19467","targetHints":{"allow":["GET"]}}],"collection":[{"href":"https:\/\/www.vydence.com\/pt-br\/wp-json\/wp\/v2\/posts"}],"about":[{"href":"https:\/\/www.vydence.com\/pt-br\/wp-json\/wp\/v2\/types\/post"}],"author":[{"embeddable":true,"href":"https:\/\/www.vydence.com\/pt-br\/wp-json\/wp\/v2\/users\/1"}],"replies":[{"embeddable":true,"href":"https:\/\/www.vydence.com\/pt-br\/wp-json\/wp\/v2\/comments?post=19467"}],"version-history":[{"count":0,"href":"https:\/\/www.vydence.com\/pt-br\/wp-json\/wp\/v2\/posts\/19467\/revisions"}],"wp:featuredmedia":[{"embeddable":true,"href":"https:\/\/www.vydence.com\/pt-br\/wp-json\/wp\/v2\/media\/76"}],"wp:attachment":[{"href":"https:\/\/www.vydence.com\/pt-br\/wp-json\/wp\/v2\/media?parent=19467"}],"wp:term":[{"taxonomy":"category","embeddable":true,"href":"https:\/\/www.vydence.com\/pt-br\/wp-json\/wp\/v2\/categories?post=19467"},{"taxonomy":"post_tag","embeddable":true,"href":"https:\/\/www.vydence.com\/pt-br\/wp-json\/wp\/v2\/tags?post=19467"}],"curies":[{"name":"wp","href":"https:\/\/api.w.org\/{rel}","templated":true}]}}