{"id":19458,"date":"2018-04-30T16:56:35","date_gmt":"2018-04-30T16:56:35","guid":{"rendered":"http:\/\/www.artasbr.com.br\/?p=71"},"modified":"2018-04-30T16:56:35","modified_gmt":"2018-04-30T16:56:35","slug":"quanto-tempo-demora-para-o-cabelo-crescer","status":"publish","type":"post","link":"https:\/\/www.vydence.com\/pt-br\/quanto-tempo-demora-para-o-cabelo-crescer\/","title":{"rendered":"Quanto tempo demora para o cabelo crescer?"},"content":{"rendered":"<p><span style=\"font-weight: 400;\">Independentemente de voc\u00ea ter percebido um quadro constante de queda de cabelo, o ciclo de vida dos fios \u00e9 similar para todos. At\u00e9 por isso, \u00e9 comum as pessoas se questionarem quanto tempo demora para o cabelo crescer.<\/span><\/p>\n<p><span style=\"font-weight: 400;\">E a resposta para isso, embora seja parecida para homens e mulheres, crian\u00e7as ou adultos, \u00e9 influenciada por uma s\u00e9rie de fatores. Confira ao longo deste post.<\/span><\/p>\n<h2><span style=\"font-weight: 400;\">Afinal, quanto tempo demora para o cabelo crescer?<\/span><\/h2>\n<p><span style=\"font-weight: 400;\">O comprimento pode variar, mas os profissionais entram em consenso quando a quest\u00e3o gira em torno de quanto tempo demora para o cabelo crescer: uma m\u00e9dia de um cent\u00edmetro por m\u00eas. E, em um ano, essa m\u00e9dia pode chegar a at\u00e9 15 cent\u00edmetros.<\/span><\/p>\n<p><span style=\"font-weight: 400;\">Para tanto, o processo \u00e9 formado pelo nascimento de cada fio dentro de uma estrutura tubular conhecida como fol\u00edculo pilos. E \u00e9 na extremidade interna dele que fica a raiz dos cabelo, que empurra-o para a parte externa do couro cabeludo \u00e0 medida que os fios crescem.<\/span><\/p>\n<h2><span style=\"font-weight: 400;\">Quais fatores contribuem para o cabelo crescer?<\/span><\/h2>\n<p><span style=\"font-weight: 400;\">A velocidade desse crescimento \u00e9 afetada por fatores internos e externos, embora o desenvolvimento dos fios seja constante, ou seja, n\u00e3o h\u00e1 pausa no crescimento <\/span><span style=\"font-weight: 400;\">\u2014<\/span><span style=\"font-weight: 400;\"> independente do est\u00e1gio em que estiverem os fios, seu ciclo de vida ou dos quadros cl\u00ednicos associados \u00e0 queda <\/span><span style=\"font-weight: 400;\">\u2014<\/span><span style=\"font-weight: 400;\"> mas sim uma mudan\u00e7a na velocidade.<\/span><\/p>\n<h3><span style=\"font-weight: 400;\">Entre os principais, podemos destacar os seguintes:<\/span><\/h3>\n<ul>\n<li style=\"font-weight: 400;\"><span style=\"font-weight: 400;\">O metabolismo de cada indiv\u00edduo;<\/span><\/li>\n<li style=\"font-weight: 400;\"><span style=\"font-weight: 400;\">H\u00e1bitos de alimenta\u00e7\u00e3o cujos nutrientes contribuam com o fortalecimento e estimulem o crescimento dos fios, como o mangan\u00eas, \u00e1cidos graxos e o \u00f4mega-6, encontrados no feij\u00e3o de soja, na cenoura, em verduras, na gema do ovo e em sementes de linha\u00e7a, entre outros;<\/span><\/li>\n<li style=\"font-weight: 400;\"><span style=\"font-weight: 400;\">A gen\u00e9tica \u00e9 um bom motivo influenciador. Verifique a velocidade do crescimento dos fios de seus pais, por exemplo;<\/span><\/li>\n<li style=\"font-weight: 400;\"><span style=\"font-weight: 400;\">As esta\u00e7\u00f5es do ano podem influenciar, pois o inverno \u00e9 uma \u00e9poca que prejudica o crescimento e o fortalecimento dos fios \u2014 eles crescem mais no ver\u00e3o, por sua vez;<\/span><\/li>\n<li style=\"font-weight: 400;\"><span style=\"font-weight: 400;\">Os horm\u00f4nios tamb\u00e9m impactam. Ap\u00f3s a gravidez fica dif\u00edcil precisar quanto tempo demora para o cabelo crescer, j\u00e1 que \u00e9 um per\u00edodo de instabilidade que interfere nesse tempo;<\/span><\/li>\n<li style=\"font-weight: 400;\"><span style=\"font-weight: 400;\">Os tipos de cabelo, por fim, tamb\u00e9m est\u00e3o associados em quanto tempo demora para o cabelo crescer. Os fios mais lisos tendem a crescer mais r\u00e1pido do que os encaracolados.<\/span><\/li>\n<\/ul>\n<p><span style=\"font-weight: 400;\">Por isso, deixe de associar o crescimento dos fios \u00e0s fases da lua para tirar o volume dos fios, ou t\u00ea-los mais pesados. S\u00e3o mitos e que nada influenciam no tempo de demora para o cabelo crescer.<\/span><\/p>\n<h2><span style=\"font-weight: 400;\">Quando avaliar a consulta com um especialista?<\/span><\/h2>\n<p><span style=\"font-weight: 400;\">Como vimos, o cabelo cresce independentemente da quantidade de fios que voc\u00ea percebe que caem ao longo do dia. Se voc\u00ea perceber um fluxo incomum de crescimento ou excesso de queda, \u00e9 fundamental buscar aux\u00edlio com um dermatologista para avaliar a melhor estrat\u00e9gia para controlar o problema. <\/span><\/p>\n<ul>\n<li style=\"font-weight: 400;\"><span style=\"font-weight: 400;\">Analise se os <a href=\"http:\/\/www.tratamentosalaser.com.br\/queda-de-cabelo-causas-mais-comuns\/\">cabelos caem<\/a> em demasia, especialmente, pela manh\u00e3, verificando a quantidade de fios sobre os len\u00e7\u00f3is e travesseiro;<\/span><\/li>\n<li style=\"font-weight: 400;\"><span style=\"font-weight: 400;\">Verifique se o cabelo ficou mais ralo e fraco, e sem o surgimento de novos fios.<\/span><\/li>\n<\/ul>\n<p><span style=\"font-weight: 400;\">Caso voc\u00ea esteja vivendo essa situa\u00e7\u00e3o, consulte o especialista de sua confian\u00e7a e avalie o melhor tratamento. Enquanto isso, n\u00e3o deixe de <\/span><a href=\"https:\/\/www.instagram.com\/artasbrasil\/\"><span style=\"font-weight: 400;\">curtir o nosso blog no Instagram<\/span><\/a><span style=\"font-weight: 400;\"> para ficar sempre por dentro de nossas dicas e novidades para controlar a queda de cabelos e fortalec\u00ea-los!<\/span><\/p>\n","protected":false},"excerpt":{"rendered":"<p>Independentemente de voc\u00ea ter percebido um quadro constante de queda de cabelo, o ciclo de vida dos fios \u00e9 similar para todos. At\u00e9 por isso, \u00e9 comum as pessoas se questionarem quanto tempo demora para o cabelo crescer. E a resposta para isso, embora seja parecida para homens e mulheres, crian\u00e7as ou adultos, \u00e9 influenciada [&hellip;]<\/p>\n","protected":false},"author":1,"featured_media":19233,"comment_status":"open","ping_status":"open","sticky":false,"template":"","format":"standard","meta":{"_et_pb_use_builder":"","_et_pb_old_content":"","_et_gb_content_width":"","inline_featured_image":false,"footnotes":""},"categories":[123,125],"tags":[121,122,139],"class_list":["post-19458","post","type-post","status-publish","format-standard","has-post-thumbnail","hentry","category-transplante-capilar","category-tricologia","tag-artas","tag-calvicie","tag-queda-de-cabelo"],"yoast_head":"<!-- This site is optimized with the Yoast SEO Premium plugin v27.1 (Yoast SEO v27.4) - https:\/\/yoast.com\/product\/yoast-seo-premium-wordpress\/ -->\n<title>Quanto tempo demora para o cabelo crescer? - VYDENCE<\/title>\n<meta name=\"description\" content=\"Voc\u00ea tem se perguntado quanto tempo demora para o cabelo crescer? Saiba que essa \u00e9 uma d\u00favida muito comum! Explicamos tudo sobre o per\u00edodo de crescimento dos cabelos e os fatores que favorecem seu desenvolvimento. Saiba no artigo\" \/>\n<meta name=\"robots\" content=\"index, follow, max-snippet:-1, max-image-preview:large, max-video-preview:-1\" \/>\n<link rel=\"canonical\" href=\"https:\/\/www.vydence.com\/pt-br\/quanto-tempo-demora-para-o-cabelo-crescer\/\" \/>\n<meta property=\"og:locale\" content=\"pt_BR\" \/>\n<meta property=\"og:type\" content=\"article\" \/>\n<meta property=\"og:title\" content=\"Quanto tempo demora para o cabelo crescer?\" \/>\n<meta property=\"og:description\" content=\"Voc\u00ea tem se perguntado quanto tempo demora para o cabelo crescer? Saiba que essa \u00e9 uma d\u00favida muito comum! Explicamos tudo sobre o per\u00edodo de crescimento dos cabelos e os fatores que favorecem seu desenvolvimento. Saiba no artigo\" \/>\n<meta property=\"og:url\" content=\"https:\/\/www.vydence.com\/pt-br\/quanto-tempo-demora-para-o-cabelo-crescer\/\" \/>\n<meta property=\"og:site_name\" content=\"VYDENCE\" \/>\n<meta property=\"article:publisher\" content=\"https:\/\/www.facebook.com\/VYDENCE\" \/>\n<meta property=\"article:published_time\" content=\"2018-04-30T16:56:35+00:00\" \/>\n<meta property=\"og:image\" content=\"https:\/\/www.vydence.com\/wp-content\/uploads\/2018\/04\/quanto-tempo-demora-para-o-cabelo-crescer.png\" \/>\n\t<meta property=\"og:image:width\" content=\"1600\" \/>\n\t<meta property=\"og:image:height\" content=\"1067\" \/>\n\t<meta property=\"og:image:type\" content=\"image\/png\" \/>\n<meta name=\"author\" content=\"admin\" \/>\n<meta name=\"twitter:card\" content=\"summary_large_image\" \/>\n<meta name=\"twitter:label1\" content=\"Escrito por\" \/>\n\t<meta name=\"twitter:data1\" content=\"admin\" \/>\n\t<meta name=\"twitter:label2\" content=\"Est. tempo de leitura\" \/>\n\t<meta name=\"twitter:data2\" content=\"3 minutos\" \/>\n<script type=\"application\/ld+json\" class=\"yoast-schema-graph\">{\"@context\":\"https:\\\/\\\/schema.org\",\"@graph\":[{\"@type\":\"Article\",\"@id\":\"https:\\\/\\\/www.vydence.com\\\/pt-br\\\/quanto-tempo-demora-para-o-cabelo-crescer\\\/#article\",\"isPartOf\":{\"@id\":\"https:\\\/\\\/www.vydence.com\\\/pt-br\\\/quanto-tempo-demora-para-o-cabelo-crescer\\\/\"},\"author\":{\"name\":\"admin\",\"@id\":\"https:\\\/\\\/www.vydence.com\\\/pt-br\\\/#\\\/schema\\\/person\\\/d07e11658f9624d2d5344c62489f5fed\"},\"headline\":\"Quanto tempo demora para o cabelo crescer?\",\"datePublished\":\"2018-04-30T16:56:35+00:00\",\"mainEntityOfPage\":{\"@id\":\"https:\\\/\\\/www.vydence.com\\\/pt-br\\\/quanto-tempo-demora-para-o-cabelo-crescer\\\/\"},\"wordCount\":587,\"commentCount\":0,\"publisher\":{\"@id\":\"https:\\\/\\\/www.vydence.com\\\/pt-br\\\/#organization\"},\"image\":{\"@id\":\"https:\\\/\\\/www.vydence.com\\\/pt-br\\\/quanto-tempo-demora-para-o-cabelo-crescer\\\/#primaryimage\"},\"thumbnailUrl\":\"https:\\\/\\\/www.vydence.com\\\/wp-content\\\/uploads\\\/2018\\\/04\\\/quanto-tempo-demora-para-o-cabelo-crescer.png\",\"keywords\":[\"artas\",\"calv\u00edcie\",\"queda de cabelo\"],\"articleSection\":[\"Transplante capilar\",\"Tricologia\"],\"inLanguage\":\"pt-BR\",\"potentialAction\":[{\"@type\":\"CommentAction\",\"name\":\"Comment\",\"target\":[\"https:\\\/\\\/www.vydence.com\\\/pt-br\\\/quanto-tempo-demora-para-o-cabelo-crescer\\\/#respond\"]}]},{\"@type\":\"WebPage\",\"@id\":\"https:\\\/\\\/www.vydence.com\\\/pt-br\\\/quanto-tempo-demora-para-o-cabelo-crescer\\\/\",\"url\":\"https:\\\/\\\/www.vydence.com\\\/pt-br\\\/quanto-tempo-demora-para-o-cabelo-crescer\\\/\",\"name\":\"Quanto tempo demora para o cabelo crescer? - VYDENCE\",\"isPartOf\":{\"@id\":\"https:\\\/\\\/www.vydence.com\\\/pt-br\\\/#website\"},\"primaryImageOfPage\":{\"@id\":\"https:\\\/\\\/www.vydence.com\\\/pt-br\\\/quanto-tempo-demora-para-o-cabelo-crescer\\\/#primaryimage\"},\"image\":{\"@id\":\"https:\\\/\\\/www.vydence.com\\\/pt-br\\\/quanto-tempo-demora-para-o-cabelo-crescer\\\/#primaryimage\"},\"thumbnailUrl\":\"https:\\\/\\\/www.vydence.com\\\/wp-content\\\/uploads\\\/2018\\\/04\\\/quanto-tempo-demora-para-o-cabelo-crescer.png\",\"datePublished\":\"2018-04-30T16:56:35+00:00\",\"description\":\"Voc\u00ea tem se perguntado quanto tempo demora para o cabelo crescer? Saiba que essa \u00e9 uma d\u00favida muito comum! Explicamos tudo sobre o per\u00edodo de crescimento dos cabelos e os fatores que favorecem seu desenvolvimento. Saiba no artigo\",\"breadcrumb\":{\"@id\":\"https:\\\/\\\/www.vydence.com\\\/pt-br\\\/quanto-tempo-demora-para-o-cabelo-crescer\\\/#breadcrumb\"},\"inLanguage\":\"pt-BR\",\"potentialAction\":[{\"@type\":\"ReadAction\",\"target\":[\"https:\\\/\\\/www.vydence.com\\\/pt-br\\\/quanto-tempo-demora-para-o-cabelo-crescer\\\/\"]}]},{\"@type\":\"ImageObject\",\"inLanguage\":\"pt-BR\",\"@id\":\"https:\\\/\\\/www.vydence.com\\\/pt-br\\\/quanto-tempo-demora-para-o-cabelo-crescer\\\/#primaryimage\",\"url\":\"https:\\\/\\\/www.vydence.com\\\/wp-content\\\/uploads\\\/2018\\\/04\\\/quanto-tempo-demora-para-o-cabelo-crescer.png\",\"contentUrl\":\"https:\\\/\\\/www.vydence.com\\\/wp-content\\\/uploads\\\/2018\\\/04\\\/quanto-tempo-demora-para-o-cabelo-crescer.png\",\"width\":1600,\"height\":1067,\"caption\":\"Quanto tempo demora para o cablo crescer?\"},{\"@type\":\"BreadcrumbList\",\"@id\":\"https:\\\/\\\/www.vydence.com\\\/pt-br\\\/quanto-tempo-demora-para-o-cabelo-crescer\\\/#breadcrumb\",\"itemListElement\":[{\"@type\":\"ListItem\",\"position\":1,\"name\":\"In\u00edcio\",\"item\":\"https:\\\/\\\/www.vydence.com\\\/pt-br\\\/\"},{\"@type\":\"ListItem\",\"position\":2,\"name\":\"Quanto tempo demora para o cabelo crescer?\"}]},{\"@type\":\"WebSite\",\"@id\":\"https:\\\/\\\/www.vydence.com\\\/pt-br\\\/#website\",\"url\":\"https:\\\/\\\/www.vydence.com\\\/pt-br\\\/\",\"name\":\"VYDENCE\",\"description\":\"\",\"publisher\":{\"@id\":\"https:\\\/\\\/www.vydence.com\\\/pt-br\\\/#organization\"},\"potentialAction\":[{\"@type\":\"SearchAction\",\"target\":{\"@type\":\"EntryPoint\",\"urlTemplate\":\"https:\\\/\\\/www.vydence.com\\\/pt-br\\\/?s={search_term_string}\"},\"query-input\":{\"@type\":\"PropertyValueSpecification\",\"valueRequired\":true,\"valueName\":\"search_term_string\"}}],\"inLanguage\":\"pt-BR\"},{\"@type\":\"Organization\",\"@id\":\"https:\\\/\\\/www.vydence.com\\\/pt-br\\\/#organization\",\"name\":\"VYDENCE\",\"url\":\"https:\\\/\\\/www.vydence.com\\\/pt-br\\\/\",\"logo\":{\"@type\":\"ImageObject\",\"inLanguage\":\"pt-BR\",\"@id\":\"https:\\\/\\\/www.vydence.com\\\/pt-br\\\/#\\\/schema\\\/logo\\\/image\\\/\",\"url\":\"https:\\\/\\\/www.vydence.com\\\/wp-content\\\/uploads\\\/2024\\\/11\\\/Logo.svg\",\"contentUrl\":\"https:\\\/\\\/www.vydence.com\\\/wp-content\\\/uploads\\\/2024\\\/11\\\/Logo.svg\",\"width\":149,\"height\":40,\"caption\":\"VYDENCE\"},\"image\":{\"@id\":\"https:\\\/\\\/www.vydence.com\\\/pt-br\\\/#\\\/schema\\\/logo\\\/image\\\/\"},\"sameAs\":[\"https:\\\/\\\/www.facebook.com\\\/VYDENCE\"]},{\"@type\":\"Person\",\"@id\":\"https:\\\/\\\/www.vydence.com\\\/pt-br\\\/#\\\/schema\\\/person\\\/d07e11658f9624d2d5344c62489f5fed\",\"name\":\"admin\",\"image\":{\"@type\":\"ImageObject\",\"inLanguage\":\"pt-BR\",\"@id\":\"https:\\\/\\\/secure.gravatar.com\\\/avatar\\\/1625555f260264654c853a64f2eddfbd5d054ef40597af8b97dc8461ef04e355?s=96&d=mm&r=g\",\"url\":\"https:\\\/\\\/secure.gravatar.com\\\/avatar\\\/1625555f260264654c853a64f2eddfbd5d054ef40597af8b97dc8461ef04e355?s=96&d=mm&r=g\",\"contentUrl\":\"https:\\\/\\\/secure.gravatar.com\\\/avatar\\\/1625555f260264654c853a64f2eddfbd5d054ef40597af8b97dc8461ef04e355?s=96&d=mm&r=g\",\"caption\":\"admin\"},\"sameAs\":[\"https:\\\/\\\/www.vydence.com\"],\"url\":\"https:\\\/\\\/www.vydence.com\\\/pt-br\\\/author\\\/ericknc\\\/\"}]}<\/script>\n<!-- \/ Yoast SEO Premium plugin. -->","yoast_head_json":{"title":"Quanto tempo demora para o cabelo crescer? - VYDENCE","description":"Voc\u00ea tem se perguntado quanto tempo demora para o cabelo crescer? Saiba que essa \u00e9 uma d\u00favida muito comum! Explicamos tudo sobre o per\u00edodo de crescimento dos cabelos e os fatores que favorecem seu desenvolvimento. Saiba no artigo","robots":{"index":"index","follow":"follow","max-snippet":"max-snippet:-1","max-image-preview":"max-image-preview:large","max-video-preview":"max-video-preview:-1"},"canonical":"https:\/\/www.vydence.com\/pt-br\/quanto-tempo-demora-para-o-cabelo-crescer\/","og_locale":"pt_BR","og_type":"article","og_title":"Quanto tempo demora para o cabelo crescer?","og_description":"Voc\u00ea tem se perguntado quanto tempo demora para o cabelo crescer? Saiba que essa \u00e9 uma d\u00favida muito comum! Explicamos tudo sobre o per\u00edodo de crescimento dos cabelos e os fatores que favorecem seu desenvolvimento. Saiba no artigo","og_url":"https:\/\/www.vydence.com\/pt-br\/quanto-tempo-demora-para-o-cabelo-crescer\/","og_site_name":"VYDENCE","article_publisher":"https:\/\/www.facebook.com\/VYDENCE","article_published_time":"2018-04-30T16:56:35+00:00","og_image":[{"width":1600,"height":1067,"url":"https:\/\/www.vydence.com\/wp-content\/uploads\/2018\/04\/quanto-tempo-demora-para-o-cabelo-crescer.png","type":"image\/png"}],"author":"admin","twitter_card":"summary_large_image","twitter_misc":{"Escrito por":"admin","Est. tempo de leitura":"3 minutos"},"schema":{"@context":"https:\/\/schema.org","@graph":[{"@type":"Article","@id":"https:\/\/www.vydence.com\/pt-br\/quanto-tempo-demora-para-o-cabelo-crescer\/#article","isPartOf":{"@id":"https:\/\/www.vydence.com\/pt-br\/quanto-tempo-demora-para-o-cabelo-crescer\/"},"author":{"name":"admin","@id":"https:\/\/www.vydence.com\/pt-br\/#\/schema\/person\/d07e11658f9624d2d5344c62489f5fed"},"headline":"Quanto tempo demora para o cabelo crescer?","datePublished":"2018-04-30T16:56:35+00:00","mainEntityOfPage":{"@id":"https:\/\/www.vydence.com\/pt-br\/quanto-tempo-demora-para-o-cabelo-crescer\/"},"wordCount":587,"commentCount":0,"publisher":{"@id":"https:\/\/www.vydence.com\/pt-br\/#organization"},"image":{"@id":"https:\/\/www.vydence.com\/pt-br\/quanto-tempo-demora-para-o-cabelo-crescer\/#primaryimage"},"thumbnailUrl":"https:\/\/www.vydence.com\/wp-content\/uploads\/2018\/04\/quanto-tempo-demora-para-o-cabelo-crescer.png","keywords":["artas","calv\u00edcie","queda de cabelo"],"articleSection":["Transplante capilar","Tricologia"],"inLanguage":"pt-BR","potentialAction":[{"@type":"CommentAction","name":"Comment","target":["https:\/\/www.vydence.com\/pt-br\/quanto-tempo-demora-para-o-cabelo-crescer\/#respond"]}]},{"@type":"WebPage","@id":"https:\/\/www.vydence.com\/pt-br\/quanto-tempo-demora-para-o-cabelo-crescer\/","url":"https:\/\/www.vydence.com\/pt-br\/quanto-tempo-demora-para-o-cabelo-crescer\/","name":"Quanto tempo demora para o cabelo crescer? - VYDENCE","isPartOf":{"@id":"https:\/\/www.vydence.com\/pt-br\/#website"},"primaryImageOfPage":{"@id":"https:\/\/www.vydence.com\/pt-br\/quanto-tempo-demora-para-o-cabelo-crescer\/#primaryimage"},"image":{"@id":"https:\/\/www.vydence.com\/pt-br\/quanto-tempo-demora-para-o-cabelo-crescer\/#primaryimage"},"thumbnailUrl":"https:\/\/www.vydence.com\/wp-content\/uploads\/2018\/04\/quanto-tempo-demora-para-o-cabelo-crescer.png","datePublished":"2018-04-30T16:56:35+00:00","description":"Voc\u00ea tem se perguntado quanto tempo demora para o cabelo crescer? Saiba que essa \u00e9 uma d\u00favida muito comum! Explicamos tudo sobre o per\u00edodo de crescimento dos cabelos e os fatores que favorecem seu desenvolvimento. Saiba no artigo","breadcrumb":{"@id":"https:\/\/www.vydence.com\/pt-br\/quanto-tempo-demora-para-o-cabelo-crescer\/#breadcrumb"},"inLanguage":"pt-BR","potentialAction":[{"@type":"ReadAction","target":["https:\/\/www.vydence.com\/pt-br\/quanto-tempo-demora-para-o-cabelo-crescer\/"]}]},{"@type":"ImageObject","inLanguage":"pt-BR","@id":"https:\/\/www.vydence.com\/pt-br\/quanto-tempo-demora-para-o-cabelo-crescer\/#primaryimage","url":"https:\/\/www.vydence.com\/wp-content\/uploads\/2018\/04\/quanto-tempo-demora-para-o-cabelo-crescer.png","contentUrl":"https:\/\/www.vydence.com\/wp-content\/uploads\/2018\/04\/quanto-tempo-demora-para-o-cabelo-crescer.png","width":1600,"height":1067,"caption":"Quanto tempo demora para o cablo crescer?"},{"@type":"BreadcrumbList","@id":"https:\/\/www.vydence.com\/pt-br\/quanto-tempo-demora-para-o-cabelo-crescer\/#breadcrumb","itemListElement":[{"@type":"ListItem","position":1,"name":"In\u00edcio","item":"https:\/\/www.vydence.com\/pt-br\/"},{"@type":"ListItem","position":2,"name":"Quanto tempo demora para o cabelo crescer?"}]},{"@type":"WebSite","@id":"https:\/\/www.vydence.com\/pt-br\/#website","url":"https:\/\/www.vydence.com\/pt-br\/","name":"VYDENCE","description":"","publisher":{"@id":"https:\/\/www.vydence.com\/pt-br\/#organization"},"potentialAction":[{"@type":"SearchAction","target":{"@type":"EntryPoint","urlTemplate":"https:\/\/www.vydence.com\/pt-br\/?s={search_term_string}"},"query-input":{"@type":"PropertyValueSpecification","valueRequired":true,"valueName":"search_term_string"}}],"inLanguage":"pt-BR"},{"@type":"Organization","@id":"https:\/\/www.vydence.com\/pt-br\/#organization","name":"VYDENCE","url":"https:\/\/www.vydence.com\/pt-br\/","logo":{"@type":"ImageObject","inLanguage":"pt-BR","@id":"https:\/\/www.vydence.com\/pt-br\/#\/schema\/logo\/image\/","url":"https:\/\/www.vydence.com\/wp-content\/uploads\/2024\/11\/Logo.svg","contentUrl":"https:\/\/www.vydence.com\/wp-content\/uploads\/2024\/11\/Logo.svg","width":149,"height":40,"caption":"VYDENCE"},"image":{"@id":"https:\/\/www.vydence.com\/pt-br\/#\/schema\/logo\/image\/"},"sameAs":["https:\/\/www.facebook.com\/VYDENCE"]},{"@type":"Person","@id":"https:\/\/www.vydence.com\/pt-br\/#\/schema\/person\/d07e11658f9624d2d5344c62489f5fed","name":"admin","image":{"@type":"ImageObject","inLanguage":"pt-BR","@id":"https:\/\/secure.gravatar.com\/avatar\/1625555f260264654c853a64f2eddfbd5d054ef40597af8b97dc8461ef04e355?s=96&d=mm&r=g","url":"https:\/\/secure.gravatar.com\/avatar\/1625555f260264654c853a64f2eddfbd5d054ef40597af8b97dc8461ef04e355?s=96&d=mm&r=g","contentUrl":"https:\/\/secure.gravatar.com\/avatar\/1625555f260264654c853a64f2eddfbd5d054ef40597af8b97dc8461ef04e355?s=96&d=mm&r=g","caption":"admin"},"sameAs":["https:\/\/www.vydence.com"],"url":"https:\/\/www.vydence.com\/pt-br\/author\/ericknc\/"}]}},"_links":{"self":[{"href":"https:\/\/www.vydence.com\/pt-br\/wp-json\/wp\/v2\/posts\/19458","targetHints":{"allow":["GET"]}}],"collection":[{"href":"https:\/\/www.vydence.com\/pt-br\/wp-json\/wp\/v2\/posts"}],"about":[{"href":"https:\/\/www.vydence.com\/pt-br\/wp-json\/wp\/v2\/types\/post"}],"author":[{"embeddable":true,"href":"https:\/\/www.vydence.com\/pt-br\/wp-json\/wp\/v2\/users\/1"}],"replies":[{"embeddable":true,"href":"https:\/\/www.vydence.com\/pt-br\/wp-json\/wp\/v2\/comments?post=19458"}],"version-history":[{"count":0,"href":"https:\/\/www.vydence.com\/pt-br\/wp-json\/wp\/v2\/posts\/19458\/revisions"}],"wp:featuredmedia":[{"embeddable":true,"href":"https:\/\/www.vydence.com\/pt-br\/wp-json\/wp\/v2\/media\/19233"}],"wp:attachment":[{"href":"https:\/\/www.vydence.com\/pt-br\/wp-json\/wp\/v2\/media?parent=19458"}],"wp:term":[{"taxonomy":"category","embeddable":true,"href":"https:\/\/www.vydence.com\/pt-br\/wp-json\/wp\/v2\/categories?post=19458"},{"taxonomy":"post_tag","embeddable":true,"href":"https:\/\/www.vydence.com\/pt-br\/wp-json\/wp\/v2\/tags?post=19458"}],"curies":[{"name":"wp","href":"https:\/\/api.w.org\/{rel}","templated":true}]}}