{"id":19454,"date":"2018-04-25T11:35:24","date_gmt":"2018-04-25T11:35:24","guid":{"rendered":"http:\/\/www.artasbr.com.br\/?p=65"},"modified":"2018-04-25T11:35:24","modified_gmt":"2018-04-25T11:35:24","slug":"quantos-fios-de-cabelo-caem-por-dia","status":"publish","type":"post","link":"https:\/\/www.vydence.com\/pt-br\/quantos-fios-de-cabelo-caem-por-dia\/","title":{"rendered":"Quantos fios de cabelo caem por dia?"},"content":{"rendered":"<p><span style=\"font-weight: 400;\">Voc\u00ea sabe <\/span><b>quantos fios caem por dia<\/b><span style=\"font-weight: 400;\"> e qual \u00e9 a quantidade que podemos considerar anormal antes de pensar em procurar por um dermatologista? Acredite: essa \u00e9 uma d\u00favida comum e que levanta uma s\u00e9rie de temores nas pessoas, quando reparam que a queda parece descontrolada.<\/span><\/p>\n<p><span style=\"font-weight: 400;\">Por isso, neste post n\u00f3s vamos tra\u00e7ar um limite de quantos fios caem por dia, em m\u00e9dia, e destacar como proceder quando voc\u00ea percebeu que esse limite foi ultrapassado. Acompanhe-nos ao longo desta leitura!<\/span><\/p>\n<h2><span style=\"font-weight: 400;\">Afinal, quantos fios de cabelo caem por dia?<\/span><\/h2>\n<p><span style=\"font-weight: 400;\">J\u00e1 mencionamos em outro artigo que todo fio de cabelo responde a um ciclo natural. Trata-se de um processo cont\u00ednuo de renova\u00e7\u00e3o dos pelos corporais \u2014 inclusive, dos cabelos \u2014 e que n\u00e3o deve servir de alarme para as pessoas.<\/span><\/p>\n<p><span style=\"font-weight: 400;\">Por isso, existe um c\u00e1lculo que aponta uma m\u00e9dia de quantos fios de cabelo caem por dia: de 50 a 100 fios, aproximadamente. S\u00f3 que esse apontamento tamb\u00e9m pode variar, pois <\/span><a href=\"http:\/\/www.tratamentosalaser.com.br\/queda-de-cabelo-causas-mais-comuns\/\"><span style=\"font-weight: 400;\">existem fatores que interferem direta ou indiretamente nesse n\u00famero<\/span><\/a><span style=\"font-weight: 400;\">. <\/span><\/p>\n<p><span style=\"font-weight: 400;\">Por exemplo: em algumas \u00e9pocas do ano \u00e9 prov\u00e1vel que esse valor chegue a at\u00e9 250 fios \u2014 ou mesmo quando tomamos, sucessivamente, muitos banhos com a \u00e1gua demasiadamente quente.<\/span><\/p>\n<p><span style=\"font-weight: 400;\">Por isso, se voc\u00ea notou que mais fios apareceram na escova de cabelos ou sobre a fronha e len\u00e7ol, da noite para o dia, o alarde n\u00e3o deve ser imediato. Por sua vez, avalie por mais tempo se a queda de cabelos persiste e, s\u00f3 ent\u00e3o, considere a avalia\u00e7\u00e3o de um profissional.<\/span><\/p>\n<h2><span style=\"font-weight: 400;\">Como saber se caem mais fios do que o aceit\u00e1vel?<\/span><\/h2>\n<p><span style=\"font-weight: 400;\">Claro que voc\u00ea n\u00e3o precisa saber, exatamente, quantos fios de cabelo caem por dia colhendo-os, um a um, para uma contagem antes de dormir. No entanto, fa\u00e7a aquilo que destacamos anteriormente: avalie, ao longo de um per\u00edodo (um m\u00eas, por exemplo), se a quantidade de fios na escova de cabelos aumentou e se, ap\u00f3s uma noite de sono, mais fios est\u00e3o espalhados pelos len\u00e7\u00f3is e fronha.<\/span><\/p>\n<p><span style=\"font-weight: 400;\">A perda excessiva se destaca por diminuir o volume de cabelos tamb\u00e9m, mas para isso ser percebido leva mais tempo. \u00c9 por isso que uma avalia\u00e7\u00e3o mais cautelosa deve ser realizada, evitando que voc\u00ea entre em p\u00e2nico desnecessariamente.<\/span><\/p>\n<p><span style=\"font-weight: 400;\">Al\u00e9m disso, a queda de cabelos costuma passar por um processo em 3 n\u00edveis:<\/span><\/p>\n<ul>\n<li style=\"font-weight: 400;\"><span style=\"font-weight: 400;\">O primeiro consiste no afinamento do fio de cabelo \u2014 mais comumente na parte superior da cabe\u00e7a;<\/span><\/li>\n<li style=\"font-weight: 400;\"><span style=\"font-weight: 400;\">O segundo momento \u00e9 notado quando o fio se torna t\u00e3o fino que o couro cabeludo se torna mais vis\u00edvel;<\/span><\/li>\n<li style=\"font-weight: 400;\"><span style=\"font-weight: 400;\">O terceiro momento \u00e9 de fios de cabelo mais quebradi\u00e7os e um aumento percept\u00edvel na queda.<\/span><\/li>\n<\/ul>\n<p><span style=\"font-weight: 400;\">S\u00f3 que os motivos para a queda de cabelo s\u00e3o muito variados, podendo ir da defici\u00eancia nutricional e alimenta\u00e7\u00e3o desregulada ao estresse e at\u00e9 mesmo a heran\u00e7a gen\u00e9tica, entre outros fatores. Por isso, caso voc\u00ea tenha percebido quantos fios de cabelo caem por dia dia \u2014 e se alarmou com a quantidade \u2014, n\u00e3o hesite em procurar por um especialista que vai ajudar a identificar as causas e, assim, apontar o tratamento mais adequado para voc\u00ea.<\/span><\/p>\n<p><span style=\"font-weight: 400;\">E, por enquanto, que tal descobrir <\/span><a href=\"http:\/\/www.tratamentosalaser.com.br\/efluvio-telogeno\/\"><span style=\"font-weight: 400;\">o que \u00e9 o efl\u00favio tel\u00f3geno<\/span><\/a><span style=\"font-weight: 400;\"> e entender se voc\u00ea est\u00e1 passando por esse tipo de problema capilar? Assim, voc\u00ea consegue tra\u00e7ar um perfil mais enriquecedor de sua situa\u00e7\u00e3o para dialogar com o m\u00e9dico de sua confian\u00e7a!<\/span><\/p>\n","protected":false},"excerpt":{"rendered":"<p>Voc\u00ea sabe quantos fios caem por dia e qual \u00e9 a quantidade que podemos considerar anormal antes de pensar em procurar por um dermatologista? Acredite: essa \u00e9 uma d\u00favida comum e que levanta uma s\u00e9rie de temores nas pessoas, quando reparam que a queda parece descontrolada. Por isso, neste post n\u00f3s vamos tra\u00e7ar um limite [&hellip;]<\/p>\n","protected":false},"author":1,"featured_media":66,"comment_status":"open","ping_status":"open","sticky":false,"template":"","format":"standard","meta":{"_et_pb_use_builder":"","_et_pb_old_content":"","_et_gb_content_width":"","inline_featured_image":false,"footnotes":""},"categories":[123,125],"tags":[121,139],"class_list":["post-19454","post","type-post","status-publish","format-standard","has-post-thumbnail","hentry","category-transplante-capilar","category-tricologia","tag-artas","tag-queda-de-cabelo"],"yoast_head":"<!-- This site is optimized with the Yoast SEO Premium plugin v27.1 (Yoast SEO v27.4) - https:\/\/yoast.com\/product\/yoast-seo-premium-wordpress\/ -->\n<title>Quantos fios de cabelo caem por dia? - VYDENCE<\/title>\n<meta name=\"description\" content=\"Voc\u00ea sabia que existe uma quantidade saud\u00e1vel para a queda de cabelo di\u00e1ria? Saiba quantos fios de cabelo caem por dia e entenda os fatores que afetam essa condi\u00e7\u00e3o\" \/>\n<meta name=\"robots\" content=\"index, follow, max-snippet:-1, max-image-preview:large, max-video-preview:-1\" \/>\n<link rel=\"canonical\" href=\"https:\/\/www.vydence.com\/pt-br\/quantos-fios-de-cabelo-caem-por-dia\/\" \/>\n<meta property=\"og:locale\" content=\"pt_BR\" \/>\n<meta property=\"og:type\" content=\"article\" \/>\n<meta property=\"og:title\" content=\"Quantos fios de cabelo caem por dia?\" \/>\n<meta property=\"og:description\" content=\"Voc\u00ea sabia que existe uma quantidade saud\u00e1vel para a queda de cabelo di\u00e1ria? Saiba quantos fios de cabelo caem por dia e entenda os fatores que afetam essa condi\u00e7\u00e3o\" \/>\n<meta property=\"og:url\" content=\"https:\/\/www.vydence.com\/pt-br\/quantos-fios-de-cabelo-caem-por-dia\/\" \/>\n<meta property=\"og:site_name\" content=\"VYDENCE\" \/>\n<meta property=\"article:publisher\" content=\"https:\/\/www.facebook.com\/VYDENCE\" \/>\n<meta property=\"article:published_time\" content=\"2018-04-25T11:35:24+00:00\" \/>\n<meta property=\"og:image\" content=\"https:\/\/www.vydence.com\/wp-content\/uploads\/2018\/04\/quantos-fios-de-cabelo-caem-por-dia.png\" \/>\n\t<meta property=\"og:image:width\" content=\"1449\" \/>\n\t<meta property=\"og:image:height\" content=\"1017\" \/>\n\t<meta property=\"og:image:type\" content=\"image\/png\" \/>\n<meta name=\"author\" content=\"admin\" \/>\n<meta name=\"twitter:card\" content=\"summary_large_image\" \/>\n<meta name=\"twitter:label1\" content=\"Escrito por\" \/>\n\t<meta name=\"twitter:data1\" content=\"admin\" \/>\n\t<meta name=\"twitter:label2\" content=\"Est. tempo de leitura\" \/>\n\t<meta name=\"twitter:data2\" content=\"3 minutos\" \/>\n<script type=\"application\/ld+json\" class=\"yoast-schema-graph\">{\"@context\":\"https:\\\/\\\/schema.org\",\"@graph\":[{\"@type\":\"Article\",\"@id\":\"https:\\\/\\\/www.vydence.com\\\/pt-br\\\/quantos-fios-de-cabelo-caem-por-dia\\\/#article\",\"isPartOf\":{\"@id\":\"https:\\\/\\\/www.vydence.com\\\/pt-br\\\/quantos-fios-de-cabelo-caem-por-dia\\\/\"},\"author\":{\"name\":\"admin\",\"@id\":\"https:\\\/\\\/www.vydence.com\\\/pt-br\\\/#\\\/schema\\\/person\\\/d07e11658f9624d2d5344c62489f5fed\"},\"headline\":\"Quantos fios de cabelo caem por dia?\",\"datePublished\":\"2018-04-25T11:35:24+00:00\",\"mainEntityOfPage\":{\"@id\":\"https:\\\/\\\/www.vydence.com\\\/pt-br\\\/quantos-fios-de-cabelo-caem-por-dia\\\/\"},\"wordCount\":587,\"commentCount\":0,\"publisher\":{\"@id\":\"https:\\\/\\\/www.vydence.com\\\/pt-br\\\/#organization\"},\"image\":{\"@id\":\"https:\\\/\\\/www.vydence.com\\\/pt-br\\\/quantos-fios-de-cabelo-caem-por-dia\\\/#primaryimage\"},\"thumbnailUrl\":\"https:\\\/\\\/www.vydence.com\\\/wp-content\\\/uploads\\\/2018\\\/04\\\/quantos-fios-de-cabelo-caem-por-dia.png\",\"keywords\":[\"artas\",\"queda de cabelo\"],\"articleSection\":[\"Transplante capilar\",\"Tricologia\"],\"inLanguage\":\"pt-BR\",\"potentialAction\":[{\"@type\":\"CommentAction\",\"name\":\"Comment\",\"target\":[\"https:\\\/\\\/www.vydence.com\\\/pt-br\\\/quantos-fios-de-cabelo-caem-por-dia\\\/#respond\"]}]},{\"@type\":\"WebPage\",\"@id\":\"https:\\\/\\\/www.vydence.com\\\/pt-br\\\/quantos-fios-de-cabelo-caem-por-dia\\\/\",\"url\":\"https:\\\/\\\/www.vydence.com\\\/pt-br\\\/quantos-fios-de-cabelo-caem-por-dia\\\/\",\"name\":\"Quantos fios de cabelo caem por dia? - VYDENCE\",\"isPartOf\":{\"@id\":\"https:\\\/\\\/www.vydence.com\\\/pt-br\\\/#website\"},\"primaryImageOfPage\":{\"@id\":\"https:\\\/\\\/www.vydence.com\\\/pt-br\\\/quantos-fios-de-cabelo-caem-por-dia\\\/#primaryimage\"},\"image\":{\"@id\":\"https:\\\/\\\/www.vydence.com\\\/pt-br\\\/quantos-fios-de-cabelo-caem-por-dia\\\/#primaryimage\"},\"thumbnailUrl\":\"https:\\\/\\\/www.vydence.com\\\/wp-content\\\/uploads\\\/2018\\\/04\\\/quantos-fios-de-cabelo-caem-por-dia.png\",\"datePublished\":\"2018-04-25T11:35:24+00:00\",\"description\":\"Voc\u00ea sabia que existe uma quantidade saud\u00e1vel para a queda de cabelo di\u00e1ria? Saiba quantos fios de cabelo caem por dia e entenda os fatores que afetam essa condi\u00e7\u00e3o\",\"breadcrumb\":{\"@id\":\"https:\\\/\\\/www.vydence.com\\\/pt-br\\\/quantos-fios-de-cabelo-caem-por-dia\\\/#breadcrumb\"},\"inLanguage\":\"pt-BR\",\"potentialAction\":[{\"@type\":\"ReadAction\",\"target\":[\"https:\\\/\\\/www.vydence.com\\\/pt-br\\\/quantos-fios-de-cabelo-caem-por-dia\\\/\"]}]},{\"@type\":\"ImageObject\",\"inLanguage\":\"pt-BR\",\"@id\":\"https:\\\/\\\/www.vydence.com\\\/pt-br\\\/quantos-fios-de-cabelo-caem-por-dia\\\/#primaryimage\",\"url\":\"https:\\\/\\\/www.vydence.com\\\/wp-content\\\/uploads\\\/2018\\\/04\\\/quantos-fios-de-cabelo-caem-por-dia.png\",\"contentUrl\":\"https:\\\/\\\/www.vydence.com\\\/wp-content\\\/uploads\\\/2018\\\/04\\\/quantos-fios-de-cabelo-caem-por-dia.png\",\"width\":1449,\"height\":1017,\"caption\":\"Quantos fios de cabelo caem por dia?\"},{\"@type\":\"BreadcrumbList\",\"@id\":\"https:\\\/\\\/www.vydence.com\\\/pt-br\\\/quantos-fios-de-cabelo-caem-por-dia\\\/#breadcrumb\",\"itemListElement\":[{\"@type\":\"ListItem\",\"position\":1,\"name\":\"In\u00edcio\",\"item\":\"https:\\\/\\\/www.vydence.com\\\/pt-br\\\/\"},{\"@type\":\"ListItem\",\"position\":2,\"name\":\"Quantos fios de cabelo caem por dia?\"}]},{\"@type\":\"WebSite\",\"@id\":\"https:\\\/\\\/www.vydence.com\\\/pt-br\\\/#website\",\"url\":\"https:\\\/\\\/www.vydence.com\\\/pt-br\\\/\",\"name\":\"VYDENCE\",\"description\":\"\",\"publisher\":{\"@id\":\"https:\\\/\\\/www.vydence.com\\\/pt-br\\\/#organization\"},\"potentialAction\":[{\"@type\":\"SearchAction\",\"target\":{\"@type\":\"EntryPoint\",\"urlTemplate\":\"https:\\\/\\\/www.vydence.com\\\/pt-br\\\/?s={search_term_string}\"},\"query-input\":{\"@type\":\"PropertyValueSpecification\",\"valueRequired\":true,\"valueName\":\"search_term_string\"}}],\"inLanguage\":\"pt-BR\"},{\"@type\":\"Organization\",\"@id\":\"https:\\\/\\\/www.vydence.com\\\/pt-br\\\/#organization\",\"name\":\"VYDENCE\",\"url\":\"https:\\\/\\\/www.vydence.com\\\/pt-br\\\/\",\"logo\":{\"@type\":\"ImageObject\",\"inLanguage\":\"pt-BR\",\"@id\":\"https:\\\/\\\/www.vydence.com\\\/pt-br\\\/#\\\/schema\\\/logo\\\/image\\\/\",\"url\":\"https:\\\/\\\/www.vydence.com\\\/wp-content\\\/uploads\\\/2024\\\/11\\\/Logo.svg\",\"contentUrl\":\"https:\\\/\\\/www.vydence.com\\\/wp-content\\\/uploads\\\/2024\\\/11\\\/Logo.svg\",\"width\":149,\"height\":40,\"caption\":\"VYDENCE\"},\"image\":{\"@id\":\"https:\\\/\\\/www.vydence.com\\\/pt-br\\\/#\\\/schema\\\/logo\\\/image\\\/\"},\"sameAs\":[\"https:\\\/\\\/www.facebook.com\\\/VYDENCE\"]},{\"@type\":\"Person\",\"@id\":\"https:\\\/\\\/www.vydence.com\\\/pt-br\\\/#\\\/schema\\\/person\\\/d07e11658f9624d2d5344c62489f5fed\",\"name\":\"admin\",\"image\":{\"@type\":\"ImageObject\",\"inLanguage\":\"pt-BR\",\"@id\":\"https:\\\/\\\/secure.gravatar.com\\\/avatar\\\/1625555f260264654c853a64f2eddfbd5d054ef40597af8b97dc8461ef04e355?s=96&d=mm&r=g\",\"url\":\"https:\\\/\\\/secure.gravatar.com\\\/avatar\\\/1625555f260264654c853a64f2eddfbd5d054ef40597af8b97dc8461ef04e355?s=96&d=mm&r=g\",\"contentUrl\":\"https:\\\/\\\/secure.gravatar.com\\\/avatar\\\/1625555f260264654c853a64f2eddfbd5d054ef40597af8b97dc8461ef04e355?s=96&d=mm&r=g\",\"caption\":\"admin\"},\"sameAs\":[\"https:\\\/\\\/www.vydence.com\"],\"url\":\"https:\\\/\\\/www.vydence.com\\\/pt-br\\\/author\\\/ericknc\\\/\"}]}<\/script>\n<!-- \/ Yoast SEO Premium plugin. -->","yoast_head_json":{"title":"Quantos fios de cabelo caem por dia? - VYDENCE","description":"Voc\u00ea sabia que existe uma quantidade saud\u00e1vel para a queda de cabelo di\u00e1ria? Saiba quantos fios de cabelo caem por dia e entenda os fatores que afetam essa condi\u00e7\u00e3o","robots":{"index":"index","follow":"follow","max-snippet":"max-snippet:-1","max-image-preview":"max-image-preview:large","max-video-preview":"max-video-preview:-1"},"canonical":"https:\/\/www.vydence.com\/pt-br\/quantos-fios-de-cabelo-caem-por-dia\/","og_locale":"pt_BR","og_type":"article","og_title":"Quantos fios de cabelo caem por dia?","og_description":"Voc\u00ea sabia que existe uma quantidade saud\u00e1vel para a queda de cabelo di\u00e1ria? Saiba quantos fios de cabelo caem por dia e entenda os fatores que afetam essa condi\u00e7\u00e3o","og_url":"https:\/\/www.vydence.com\/pt-br\/quantos-fios-de-cabelo-caem-por-dia\/","og_site_name":"VYDENCE","article_publisher":"https:\/\/www.facebook.com\/VYDENCE","article_published_time":"2018-04-25T11:35:24+00:00","og_image":[{"width":1449,"height":1017,"url":"https:\/\/www.vydence.com\/wp-content\/uploads\/2018\/04\/quantos-fios-de-cabelo-caem-por-dia.png","type":"image\/png"}],"author":"admin","twitter_card":"summary_large_image","twitter_misc":{"Escrito por":"admin","Est. tempo de leitura":"3 minutos"},"schema":{"@context":"https:\/\/schema.org","@graph":[{"@type":"Article","@id":"https:\/\/www.vydence.com\/pt-br\/quantos-fios-de-cabelo-caem-por-dia\/#article","isPartOf":{"@id":"https:\/\/www.vydence.com\/pt-br\/quantos-fios-de-cabelo-caem-por-dia\/"},"author":{"name":"admin","@id":"https:\/\/www.vydence.com\/pt-br\/#\/schema\/person\/d07e11658f9624d2d5344c62489f5fed"},"headline":"Quantos fios de cabelo caem por dia?","datePublished":"2018-04-25T11:35:24+00:00","mainEntityOfPage":{"@id":"https:\/\/www.vydence.com\/pt-br\/quantos-fios-de-cabelo-caem-por-dia\/"},"wordCount":587,"commentCount":0,"publisher":{"@id":"https:\/\/www.vydence.com\/pt-br\/#organization"},"image":{"@id":"https:\/\/www.vydence.com\/pt-br\/quantos-fios-de-cabelo-caem-por-dia\/#primaryimage"},"thumbnailUrl":"https:\/\/www.vydence.com\/wp-content\/uploads\/2018\/04\/quantos-fios-de-cabelo-caem-por-dia.png","keywords":["artas","queda de cabelo"],"articleSection":["Transplante capilar","Tricologia"],"inLanguage":"pt-BR","potentialAction":[{"@type":"CommentAction","name":"Comment","target":["https:\/\/www.vydence.com\/pt-br\/quantos-fios-de-cabelo-caem-por-dia\/#respond"]}]},{"@type":"WebPage","@id":"https:\/\/www.vydence.com\/pt-br\/quantos-fios-de-cabelo-caem-por-dia\/","url":"https:\/\/www.vydence.com\/pt-br\/quantos-fios-de-cabelo-caem-por-dia\/","name":"Quantos fios de cabelo caem por dia? - VYDENCE","isPartOf":{"@id":"https:\/\/www.vydence.com\/pt-br\/#website"},"primaryImageOfPage":{"@id":"https:\/\/www.vydence.com\/pt-br\/quantos-fios-de-cabelo-caem-por-dia\/#primaryimage"},"image":{"@id":"https:\/\/www.vydence.com\/pt-br\/quantos-fios-de-cabelo-caem-por-dia\/#primaryimage"},"thumbnailUrl":"https:\/\/www.vydence.com\/wp-content\/uploads\/2018\/04\/quantos-fios-de-cabelo-caem-por-dia.png","datePublished":"2018-04-25T11:35:24+00:00","description":"Voc\u00ea sabia que existe uma quantidade saud\u00e1vel para a queda de cabelo di\u00e1ria? Saiba quantos fios de cabelo caem por dia e entenda os fatores que afetam essa condi\u00e7\u00e3o","breadcrumb":{"@id":"https:\/\/www.vydence.com\/pt-br\/quantos-fios-de-cabelo-caem-por-dia\/#breadcrumb"},"inLanguage":"pt-BR","potentialAction":[{"@type":"ReadAction","target":["https:\/\/www.vydence.com\/pt-br\/quantos-fios-de-cabelo-caem-por-dia\/"]}]},{"@type":"ImageObject","inLanguage":"pt-BR","@id":"https:\/\/www.vydence.com\/pt-br\/quantos-fios-de-cabelo-caem-por-dia\/#primaryimage","url":"https:\/\/www.vydence.com\/wp-content\/uploads\/2018\/04\/quantos-fios-de-cabelo-caem-por-dia.png","contentUrl":"https:\/\/www.vydence.com\/wp-content\/uploads\/2018\/04\/quantos-fios-de-cabelo-caem-por-dia.png","width":1449,"height":1017,"caption":"Quantos fios de cabelo caem por dia?"},{"@type":"BreadcrumbList","@id":"https:\/\/www.vydence.com\/pt-br\/quantos-fios-de-cabelo-caem-por-dia\/#breadcrumb","itemListElement":[{"@type":"ListItem","position":1,"name":"In\u00edcio","item":"https:\/\/www.vydence.com\/pt-br\/"},{"@type":"ListItem","position":2,"name":"Quantos fios de cabelo caem por dia?"}]},{"@type":"WebSite","@id":"https:\/\/www.vydence.com\/pt-br\/#website","url":"https:\/\/www.vydence.com\/pt-br\/","name":"VYDENCE","description":"","publisher":{"@id":"https:\/\/www.vydence.com\/pt-br\/#organization"},"potentialAction":[{"@type":"SearchAction","target":{"@type":"EntryPoint","urlTemplate":"https:\/\/www.vydence.com\/pt-br\/?s={search_term_string}"},"query-input":{"@type":"PropertyValueSpecification","valueRequired":true,"valueName":"search_term_string"}}],"inLanguage":"pt-BR"},{"@type":"Organization","@id":"https:\/\/www.vydence.com\/pt-br\/#organization","name":"VYDENCE","url":"https:\/\/www.vydence.com\/pt-br\/","logo":{"@type":"ImageObject","inLanguage":"pt-BR","@id":"https:\/\/www.vydence.com\/pt-br\/#\/schema\/logo\/image\/","url":"https:\/\/www.vydence.com\/wp-content\/uploads\/2024\/11\/Logo.svg","contentUrl":"https:\/\/www.vydence.com\/wp-content\/uploads\/2024\/11\/Logo.svg","width":149,"height":40,"caption":"VYDENCE"},"image":{"@id":"https:\/\/www.vydence.com\/pt-br\/#\/schema\/logo\/image\/"},"sameAs":["https:\/\/www.facebook.com\/VYDENCE"]},{"@type":"Person","@id":"https:\/\/www.vydence.com\/pt-br\/#\/schema\/person\/d07e11658f9624d2d5344c62489f5fed","name":"admin","image":{"@type":"ImageObject","inLanguage":"pt-BR","@id":"https:\/\/secure.gravatar.com\/avatar\/1625555f260264654c853a64f2eddfbd5d054ef40597af8b97dc8461ef04e355?s=96&d=mm&r=g","url":"https:\/\/secure.gravatar.com\/avatar\/1625555f260264654c853a64f2eddfbd5d054ef40597af8b97dc8461ef04e355?s=96&d=mm&r=g","contentUrl":"https:\/\/secure.gravatar.com\/avatar\/1625555f260264654c853a64f2eddfbd5d054ef40597af8b97dc8461ef04e355?s=96&d=mm&r=g","caption":"admin"},"sameAs":["https:\/\/www.vydence.com"],"url":"https:\/\/www.vydence.com\/pt-br\/author\/ericknc\/"}]}},"_links":{"self":[{"href":"https:\/\/www.vydence.com\/pt-br\/wp-json\/wp\/v2\/posts\/19454","targetHints":{"allow":["GET"]}}],"collection":[{"href":"https:\/\/www.vydence.com\/pt-br\/wp-json\/wp\/v2\/posts"}],"about":[{"href":"https:\/\/www.vydence.com\/pt-br\/wp-json\/wp\/v2\/types\/post"}],"author":[{"embeddable":true,"href":"https:\/\/www.vydence.com\/pt-br\/wp-json\/wp\/v2\/users\/1"}],"replies":[{"embeddable":true,"href":"https:\/\/www.vydence.com\/pt-br\/wp-json\/wp\/v2\/comments?post=19454"}],"version-history":[{"count":0,"href":"https:\/\/www.vydence.com\/pt-br\/wp-json\/wp\/v2\/posts\/19454\/revisions"}],"wp:featuredmedia":[{"embeddable":true,"href":"https:\/\/www.vydence.com\/pt-br\/wp-json\/wp\/v2\/media\/66"}],"wp:attachment":[{"href":"https:\/\/www.vydence.com\/pt-br\/wp-json\/wp\/v2\/media?parent=19454"}],"wp:term":[{"taxonomy":"category","embeddable":true,"href":"https:\/\/www.vydence.com\/pt-br\/wp-json\/wp\/v2\/categories?post=19454"},{"taxonomy":"post_tag","embeddable":true,"href":"https:\/\/www.vydence.com\/pt-br\/wp-json\/wp\/v2\/tags?post=19454"}],"curies":[{"name":"wp","href":"https:\/\/api.w.org\/{rel}","templated":true}]}}