{"id":19452,"date":"2018-04-16T10:16:16","date_gmt":"2018-04-16T10:16:16","guid":{"rendered":"http:\/\/www.artasbr.com.br\/?p=60"},"modified":"2018-04-16T10:16:16","modified_gmt":"2018-04-16T10:16:16","slug":"falta-de-vitamina-d-causa-queda-de-cabelo","status":"publish","type":"post","link":"https:\/\/www.vydence.com\/pt-br\/falta-de-vitamina-d-causa-queda-de-cabelo\/","title":{"rendered":"Falta de vitamina D causa queda de cabelo?"},"content":{"rendered":"<p><span style=\"font-weight: 400;\">Mencionamos em <\/span><span style=\"font-weight: 400;\">outro post<\/span><span style=\"font-weight: 400;\"> que a queda de cabelos pode estar associada a uma s\u00e9rie de fatores, que v\u00e3o desde os dist\u00farbios f\u00edsicos e psicol\u00f3gicos \u00e0s defici\u00eancias vitam\u00ednicas. N\u00e3o \u00e0 toa, \u00e9 comum ouvirmos algu\u00e9m dizer que a falta de vitamina D causa queda de cabelo.<\/span><\/p>\n<p><span style=\"font-weight: 400;\">E isso levanta n\u00e3o apenas uma quest\u00e3o curiosa, como tantas outras. Afinal de contas, a Falta de vitamina D causa queda de cabelo? E quais outras vitaminas influenciam nesse quadro que afeta tantos homens e mulheres ao redor do mundo?<\/span><\/p>\n<p><span style=\"font-weight: 400;\">Para responder a essa quest\u00e3o, elaboramos este artigo. Acompanhe-nos nesta breve leitura e descubra se a falta de vitamina D causa queda de cabelo \u2014 e o que fazer a respeito!<\/span><\/p>\n<h2><span style=\"font-weight: 400;\">A import\u00e2ncia da vitamina D para o organismo<\/span><\/h2>\n<p><span style=\"font-weight: 400;\">Embora seja vital para uma s\u00e9rie de funcionalidades do corpo humano \u2014 como a absor\u00e7\u00e3o de c\u00e1lcio no intestino e pelo crescimento capilar \u2014, a vitamina D n\u00e3o \u00e9 t\u00e3o presente quanto gostar\u00edamos nos alimentos, que s\u00e3o grande fonte nutricional para todos n\u00f3s.<\/span><\/p>\n<p><span style=\"font-weight: 400;\">Por sua vez, ela est\u00e1 presente ao redor \u2014 especialmente, em dias ensolarados. Isso porque a vitamina D decorrente da exposi\u00e7\u00e3o solar costuma oferecer 90% da quantidade que nosso organismo demanda. Um banho de sol, ocasionalmente (e bem seguro com o uso de protetores solares), faz muito bem! E nem precisa de muito: 20 minutos ao dia costuma ser mais que suficiente.<\/span><\/p>\n<h2><span style=\"font-weight: 400;\">A falta de vitamina D causa queda de cabelo<\/span><\/h2>\n<p><span style=\"font-weight: 400;\">Se o nutriente tem contribui\u00e7\u00e3o positiva no crescimento capilar, \u00e9 comum imaginar que a falta de vitamina D causa queda de cabelo. E essa associa\u00e7\u00e3o tem o mais profundo sentido. Mas n\u00e3o s\u00f3 isso: a falta de vitamina D causa queda de cabelo e outros sintomas, como:<\/span><\/p>\n<ul>\n<li style=\"font-weight: 400;\"><span style=\"font-weight: 400;\">Fraqueza e perda \u00f3ssea, em crian\u00e7as<\/span><\/li>\n<li style=\"font-weight: 400;\"><span style=\"font-weight: 400;\">Cansa\u00e7o, falta de equil\u00edbrio e queda de cabelos, em adultos.<\/span><\/li>\n<\/ul>\n<p><span style=\"font-weight: 400;\">Ainda, estudos \u2014 como o da Harvard School of Public Health \u2014 est\u00e3o associando a car\u00eancia de vitamina D ao aumento no risco de sofrer ataque card\u00edaco. Especula-se que homens possuem at\u00e9 duas vezes mais chances de sofr\u00ea-lo do que algu\u00e9m que n\u00e3o tenha a defici\u00eancia de vitamina D no organismo.<\/span><\/p>\n<p><span style=\"font-weight: 400;\">Mas, para voc\u00ea entender, a falta de vitamina D causa queda de cabelo porque o couro cabeludo concentra boa parte de receptores desse nutriente. Quando deixa de receb\u00ea-lo na quantidade ideal, o aumento na perda dos fios pode ser percebido.<\/span><\/p>\n<h2><span style=\"font-weight: 400;\">O que fazer para reverter o quadro<\/span><\/h2>\n<p><span style=\"font-weight: 400;\">Costumamos dizer que n\u00e3o basta se automedicar contra a queda de cabelo. A consulta com um dermatologista \u00e9 mais que fundamental para identificar as poss\u00edveis causas para a perda dos fios e, assim, elaborar uma estrat\u00e9gia eficaz para controlar o problema ou resolv\u00ea-lo.<\/span><\/p>\n<p><span style=\"font-weight: 400;\">Neste caso, em que a falta de vitamina D causa queda de cabelo, a suplementa\u00e7\u00e3o e o banho de sol cotidiano ajudam no resgate dos fol\u00edculos pilosos adormecidos, fortalecendo o couro cabeludo.<\/span><\/p>\n<p><span style=\"font-weight: 400;\">S\u00f3 que n\u00e3o se prenda apenas a essa insufici\u00eancia vitam\u00ednica. A aus\u00eancia de vitaminas A, do complexo B, C e E tamb\u00e9m influenciam no quadro geral de sua sa\u00fade \u2014 inclusive, na queda de cabelos.<\/span><\/p>\n<p><span style=\"font-weight: 400;\">Por isso, caso queira conhecer as principais alternativas para remediar esse quadro e encontrar os melhores tratamentos contra a queda de cabelos, <\/span><a href=\"http:\/\/tratamentosalaser.com.br\"><span style=\"font-weight: 400;\">acompanhe nosso blog<\/span><\/a><span style=\"font-weight: 400;\"> e fique por dentro de todas as nossas dicas e novidades em primeira m\u00e3o!<\/span><\/p>\n","protected":false},"excerpt":{"rendered":"<p>Mencionamos em outro post que a queda de cabelos pode estar associada a uma s\u00e9rie de fatores, que v\u00e3o desde os dist\u00farbios f\u00edsicos e psicol\u00f3gicos \u00e0s defici\u00eancias vitam\u00ednicas. N\u00e3o \u00e0 toa, \u00e9 comum ouvirmos algu\u00e9m dizer que a falta de vitamina D causa queda de cabelo. E isso levanta n\u00e3o apenas uma quest\u00e3o curiosa, como [&hellip;]<\/p>\n","protected":false},"author":1,"featured_media":19230,"comment_status":"open","ping_status":"open","sticky":false,"template":"","format":"standard","meta":{"_et_pb_use_builder":"","_et_pb_old_content":"","_et_gb_content_width":"","inline_featured_image":false,"footnotes":""},"categories":[123,125],"tags":[121,139],"class_list":["post-19452","post","type-post","status-publish","format-standard","has-post-thumbnail","hentry","category-transplante-capilar","category-tricologia","tag-artas","tag-queda-de-cabelo"],"yoast_head":"<!-- This site is optimized with the Yoast SEO Premium plugin v27.1 (Yoast SEO v27.4) - https:\/\/yoast.com\/product\/yoast-seo-premium-wordpress\/ -->\n<title>Falta de vitamina D causa queda de cabelo? - VYDENCE<\/title>\n<meta name=\"description\" content=\"A vitamina D tem fun\u00e7\u00f5es importantes em nosso organismo. Saiba como a falta de vitamina D causa queda de cabelo e as pr\u00e1ticas mais eficazes para reverter o quadro e repor a vitamina no organismo.\" \/>\n<meta name=\"robots\" content=\"index, follow, max-snippet:-1, max-image-preview:large, max-video-preview:-1\" \/>\n<link rel=\"canonical\" href=\"https:\/\/www.vydence.com\/pt-br\/falta-de-vitamina-d-causa-queda-de-cabelo\/\" \/>\n<meta property=\"og:locale\" content=\"pt_BR\" \/>\n<meta property=\"og:type\" content=\"article\" \/>\n<meta property=\"og:title\" content=\"Falta de vitamina D causa queda de cabelo?\" \/>\n<meta property=\"og:description\" content=\"A vitamina D tem fun\u00e7\u00f5es importantes em nosso organismo. Saiba como a falta de vitamina D causa queda de cabelo e as pr\u00e1ticas mais eficazes para reverter o quadro e repor a vitamina no organismo.\" \/>\n<meta property=\"og:url\" content=\"https:\/\/www.vydence.com\/pt-br\/falta-de-vitamina-d-causa-queda-de-cabelo\/\" \/>\n<meta property=\"og:site_name\" content=\"VYDENCE\" \/>\n<meta property=\"article:publisher\" content=\"https:\/\/www.facebook.com\/VYDENCE\" \/>\n<meta property=\"article:published_time\" content=\"2018-04-16T10:16:16+00:00\" \/>\n<meta property=\"og:image\" content=\"https:\/\/www.vydence.com\/wp-content\/uploads\/2018\/04\/falta-de-vitamina-D-queda-de-cabelo.png\" \/>\n\t<meta property=\"og:image:width\" content=\"1000\" \/>\n\t<meta property=\"og:image:height\" content=\"665\" \/>\n\t<meta property=\"og:image:type\" content=\"image\/png\" \/>\n<meta name=\"author\" content=\"admin\" \/>\n<meta name=\"twitter:card\" content=\"summary_large_image\" \/>\n<meta name=\"twitter:label1\" content=\"Escrito por\" \/>\n\t<meta name=\"twitter:data1\" content=\"admin\" \/>\n\t<meta name=\"twitter:label2\" content=\"Est. tempo de leitura\" \/>\n\t<meta name=\"twitter:data2\" content=\"3 minutos\" \/>\n<script type=\"application\/ld+json\" class=\"yoast-schema-graph\">{\"@context\":\"https:\\\/\\\/schema.org\",\"@graph\":[{\"@type\":\"Article\",\"@id\":\"https:\\\/\\\/www.vydence.com\\\/pt-br\\\/falta-de-vitamina-d-causa-queda-de-cabelo\\\/#article\",\"isPartOf\":{\"@id\":\"https:\\\/\\\/www.vydence.com\\\/pt-br\\\/falta-de-vitamina-d-causa-queda-de-cabelo\\\/\"},\"author\":{\"name\":\"admin\",\"@id\":\"https:\\\/\\\/www.vydence.com\\\/pt-br\\\/#\\\/schema\\\/person\\\/d07e11658f9624d2d5344c62489f5fed\"},\"headline\":\"Falta de vitamina D causa queda de cabelo?\",\"datePublished\":\"2018-04-16T10:16:16+00:00\",\"mainEntityOfPage\":{\"@id\":\"https:\\\/\\\/www.vydence.com\\\/pt-br\\\/falta-de-vitamina-d-causa-queda-de-cabelo\\\/\"},\"wordCount\":592,\"commentCount\":0,\"publisher\":{\"@id\":\"https:\\\/\\\/www.vydence.com\\\/pt-br\\\/#organization\"},\"image\":{\"@id\":\"https:\\\/\\\/www.vydence.com\\\/pt-br\\\/falta-de-vitamina-d-causa-queda-de-cabelo\\\/#primaryimage\"},\"thumbnailUrl\":\"https:\\\/\\\/www.vydence.com\\\/wp-content\\\/uploads\\\/2018\\\/04\\\/falta-de-vitamina-D-queda-de-cabelo.png\",\"keywords\":[\"artas\",\"queda de cabelo\"],\"articleSection\":[\"Transplante capilar\",\"Tricologia\"],\"inLanguage\":\"pt-BR\",\"potentialAction\":[{\"@type\":\"CommentAction\",\"name\":\"Comment\",\"target\":[\"https:\\\/\\\/www.vydence.com\\\/pt-br\\\/falta-de-vitamina-d-causa-queda-de-cabelo\\\/#respond\"]}]},{\"@type\":\"WebPage\",\"@id\":\"https:\\\/\\\/www.vydence.com\\\/pt-br\\\/falta-de-vitamina-d-causa-queda-de-cabelo\\\/\",\"url\":\"https:\\\/\\\/www.vydence.com\\\/pt-br\\\/falta-de-vitamina-d-causa-queda-de-cabelo\\\/\",\"name\":\"Falta de vitamina D causa queda de cabelo? - VYDENCE\",\"isPartOf\":{\"@id\":\"https:\\\/\\\/www.vydence.com\\\/pt-br\\\/#website\"},\"primaryImageOfPage\":{\"@id\":\"https:\\\/\\\/www.vydence.com\\\/pt-br\\\/falta-de-vitamina-d-causa-queda-de-cabelo\\\/#primaryimage\"},\"image\":{\"@id\":\"https:\\\/\\\/www.vydence.com\\\/pt-br\\\/falta-de-vitamina-d-causa-queda-de-cabelo\\\/#primaryimage\"},\"thumbnailUrl\":\"https:\\\/\\\/www.vydence.com\\\/wp-content\\\/uploads\\\/2018\\\/04\\\/falta-de-vitamina-D-queda-de-cabelo.png\",\"datePublished\":\"2018-04-16T10:16:16+00:00\",\"description\":\"A vitamina D tem fun\u00e7\u00f5es importantes em nosso organismo. Saiba como a falta de vitamina D causa queda de cabelo e as pr\u00e1ticas mais eficazes para reverter o quadro e repor a vitamina no organismo.\",\"breadcrumb\":{\"@id\":\"https:\\\/\\\/www.vydence.com\\\/pt-br\\\/falta-de-vitamina-d-causa-queda-de-cabelo\\\/#breadcrumb\"},\"inLanguage\":\"pt-BR\",\"potentialAction\":[{\"@type\":\"ReadAction\",\"target\":[\"https:\\\/\\\/www.vydence.com\\\/pt-br\\\/falta-de-vitamina-d-causa-queda-de-cabelo\\\/\"]}]},{\"@type\":\"ImageObject\",\"inLanguage\":\"pt-BR\",\"@id\":\"https:\\\/\\\/www.vydence.com\\\/pt-br\\\/falta-de-vitamina-d-causa-queda-de-cabelo\\\/#primaryimage\",\"url\":\"https:\\\/\\\/www.vydence.com\\\/wp-content\\\/uploads\\\/2018\\\/04\\\/falta-de-vitamina-D-queda-de-cabelo.png\",\"contentUrl\":\"https:\\\/\\\/www.vydence.com\\\/wp-content\\\/uploads\\\/2018\\\/04\\\/falta-de-vitamina-D-queda-de-cabelo.png\",\"width\":1000,\"height\":665,\"caption\":\"Falta de vitamina D causa queda de cabelo?\"},{\"@type\":\"BreadcrumbList\",\"@id\":\"https:\\\/\\\/www.vydence.com\\\/pt-br\\\/falta-de-vitamina-d-causa-queda-de-cabelo\\\/#breadcrumb\",\"itemListElement\":[{\"@type\":\"ListItem\",\"position\":1,\"name\":\"In\u00edcio\",\"item\":\"https:\\\/\\\/www.vydence.com\\\/pt-br\\\/\"},{\"@type\":\"ListItem\",\"position\":2,\"name\":\"Falta de vitamina D causa queda de cabelo?\"}]},{\"@type\":\"WebSite\",\"@id\":\"https:\\\/\\\/www.vydence.com\\\/pt-br\\\/#website\",\"url\":\"https:\\\/\\\/www.vydence.com\\\/pt-br\\\/\",\"name\":\"VYDENCE\",\"description\":\"\",\"publisher\":{\"@id\":\"https:\\\/\\\/www.vydence.com\\\/pt-br\\\/#organization\"},\"potentialAction\":[{\"@type\":\"SearchAction\",\"target\":{\"@type\":\"EntryPoint\",\"urlTemplate\":\"https:\\\/\\\/www.vydence.com\\\/pt-br\\\/?s={search_term_string}\"},\"query-input\":{\"@type\":\"PropertyValueSpecification\",\"valueRequired\":true,\"valueName\":\"search_term_string\"}}],\"inLanguage\":\"pt-BR\"},{\"@type\":\"Organization\",\"@id\":\"https:\\\/\\\/www.vydence.com\\\/pt-br\\\/#organization\",\"name\":\"VYDENCE\",\"url\":\"https:\\\/\\\/www.vydence.com\\\/pt-br\\\/\",\"logo\":{\"@type\":\"ImageObject\",\"inLanguage\":\"pt-BR\",\"@id\":\"https:\\\/\\\/www.vydence.com\\\/pt-br\\\/#\\\/schema\\\/logo\\\/image\\\/\",\"url\":\"https:\\\/\\\/www.vydence.com\\\/wp-content\\\/uploads\\\/2024\\\/11\\\/Logo.svg\",\"contentUrl\":\"https:\\\/\\\/www.vydence.com\\\/wp-content\\\/uploads\\\/2024\\\/11\\\/Logo.svg\",\"width\":149,\"height\":40,\"caption\":\"VYDENCE\"},\"image\":{\"@id\":\"https:\\\/\\\/www.vydence.com\\\/pt-br\\\/#\\\/schema\\\/logo\\\/image\\\/\"},\"sameAs\":[\"https:\\\/\\\/www.facebook.com\\\/VYDENCE\"]},{\"@type\":\"Person\",\"@id\":\"https:\\\/\\\/www.vydence.com\\\/pt-br\\\/#\\\/schema\\\/person\\\/d07e11658f9624d2d5344c62489f5fed\",\"name\":\"admin\",\"image\":{\"@type\":\"ImageObject\",\"inLanguage\":\"pt-BR\",\"@id\":\"https:\\\/\\\/secure.gravatar.com\\\/avatar\\\/1625555f260264654c853a64f2eddfbd5d054ef40597af8b97dc8461ef04e355?s=96&d=mm&r=g\",\"url\":\"https:\\\/\\\/secure.gravatar.com\\\/avatar\\\/1625555f260264654c853a64f2eddfbd5d054ef40597af8b97dc8461ef04e355?s=96&d=mm&r=g\",\"contentUrl\":\"https:\\\/\\\/secure.gravatar.com\\\/avatar\\\/1625555f260264654c853a64f2eddfbd5d054ef40597af8b97dc8461ef04e355?s=96&d=mm&r=g\",\"caption\":\"admin\"},\"sameAs\":[\"https:\\\/\\\/www.vydence.com\"],\"url\":\"https:\\\/\\\/www.vydence.com\\\/pt-br\\\/author\\\/ericknc\\\/\"}]}<\/script>\n<!-- \/ Yoast SEO Premium plugin. -->","yoast_head_json":{"title":"Falta de vitamina D causa queda de cabelo? - VYDENCE","description":"A vitamina D tem fun\u00e7\u00f5es importantes em nosso organismo. Saiba como a falta de vitamina D causa queda de cabelo e as pr\u00e1ticas mais eficazes para reverter o quadro e repor a vitamina no organismo.","robots":{"index":"index","follow":"follow","max-snippet":"max-snippet:-1","max-image-preview":"max-image-preview:large","max-video-preview":"max-video-preview:-1"},"canonical":"https:\/\/www.vydence.com\/pt-br\/falta-de-vitamina-d-causa-queda-de-cabelo\/","og_locale":"pt_BR","og_type":"article","og_title":"Falta de vitamina D causa queda de cabelo?","og_description":"A vitamina D tem fun\u00e7\u00f5es importantes em nosso organismo. Saiba como a falta de vitamina D causa queda de cabelo e as pr\u00e1ticas mais eficazes para reverter o quadro e repor a vitamina no organismo.","og_url":"https:\/\/www.vydence.com\/pt-br\/falta-de-vitamina-d-causa-queda-de-cabelo\/","og_site_name":"VYDENCE","article_publisher":"https:\/\/www.facebook.com\/VYDENCE","article_published_time":"2018-04-16T10:16:16+00:00","og_image":[{"width":1000,"height":665,"url":"https:\/\/www.vydence.com\/wp-content\/uploads\/2018\/04\/falta-de-vitamina-D-queda-de-cabelo.png","type":"image\/png"}],"author":"admin","twitter_card":"summary_large_image","twitter_misc":{"Escrito por":"admin","Est. tempo de leitura":"3 minutos"},"schema":{"@context":"https:\/\/schema.org","@graph":[{"@type":"Article","@id":"https:\/\/www.vydence.com\/pt-br\/falta-de-vitamina-d-causa-queda-de-cabelo\/#article","isPartOf":{"@id":"https:\/\/www.vydence.com\/pt-br\/falta-de-vitamina-d-causa-queda-de-cabelo\/"},"author":{"name":"admin","@id":"https:\/\/www.vydence.com\/pt-br\/#\/schema\/person\/d07e11658f9624d2d5344c62489f5fed"},"headline":"Falta de vitamina D causa queda de cabelo?","datePublished":"2018-04-16T10:16:16+00:00","mainEntityOfPage":{"@id":"https:\/\/www.vydence.com\/pt-br\/falta-de-vitamina-d-causa-queda-de-cabelo\/"},"wordCount":592,"commentCount":0,"publisher":{"@id":"https:\/\/www.vydence.com\/pt-br\/#organization"},"image":{"@id":"https:\/\/www.vydence.com\/pt-br\/falta-de-vitamina-d-causa-queda-de-cabelo\/#primaryimage"},"thumbnailUrl":"https:\/\/www.vydence.com\/wp-content\/uploads\/2018\/04\/falta-de-vitamina-D-queda-de-cabelo.png","keywords":["artas","queda de cabelo"],"articleSection":["Transplante capilar","Tricologia"],"inLanguage":"pt-BR","potentialAction":[{"@type":"CommentAction","name":"Comment","target":["https:\/\/www.vydence.com\/pt-br\/falta-de-vitamina-d-causa-queda-de-cabelo\/#respond"]}]},{"@type":"WebPage","@id":"https:\/\/www.vydence.com\/pt-br\/falta-de-vitamina-d-causa-queda-de-cabelo\/","url":"https:\/\/www.vydence.com\/pt-br\/falta-de-vitamina-d-causa-queda-de-cabelo\/","name":"Falta de vitamina D causa queda de cabelo? - VYDENCE","isPartOf":{"@id":"https:\/\/www.vydence.com\/pt-br\/#website"},"primaryImageOfPage":{"@id":"https:\/\/www.vydence.com\/pt-br\/falta-de-vitamina-d-causa-queda-de-cabelo\/#primaryimage"},"image":{"@id":"https:\/\/www.vydence.com\/pt-br\/falta-de-vitamina-d-causa-queda-de-cabelo\/#primaryimage"},"thumbnailUrl":"https:\/\/www.vydence.com\/wp-content\/uploads\/2018\/04\/falta-de-vitamina-D-queda-de-cabelo.png","datePublished":"2018-04-16T10:16:16+00:00","description":"A vitamina D tem fun\u00e7\u00f5es importantes em nosso organismo. Saiba como a falta de vitamina D causa queda de cabelo e as pr\u00e1ticas mais eficazes para reverter o quadro e repor a vitamina no organismo.","breadcrumb":{"@id":"https:\/\/www.vydence.com\/pt-br\/falta-de-vitamina-d-causa-queda-de-cabelo\/#breadcrumb"},"inLanguage":"pt-BR","potentialAction":[{"@type":"ReadAction","target":["https:\/\/www.vydence.com\/pt-br\/falta-de-vitamina-d-causa-queda-de-cabelo\/"]}]},{"@type":"ImageObject","inLanguage":"pt-BR","@id":"https:\/\/www.vydence.com\/pt-br\/falta-de-vitamina-d-causa-queda-de-cabelo\/#primaryimage","url":"https:\/\/www.vydence.com\/wp-content\/uploads\/2018\/04\/falta-de-vitamina-D-queda-de-cabelo.png","contentUrl":"https:\/\/www.vydence.com\/wp-content\/uploads\/2018\/04\/falta-de-vitamina-D-queda-de-cabelo.png","width":1000,"height":665,"caption":"Falta de vitamina D causa queda de cabelo?"},{"@type":"BreadcrumbList","@id":"https:\/\/www.vydence.com\/pt-br\/falta-de-vitamina-d-causa-queda-de-cabelo\/#breadcrumb","itemListElement":[{"@type":"ListItem","position":1,"name":"In\u00edcio","item":"https:\/\/www.vydence.com\/pt-br\/"},{"@type":"ListItem","position":2,"name":"Falta de vitamina D causa queda de cabelo?"}]},{"@type":"WebSite","@id":"https:\/\/www.vydence.com\/pt-br\/#website","url":"https:\/\/www.vydence.com\/pt-br\/","name":"VYDENCE","description":"","publisher":{"@id":"https:\/\/www.vydence.com\/pt-br\/#organization"},"potentialAction":[{"@type":"SearchAction","target":{"@type":"EntryPoint","urlTemplate":"https:\/\/www.vydence.com\/pt-br\/?s={search_term_string}"},"query-input":{"@type":"PropertyValueSpecification","valueRequired":true,"valueName":"search_term_string"}}],"inLanguage":"pt-BR"},{"@type":"Organization","@id":"https:\/\/www.vydence.com\/pt-br\/#organization","name":"VYDENCE","url":"https:\/\/www.vydence.com\/pt-br\/","logo":{"@type":"ImageObject","inLanguage":"pt-BR","@id":"https:\/\/www.vydence.com\/pt-br\/#\/schema\/logo\/image\/","url":"https:\/\/www.vydence.com\/wp-content\/uploads\/2024\/11\/Logo.svg","contentUrl":"https:\/\/www.vydence.com\/wp-content\/uploads\/2024\/11\/Logo.svg","width":149,"height":40,"caption":"VYDENCE"},"image":{"@id":"https:\/\/www.vydence.com\/pt-br\/#\/schema\/logo\/image\/"},"sameAs":["https:\/\/www.facebook.com\/VYDENCE"]},{"@type":"Person","@id":"https:\/\/www.vydence.com\/pt-br\/#\/schema\/person\/d07e11658f9624d2d5344c62489f5fed","name":"admin","image":{"@type":"ImageObject","inLanguage":"pt-BR","@id":"https:\/\/secure.gravatar.com\/avatar\/1625555f260264654c853a64f2eddfbd5d054ef40597af8b97dc8461ef04e355?s=96&d=mm&r=g","url":"https:\/\/secure.gravatar.com\/avatar\/1625555f260264654c853a64f2eddfbd5d054ef40597af8b97dc8461ef04e355?s=96&d=mm&r=g","contentUrl":"https:\/\/secure.gravatar.com\/avatar\/1625555f260264654c853a64f2eddfbd5d054ef40597af8b97dc8461ef04e355?s=96&d=mm&r=g","caption":"admin"},"sameAs":["https:\/\/www.vydence.com"],"url":"https:\/\/www.vydence.com\/pt-br\/author\/ericknc\/"}]}},"_links":{"self":[{"href":"https:\/\/www.vydence.com\/pt-br\/wp-json\/wp\/v2\/posts\/19452","targetHints":{"allow":["GET"]}}],"collection":[{"href":"https:\/\/www.vydence.com\/pt-br\/wp-json\/wp\/v2\/posts"}],"about":[{"href":"https:\/\/www.vydence.com\/pt-br\/wp-json\/wp\/v2\/types\/post"}],"author":[{"embeddable":true,"href":"https:\/\/www.vydence.com\/pt-br\/wp-json\/wp\/v2\/users\/1"}],"replies":[{"embeddable":true,"href":"https:\/\/www.vydence.com\/pt-br\/wp-json\/wp\/v2\/comments?post=19452"}],"version-history":[{"count":0,"href":"https:\/\/www.vydence.com\/pt-br\/wp-json\/wp\/v2\/posts\/19452\/revisions"}],"wp:featuredmedia":[{"embeddable":true,"href":"https:\/\/www.vydence.com\/pt-br\/wp-json\/wp\/v2\/media\/19230"}],"wp:attachment":[{"href":"https:\/\/www.vydence.com\/pt-br\/wp-json\/wp\/v2\/media?parent=19452"}],"wp:term":[{"taxonomy":"category","embeddable":true,"href":"https:\/\/www.vydence.com\/pt-br\/wp-json\/wp\/v2\/categories?post=19452"},{"taxonomy":"post_tag","embeddable":true,"href":"https:\/\/www.vydence.com\/pt-br\/wp-json\/wp\/v2\/tags?post=19452"}],"curies":[{"name":"wp","href":"https:\/\/api.w.org\/{rel}","templated":true}]}}