{"id":19450,"date":"2018-04-16T10:03:33","date_gmt":"2018-04-16T10:03:33","guid":{"rendered":"http:\/\/www.artasbr.com.br\/?p=54"},"modified":"2018-04-16T10:03:33","modified_gmt":"2018-04-16T10:03:33","slug":"queda-de-cabelo-causas-mais-comuns","status":"publish","type":"post","link":"https:\/\/www.vydence.com\/pt-br\/queda-de-cabelo-causas-mais-comuns\/","title":{"rendered":"Queda de cabelo: causas mais comuns"},"content":{"rendered":"<p><span style=\"font-weight: 400;\">A <\/span><b>queda de cabelo<\/b><span style=\"font-weight: 400;\"> \u00e9 mais comum do que imaginamos \u2014 diferentemente de suas <\/span><b>causas<\/b><span style=\"font-weight: 400;\">, que s\u00e3o t\u00e3o variadas que dificultam a identifica\u00e7\u00e3o de uma maneira r\u00e1pida e eficaz de reverter ou minimizar o problema.<\/span><\/p>\n<p><span style=\"font-weight: 400;\">Para auxiliar nessa quest\u00e3o, este post reuniu algumas das principais causas para a queda de cabelo. E tamb\u00e9m vamos orientar voc\u00ea sobre como proceder caso esteja sofrendo dessa condi\u00e7\u00e3o, independentemente de sua origem. Confira!<\/span><\/p>\n<h2><span style=\"font-weight: 400;\">Queda de cabelo: causas heredit\u00e1rias<\/span><\/h2>\n<p><span style=\"font-weight: 400;\">A maior causadora de calv\u00edcie masculina no mundo tem origem gen\u00e9tica. Isso se deve \u00e0 presen\u00e7a de um horm\u00f4nio masculino derivado da testosterona, o DHT, que torna os fios capilares mais finos ao longo do tempo.<\/span><\/p>\n<p><span style=\"font-weight: 400;\">Conhecida como alopecia androgen\u00e9tica, a condi\u00e7\u00e3o n\u00e3o tem cura, mas disp\u00f5e de uma s\u00e9rie de tratamentos \u2014 como o implante capilar.<\/span><\/p>\n<h2><span style=\"font-weight: 400;\">Problemas nutricionais<\/span><\/h2>\n<p><span style=\"font-weight: 400;\">Uma s\u00e9rie de defici\u00eancias nutricionais pode estar tamb\u00e9m relacionada \u00e0s causas para a queda de cabelo fora do controle, como:<\/span><\/p>\n<ul>\n<li style=\"font-weight: 400;\"><span style=\"font-weight: 400;\">Dietas muito restritivas;<\/span><\/li>\n<li style=\"font-weight: 400;\"><span style=\"font-weight: 400;\">Falta de prote\u00ednas;<\/span><\/li>\n<li style=\"font-weight: 400;\"><span style=\"font-weight: 400;\">Falta de ferro;<\/span><\/li>\n<li style=\"font-weight: 400;\"><span style=\"font-weight: 400;\">Falta de vitaminas do complexo B;<\/span><\/li>\n<li style=\"font-weight: 400;\"><span style=\"font-weight: 400;\">Excesso de vitamina A, C ou E.<\/span><\/li>\n<\/ul>\n<p><span style=\"font-weight: 400;\">\u00c9 claro que esse diagn\u00f3stico n\u00e3o \u00e9 feito pelo indiv\u00edduo. Da\u00ed a import\u00e2ncia em consultar-se com um dermatologista para identificar o problema e, assim, trat\u00e1-lo com efici\u00eancia.<\/span><\/p>\n<h2><span style=\"font-weight: 400;\">Danos ao cabelo<\/span><\/h2>\n<p><span style=\"font-weight: 400;\">O excesso ou neglig\u00eancia de tratamentos capilares (est\u00e9ticos ou cotidianos) s\u00e3o considerados poss\u00edveis causas para a queda de cabelo, como:<\/span><\/p>\n<ul>\n<li style=\"font-weight: 400;\"><span style=\"font-weight: 400;\">Alisamento;<\/span><\/li>\n<li style=\"font-weight: 400;\"><span style=\"font-weight: 400;\">Modelagens capilares t\u00e9rmicas;<\/span><\/li>\n<li style=\"font-weight: 400;\"><span style=\"font-weight: 400;\">Excesso de banhos com a \u00e1gua quente demais;<\/span><\/li>\n<li style=\"font-weight: 400;\"><span style=\"font-weight: 400;\">Uso de qu\u00edmicas agressivas nos cabelos;<\/span><\/li>\n<\/ul>\n<p><span style=\"font-weight: 400;\">Em parte, s\u00e3o atitudes que ajudam a refor\u00e7ar a queda de cabelo. Por isso, a orienta\u00e7\u00e3o m\u00e9dica \u00e9 determinante para avaliar o que tem potencializado essa condi\u00e7\u00e3o nos pacientes.<\/span><\/p>\n<h2><span style=\"font-weight: 400;\">Causas para a queda de cabelo feminino<\/span><\/h2>\n<p><span style=\"font-weight: 400;\">As mulheres tamb\u00e9m s\u00e3o afetadas pela queda de cabelo. E muitas dessas causas podem ser analisadas com base nas seguintes quest\u00f5es:<\/span><\/p>\n<ul>\n<li style=\"font-weight: 400;\"><span style=\"font-weight: 400;\">Per\u00edodo menstrual;<\/span><\/li>\n<li style=\"font-weight: 400;\"><span style=\"font-weight: 400;\">S\u00edndrome do ov\u00e1rio polic\u00edstico;<\/span><\/li>\n<li style=\"font-weight: 400;\"><span style=\"font-weight: 400;\">Uso de anticoncepcionais;<\/span><\/li>\n<li style=\"font-weight: 400;\"><span style=\"font-weight: 400;\">Gesta\u00e7\u00e3o e p\u00f3s-parto;<\/span><\/li>\n<li style=\"font-weight: 400;\"><span style=\"font-weight: 400;\">Menopausa.<\/span><\/li>\n<\/ul>\n<h2><span style=\"font-weight: 400;\">Rem\u00e9dios<\/span><\/h2>\n<p><span style=\"font-weight: 400;\">Vale destacar tamb\u00e9m que o uso de determinados medicamentos, geralmente receitados em tratamentos diversos, podem contribuir entre as principais causas para a queda de cabelo. Entre os principais, destacamos:<\/span><\/p>\n<ul>\n<li style=\"font-weight: 400;\"><span style=\"font-weight: 400;\">Anabolizantes<\/span><\/li>\n<li style=\"font-weight: 400;\"><span style=\"font-weight: 400;\">Antibi\u00f3ticos;<\/span><\/li>\n<li style=\"font-weight: 400;\"><span style=\"font-weight: 400;\">Anticoagulantes;<\/span><\/li>\n<li style=\"font-weight: 400;\"><span style=\"font-weight: 400;\">Anticonvulsivantes;<\/span><\/li>\n<li style=\"font-weight: 400;\"><span style=\"font-weight: 400;\">Antidepressivos;<\/span><\/li>\n<li style=\"font-weight: 400;\"><span style=\"font-weight: 400;\">Anti-hipertensivos;<\/span><\/li>\n<li style=\"font-weight: 400;\"><span style=\"font-weight: 400;\">Beta-bloqueadores;<\/span><\/li>\n<li style=\"font-weight: 400;\"><span style=\"font-weight: 400;\">Cortic\u00f3ides;<\/span><\/li>\n<li style=\"font-weight: 400;\"><span style=\"font-weight: 400;\">Quimioterapia e radioterapia.<\/span><\/li>\n<\/ul>\n<p><span style=\"font-weight: 400;\">Al\u00e9m disso, diversos dist\u00farbios psicol\u00f3gicos costumam estar associados \u00e0 queda de cabelo, como o estresse emocional e os transtornos alimentares (como e anorexia e a bulimia).<\/span><\/p>\n<p><span style=\"font-weight: 400;\">Vale destacar que existem tamb\u00e9m as causas naturais, como uma consequ\u00eancia do envelhecimento. A queda de cabelo \u00e9 resultado de um ciclo capilar que pode se encerrar precocemente ou de acordo com o nosso envelhecimento.<\/span><\/p>\n<p><span style=\"font-weight: 400;\">Conv\u00e9m observar que nem toda defici\u00eancia de vitaminas ou uso de medicamentos se converte em um quadro de queda de cabelo. Por isso, evite o autodiagn\u00f3stico e tratamento sem acompanhamento profissional.<\/span><\/p>\n<p><span style=\"font-weight: 400;\">Agende uma consulta com o dermatologista de sua confian\u00e7a, caso tenha percebido um aumento inexplic\u00e1vel na queda de cabelo, e alinhe com o profissional o melhor tratamento para a sua situa\u00e7\u00e3o.<\/span><\/p>\n<p><span style=\"font-weight: 400;\">E, caso voc\u00ea queira saber um pouco mais a respeito desse assunto e conhecer os melhores tratamentos dispon\u00edveis,<\/span><a href=\"http:\/\/www.tratamentosalaser.com.br\/\"> <span style=\"font-weight: 400;\">n\u00e3o deixe de conferir outros artigos em nosso blog<\/span><\/a><span style=\"font-weight: 400;\">!<\/span><\/p>\n","protected":false},"excerpt":{"rendered":"<p>A queda de cabelo \u00e9 mais comum do que imaginamos \u2014 diferentemente de suas causas, que s\u00e3o t\u00e3o variadas que dificultam a identifica\u00e7\u00e3o de uma maneira r\u00e1pida e eficaz de reverter ou minimizar o problema. Para auxiliar nessa quest\u00e3o, este post reuniu algumas das principais causas para a queda de cabelo. E tamb\u00e9m vamos orientar [&hellip;]<\/p>\n","protected":false},"author":1,"featured_media":19228,"comment_status":"open","ping_status":"open","sticky":false,"template":"","format":"standard","meta":{"_et_pb_use_builder":"","_et_pb_old_content":"","_et_gb_content_width":"","inline_featured_image":false,"footnotes":""},"categories":[123,125],"tags":[121,139],"class_list":["post-19450","post","type-post","status-publish","format-standard","has-post-thumbnail","hentry","category-transplante-capilar","category-tricologia","tag-artas","tag-queda-de-cabelo"],"yoast_head":"<!-- This site is optimized with the Yoast SEO Premium plugin v27.1 (Yoast SEO v27.4) - https:\/\/yoast.com\/product\/yoast-seo-premium-wordpress\/ -->\n<title>Queda de cabelo: causas mais comuns - VYDENCE<\/title>\n<meta name=\"description\" content=\"Tem notado seu cabelo caindo al\u00e9m do normal? Conhe\u00e7a as causas mais comuns da queda de cabelo e saiba como elas afetam a sa\u00fade do couro cabeludo, al\u00e9m de conhecer como buscar tratamento efetivo\" \/>\n<meta name=\"robots\" content=\"index, follow, max-snippet:-1, max-image-preview:large, max-video-preview:-1\" \/>\n<link rel=\"canonical\" href=\"https:\/\/www.vydence.com\/pt-br\/queda-de-cabelo-causas-mais-comuns\/\" \/>\n<meta property=\"og:locale\" content=\"pt_BR\" \/>\n<meta property=\"og:type\" content=\"article\" \/>\n<meta property=\"og:title\" content=\"Queda de cabelo: causas mais comuns\" \/>\n<meta property=\"og:description\" content=\"Tem notado seu cabelo caindo al\u00e9m do normal? Conhe\u00e7a as causas mais comuns da queda de cabelo e saiba como elas afetam a sa\u00fade do couro cabeludo, al\u00e9m de conhecer como buscar tratamento efetivo\" \/>\n<meta property=\"og:url\" content=\"https:\/\/www.vydence.com\/pt-br\/queda-de-cabelo-causas-mais-comuns\/\" \/>\n<meta property=\"og:site_name\" content=\"VYDENCE\" \/>\n<meta property=\"article:publisher\" content=\"https:\/\/www.facebook.com\/VYDENCE\" \/>\n<meta property=\"article:published_time\" content=\"2018-04-16T10:03:33+00:00\" \/>\n<meta property=\"og:image\" content=\"https:\/\/www.vydence.com\/wp-content\/uploads\/2018\/04\/queda-de-cabelo-principais-causas.png\" \/>\n\t<meta property=\"og:image:width\" content=\"851\" \/>\n\t<meta property=\"og:image:height\" content=\"557\" \/>\n\t<meta property=\"og:image:type\" content=\"image\/png\" \/>\n<meta name=\"author\" content=\"admin\" \/>\n<meta name=\"twitter:card\" content=\"summary_large_image\" \/>\n<meta name=\"twitter:label1\" content=\"Escrito por\" \/>\n\t<meta name=\"twitter:data1\" content=\"admin\" \/>\n\t<meta name=\"twitter:label2\" content=\"Est. tempo de leitura\" \/>\n\t<meta name=\"twitter:data2\" content=\"3 minutos\" \/>\n<script type=\"application\/ld+json\" class=\"yoast-schema-graph\">{\"@context\":\"https:\\\/\\\/schema.org\",\"@graph\":[{\"@type\":\"Article\",\"@id\":\"https:\\\/\\\/www.vydence.com\\\/pt-br\\\/queda-de-cabelo-causas-mais-comuns\\\/#article\",\"isPartOf\":{\"@id\":\"https:\\\/\\\/www.vydence.com\\\/pt-br\\\/queda-de-cabelo-causas-mais-comuns\\\/\"},\"author\":{\"name\":\"admin\",\"@id\":\"https:\\\/\\\/www.vydence.com\\\/pt-br\\\/#\\\/schema\\\/person\\\/d07e11658f9624d2d5344c62489f5fed\"},\"headline\":\"Queda de cabelo: causas mais comuns\",\"datePublished\":\"2018-04-16T10:03:33+00:00\",\"mainEntityOfPage\":{\"@id\":\"https:\\\/\\\/www.vydence.com\\\/pt-br\\\/queda-de-cabelo-causas-mais-comuns\\\/\"},\"wordCount\":565,\"commentCount\":0,\"publisher\":{\"@id\":\"https:\\\/\\\/www.vydence.com\\\/pt-br\\\/#organization\"},\"image\":{\"@id\":\"https:\\\/\\\/www.vydence.com\\\/pt-br\\\/queda-de-cabelo-causas-mais-comuns\\\/#primaryimage\"},\"thumbnailUrl\":\"https:\\\/\\\/www.vydence.com\\\/wp-content\\\/uploads\\\/2018\\\/04\\\/queda-de-cabelo-principais-causas.png\",\"keywords\":[\"artas\",\"queda de cabelo\"],\"articleSection\":[\"Transplante capilar\",\"Tricologia\"],\"inLanguage\":\"pt-BR\",\"potentialAction\":[{\"@type\":\"CommentAction\",\"name\":\"Comment\",\"target\":[\"https:\\\/\\\/www.vydence.com\\\/pt-br\\\/queda-de-cabelo-causas-mais-comuns\\\/#respond\"]}]},{\"@type\":\"WebPage\",\"@id\":\"https:\\\/\\\/www.vydence.com\\\/pt-br\\\/queda-de-cabelo-causas-mais-comuns\\\/\",\"url\":\"https:\\\/\\\/www.vydence.com\\\/pt-br\\\/queda-de-cabelo-causas-mais-comuns\\\/\",\"name\":\"Queda de cabelo: causas mais comuns - VYDENCE\",\"isPartOf\":{\"@id\":\"https:\\\/\\\/www.vydence.com\\\/pt-br\\\/#website\"},\"primaryImageOfPage\":{\"@id\":\"https:\\\/\\\/www.vydence.com\\\/pt-br\\\/queda-de-cabelo-causas-mais-comuns\\\/#primaryimage\"},\"image\":{\"@id\":\"https:\\\/\\\/www.vydence.com\\\/pt-br\\\/queda-de-cabelo-causas-mais-comuns\\\/#primaryimage\"},\"thumbnailUrl\":\"https:\\\/\\\/www.vydence.com\\\/wp-content\\\/uploads\\\/2018\\\/04\\\/queda-de-cabelo-principais-causas.png\",\"datePublished\":\"2018-04-16T10:03:33+00:00\",\"description\":\"Tem notado seu cabelo caindo al\u00e9m do normal? Conhe\u00e7a as causas mais comuns da queda de cabelo e saiba como elas afetam a sa\u00fade do couro cabeludo, al\u00e9m de conhecer como buscar tratamento efetivo\",\"breadcrumb\":{\"@id\":\"https:\\\/\\\/www.vydence.com\\\/pt-br\\\/queda-de-cabelo-causas-mais-comuns\\\/#breadcrumb\"},\"inLanguage\":\"pt-BR\",\"potentialAction\":[{\"@type\":\"ReadAction\",\"target\":[\"https:\\\/\\\/www.vydence.com\\\/pt-br\\\/queda-de-cabelo-causas-mais-comuns\\\/\"]}]},{\"@type\":\"ImageObject\",\"inLanguage\":\"pt-BR\",\"@id\":\"https:\\\/\\\/www.vydence.com\\\/pt-br\\\/queda-de-cabelo-causas-mais-comuns\\\/#primaryimage\",\"url\":\"https:\\\/\\\/www.vydence.com\\\/wp-content\\\/uploads\\\/2018\\\/04\\\/queda-de-cabelo-principais-causas.png\",\"contentUrl\":\"https:\\\/\\\/www.vydence.com\\\/wp-content\\\/uploads\\\/2018\\\/04\\\/queda-de-cabelo-principais-causas.png\",\"width\":851,\"height\":557,\"caption\":\"Queda de cabelo: causas mais comuns\"},{\"@type\":\"BreadcrumbList\",\"@id\":\"https:\\\/\\\/www.vydence.com\\\/pt-br\\\/queda-de-cabelo-causas-mais-comuns\\\/#breadcrumb\",\"itemListElement\":[{\"@type\":\"ListItem\",\"position\":1,\"name\":\"In\u00edcio\",\"item\":\"https:\\\/\\\/www.vydence.com\\\/pt-br\\\/\"},{\"@type\":\"ListItem\",\"position\":2,\"name\":\"Queda de cabelo: causas mais comuns\"}]},{\"@type\":\"WebSite\",\"@id\":\"https:\\\/\\\/www.vydence.com\\\/pt-br\\\/#website\",\"url\":\"https:\\\/\\\/www.vydence.com\\\/pt-br\\\/\",\"name\":\"VYDENCE\",\"description\":\"\",\"publisher\":{\"@id\":\"https:\\\/\\\/www.vydence.com\\\/pt-br\\\/#organization\"},\"potentialAction\":[{\"@type\":\"SearchAction\",\"target\":{\"@type\":\"EntryPoint\",\"urlTemplate\":\"https:\\\/\\\/www.vydence.com\\\/pt-br\\\/?s={search_term_string}\"},\"query-input\":{\"@type\":\"PropertyValueSpecification\",\"valueRequired\":true,\"valueName\":\"search_term_string\"}}],\"inLanguage\":\"pt-BR\"},{\"@type\":\"Organization\",\"@id\":\"https:\\\/\\\/www.vydence.com\\\/pt-br\\\/#organization\",\"name\":\"VYDENCE\",\"url\":\"https:\\\/\\\/www.vydence.com\\\/pt-br\\\/\",\"logo\":{\"@type\":\"ImageObject\",\"inLanguage\":\"pt-BR\",\"@id\":\"https:\\\/\\\/www.vydence.com\\\/pt-br\\\/#\\\/schema\\\/logo\\\/image\\\/\",\"url\":\"https:\\\/\\\/www.vydence.com\\\/wp-content\\\/uploads\\\/2024\\\/11\\\/Logo.svg\",\"contentUrl\":\"https:\\\/\\\/www.vydence.com\\\/wp-content\\\/uploads\\\/2024\\\/11\\\/Logo.svg\",\"width\":149,\"height\":40,\"caption\":\"VYDENCE\"},\"image\":{\"@id\":\"https:\\\/\\\/www.vydence.com\\\/pt-br\\\/#\\\/schema\\\/logo\\\/image\\\/\"},\"sameAs\":[\"https:\\\/\\\/www.facebook.com\\\/VYDENCE\"]},{\"@type\":\"Person\",\"@id\":\"https:\\\/\\\/www.vydence.com\\\/pt-br\\\/#\\\/schema\\\/person\\\/d07e11658f9624d2d5344c62489f5fed\",\"name\":\"admin\",\"image\":{\"@type\":\"ImageObject\",\"inLanguage\":\"pt-BR\",\"@id\":\"https:\\\/\\\/secure.gravatar.com\\\/avatar\\\/1625555f260264654c853a64f2eddfbd5d054ef40597af8b97dc8461ef04e355?s=96&d=mm&r=g\",\"url\":\"https:\\\/\\\/secure.gravatar.com\\\/avatar\\\/1625555f260264654c853a64f2eddfbd5d054ef40597af8b97dc8461ef04e355?s=96&d=mm&r=g\",\"contentUrl\":\"https:\\\/\\\/secure.gravatar.com\\\/avatar\\\/1625555f260264654c853a64f2eddfbd5d054ef40597af8b97dc8461ef04e355?s=96&d=mm&r=g\",\"caption\":\"admin\"},\"sameAs\":[\"https:\\\/\\\/www.vydence.com\"],\"url\":\"https:\\\/\\\/www.vydence.com\\\/pt-br\\\/author\\\/ericknc\\\/\"}]}<\/script>\n<!-- \/ Yoast SEO Premium plugin. -->","yoast_head_json":{"title":"Queda de cabelo: causas mais comuns - VYDENCE","description":"Tem notado seu cabelo caindo al\u00e9m do normal? Conhe\u00e7a as causas mais comuns da queda de cabelo e saiba como elas afetam a sa\u00fade do couro cabeludo, al\u00e9m de conhecer como buscar tratamento efetivo","robots":{"index":"index","follow":"follow","max-snippet":"max-snippet:-1","max-image-preview":"max-image-preview:large","max-video-preview":"max-video-preview:-1"},"canonical":"https:\/\/www.vydence.com\/pt-br\/queda-de-cabelo-causas-mais-comuns\/","og_locale":"pt_BR","og_type":"article","og_title":"Queda de cabelo: causas mais comuns","og_description":"Tem notado seu cabelo caindo al\u00e9m do normal? Conhe\u00e7a as causas mais comuns da queda de cabelo e saiba como elas afetam a sa\u00fade do couro cabeludo, al\u00e9m de conhecer como buscar tratamento efetivo","og_url":"https:\/\/www.vydence.com\/pt-br\/queda-de-cabelo-causas-mais-comuns\/","og_site_name":"VYDENCE","article_publisher":"https:\/\/www.facebook.com\/VYDENCE","article_published_time":"2018-04-16T10:03:33+00:00","og_image":[{"width":851,"height":557,"url":"https:\/\/www.vydence.com\/wp-content\/uploads\/2018\/04\/queda-de-cabelo-principais-causas.png","type":"image\/png"}],"author":"admin","twitter_card":"summary_large_image","twitter_misc":{"Escrito por":"admin","Est. tempo de leitura":"3 minutos"},"schema":{"@context":"https:\/\/schema.org","@graph":[{"@type":"Article","@id":"https:\/\/www.vydence.com\/pt-br\/queda-de-cabelo-causas-mais-comuns\/#article","isPartOf":{"@id":"https:\/\/www.vydence.com\/pt-br\/queda-de-cabelo-causas-mais-comuns\/"},"author":{"name":"admin","@id":"https:\/\/www.vydence.com\/pt-br\/#\/schema\/person\/d07e11658f9624d2d5344c62489f5fed"},"headline":"Queda de cabelo: causas mais comuns","datePublished":"2018-04-16T10:03:33+00:00","mainEntityOfPage":{"@id":"https:\/\/www.vydence.com\/pt-br\/queda-de-cabelo-causas-mais-comuns\/"},"wordCount":565,"commentCount":0,"publisher":{"@id":"https:\/\/www.vydence.com\/pt-br\/#organization"},"image":{"@id":"https:\/\/www.vydence.com\/pt-br\/queda-de-cabelo-causas-mais-comuns\/#primaryimage"},"thumbnailUrl":"https:\/\/www.vydence.com\/wp-content\/uploads\/2018\/04\/queda-de-cabelo-principais-causas.png","keywords":["artas","queda de cabelo"],"articleSection":["Transplante capilar","Tricologia"],"inLanguage":"pt-BR","potentialAction":[{"@type":"CommentAction","name":"Comment","target":["https:\/\/www.vydence.com\/pt-br\/queda-de-cabelo-causas-mais-comuns\/#respond"]}]},{"@type":"WebPage","@id":"https:\/\/www.vydence.com\/pt-br\/queda-de-cabelo-causas-mais-comuns\/","url":"https:\/\/www.vydence.com\/pt-br\/queda-de-cabelo-causas-mais-comuns\/","name":"Queda de cabelo: causas mais comuns - VYDENCE","isPartOf":{"@id":"https:\/\/www.vydence.com\/pt-br\/#website"},"primaryImageOfPage":{"@id":"https:\/\/www.vydence.com\/pt-br\/queda-de-cabelo-causas-mais-comuns\/#primaryimage"},"image":{"@id":"https:\/\/www.vydence.com\/pt-br\/queda-de-cabelo-causas-mais-comuns\/#primaryimage"},"thumbnailUrl":"https:\/\/www.vydence.com\/wp-content\/uploads\/2018\/04\/queda-de-cabelo-principais-causas.png","datePublished":"2018-04-16T10:03:33+00:00","description":"Tem notado seu cabelo caindo al\u00e9m do normal? Conhe\u00e7a as causas mais comuns da queda de cabelo e saiba como elas afetam a sa\u00fade do couro cabeludo, al\u00e9m de conhecer como buscar tratamento efetivo","breadcrumb":{"@id":"https:\/\/www.vydence.com\/pt-br\/queda-de-cabelo-causas-mais-comuns\/#breadcrumb"},"inLanguage":"pt-BR","potentialAction":[{"@type":"ReadAction","target":["https:\/\/www.vydence.com\/pt-br\/queda-de-cabelo-causas-mais-comuns\/"]}]},{"@type":"ImageObject","inLanguage":"pt-BR","@id":"https:\/\/www.vydence.com\/pt-br\/queda-de-cabelo-causas-mais-comuns\/#primaryimage","url":"https:\/\/www.vydence.com\/wp-content\/uploads\/2018\/04\/queda-de-cabelo-principais-causas.png","contentUrl":"https:\/\/www.vydence.com\/wp-content\/uploads\/2018\/04\/queda-de-cabelo-principais-causas.png","width":851,"height":557,"caption":"Queda de cabelo: causas mais comuns"},{"@type":"BreadcrumbList","@id":"https:\/\/www.vydence.com\/pt-br\/queda-de-cabelo-causas-mais-comuns\/#breadcrumb","itemListElement":[{"@type":"ListItem","position":1,"name":"In\u00edcio","item":"https:\/\/www.vydence.com\/pt-br\/"},{"@type":"ListItem","position":2,"name":"Queda de cabelo: causas mais comuns"}]},{"@type":"WebSite","@id":"https:\/\/www.vydence.com\/pt-br\/#website","url":"https:\/\/www.vydence.com\/pt-br\/","name":"VYDENCE","description":"","publisher":{"@id":"https:\/\/www.vydence.com\/pt-br\/#organization"},"potentialAction":[{"@type":"SearchAction","target":{"@type":"EntryPoint","urlTemplate":"https:\/\/www.vydence.com\/pt-br\/?s={search_term_string}"},"query-input":{"@type":"PropertyValueSpecification","valueRequired":true,"valueName":"search_term_string"}}],"inLanguage":"pt-BR"},{"@type":"Organization","@id":"https:\/\/www.vydence.com\/pt-br\/#organization","name":"VYDENCE","url":"https:\/\/www.vydence.com\/pt-br\/","logo":{"@type":"ImageObject","inLanguage":"pt-BR","@id":"https:\/\/www.vydence.com\/pt-br\/#\/schema\/logo\/image\/","url":"https:\/\/www.vydence.com\/wp-content\/uploads\/2024\/11\/Logo.svg","contentUrl":"https:\/\/www.vydence.com\/wp-content\/uploads\/2024\/11\/Logo.svg","width":149,"height":40,"caption":"VYDENCE"},"image":{"@id":"https:\/\/www.vydence.com\/pt-br\/#\/schema\/logo\/image\/"},"sameAs":["https:\/\/www.facebook.com\/VYDENCE"]},{"@type":"Person","@id":"https:\/\/www.vydence.com\/pt-br\/#\/schema\/person\/d07e11658f9624d2d5344c62489f5fed","name":"admin","image":{"@type":"ImageObject","inLanguage":"pt-BR","@id":"https:\/\/secure.gravatar.com\/avatar\/1625555f260264654c853a64f2eddfbd5d054ef40597af8b97dc8461ef04e355?s=96&d=mm&r=g","url":"https:\/\/secure.gravatar.com\/avatar\/1625555f260264654c853a64f2eddfbd5d054ef40597af8b97dc8461ef04e355?s=96&d=mm&r=g","contentUrl":"https:\/\/secure.gravatar.com\/avatar\/1625555f260264654c853a64f2eddfbd5d054ef40597af8b97dc8461ef04e355?s=96&d=mm&r=g","caption":"admin"},"sameAs":["https:\/\/www.vydence.com"],"url":"https:\/\/www.vydence.com\/pt-br\/author\/ericknc\/"}]}},"_links":{"self":[{"href":"https:\/\/www.vydence.com\/pt-br\/wp-json\/wp\/v2\/posts\/19450","targetHints":{"allow":["GET"]}}],"collection":[{"href":"https:\/\/www.vydence.com\/pt-br\/wp-json\/wp\/v2\/posts"}],"about":[{"href":"https:\/\/www.vydence.com\/pt-br\/wp-json\/wp\/v2\/types\/post"}],"author":[{"embeddable":true,"href":"https:\/\/www.vydence.com\/pt-br\/wp-json\/wp\/v2\/users\/1"}],"replies":[{"embeddable":true,"href":"https:\/\/www.vydence.com\/pt-br\/wp-json\/wp\/v2\/comments?post=19450"}],"version-history":[{"count":0,"href":"https:\/\/www.vydence.com\/pt-br\/wp-json\/wp\/v2\/posts\/19450\/revisions"}],"wp:featuredmedia":[{"embeddable":true,"href":"https:\/\/www.vydence.com\/pt-br\/wp-json\/wp\/v2\/media\/19228"}],"wp:attachment":[{"href":"https:\/\/www.vydence.com\/pt-br\/wp-json\/wp\/v2\/media?parent=19450"}],"wp:term":[{"taxonomy":"category","embeddable":true,"href":"https:\/\/www.vydence.com\/pt-br\/wp-json\/wp\/v2\/categories?post=19450"},{"taxonomy":"post_tag","embeddable":true,"href":"https:\/\/www.vydence.com\/pt-br\/wp-json\/wp\/v2\/tags?post=19450"}],"curies":[{"name":"wp","href":"https:\/\/api.w.org\/{rel}","templated":true}]}}