{"id":19449,"date":"2018-04-03T10:07:01","date_gmt":"2018-04-03T13:07:01","guid":{"rendered":"http:\/\/www.artasbr.com.br\/?p=47"},"modified":"2018-04-03T10:07:01","modified_gmt":"2018-04-03T13:07:01","slug":"cabelo-caindo-muito-o-que-fazer","status":"publish","type":"post","link":"https:\/\/www.vydence.com\/pt-br\/cabelo-caindo-muito-o-que-fazer\/","title":{"rendered":"Cabelo caindo muito: o que fazer?"},"content":{"rendered":"<p><span style=\"font-weight: 400;\">Quem percebe o <\/span>cabelo caindo muito<span style=\"font-weight: 400;\"> al\u00e9m do normal, logo se preocupa e questiona o que fazer a respeito. Acontece que a d\u00favida \u00e9 t\u00e3o frequente quanto os casos de queda de cabelo.<\/span><\/p>\n<p><span style=\"font-weight: 400;\">Para se ter uma ideia: a alopecia androgen\u00e9tica (condi\u00e7\u00e3o cl\u00ednica do cabelo caindo muito) acomete<\/span><a href=\"https:\/\/veja.abril.com.br\/blog\/letra-de-medico\/a-calvicie-esta-com-seus-dias-contados\/\"> <span style=\"font-weight: 400;\">cerca de 50% dos homens entre 20 e 50 anos de idade<\/span><\/a><span style=\"font-weight: 400;\">. Um dado alarmante e igualmente comum, mas com a persistente pergunta: o que fazer para controlar ou prevenir?<\/span><\/p>\n<p><span style=\"font-weight: 400;\">Neste post, vamos analisar o que fazer com o cabelo caindo muito, al\u00e9m de alguns cuidados b\u00e1sicos para fortalec\u00ea-lo. Confira!<\/span><\/p>\n<h2><span style=\"font-weight: 400;\">As principais causas da queda de cabelo<\/span><\/h2>\n<p><span style=\"font-weight: 400;\">S\u00e3o muitos fatores que podem provocar a condi\u00e7\u00e3o do cabelo caindo muito. Isso faz com tratamentos distintos possam ser necess\u00e1rios. Vamos avaliar, caso a caso, a seguir. <\/span><\/p>\n<h3><span style=\"font-weight: 400;\">Efl\u00favio tel\u00f3geno agudo<\/span><\/h3>\n<p><span style=\"font-weight: 400;\">Consequ\u00eancia em m\u00e9dio prazo ap\u00f3s a realiza\u00e7\u00e3o de uma cirurgia complicada ou mesmo outros tipos de estresse para o corpo, como doen\u00e7as e infec\u00e7\u00f5es.<\/span><\/p>\n<h3><span style=\"font-weight: 400;\">Consumo de drogas<\/span><\/h3>\n<p><span style=\"font-weight: 400;\">Medicamentos que contenham algumas subst\u00e2ncias podem fazer com que o cabelo acabe caindo muito, como:<\/span><\/p>\n<ul>\n<li style=\"font-weight: 400;\"><span style=\"font-weight: 400;\">L\u00edtio;<\/span><\/li>\n<li style=\"font-weight: 400;\"><span style=\"font-weight: 400;\">Betabloqueadores;<\/span><\/li>\n<li style=\"font-weight: 400;\"><span style=\"font-weight: 400;\">Varfarina;<\/span><\/li>\n<li style=\"font-weight: 400;\"><span style=\"font-weight: 400;\">Heparina;<\/span><\/li>\n<li style=\"font-weight: 400;\"><span style=\"font-weight: 400;\">Anfetaminas;<\/span><\/li>\n<li style=\"font-weight: 400;\"><span style=\"font-weight: 400;\">Levodopa.<\/span><\/li>\n<\/ul>\n<p><span style=\"font-weight: 400;\">Isso vale tamb\u00e9m para as drogas utilizadas em tratamentos agressivos contra o c\u00e2ncer, como \u00e9 o caso da quimioterapia.<\/span><\/p>\n<h3><span style=\"font-weight: 400;\">Calv\u00edcie heredit\u00e1ria<\/span><\/h3>\n<p><span style=\"font-weight: 400;\">A hereditariedade tamb\u00e9m influencia na queda de cabelo. Tamb\u00e9m conhecida como <\/span><a href=\"http:\/\/www.tratamentosalaser.com.br\/calvicie-genetica\/\"><span style=\"font-weight: 400;\">calv\u00edcie gen\u00e9tica<\/span><\/a><span style=\"font-weight: 400;\">, ela pode impactar homens e mulheres \u2014 com preval\u00eancia no primeiro \u2014 e em diversos n\u00edveis de gravidade.<\/span><\/p>\n<h3><span style=\"font-weight: 400;\">Alopecia traum\u00e1tica<\/span><\/h3>\n<p><span style=\"font-weight: 400;\">Se o cabelo est\u00e1 caindo muito, sem explica\u00e7\u00e3o aparente, o problema pode estar associado ao uso de t\u00e9cnicas e produtos agressivos em sal\u00f5es de beleza.<\/span><\/p>\n<h2><span style=\"font-weight: 400;\">Cabelo caindo muito: o que fazer<\/span><\/h2>\n<p><span style=\"font-weight: 400;\">O primeiro passo a seguir, ap\u00f3s notar o cabelo caindo muito, \u00e9 uma consulta com um m\u00e9dico especialista. A partir de uma an\u00e1lise e poss\u00edveis exames, um diagn\u00f3stico preciso vai conduzir o profissional \u00e0 realiza\u00e7\u00e3o de um tratamento mais eficaz para a sua situa\u00e7\u00e3o.<\/span><\/p>\n<p><span style=\"font-weight: 400;\">No entanto, existem algumas a\u00e7\u00f5es que podem ajudar, como reduzir o uso de sprays, cremes e pomadas paras o cabelos sem acompanhamento dermatol\u00f3gico, pois o uso inadequado por aumentar a oleosidade e favorecer a queda. Ainda, tomar cuidado com o uso de chapinhas e secadores, j\u00e1 que s\u00e3o procedimentos que podem agredir o fio.<\/span><\/p>\n<p><span style=\"font-weight: 400;\">Tamb\u00e9m vale a pena manter um registro fotogr\u00e1fico dos cabelos, a fim de avaliar se ele est\u00e1 ficando mais ralo, caindo ou ambos.<\/span><\/p>\n<h2><span style=\"font-weight: 400;\">Por que \u00e9 importante buscar um dermatologista?<\/span><\/h2>\n<p><span style=\"font-weight: 400;\">Como vimos neste artigo, h\u00e1 muito o que fazer para evitar o cabelo caindo muito. Mas isso tudo tem in\u00edcio com o aux\u00edlio de um dermatologista capaz de encaminhar o seu caso com per\u00edcia profissional e resultados mais vistosos.<\/span><\/p>\n<p><span style=\"font-weight: 400;\">Caso voc\u00ea queira saber por onde come\u00e7ar, n\u00f3s convidamos voc\u00ea a <\/span><a href=\"https:\/\/www.instagram.com\/artashair\/\"><span style=\"font-weight: 400;\">seguir a nosso perfil no Instagram<\/span><\/a><span style=\"font-weight: 400;\">. Assim, voc\u00ea ficar\u00e1 sempre por dentro de outras dicas e novidades para garantir um efetivo combate contra a queda de cabelos!<\/span><\/p>\n","protected":false},"excerpt":{"rendered":"<p>Quem percebe o cabelo caindo muito al\u00e9m do normal, logo se preocupa e questiona o que fazer a respeito. Acontece que a d\u00favida \u00e9 t\u00e3o frequente quanto os casos de queda de cabelo. Para se ter uma ideia: a alopecia androgen\u00e9tica (condi\u00e7\u00e3o cl\u00ednica do cabelo caindo muito) acomete cerca de 50% dos homens entre 20 [&hellip;]<\/p>\n","protected":false},"author":1,"featured_media":49,"comment_status":"open","ping_status":"open","sticky":false,"template":"","format":"standard","meta":{"_et_pb_use_builder":"","_et_pb_old_content":"","_et_gb_content_width":"","inline_featured_image":false,"footnotes":""},"categories":[123,125],"tags":[121,139],"class_list":["post-19449","post","type-post","status-publish","format-standard","has-post-thumbnail","hentry","category-transplante-capilar","category-tricologia","tag-artas","tag-queda-de-cabelo"],"yoast_head":"<!-- This site is optimized with the Yoast SEO Premium plugin v27.1 (Yoast SEO v27.4) - https:\/\/yoast.com\/product\/yoast-seo-premium-wordpress\/ -->\n<title>Cabelo caindo muito: o que fazer? - VYDENCE<\/title>\n<meta name=\"description\" content=\"Quem percebe o cabelo caindo muito al\u00e9m do normal, logo se preocupa e questiona o que fazer a respeito. Saiba quais cuidados tomar e como reverter esse quadro\" \/>\n<meta name=\"robots\" content=\"index, follow, max-snippet:-1, max-image-preview:large, max-video-preview:-1\" \/>\n<link rel=\"canonical\" href=\"https:\/\/www.vydence.com\/pt-br\/cabelo-caindo-muito-o-que-fazer\/\" \/>\n<meta property=\"og:locale\" content=\"pt_BR\" \/>\n<meta property=\"og:type\" content=\"article\" \/>\n<meta property=\"og:title\" content=\"Cabelo caindo muito: o que fazer?\" \/>\n<meta property=\"og:description\" content=\"Quem percebe o cabelo caindo muito al\u00e9m do normal, logo se preocupa e questiona o que fazer a respeito. Saiba quais cuidados tomar e como reverter esse quadro\" \/>\n<meta property=\"og:url\" content=\"https:\/\/www.vydence.com\/pt-br\/cabelo-caindo-muito-o-que-fazer\/\" \/>\n<meta property=\"og:site_name\" content=\"VYDENCE\" \/>\n<meta property=\"article:publisher\" content=\"https:\/\/www.facebook.com\/VYDENCE\" \/>\n<meta property=\"article:published_time\" content=\"2018-04-03T13:07:01+00:00\" \/>\n<meta property=\"og:image\" content=\"https:\/\/www.vydence.com\/wp-content\/uploads\/2018\/04\/cabelo-caindo-muito-o-que-fazer.jpg\" \/>\n\t<meta property=\"og:image:width\" content=\"1200\" \/>\n\t<meta property=\"og:image:height\" content=\"800\" \/>\n\t<meta property=\"og:image:type\" content=\"image\/jpeg\" \/>\n<meta name=\"author\" content=\"admin\" \/>\n<meta name=\"twitter:card\" content=\"summary_large_image\" \/>\n<meta name=\"twitter:label1\" content=\"Escrito por\" \/>\n\t<meta name=\"twitter:data1\" content=\"admin\" \/>\n\t<meta name=\"twitter:label2\" content=\"Est. tempo de leitura\" \/>\n\t<meta name=\"twitter:data2\" content=\"3 minutos\" \/>\n<script type=\"application\/ld+json\" class=\"yoast-schema-graph\">{\"@context\":\"https:\\\/\\\/schema.org\",\"@graph\":[{\"@type\":\"Article\",\"@id\":\"https:\\\/\\\/www.vydence.com\\\/pt-br\\\/cabelo-caindo-muito-o-que-fazer\\\/#article\",\"isPartOf\":{\"@id\":\"https:\\\/\\\/www.vydence.com\\\/pt-br\\\/cabelo-caindo-muito-o-que-fazer\\\/\"},\"author\":{\"name\":\"admin\",\"@id\":\"https:\\\/\\\/www.vydence.com\\\/pt-br\\\/#\\\/schema\\\/person\\\/d07e11658f9624d2d5344c62489f5fed\"},\"headline\":\"Cabelo caindo muito: o que fazer?\",\"datePublished\":\"2018-04-03T13:07:01+00:00\",\"mainEntityOfPage\":{\"@id\":\"https:\\\/\\\/www.vydence.com\\\/pt-br\\\/cabelo-caindo-muito-o-que-fazer\\\/\"},\"wordCount\":522,\"commentCount\":0,\"publisher\":{\"@id\":\"https:\\\/\\\/www.vydence.com\\\/pt-br\\\/#organization\"},\"image\":{\"@id\":\"https:\\\/\\\/www.vydence.com\\\/pt-br\\\/cabelo-caindo-muito-o-que-fazer\\\/#primaryimage\"},\"thumbnailUrl\":\"https:\\\/\\\/www.vydence.com\\\/wp-content\\\/uploads\\\/2018\\\/04\\\/cabelo-caindo-muito-o-que-fazer.jpg\",\"keywords\":[\"artas\",\"queda de cabelo\"],\"articleSection\":[\"Transplante capilar\",\"Tricologia\"],\"inLanguage\":\"pt-BR\",\"potentialAction\":[{\"@type\":\"CommentAction\",\"name\":\"Comment\",\"target\":[\"https:\\\/\\\/www.vydence.com\\\/pt-br\\\/cabelo-caindo-muito-o-que-fazer\\\/#respond\"]}]},{\"@type\":\"WebPage\",\"@id\":\"https:\\\/\\\/www.vydence.com\\\/pt-br\\\/cabelo-caindo-muito-o-que-fazer\\\/\",\"url\":\"https:\\\/\\\/www.vydence.com\\\/pt-br\\\/cabelo-caindo-muito-o-que-fazer\\\/\",\"name\":\"Cabelo caindo muito: o que fazer? - VYDENCE\",\"isPartOf\":{\"@id\":\"https:\\\/\\\/www.vydence.com\\\/pt-br\\\/#website\"},\"primaryImageOfPage\":{\"@id\":\"https:\\\/\\\/www.vydence.com\\\/pt-br\\\/cabelo-caindo-muito-o-que-fazer\\\/#primaryimage\"},\"image\":{\"@id\":\"https:\\\/\\\/www.vydence.com\\\/pt-br\\\/cabelo-caindo-muito-o-que-fazer\\\/#primaryimage\"},\"thumbnailUrl\":\"https:\\\/\\\/www.vydence.com\\\/wp-content\\\/uploads\\\/2018\\\/04\\\/cabelo-caindo-muito-o-que-fazer.jpg\",\"datePublished\":\"2018-04-03T13:07:01+00:00\",\"description\":\"Quem percebe o cabelo caindo muito al\u00e9m do normal, logo se preocupa e questiona o que fazer a respeito. Saiba quais cuidados tomar e como reverter esse quadro\",\"breadcrumb\":{\"@id\":\"https:\\\/\\\/www.vydence.com\\\/pt-br\\\/cabelo-caindo-muito-o-que-fazer\\\/#breadcrumb\"},\"inLanguage\":\"pt-BR\",\"potentialAction\":[{\"@type\":\"ReadAction\",\"target\":[\"https:\\\/\\\/www.vydence.com\\\/pt-br\\\/cabelo-caindo-muito-o-que-fazer\\\/\"]}]},{\"@type\":\"ImageObject\",\"inLanguage\":\"pt-BR\",\"@id\":\"https:\\\/\\\/www.vydence.com\\\/pt-br\\\/cabelo-caindo-muito-o-que-fazer\\\/#primaryimage\",\"url\":\"https:\\\/\\\/www.vydence.com\\\/wp-content\\\/uploads\\\/2018\\\/04\\\/cabelo-caindo-muito-o-que-fazer.jpg\",\"contentUrl\":\"https:\\\/\\\/www.vydence.com\\\/wp-content\\\/uploads\\\/2018\\\/04\\\/cabelo-caindo-muito-o-que-fazer.jpg\",\"width\":1200,\"height\":800,\"caption\":\"Cabelo caindo muito o que fazer\"},{\"@type\":\"BreadcrumbList\",\"@id\":\"https:\\\/\\\/www.vydence.com\\\/pt-br\\\/cabelo-caindo-muito-o-que-fazer\\\/#breadcrumb\",\"itemListElement\":[{\"@type\":\"ListItem\",\"position\":1,\"name\":\"In\u00edcio\",\"item\":\"https:\\\/\\\/www.vydence.com\\\/pt-br\\\/\"},{\"@type\":\"ListItem\",\"position\":2,\"name\":\"Cabelo caindo muito: o que fazer?\"}]},{\"@type\":\"WebSite\",\"@id\":\"https:\\\/\\\/www.vydence.com\\\/pt-br\\\/#website\",\"url\":\"https:\\\/\\\/www.vydence.com\\\/pt-br\\\/\",\"name\":\"VYDENCE\",\"description\":\"\",\"publisher\":{\"@id\":\"https:\\\/\\\/www.vydence.com\\\/pt-br\\\/#organization\"},\"potentialAction\":[{\"@type\":\"SearchAction\",\"target\":{\"@type\":\"EntryPoint\",\"urlTemplate\":\"https:\\\/\\\/www.vydence.com\\\/pt-br\\\/?s={search_term_string}\"},\"query-input\":{\"@type\":\"PropertyValueSpecification\",\"valueRequired\":true,\"valueName\":\"search_term_string\"}}],\"inLanguage\":\"pt-BR\"},{\"@type\":\"Organization\",\"@id\":\"https:\\\/\\\/www.vydence.com\\\/pt-br\\\/#organization\",\"name\":\"VYDENCE\",\"url\":\"https:\\\/\\\/www.vydence.com\\\/pt-br\\\/\",\"logo\":{\"@type\":\"ImageObject\",\"inLanguage\":\"pt-BR\",\"@id\":\"https:\\\/\\\/www.vydence.com\\\/pt-br\\\/#\\\/schema\\\/logo\\\/image\\\/\",\"url\":\"https:\\\/\\\/www.vydence.com\\\/wp-content\\\/uploads\\\/2024\\\/11\\\/Logo.svg\",\"contentUrl\":\"https:\\\/\\\/www.vydence.com\\\/wp-content\\\/uploads\\\/2024\\\/11\\\/Logo.svg\",\"width\":149,\"height\":40,\"caption\":\"VYDENCE\"},\"image\":{\"@id\":\"https:\\\/\\\/www.vydence.com\\\/pt-br\\\/#\\\/schema\\\/logo\\\/image\\\/\"},\"sameAs\":[\"https:\\\/\\\/www.facebook.com\\\/VYDENCE\"]},{\"@type\":\"Person\",\"@id\":\"https:\\\/\\\/www.vydence.com\\\/pt-br\\\/#\\\/schema\\\/person\\\/d07e11658f9624d2d5344c62489f5fed\",\"name\":\"admin\",\"image\":{\"@type\":\"ImageObject\",\"inLanguage\":\"pt-BR\",\"@id\":\"https:\\\/\\\/secure.gravatar.com\\\/avatar\\\/1625555f260264654c853a64f2eddfbd5d054ef40597af8b97dc8461ef04e355?s=96&d=mm&r=g\",\"url\":\"https:\\\/\\\/secure.gravatar.com\\\/avatar\\\/1625555f260264654c853a64f2eddfbd5d054ef40597af8b97dc8461ef04e355?s=96&d=mm&r=g\",\"contentUrl\":\"https:\\\/\\\/secure.gravatar.com\\\/avatar\\\/1625555f260264654c853a64f2eddfbd5d054ef40597af8b97dc8461ef04e355?s=96&d=mm&r=g\",\"caption\":\"admin\"},\"sameAs\":[\"https:\\\/\\\/www.vydence.com\"],\"url\":\"https:\\\/\\\/www.vydence.com\\\/pt-br\\\/author\\\/ericknc\\\/\"}]}<\/script>\n<!-- \/ Yoast SEO Premium plugin. -->","yoast_head_json":{"title":"Cabelo caindo muito: o que fazer? - VYDENCE","description":"Quem percebe o cabelo caindo muito al\u00e9m do normal, logo se preocupa e questiona o que fazer a respeito. Saiba quais cuidados tomar e como reverter esse quadro","robots":{"index":"index","follow":"follow","max-snippet":"max-snippet:-1","max-image-preview":"max-image-preview:large","max-video-preview":"max-video-preview:-1"},"canonical":"https:\/\/www.vydence.com\/pt-br\/cabelo-caindo-muito-o-que-fazer\/","og_locale":"pt_BR","og_type":"article","og_title":"Cabelo caindo muito: o que fazer?","og_description":"Quem percebe o cabelo caindo muito al\u00e9m do normal, logo se preocupa e questiona o que fazer a respeito. Saiba quais cuidados tomar e como reverter esse quadro","og_url":"https:\/\/www.vydence.com\/pt-br\/cabelo-caindo-muito-o-que-fazer\/","og_site_name":"VYDENCE","article_publisher":"https:\/\/www.facebook.com\/VYDENCE","article_published_time":"2018-04-03T13:07:01+00:00","og_image":[{"width":1200,"height":800,"url":"https:\/\/www.vydence.com\/wp-content\/uploads\/2018\/04\/cabelo-caindo-muito-o-que-fazer.jpg","type":"image\/jpeg"}],"author":"admin","twitter_card":"summary_large_image","twitter_misc":{"Escrito por":"admin","Est. tempo de leitura":"3 minutos"},"schema":{"@context":"https:\/\/schema.org","@graph":[{"@type":"Article","@id":"https:\/\/www.vydence.com\/pt-br\/cabelo-caindo-muito-o-que-fazer\/#article","isPartOf":{"@id":"https:\/\/www.vydence.com\/pt-br\/cabelo-caindo-muito-o-que-fazer\/"},"author":{"name":"admin","@id":"https:\/\/www.vydence.com\/pt-br\/#\/schema\/person\/d07e11658f9624d2d5344c62489f5fed"},"headline":"Cabelo caindo muito: o que fazer?","datePublished":"2018-04-03T13:07:01+00:00","mainEntityOfPage":{"@id":"https:\/\/www.vydence.com\/pt-br\/cabelo-caindo-muito-o-que-fazer\/"},"wordCount":522,"commentCount":0,"publisher":{"@id":"https:\/\/www.vydence.com\/pt-br\/#organization"},"image":{"@id":"https:\/\/www.vydence.com\/pt-br\/cabelo-caindo-muito-o-que-fazer\/#primaryimage"},"thumbnailUrl":"https:\/\/www.vydence.com\/wp-content\/uploads\/2018\/04\/cabelo-caindo-muito-o-que-fazer.jpg","keywords":["artas","queda de cabelo"],"articleSection":["Transplante capilar","Tricologia"],"inLanguage":"pt-BR","potentialAction":[{"@type":"CommentAction","name":"Comment","target":["https:\/\/www.vydence.com\/pt-br\/cabelo-caindo-muito-o-que-fazer\/#respond"]}]},{"@type":"WebPage","@id":"https:\/\/www.vydence.com\/pt-br\/cabelo-caindo-muito-o-que-fazer\/","url":"https:\/\/www.vydence.com\/pt-br\/cabelo-caindo-muito-o-que-fazer\/","name":"Cabelo caindo muito: o que fazer? - VYDENCE","isPartOf":{"@id":"https:\/\/www.vydence.com\/pt-br\/#website"},"primaryImageOfPage":{"@id":"https:\/\/www.vydence.com\/pt-br\/cabelo-caindo-muito-o-que-fazer\/#primaryimage"},"image":{"@id":"https:\/\/www.vydence.com\/pt-br\/cabelo-caindo-muito-o-que-fazer\/#primaryimage"},"thumbnailUrl":"https:\/\/www.vydence.com\/wp-content\/uploads\/2018\/04\/cabelo-caindo-muito-o-que-fazer.jpg","datePublished":"2018-04-03T13:07:01+00:00","description":"Quem percebe o cabelo caindo muito al\u00e9m do normal, logo se preocupa e questiona o que fazer a respeito. Saiba quais cuidados tomar e como reverter esse quadro","breadcrumb":{"@id":"https:\/\/www.vydence.com\/pt-br\/cabelo-caindo-muito-o-que-fazer\/#breadcrumb"},"inLanguage":"pt-BR","potentialAction":[{"@type":"ReadAction","target":["https:\/\/www.vydence.com\/pt-br\/cabelo-caindo-muito-o-que-fazer\/"]}]},{"@type":"ImageObject","inLanguage":"pt-BR","@id":"https:\/\/www.vydence.com\/pt-br\/cabelo-caindo-muito-o-que-fazer\/#primaryimage","url":"https:\/\/www.vydence.com\/wp-content\/uploads\/2018\/04\/cabelo-caindo-muito-o-que-fazer.jpg","contentUrl":"https:\/\/www.vydence.com\/wp-content\/uploads\/2018\/04\/cabelo-caindo-muito-o-que-fazer.jpg","width":1200,"height":800,"caption":"Cabelo caindo muito o que fazer"},{"@type":"BreadcrumbList","@id":"https:\/\/www.vydence.com\/pt-br\/cabelo-caindo-muito-o-que-fazer\/#breadcrumb","itemListElement":[{"@type":"ListItem","position":1,"name":"In\u00edcio","item":"https:\/\/www.vydence.com\/pt-br\/"},{"@type":"ListItem","position":2,"name":"Cabelo caindo muito: o que fazer?"}]},{"@type":"WebSite","@id":"https:\/\/www.vydence.com\/pt-br\/#website","url":"https:\/\/www.vydence.com\/pt-br\/","name":"VYDENCE","description":"","publisher":{"@id":"https:\/\/www.vydence.com\/pt-br\/#organization"},"potentialAction":[{"@type":"SearchAction","target":{"@type":"EntryPoint","urlTemplate":"https:\/\/www.vydence.com\/pt-br\/?s={search_term_string}"},"query-input":{"@type":"PropertyValueSpecification","valueRequired":true,"valueName":"search_term_string"}}],"inLanguage":"pt-BR"},{"@type":"Organization","@id":"https:\/\/www.vydence.com\/pt-br\/#organization","name":"VYDENCE","url":"https:\/\/www.vydence.com\/pt-br\/","logo":{"@type":"ImageObject","inLanguage":"pt-BR","@id":"https:\/\/www.vydence.com\/pt-br\/#\/schema\/logo\/image\/","url":"https:\/\/www.vydence.com\/wp-content\/uploads\/2024\/11\/Logo.svg","contentUrl":"https:\/\/www.vydence.com\/wp-content\/uploads\/2024\/11\/Logo.svg","width":149,"height":40,"caption":"VYDENCE"},"image":{"@id":"https:\/\/www.vydence.com\/pt-br\/#\/schema\/logo\/image\/"},"sameAs":["https:\/\/www.facebook.com\/VYDENCE"]},{"@type":"Person","@id":"https:\/\/www.vydence.com\/pt-br\/#\/schema\/person\/d07e11658f9624d2d5344c62489f5fed","name":"admin","image":{"@type":"ImageObject","inLanguage":"pt-BR","@id":"https:\/\/secure.gravatar.com\/avatar\/1625555f260264654c853a64f2eddfbd5d054ef40597af8b97dc8461ef04e355?s=96&d=mm&r=g","url":"https:\/\/secure.gravatar.com\/avatar\/1625555f260264654c853a64f2eddfbd5d054ef40597af8b97dc8461ef04e355?s=96&d=mm&r=g","contentUrl":"https:\/\/secure.gravatar.com\/avatar\/1625555f260264654c853a64f2eddfbd5d054ef40597af8b97dc8461ef04e355?s=96&d=mm&r=g","caption":"admin"},"sameAs":["https:\/\/www.vydence.com"],"url":"https:\/\/www.vydence.com\/pt-br\/author\/ericknc\/"}]}},"_links":{"self":[{"href":"https:\/\/www.vydence.com\/pt-br\/wp-json\/wp\/v2\/posts\/19449","targetHints":{"allow":["GET"]}}],"collection":[{"href":"https:\/\/www.vydence.com\/pt-br\/wp-json\/wp\/v2\/posts"}],"about":[{"href":"https:\/\/www.vydence.com\/pt-br\/wp-json\/wp\/v2\/types\/post"}],"author":[{"embeddable":true,"href":"https:\/\/www.vydence.com\/pt-br\/wp-json\/wp\/v2\/users\/1"}],"replies":[{"embeddable":true,"href":"https:\/\/www.vydence.com\/pt-br\/wp-json\/wp\/v2\/comments?post=19449"}],"version-history":[{"count":0,"href":"https:\/\/www.vydence.com\/pt-br\/wp-json\/wp\/v2\/posts\/19449\/revisions"}],"wp:featuredmedia":[{"embeddable":true,"href":"https:\/\/www.vydence.com\/pt-br\/wp-json\/wp\/v2\/media\/49"}],"wp:attachment":[{"href":"https:\/\/www.vydence.com\/pt-br\/wp-json\/wp\/v2\/media?parent=19449"}],"wp:term":[{"taxonomy":"category","embeddable":true,"href":"https:\/\/www.vydence.com\/pt-br\/wp-json\/wp\/v2\/categories?post=19449"},{"taxonomy":"post_tag","embeddable":true,"href":"https:\/\/www.vydence.com\/pt-br\/wp-json\/wp\/v2\/tags?post=19449"}],"curies":[{"name":"wp","href":"https:\/\/api.w.org\/{rel}","templated":true}]}}