{"id":19445,"date":"2018-02-27T11:50:40","date_gmt":"2018-02-27T11:50:40","guid":{"rendered":"http:\/\/www.bottomsup.com.br\/blog\/?p=58"},"modified":"2018-02-27T11:50:40","modified_gmt":"2018-02-27T11:50:40","slug":"celulite-o-que-e-e-como-tratar","status":"publish","type":"post","link":"https:\/\/www.vydence.com\/pt-br\/celulite-o-que-e-e-como-tratar\/","title":{"rendered":"Celulite: o que \u00e9 e como tratar"},"content":{"rendered":"<p><span style=\"font-weight: 400;\">Tamb\u00e9m conhecida como lipodistrofia gin\u00f3ide, a celulite \u00e9 um problema que atinge boa parte das mulheres. Causando um aspecto irregular na pele, ela aparece principalmente em regi\u00f5es como pernas, coxas, bumbum e barriga. As mulheres lutam contra ela, mas os furinhos da desagrad\u00e1veis v\u00e3o muito al\u00e9m da quest\u00e3o est\u00e9tica e envolvem o equil\u00edbrio e a sa\u00fade do corpo. <\/span><\/p>\n<h2><span style=\"font-weight: 400;\">O que \u00e9 a celulite<\/span><\/h2>\n<p><span style=\"font-weight: 400;\">A celulite aparece no corpo por uma s\u00e9rie de fatores que, juntos, acabam deixando a pele com o aspecto da casca de uma laranja. Ela \u00e9 caracterizada por uma altera\u00e7\u00e3o na Epiderme causada pelo endurecimento das c\u00e9lulas e a cria\u00e7\u00e3o de n\u00f3dulos. <\/span><\/p>\n<p><span style=\"font-weight: 400;\">Isso acontece devido ao ac\u00famulo de toxinas, gordura e \u00e1gua nessas c\u00e9lulas, causando as altera\u00e7\u00f5es no tecido gorduroso que fica localizado sob a pele. <\/span><\/p>\n<h2><span style=\"font-weight: 400;\">Como a celulite \u00e9 formada<\/span><\/h2>\n<p><span style=\"font-weight: 400;\">As principais v\u00edtimas da celulite s\u00e3o as mulheres, mas alguns homens com excesso de peso tamb\u00e9m podem sofrer com essa disfun\u00e7\u00e3o. <\/span><\/p>\n<p><span style=\"font-weight: 400;\">Na constitui\u00e7\u00e3o do corpo feminino existe uma camada de fibras que liga a superf\u00edcie do tecido adiposo mais profundo at\u00e9 a derme e epiderme. Quando essas pontes fibrosas come\u00e7am a repuxar a pele para baixo \u00e9 que surge o aparecimento dos furinhos da celulite. <\/span><\/p>\n<h2><span style=\"font-weight: 400;\">Principais causas da celulite<\/span><\/h2>\n<p><span style=\"font-weight: 400;\">Conforme falamos anteriormente, n\u00e3o existe um fator espec\u00edfico para o surgimento da celulite no corpo, mas sim uma s\u00e9rie deles que juntos contribuem para o quadro. <\/span><\/p>\n<p><span style=\"font-weight: 400;\">Quest\u00f5es gen\u00e9ticas s\u00e3o um dos principais motivos. Mulheres que j\u00e1 possuem um hist\u00f3rico na fam\u00edlia s\u00e3o mais propensas a desenvolver a celulite do que outras. Mas este n\u00e3o \u00e9 o \u00fanico motivo. Pontos como: sedentarismo alimenta\u00e7\u00e3o inadequada, tabagismo, alcoolismo e falta de consumo de \u00e1gua tamb\u00e9m podem contribuir para o surgimento da celulite. <\/span><\/p>\n<p><span style=\"font-weight: 400;\">Outro fator que pode ser preponderante para o surgimento dos furinhos s\u00e3o os anticoncepcionais. Eles contribuem para a o processo de reten\u00e7\u00e3o de l\u00edquido no corpo. Consequentemente, ocasionam o incha\u00e7o das c\u00e9lulas, provocando o aparecimento da celulite. <\/span><\/p>\n<h2><span style=\"font-weight: 400;\">Como tratar a celulite<\/span><\/h2>\n<p><span style=\"font-weight: 400;\">Saiba que \u00e9 poss\u00edvel tratar e tamb\u00e9m prevenir o aparecimento delas. Fatores como uma dieta equilibrada e a diminui\u00e7\u00e3o do consumo de produtos industrializados auxiliam na diminui\u00e7\u00e3o consider\u00e1vel do problema. <\/span><\/p>\n<p><span style=\"font-weight: 400;\">Para quem j\u00e1 possui \u00e1reas do corpo afetadas pela celulite e precisa tratar para melhorar o aspecto e recuperar a sa\u00fade da pele, os tratamentos dermatol\u00f3gicos s\u00e3o os mais indicados. Eles promovem um cuidado espec\u00edfico com a regi\u00e3o afetada pelos furinhos atrav\u00e9s de tratamentos especializados.<\/span><\/p>\n<p>[embedyt] https:\/\/www.youtube.com\/embed?listType=playlist&amp;list=PL8a-ss-hiORZISZIgVKdN355gI7uzddTm&amp;v=dfD-yXWcXAE[\/embedyt]<\/p>\n<p><span style=\"font-weight: 400;\">No Brasil, o tratamento que tem se mostrado mais eficaz no combate e redu\u00e7\u00e3o da celulite \u00e9 o Bottoms UP. Trata-se de um programa exclusivo para tratamento da celulite que re\u00fane tecnologias avan\u00e7adas e, o melhor: n\u00e3o requer cirurgias e nem causa dor \u00e0 paciente.<\/span><\/p>\n<p><span style=\"font-weight: 400;\">O Bottoms UP \u00e9 ideal para quem quer alcan\u00e7ar resultados efetivos e se livrar de vez do aspecto de casca de laranja na pele. Todo o tratamento \u00e9 desenvolvido ao longo de oito sess\u00f5es e o n\u00edvel de satisfa\u00e7\u00e3o das pacientes \u00e9 alto.<\/span><\/p>\n<p><span style=\"font-weight: 400;\">Se voc\u00ea quer ficar longe da celulite e conquistar mais confian\u00e7a com seu corpo, vale a pena conhecer mais sobre o <\/span><a href=\"https:\/\/tratamentosalaser.com.br\"><span style=\"font-weight: 400;\">tratamento Bottoms UP<\/span><\/a><span style=\"font-weight: 400;\">. Aproveite para curtir nossa <\/span><a href=\"https:\/\/www.facebook.com\/Bottoms-UP-Vydence-149912875693655\/?notif_id=1519661898069494&amp;notif_t=page_invite&amp;ref=notif\"><span style=\"font-weight: 400;\">p\u00e1gina no Facebook<\/span><\/a><span style=\"font-weight: 400;\"> e acompanhar dicas que ir\u00e3o te ajudar a cuidar melhor do seu corpo!<\/span><\/p>\n<p style=\"text-align: center;\"><a href=\"https:\/\/www.vydence.com\/wp-content\/uploads\/2019\/08\/ebook-bottoms-up-1.pdf\"><img loading=\"lazy\" decoding=\"async\" class=\"alignnone  wp-image-343\" src=\"http:\/\/tratamentosalaser.com.br\/wp-content\/uploads\/2019\/03\/Tire-suas-duvidas-1-1-1024x640.jpg\" alt=\"\" width=\"600\" height=\"375\" \/><\/a><\/p>\n","protected":false},"excerpt":{"rendered":"<p>Tamb\u00e9m conhecida como lipodistrofia gin\u00f3ide, a celulite \u00e9 um problema que atinge boa parte das mulheres. Causando um aspecto irregular na pele, ela aparece principalmente em regi\u00f5es como pernas, coxas, bumbum e barriga. As mulheres lutam contra ela, mas os furinhos da desagrad\u00e1veis v\u00e3o muito al\u00e9m da quest\u00e3o est\u00e9tica e envolvem o equil\u00edbrio e a [&hellip;]<\/p>\n","protected":false},"author":1,"featured_media":19222,"comment_status":"open","ping_status":"open","sticky":false,"template":"","format":"standard","meta":{"_et_pb_use_builder":"","_et_pb_old_content":"","_et_gb_content_width":"","inline_featured_image":false,"footnotes":""},"categories":[129],"tags":[128],"class_list":["post-19445","post","type-post","status-publish","format-standard","has-post-thumbnail","hentry","category-tratamento-para-celulite","tag-celulite"],"yoast_head":"<!-- This site is optimized with the Yoast SEO Premium plugin v27.1 (Yoast SEO v27.4) - https:\/\/yoast.com\/product\/yoast-seo-premium-wordpress\/ -->\n<title>Celulite: o que \u00e9 e como tratar - VYDENCE<\/title>\n<meta name=\"description\" content=\"Entenda o que \u00e9 a celulite, quais as causas da sua forma\u00e7\u00e3o e conhe\u00e7a os tratamentos mais eficazes para te livrar de vez dos furinhos e ondula\u00e7\u00f5es indesej\u00e1veis\" \/>\n<meta name=\"robots\" content=\"index, follow, max-snippet:-1, max-image-preview:large, max-video-preview:-1\" \/>\n<link rel=\"canonical\" href=\"https:\/\/www.vydence.com\/pt-br\/celulite-o-que-e-e-como-tratar\/\" \/>\n<meta property=\"og:locale\" content=\"pt_BR\" \/>\n<meta property=\"og:type\" content=\"article\" \/>\n<meta property=\"og:title\" content=\"Celulite: o que \u00e9 e como tratar\" \/>\n<meta property=\"og:description\" content=\"Entenda o que \u00e9 a celulite, quais as causas da sua forma\u00e7\u00e3o e conhe\u00e7a os tratamentos mais eficazes para te livrar de vez dos furinhos e ondula\u00e7\u00f5es indesej\u00e1veis\" \/>\n<meta property=\"og:url\" content=\"https:\/\/www.vydence.com\/pt-br\/celulite-o-que-e-e-como-tratar\/\" \/>\n<meta property=\"og:site_name\" content=\"VYDENCE\" \/>\n<meta property=\"article:publisher\" content=\"https:\/\/www.facebook.com\/VYDENCE\" \/>\n<meta property=\"article:published_time\" content=\"2018-02-27T11:50:40+00:00\" \/>\n<meta property=\"og:image\" content=\"https:\/\/www.vydence.com\/wp-content\/uploads\/2018\/02\/o-que-e-celulite.jpg\" \/>\n\t<meta property=\"og:image:width\" content=\"1100\" \/>\n\t<meta property=\"og:image:height\" content=\"733\" \/>\n\t<meta property=\"og:image:type\" content=\"image\/jpeg\" \/>\n<meta name=\"author\" content=\"admin\" \/>\n<meta name=\"twitter:card\" content=\"summary_large_image\" \/>\n<meta name=\"twitter:label1\" content=\"Escrito por\" \/>\n\t<meta name=\"twitter:data1\" content=\"admin\" \/>\n\t<meta name=\"twitter:label2\" content=\"Est. tempo de leitura\" \/>\n\t<meta name=\"twitter:data2\" content=\"3 minutos\" \/>\n<script type=\"application\/ld+json\" class=\"yoast-schema-graph\">{\"@context\":\"https:\\\/\\\/schema.org\",\"@graph\":[{\"@type\":\"Article\",\"@id\":\"https:\\\/\\\/www.vydence.com\\\/pt-br\\\/celulite-o-que-e-e-como-tratar\\\/#article\",\"isPartOf\":{\"@id\":\"https:\\\/\\\/www.vydence.com\\\/pt-br\\\/celulite-o-que-e-e-como-tratar\\\/\"},\"author\":{\"name\":\"admin\",\"@id\":\"https:\\\/\\\/www.vydence.com\\\/pt-br\\\/#\\\/schema\\\/person\\\/d07e11658f9624d2d5344c62489f5fed\"},\"headline\":\"Celulite: o que \u00e9 e como tratar\",\"datePublished\":\"2018-02-27T11:50:40+00:00\",\"mainEntityOfPage\":{\"@id\":\"https:\\\/\\\/www.vydence.com\\\/pt-br\\\/celulite-o-que-e-e-como-tratar\\\/\"},\"wordCount\":606,\"commentCount\":0,\"publisher\":{\"@id\":\"https:\\\/\\\/www.vydence.com\\\/pt-br\\\/#organization\"},\"image\":{\"@id\":\"https:\\\/\\\/www.vydence.com\\\/pt-br\\\/celulite-o-que-e-e-como-tratar\\\/#primaryimage\"},\"thumbnailUrl\":\"https:\\\/\\\/www.vydence.com\\\/wp-content\\\/uploads\\\/2018\\\/02\\\/o-que-e-celulite.jpg\",\"keywords\":[\"celulite\"],\"articleSection\":[\"Tratamento para celulite\"],\"inLanguage\":\"pt-BR\",\"potentialAction\":[{\"@type\":\"CommentAction\",\"name\":\"Comment\",\"target\":[\"https:\\\/\\\/www.vydence.com\\\/pt-br\\\/celulite-o-que-e-e-como-tratar\\\/#respond\"]}]},{\"@type\":\"WebPage\",\"@id\":\"https:\\\/\\\/www.vydence.com\\\/pt-br\\\/celulite-o-que-e-e-como-tratar\\\/\",\"url\":\"https:\\\/\\\/www.vydence.com\\\/pt-br\\\/celulite-o-que-e-e-como-tratar\\\/\",\"name\":\"Celulite: o que \u00e9 e como tratar - VYDENCE\",\"isPartOf\":{\"@id\":\"https:\\\/\\\/www.vydence.com\\\/pt-br\\\/#website\"},\"primaryImageOfPage\":{\"@id\":\"https:\\\/\\\/www.vydence.com\\\/pt-br\\\/celulite-o-que-e-e-como-tratar\\\/#primaryimage\"},\"image\":{\"@id\":\"https:\\\/\\\/www.vydence.com\\\/pt-br\\\/celulite-o-que-e-e-como-tratar\\\/#primaryimage\"},\"thumbnailUrl\":\"https:\\\/\\\/www.vydence.com\\\/wp-content\\\/uploads\\\/2018\\\/02\\\/o-que-e-celulite.jpg\",\"datePublished\":\"2018-02-27T11:50:40+00:00\",\"description\":\"Entenda o que \u00e9 a celulite, quais as causas da sua forma\u00e7\u00e3o e conhe\u00e7a os tratamentos mais eficazes para te livrar de vez dos furinhos e ondula\u00e7\u00f5es indesej\u00e1veis\",\"breadcrumb\":{\"@id\":\"https:\\\/\\\/www.vydence.com\\\/pt-br\\\/celulite-o-que-e-e-como-tratar\\\/#breadcrumb\"},\"inLanguage\":\"pt-BR\",\"potentialAction\":[{\"@type\":\"ReadAction\",\"target\":[\"https:\\\/\\\/www.vydence.com\\\/pt-br\\\/celulite-o-que-e-e-como-tratar\\\/\"]}]},{\"@type\":\"ImageObject\",\"inLanguage\":\"pt-BR\",\"@id\":\"https:\\\/\\\/www.vydence.com\\\/pt-br\\\/celulite-o-que-e-e-como-tratar\\\/#primaryimage\",\"url\":\"https:\\\/\\\/www.vydence.com\\\/wp-content\\\/uploads\\\/2018\\\/02\\\/o-que-e-celulite.jpg\",\"contentUrl\":\"https:\\\/\\\/www.vydence.com\\\/wp-content\\\/uploads\\\/2018\\\/02\\\/o-que-e-celulite.jpg\",\"width\":1100,\"height\":733,\"caption\":\"O que \u00e9 celulite - causas e tratamentos\"},{\"@type\":\"BreadcrumbList\",\"@id\":\"https:\\\/\\\/www.vydence.com\\\/pt-br\\\/celulite-o-que-e-e-como-tratar\\\/#breadcrumb\",\"itemListElement\":[{\"@type\":\"ListItem\",\"position\":1,\"name\":\"In\u00edcio\",\"item\":\"https:\\\/\\\/www.vydence.com\\\/pt-br\\\/\"},{\"@type\":\"ListItem\",\"position\":2,\"name\":\"Celulite: o que \u00e9 e como tratar\"}]},{\"@type\":\"WebSite\",\"@id\":\"https:\\\/\\\/www.vydence.com\\\/pt-br\\\/#website\",\"url\":\"https:\\\/\\\/www.vydence.com\\\/pt-br\\\/\",\"name\":\"VYDENCE\",\"description\":\"\",\"publisher\":{\"@id\":\"https:\\\/\\\/www.vydence.com\\\/pt-br\\\/#organization\"},\"potentialAction\":[{\"@type\":\"SearchAction\",\"target\":{\"@type\":\"EntryPoint\",\"urlTemplate\":\"https:\\\/\\\/www.vydence.com\\\/pt-br\\\/?s={search_term_string}\"},\"query-input\":{\"@type\":\"PropertyValueSpecification\",\"valueRequired\":true,\"valueName\":\"search_term_string\"}}],\"inLanguage\":\"pt-BR\"},{\"@type\":\"Organization\",\"@id\":\"https:\\\/\\\/www.vydence.com\\\/pt-br\\\/#organization\",\"name\":\"VYDENCE\",\"url\":\"https:\\\/\\\/www.vydence.com\\\/pt-br\\\/\",\"logo\":{\"@type\":\"ImageObject\",\"inLanguage\":\"pt-BR\",\"@id\":\"https:\\\/\\\/www.vydence.com\\\/pt-br\\\/#\\\/schema\\\/logo\\\/image\\\/\",\"url\":\"https:\\\/\\\/www.vydence.com\\\/wp-content\\\/uploads\\\/2024\\\/11\\\/Logo.svg\",\"contentUrl\":\"https:\\\/\\\/www.vydence.com\\\/wp-content\\\/uploads\\\/2024\\\/11\\\/Logo.svg\",\"width\":149,\"height\":40,\"caption\":\"VYDENCE\"},\"image\":{\"@id\":\"https:\\\/\\\/www.vydence.com\\\/pt-br\\\/#\\\/schema\\\/logo\\\/image\\\/\"},\"sameAs\":[\"https:\\\/\\\/www.facebook.com\\\/VYDENCE\"]},{\"@type\":\"Person\",\"@id\":\"https:\\\/\\\/www.vydence.com\\\/pt-br\\\/#\\\/schema\\\/person\\\/d07e11658f9624d2d5344c62489f5fed\",\"name\":\"admin\",\"image\":{\"@type\":\"ImageObject\",\"inLanguage\":\"pt-BR\",\"@id\":\"https:\\\/\\\/secure.gravatar.com\\\/avatar\\\/1625555f260264654c853a64f2eddfbd5d054ef40597af8b97dc8461ef04e355?s=96&d=mm&r=g\",\"url\":\"https:\\\/\\\/secure.gravatar.com\\\/avatar\\\/1625555f260264654c853a64f2eddfbd5d054ef40597af8b97dc8461ef04e355?s=96&d=mm&r=g\",\"contentUrl\":\"https:\\\/\\\/secure.gravatar.com\\\/avatar\\\/1625555f260264654c853a64f2eddfbd5d054ef40597af8b97dc8461ef04e355?s=96&d=mm&r=g\",\"caption\":\"admin\"},\"sameAs\":[\"https:\\\/\\\/www.vydence.com\"],\"url\":\"https:\\\/\\\/www.vydence.com\\\/pt-br\\\/author\\\/ericknc\\\/\"}]}<\/script>\n<!-- \/ Yoast SEO Premium plugin. -->","yoast_head_json":{"title":"Celulite: o que \u00e9 e como tratar - VYDENCE","description":"Entenda o que \u00e9 a celulite, quais as causas da sua forma\u00e7\u00e3o e conhe\u00e7a os tratamentos mais eficazes para te livrar de vez dos furinhos e ondula\u00e7\u00f5es indesej\u00e1veis","robots":{"index":"index","follow":"follow","max-snippet":"max-snippet:-1","max-image-preview":"max-image-preview:large","max-video-preview":"max-video-preview:-1"},"canonical":"https:\/\/www.vydence.com\/pt-br\/celulite-o-que-e-e-como-tratar\/","og_locale":"pt_BR","og_type":"article","og_title":"Celulite: o que \u00e9 e como tratar","og_description":"Entenda o que \u00e9 a celulite, quais as causas da sua forma\u00e7\u00e3o e conhe\u00e7a os tratamentos mais eficazes para te livrar de vez dos furinhos e ondula\u00e7\u00f5es indesej\u00e1veis","og_url":"https:\/\/www.vydence.com\/pt-br\/celulite-o-que-e-e-como-tratar\/","og_site_name":"VYDENCE","article_publisher":"https:\/\/www.facebook.com\/VYDENCE","article_published_time":"2018-02-27T11:50:40+00:00","og_image":[{"width":1100,"height":733,"url":"https:\/\/www.vydence.com\/wp-content\/uploads\/2018\/02\/o-que-e-celulite.jpg","type":"image\/jpeg"}],"author":"admin","twitter_card":"summary_large_image","twitter_misc":{"Escrito por":"admin","Est. tempo de leitura":"3 minutos"},"schema":{"@context":"https:\/\/schema.org","@graph":[{"@type":"Article","@id":"https:\/\/www.vydence.com\/pt-br\/celulite-o-que-e-e-como-tratar\/#article","isPartOf":{"@id":"https:\/\/www.vydence.com\/pt-br\/celulite-o-que-e-e-como-tratar\/"},"author":{"name":"admin","@id":"https:\/\/www.vydence.com\/pt-br\/#\/schema\/person\/d07e11658f9624d2d5344c62489f5fed"},"headline":"Celulite: o que \u00e9 e como tratar","datePublished":"2018-02-27T11:50:40+00:00","mainEntityOfPage":{"@id":"https:\/\/www.vydence.com\/pt-br\/celulite-o-que-e-e-como-tratar\/"},"wordCount":606,"commentCount":0,"publisher":{"@id":"https:\/\/www.vydence.com\/pt-br\/#organization"},"image":{"@id":"https:\/\/www.vydence.com\/pt-br\/celulite-o-que-e-e-como-tratar\/#primaryimage"},"thumbnailUrl":"https:\/\/www.vydence.com\/wp-content\/uploads\/2018\/02\/o-que-e-celulite.jpg","keywords":["celulite"],"articleSection":["Tratamento para celulite"],"inLanguage":"pt-BR","potentialAction":[{"@type":"CommentAction","name":"Comment","target":["https:\/\/www.vydence.com\/pt-br\/celulite-o-que-e-e-como-tratar\/#respond"]}]},{"@type":"WebPage","@id":"https:\/\/www.vydence.com\/pt-br\/celulite-o-que-e-e-como-tratar\/","url":"https:\/\/www.vydence.com\/pt-br\/celulite-o-que-e-e-como-tratar\/","name":"Celulite: o que \u00e9 e como tratar - VYDENCE","isPartOf":{"@id":"https:\/\/www.vydence.com\/pt-br\/#website"},"primaryImageOfPage":{"@id":"https:\/\/www.vydence.com\/pt-br\/celulite-o-que-e-e-como-tratar\/#primaryimage"},"image":{"@id":"https:\/\/www.vydence.com\/pt-br\/celulite-o-que-e-e-como-tratar\/#primaryimage"},"thumbnailUrl":"https:\/\/www.vydence.com\/wp-content\/uploads\/2018\/02\/o-que-e-celulite.jpg","datePublished":"2018-02-27T11:50:40+00:00","description":"Entenda o que \u00e9 a celulite, quais as causas da sua forma\u00e7\u00e3o e conhe\u00e7a os tratamentos mais eficazes para te livrar de vez dos furinhos e ondula\u00e7\u00f5es indesej\u00e1veis","breadcrumb":{"@id":"https:\/\/www.vydence.com\/pt-br\/celulite-o-que-e-e-como-tratar\/#breadcrumb"},"inLanguage":"pt-BR","potentialAction":[{"@type":"ReadAction","target":["https:\/\/www.vydence.com\/pt-br\/celulite-o-que-e-e-como-tratar\/"]}]},{"@type":"ImageObject","inLanguage":"pt-BR","@id":"https:\/\/www.vydence.com\/pt-br\/celulite-o-que-e-e-como-tratar\/#primaryimage","url":"https:\/\/www.vydence.com\/wp-content\/uploads\/2018\/02\/o-que-e-celulite.jpg","contentUrl":"https:\/\/www.vydence.com\/wp-content\/uploads\/2018\/02\/o-que-e-celulite.jpg","width":1100,"height":733,"caption":"O que \u00e9 celulite - causas e tratamentos"},{"@type":"BreadcrumbList","@id":"https:\/\/www.vydence.com\/pt-br\/celulite-o-que-e-e-como-tratar\/#breadcrumb","itemListElement":[{"@type":"ListItem","position":1,"name":"In\u00edcio","item":"https:\/\/www.vydence.com\/pt-br\/"},{"@type":"ListItem","position":2,"name":"Celulite: o que \u00e9 e como tratar"}]},{"@type":"WebSite","@id":"https:\/\/www.vydence.com\/pt-br\/#website","url":"https:\/\/www.vydence.com\/pt-br\/","name":"VYDENCE","description":"","publisher":{"@id":"https:\/\/www.vydence.com\/pt-br\/#organization"},"potentialAction":[{"@type":"SearchAction","target":{"@type":"EntryPoint","urlTemplate":"https:\/\/www.vydence.com\/pt-br\/?s={search_term_string}"},"query-input":{"@type":"PropertyValueSpecification","valueRequired":true,"valueName":"search_term_string"}}],"inLanguage":"pt-BR"},{"@type":"Organization","@id":"https:\/\/www.vydence.com\/pt-br\/#organization","name":"VYDENCE","url":"https:\/\/www.vydence.com\/pt-br\/","logo":{"@type":"ImageObject","inLanguage":"pt-BR","@id":"https:\/\/www.vydence.com\/pt-br\/#\/schema\/logo\/image\/","url":"https:\/\/www.vydence.com\/wp-content\/uploads\/2024\/11\/Logo.svg","contentUrl":"https:\/\/www.vydence.com\/wp-content\/uploads\/2024\/11\/Logo.svg","width":149,"height":40,"caption":"VYDENCE"},"image":{"@id":"https:\/\/www.vydence.com\/pt-br\/#\/schema\/logo\/image\/"},"sameAs":["https:\/\/www.facebook.com\/VYDENCE"]},{"@type":"Person","@id":"https:\/\/www.vydence.com\/pt-br\/#\/schema\/person\/d07e11658f9624d2d5344c62489f5fed","name":"admin","image":{"@type":"ImageObject","inLanguage":"pt-BR","@id":"https:\/\/secure.gravatar.com\/avatar\/1625555f260264654c853a64f2eddfbd5d054ef40597af8b97dc8461ef04e355?s=96&d=mm&r=g","url":"https:\/\/secure.gravatar.com\/avatar\/1625555f260264654c853a64f2eddfbd5d054ef40597af8b97dc8461ef04e355?s=96&d=mm&r=g","contentUrl":"https:\/\/secure.gravatar.com\/avatar\/1625555f260264654c853a64f2eddfbd5d054ef40597af8b97dc8461ef04e355?s=96&d=mm&r=g","caption":"admin"},"sameAs":["https:\/\/www.vydence.com"],"url":"https:\/\/www.vydence.com\/pt-br\/author\/ericknc\/"}]}},"_links":{"self":[{"href":"https:\/\/www.vydence.com\/pt-br\/wp-json\/wp\/v2\/posts\/19445","targetHints":{"allow":["GET"]}}],"collection":[{"href":"https:\/\/www.vydence.com\/pt-br\/wp-json\/wp\/v2\/posts"}],"about":[{"href":"https:\/\/www.vydence.com\/pt-br\/wp-json\/wp\/v2\/types\/post"}],"author":[{"embeddable":true,"href":"https:\/\/www.vydence.com\/pt-br\/wp-json\/wp\/v2\/users\/1"}],"replies":[{"embeddable":true,"href":"https:\/\/www.vydence.com\/pt-br\/wp-json\/wp\/v2\/comments?post=19445"}],"version-history":[{"count":0,"href":"https:\/\/www.vydence.com\/pt-br\/wp-json\/wp\/v2\/posts\/19445\/revisions"}],"wp:featuredmedia":[{"embeddable":true,"href":"https:\/\/www.vydence.com\/pt-br\/wp-json\/wp\/v2\/media\/19222"}],"wp:attachment":[{"href":"https:\/\/www.vydence.com\/pt-br\/wp-json\/wp\/v2\/media?parent=19445"}],"wp:term":[{"taxonomy":"category","embeddable":true,"href":"https:\/\/www.vydence.com\/pt-br\/wp-json\/wp\/v2\/categories?post=19445"},{"taxonomy":"post_tag","embeddable":true,"href":"https:\/\/www.vydence.com\/pt-br\/wp-json\/wp\/v2\/tags?post=19445"}],"curies":[{"name":"wp","href":"https:\/\/api.w.org\/{rel}","templated":true}]}}