{"id":19441,"date":"2018-03-12T09:00:06","date_gmt":"2018-03-12T09:00:06","guid":{"rendered":"http:\/\/www.artasbr.com.br\/?p=38"},"modified":"2018-03-12T09:00:06","modified_gmt":"2018-03-12T09:00:06","slug":"ficando-calvo","status":"publish","type":"post","link":"https:\/\/www.vydence.com\/pt-br\/ficando-calvo\/","title":{"rendered":"Ficando calvo: conhe\u00e7a as causas dessa condi\u00e7\u00e3o"},"content":{"rendered":"<p><span style=\"font-weight: 400;\">Ficar calvo \u00e9 um problema que pode acometer homens e mulheres de v\u00e1rias idades. Hoje, estima-se que \u2154 dos homens possuem alguma perda de cabelo at\u00e9 os 35 anos e, aos 50 anos, cerca de 85% deles enfrentam a calv\u00edcie. Ficar calvo gera uma s\u00e9rie de d\u00favidas e medos, afinal n\u00e3o \u00e9 uma situa\u00e7\u00e3o f\u00e1cil a ser enfrentada.<\/span><\/p>\n<p><span style=\"font-weight: 400;\">Neste texto vamos falar mais sobre o assunto, explicar o que \u00e9, as principais causas, caracter\u00edsticas e algumas op\u00e7\u00f5es de tratamento. <\/span><\/p>\n<h2><span style=\"font-weight: 400;\">O que \u00e9 calv\u00edcie?<\/span><\/h2>\n<p><span style=\"font-weight: 400;\">Tamb\u00e9m conhecida como calv\u00edcie heredit\u00e1ria ou alopecia androgen\u00e9tica, a calv\u00edcie \u00e9 um problema que atinge majoritariamente os homens, mas as mulheres tamb\u00e9m podem sofrer com a queda de cabelos. <\/span><\/p>\n<p><span style=\"font-weight: 400;\">Ela se inicia com pequenas entradas no couro cabeludo e vai gradativamente aumentando. O afinamento dos fios tamb\u00e9m \u00e9 uma caracter\u00edstica desse problema que gera queda progressiva dos cabelos.<\/span><\/p>\n<h2><span style=\"font-weight: 400;\">Ficando calvo: quais s\u00e3o as causas?<\/span><\/h2>\n<p><span style=\"font-weight: 400;\">A principal causa da calv\u00edcie \u00e9 heredit\u00e1ria, mas existem diversos outros motivos que podem proporcionar a queda de cabelos. O horm\u00f4nio testosterona (horm\u00f4nio masculino) \u00e9 um dos principais causadores do problema nos homens, j\u00e1 as mulheres podem ficar com algumas falhas em determinadas regi\u00f5es do couro cabeludo, principalmente durante a gravidez (por falta de nutrientes) ou ap\u00f3s a menopausa (por causa da mudan\u00e7a hormonal).<\/span><\/p>\n<p><span style=\"font-weight: 400;\">Algumas doen\u00e7as, disfun\u00e7\u00f5es do organismo e at\u00e9 v\u00edcios podem agravar o quadro de queda capilar, deixando mulheres e homens calvos:<\/span><\/p>\n<ul>\n<li style=\"font-weight: 400;\"><span style=\"font-weight: 400;\">Problemas de tire\u00f3ide;<\/span><\/li>\n<li style=\"font-weight: 400;\"><span style=\"font-weight: 400;\">Problemas renais;<\/span><\/li>\n<li style=\"font-weight: 400;\"><span style=\"font-weight: 400;\">Alopecia areata<\/span><span style=\"font-weight: 400;\">;<\/span><\/li>\n<li style=\"font-weight: 400;\"><span style=\"font-weight: 400;\">Doen\u00e7as como s\u00edfilis, l\u00fapus, psor\u00edase;<\/span><\/li>\n<li style=\"font-weight: 400;\"><span style=\"font-weight: 400;\">Doen\u00e7as autoimunes;<\/span><\/li>\n<li style=\"font-weight: 400;\"><span style=\"font-weight: 400;\">Cigarro;<\/span><\/li>\n<li style=\"font-weight: 400;\"><span style=\"font-weight: 400;\">Anemia;<\/span><\/li>\n<li style=\"font-weight: 400;\"><span style=\"font-weight: 400;\">Obesidade.<\/span><\/li>\n<\/ul>\n<p><span style=\"font-weight: 400;\">Entre outros problemas.<\/span><\/p>\n<h2><span style=\"font-weight: 400;\">Quais s\u00e3o os graus da calv\u00edcie<\/span><\/h2>\n<p><span style=\"font-weight: 400;\">Existem alguns graus de calv\u00edcie que s\u00e3o determinados pela escala de Norwood-Hamilton ou apenas <\/span><b>escala N. <\/b><span style=\"font-weight: 400;\">Muito utilizada nos dias de hoje, ela \u00e9 aplicada, principalmente, \u00a0para determinar o grau de calv\u00edcie masculina. S\u00e3o eles:<\/span><\/p>\n<ul>\n<li style=\"font-weight: 400;\"><b>Tipo 1:<\/b><span style=\"font-weight: 400;\"> Apresenta entradas mais discretas;<\/span><\/li>\n<li style=\"font-weight: 400;\"><b>Tipo 2: <\/b><span style=\"font-weight: 400;\">Apresenta entradas mais acentuadas e in\u00edcio de rarefa\u00e7\u00e3o capilar;<\/span><\/li>\n<li style=\"font-weight: 400;\"><b>Tipo 2A:<\/b><span style=\"font-weight: 400;\"> Apresenta um aumento da testa com rarefa\u00e7\u00e3o capilar frontal;<\/span><\/li>\n<li style=\"font-weight: 400;\"><b>Tipo 3: <\/b><span style=\"font-weight: 400;\">Apresenta entradas bem acentuadas e testa alta;<\/span><\/li>\n<li style=\"font-weight: 400;\"><b>Tipo 3A:<\/b><span style=\"font-weight: 400;\"> Apresenta entradas bem acentuadas, testa alta e rarefa\u00e7\u00e3o capilar no topo da cabe\u00e7a;<\/span><\/li>\n<li style=\"font-weight: 400;\"><b>Tipo 4:<\/b><span style=\"font-weight: 400;\"> Apresenta alta acentua\u00e7\u00e3o das entradas e aumento da \u00e1rea rarefa\u00e7\u00e3o no topo da cabe\u00e7a;<\/span><\/li>\n<li style=\"font-weight: 400;\"><b>Tipo 4A:<\/b><span style=\"font-weight: 400;\"> Apresenta calv\u00edcie ou rarefa\u00e7\u00e3o capilar acima da linha m\u00e9dia da cabe\u00e7a;<\/span><\/li>\n<li style=\"font-weight: 400;\"><b>Tipo 5: <\/b><span style=\"font-weight: 400;\">Apresenta liga\u00e7\u00e3o entre a fronte e \u00e1rea central com acentuada rarefa\u00e7\u00e3o capilar;<\/span><\/li>\n<li style=\"font-weight: 400;\"><b>Tipo 5A:<\/b><span style=\"font-weight: 400;\"> Apresenta rarefa\u00e7\u00e3o difusa, mas ainda com cabelos nas partes laterais e coroa n\u00e3o muito baixa;<\/span><\/li>\n<li style=\"font-weight: 400;\"><b>Tipo 6:<\/b><span style=\"font-weight: 400;\"> Apresenta rarefa\u00e7\u00e3o difusa com partes laterais menores e coroa mais baixa;<\/span><\/li>\n<li style=\"font-weight: 400;\"><b>Tipo 7: <\/b><span style=\"font-weight: 400;\">Apresenta \u00e1rea calva bem acentuada, restando apenas uma faixa de cabelos nas laterais e atr\u00e1s da cabe\u00e7a.<\/span><\/li>\n<\/ul>\n<h2><span style=\"font-weight: 400;\">Tratamentos para quem est\u00e1 ficando calvo <\/span><\/h2>\n<p><span style=\"font-weight: 400;\">Hoje, com o avan\u00e7o das tecnologias, o mercado oferece diversos tratamentos para quem est\u00e1 ficando calvo. Voc\u00ea encontra desde rem\u00e9dios at\u00e9 shampoos e pomadas de uso t\u00f3pico. Um m\u00e9todo de tratamento que vem sendo cada vez mais procurado no mundo s\u00e3o os transplantes capilares, que j\u00e1 contabilizam um aumento de 28% na procura desde 2012. <\/span><\/p>\n<p><span style=\"font-weight: 400;\">No Brasil, j\u00e1 \u00e9 poss\u00edvel contar com o ARTAS\u00ae, um aparelho que utiliza tecnologia de ponta para realizar transplantes capilares e melhorar a qualidade de vida de quem est\u00e1 ficando calvo. <\/span><\/p>\n<p><span style=\"font-weight: 400;\">O procedimento \u00e9 assistido por um m\u00e9dico e oferece alinhamento rob\u00f3tico guiado por imagem para coletar os enxertos e realizar as incis\u00f5es precisas na \u00e1rea calva. Ele proporciona um resultado mais natural e ajuda a minimizar a fadiga m\u00e9dica e o potencial erro associado aos procedimentos tradicionais de transplantes capilares. <\/span><\/p>\n<p><span style=\"font-weight: 400;\">Se voc\u00ea est\u00e1 ficando calvo e quer saber como solucionar a calv\u00edcie de maneira efetiva, conhe\u00e7a a <\/span><span style=\"font-weight: 400;\">tecnologia ARTAS e encontre a cl\u00ednica mais perto de voc\u00ea<\/span><span style=\"font-weight: 400;\">.<\/span><\/p>\n","protected":false},"excerpt":{"rendered":"<p>Ficar calvo \u00e9 um problema que pode acometer homens e mulheres de v\u00e1rias idades. Hoje, estima-se que \u2154 dos homens possuem alguma perda de cabelo at\u00e9 os 35 anos e, aos 50 anos, cerca de 85% deles enfrentam a calv\u00edcie. Ficar calvo gera uma s\u00e9rie de d\u00favidas e medos, afinal n\u00e3o \u00e9 uma situa\u00e7\u00e3o f\u00e1cil [&hellip;]<\/p>\n","protected":false},"author":1,"featured_media":19227,"comment_status":"open","ping_status":"open","sticky":false,"template":"","format":"standard","meta":{"_et_pb_use_builder":"","_et_pb_old_content":"","_et_gb_content_width":"","inline_featured_image":false,"footnotes":""},"categories":[123,125],"tags":[121,122],"class_list":["post-19441","post","type-post","status-publish","format-standard","has-post-thumbnail","hentry","category-transplante-capilar","category-tricologia","tag-artas","tag-calvicie"],"yoast_head":"<!-- This site is optimized with the Yoast SEO Premium plugin v27.1 (Yoast SEO v27.4) - https:\/\/yoast.com\/product\/yoast-seo-premium-wordpress\/ -->\n<title>Ficando calvo: conhe\u00e7a as causas dessa condi\u00e7\u00e3o - VYDENCE<\/title>\n<meta name=\"description\" content=\"Perceber que estamos ficando calvo gera uma s\u00e9rie de d\u00favidas e medos, afinal n\u00e3o \u00e9 uma situa\u00e7\u00e3o f\u00e1cil a ser enfrentada. Conhe\u00e7a as causas, caracter\u00edsticas e tratamentos\" \/>\n<meta name=\"robots\" content=\"index, follow, max-snippet:-1, max-image-preview:large, max-video-preview:-1\" \/>\n<link rel=\"canonical\" href=\"https:\/\/www.vydence.com\/pt-br\/ficando-calvo\/\" \/>\n<meta property=\"og:locale\" content=\"pt_BR\" \/>\n<meta property=\"og:type\" content=\"article\" \/>\n<meta property=\"og:title\" content=\"Ficando calvo: conhe\u00e7a as causas dessa condi\u00e7\u00e3o\" \/>\n<meta property=\"og:description\" content=\"Perceber que estamos ficando calvo gera uma s\u00e9rie de d\u00favidas e medos, afinal n\u00e3o \u00e9 uma situa\u00e7\u00e3o f\u00e1cil a ser enfrentada. Conhe\u00e7a as causas, caracter\u00edsticas e tratamentos\" \/>\n<meta property=\"og:url\" content=\"https:\/\/www.vydence.com\/pt-br\/ficando-calvo\/\" \/>\n<meta property=\"og:site_name\" content=\"VYDENCE\" \/>\n<meta property=\"article:publisher\" content=\"https:\/\/www.facebook.com\/VYDENCE\" \/>\n<meta property=\"article:published_time\" content=\"2018-03-12T09:00:06+00:00\" \/>\n<meta property=\"og:image\" content=\"https:\/\/www.vydence.com\/wp-content\/uploads\/2018\/03\/ficando-calvo.jpg\" \/>\n\t<meta property=\"og:image:width\" content=\"1200\" \/>\n\t<meta property=\"og:image:height\" content=\"800\" \/>\n\t<meta property=\"og:image:type\" content=\"image\/jpeg\" \/>\n<meta name=\"author\" content=\"admin\" \/>\n<meta name=\"twitter:card\" content=\"summary_large_image\" \/>\n<meta name=\"twitter:label1\" content=\"Escrito por\" \/>\n\t<meta name=\"twitter:data1\" content=\"admin\" \/>\n\t<meta name=\"twitter:label2\" content=\"Est. tempo de leitura\" \/>\n\t<meta name=\"twitter:data2\" content=\"3 minutos\" \/>\n<script type=\"application\/ld+json\" class=\"yoast-schema-graph\">{\"@context\":\"https:\\\/\\\/schema.org\",\"@graph\":[{\"@type\":\"Article\",\"@id\":\"https:\\\/\\\/www.vydence.com\\\/pt-br\\\/ficando-calvo\\\/#article\",\"isPartOf\":{\"@id\":\"https:\\\/\\\/www.vydence.com\\\/pt-br\\\/ficando-calvo\\\/\"},\"author\":{\"name\":\"admin\",\"@id\":\"https:\\\/\\\/www.vydence.com\\\/pt-br\\\/#\\\/schema\\\/person\\\/d07e11658f9624d2d5344c62489f5fed\"},\"headline\":\"Ficando calvo: conhe\u00e7a as causas dessa condi\u00e7\u00e3o\",\"datePublished\":\"2018-03-12T09:00:06+00:00\",\"mainEntityOfPage\":{\"@id\":\"https:\\\/\\\/www.vydence.com\\\/pt-br\\\/ficando-calvo\\\/\"},\"wordCount\":663,\"commentCount\":0,\"publisher\":{\"@id\":\"https:\\\/\\\/www.vydence.com\\\/pt-br\\\/#organization\"},\"image\":{\"@id\":\"https:\\\/\\\/www.vydence.com\\\/pt-br\\\/ficando-calvo\\\/#primaryimage\"},\"thumbnailUrl\":\"https:\\\/\\\/www.vydence.com\\\/wp-content\\\/uploads\\\/2018\\\/03\\\/ficando-calvo.jpg\",\"keywords\":[\"artas\",\"calv\u00edcie\"],\"articleSection\":[\"Transplante capilar\",\"Tricologia\"],\"inLanguage\":\"pt-BR\",\"potentialAction\":[{\"@type\":\"CommentAction\",\"name\":\"Comment\",\"target\":[\"https:\\\/\\\/www.vydence.com\\\/pt-br\\\/ficando-calvo\\\/#respond\"]}]},{\"@type\":\"WebPage\",\"@id\":\"https:\\\/\\\/www.vydence.com\\\/pt-br\\\/ficando-calvo\\\/\",\"url\":\"https:\\\/\\\/www.vydence.com\\\/pt-br\\\/ficando-calvo\\\/\",\"name\":\"Ficando calvo: conhe\u00e7a as causas dessa condi\u00e7\u00e3o - VYDENCE\",\"isPartOf\":{\"@id\":\"https:\\\/\\\/www.vydence.com\\\/pt-br\\\/#website\"},\"primaryImageOfPage\":{\"@id\":\"https:\\\/\\\/www.vydence.com\\\/pt-br\\\/ficando-calvo\\\/#primaryimage\"},\"image\":{\"@id\":\"https:\\\/\\\/www.vydence.com\\\/pt-br\\\/ficando-calvo\\\/#primaryimage\"},\"thumbnailUrl\":\"https:\\\/\\\/www.vydence.com\\\/wp-content\\\/uploads\\\/2018\\\/03\\\/ficando-calvo.jpg\",\"datePublished\":\"2018-03-12T09:00:06+00:00\",\"description\":\"Perceber que estamos ficando calvo gera uma s\u00e9rie de d\u00favidas e medos, afinal n\u00e3o \u00e9 uma situa\u00e7\u00e3o f\u00e1cil a ser enfrentada. Conhe\u00e7a as causas, caracter\u00edsticas e tratamentos\",\"breadcrumb\":{\"@id\":\"https:\\\/\\\/www.vydence.com\\\/pt-br\\\/ficando-calvo\\\/#breadcrumb\"},\"inLanguage\":\"pt-BR\",\"potentialAction\":[{\"@type\":\"ReadAction\",\"target\":[\"https:\\\/\\\/www.vydence.com\\\/pt-br\\\/ficando-calvo\\\/\"]}]},{\"@type\":\"ImageObject\",\"inLanguage\":\"pt-BR\",\"@id\":\"https:\\\/\\\/www.vydence.com\\\/pt-br\\\/ficando-calvo\\\/#primaryimage\",\"url\":\"https:\\\/\\\/www.vydence.com\\\/wp-content\\\/uploads\\\/2018\\\/03\\\/ficando-calvo.jpg\",\"contentUrl\":\"https:\\\/\\\/www.vydence.com\\\/wp-content\\\/uploads\\\/2018\\\/03\\\/ficando-calvo.jpg\",\"width\":1200,\"height\":800,\"caption\":\"Ficando calvo\"},{\"@type\":\"BreadcrumbList\",\"@id\":\"https:\\\/\\\/www.vydence.com\\\/pt-br\\\/ficando-calvo\\\/#breadcrumb\",\"itemListElement\":[{\"@type\":\"ListItem\",\"position\":1,\"name\":\"In\u00edcio\",\"item\":\"https:\\\/\\\/www.vydence.com\\\/pt-br\\\/\"},{\"@type\":\"ListItem\",\"position\":2,\"name\":\"Ficando calvo: conhe\u00e7a as causas dessa condi\u00e7\u00e3o\"}]},{\"@type\":\"WebSite\",\"@id\":\"https:\\\/\\\/www.vydence.com\\\/pt-br\\\/#website\",\"url\":\"https:\\\/\\\/www.vydence.com\\\/pt-br\\\/\",\"name\":\"VYDENCE\",\"description\":\"\",\"publisher\":{\"@id\":\"https:\\\/\\\/www.vydence.com\\\/pt-br\\\/#organization\"},\"potentialAction\":[{\"@type\":\"SearchAction\",\"target\":{\"@type\":\"EntryPoint\",\"urlTemplate\":\"https:\\\/\\\/www.vydence.com\\\/pt-br\\\/?s={search_term_string}\"},\"query-input\":{\"@type\":\"PropertyValueSpecification\",\"valueRequired\":true,\"valueName\":\"search_term_string\"}}],\"inLanguage\":\"pt-BR\"},{\"@type\":\"Organization\",\"@id\":\"https:\\\/\\\/www.vydence.com\\\/pt-br\\\/#organization\",\"name\":\"VYDENCE\",\"url\":\"https:\\\/\\\/www.vydence.com\\\/pt-br\\\/\",\"logo\":{\"@type\":\"ImageObject\",\"inLanguage\":\"pt-BR\",\"@id\":\"https:\\\/\\\/www.vydence.com\\\/pt-br\\\/#\\\/schema\\\/logo\\\/image\\\/\",\"url\":\"https:\\\/\\\/www.vydence.com\\\/wp-content\\\/uploads\\\/2024\\\/11\\\/Logo.svg\",\"contentUrl\":\"https:\\\/\\\/www.vydence.com\\\/wp-content\\\/uploads\\\/2024\\\/11\\\/Logo.svg\",\"width\":149,\"height\":40,\"caption\":\"VYDENCE\"},\"image\":{\"@id\":\"https:\\\/\\\/www.vydence.com\\\/pt-br\\\/#\\\/schema\\\/logo\\\/image\\\/\"},\"sameAs\":[\"https:\\\/\\\/www.facebook.com\\\/VYDENCE\"]},{\"@type\":\"Person\",\"@id\":\"https:\\\/\\\/www.vydence.com\\\/pt-br\\\/#\\\/schema\\\/person\\\/d07e11658f9624d2d5344c62489f5fed\",\"name\":\"admin\",\"image\":{\"@type\":\"ImageObject\",\"inLanguage\":\"pt-BR\",\"@id\":\"https:\\\/\\\/secure.gravatar.com\\\/avatar\\\/1625555f260264654c853a64f2eddfbd5d054ef40597af8b97dc8461ef04e355?s=96&d=mm&r=g\",\"url\":\"https:\\\/\\\/secure.gravatar.com\\\/avatar\\\/1625555f260264654c853a64f2eddfbd5d054ef40597af8b97dc8461ef04e355?s=96&d=mm&r=g\",\"contentUrl\":\"https:\\\/\\\/secure.gravatar.com\\\/avatar\\\/1625555f260264654c853a64f2eddfbd5d054ef40597af8b97dc8461ef04e355?s=96&d=mm&r=g\",\"caption\":\"admin\"},\"sameAs\":[\"https:\\\/\\\/www.vydence.com\"],\"url\":\"https:\\\/\\\/www.vydence.com\\\/pt-br\\\/author\\\/ericknc\\\/\"}]}<\/script>\n<!-- \/ Yoast SEO Premium plugin. -->","yoast_head_json":{"title":"Ficando calvo: conhe\u00e7a as causas dessa condi\u00e7\u00e3o - VYDENCE","description":"Perceber que estamos ficando calvo gera uma s\u00e9rie de d\u00favidas e medos, afinal n\u00e3o \u00e9 uma situa\u00e7\u00e3o f\u00e1cil a ser enfrentada. Conhe\u00e7a as causas, caracter\u00edsticas e tratamentos","robots":{"index":"index","follow":"follow","max-snippet":"max-snippet:-1","max-image-preview":"max-image-preview:large","max-video-preview":"max-video-preview:-1"},"canonical":"https:\/\/www.vydence.com\/pt-br\/ficando-calvo\/","og_locale":"pt_BR","og_type":"article","og_title":"Ficando calvo: conhe\u00e7a as causas dessa condi\u00e7\u00e3o","og_description":"Perceber que estamos ficando calvo gera uma s\u00e9rie de d\u00favidas e medos, afinal n\u00e3o \u00e9 uma situa\u00e7\u00e3o f\u00e1cil a ser enfrentada. Conhe\u00e7a as causas, caracter\u00edsticas e tratamentos","og_url":"https:\/\/www.vydence.com\/pt-br\/ficando-calvo\/","og_site_name":"VYDENCE","article_publisher":"https:\/\/www.facebook.com\/VYDENCE","article_published_time":"2018-03-12T09:00:06+00:00","og_image":[{"width":1200,"height":800,"url":"https:\/\/www.vydence.com\/wp-content\/uploads\/2018\/03\/ficando-calvo.jpg","type":"image\/jpeg"}],"author":"admin","twitter_card":"summary_large_image","twitter_misc":{"Escrito por":"admin","Est. tempo de leitura":"3 minutos"},"schema":{"@context":"https:\/\/schema.org","@graph":[{"@type":"Article","@id":"https:\/\/www.vydence.com\/pt-br\/ficando-calvo\/#article","isPartOf":{"@id":"https:\/\/www.vydence.com\/pt-br\/ficando-calvo\/"},"author":{"name":"admin","@id":"https:\/\/www.vydence.com\/pt-br\/#\/schema\/person\/d07e11658f9624d2d5344c62489f5fed"},"headline":"Ficando calvo: conhe\u00e7a as causas dessa condi\u00e7\u00e3o","datePublished":"2018-03-12T09:00:06+00:00","mainEntityOfPage":{"@id":"https:\/\/www.vydence.com\/pt-br\/ficando-calvo\/"},"wordCount":663,"commentCount":0,"publisher":{"@id":"https:\/\/www.vydence.com\/pt-br\/#organization"},"image":{"@id":"https:\/\/www.vydence.com\/pt-br\/ficando-calvo\/#primaryimage"},"thumbnailUrl":"https:\/\/www.vydence.com\/wp-content\/uploads\/2018\/03\/ficando-calvo.jpg","keywords":["artas","calv\u00edcie"],"articleSection":["Transplante capilar","Tricologia"],"inLanguage":"pt-BR","potentialAction":[{"@type":"CommentAction","name":"Comment","target":["https:\/\/www.vydence.com\/pt-br\/ficando-calvo\/#respond"]}]},{"@type":"WebPage","@id":"https:\/\/www.vydence.com\/pt-br\/ficando-calvo\/","url":"https:\/\/www.vydence.com\/pt-br\/ficando-calvo\/","name":"Ficando calvo: conhe\u00e7a as causas dessa condi\u00e7\u00e3o - VYDENCE","isPartOf":{"@id":"https:\/\/www.vydence.com\/pt-br\/#website"},"primaryImageOfPage":{"@id":"https:\/\/www.vydence.com\/pt-br\/ficando-calvo\/#primaryimage"},"image":{"@id":"https:\/\/www.vydence.com\/pt-br\/ficando-calvo\/#primaryimage"},"thumbnailUrl":"https:\/\/www.vydence.com\/wp-content\/uploads\/2018\/03\/ficando-calvo.jpg","datePublished":"2018-03-12T09:00:06+00:00","description":"Perceber que estamos ficando calvo gera uma s\u00e9rie de d\u00favidas e medos, afinal n\u00e3o \u00e9 uma situa\u00e7\u00e3o f\u00e1cil a ser enfrentada. Conhe\u00e7a as causas, caracter\u00edsticas e tratamentos","breadcrumb":{"@id":"https:\/\/www.vydence.com\/pt-br\/ficando-calvo\/#breadcrumb"},"inLanguage":"pt-BR","potentialAction":[{"@type":"ReadAction","target":["https:\/\/www.vydence.com\/pt-br\/ficando-calvo\/"]}]},{"@type":"ImageObject","inLanguage":"pt-BR","@id":"https:\/\/www.vydence.com\/pt-br\/ficando-calvo\/#primaryimage","url":"https:\/\/www.vydence.com\/wp-content\/uploads\/2018\/03\/ficando-calvo.jpg","contentUrl":"https:\/\/www.vydence.com\/wp-content\/uploads\/2018\/03\/ficando-calvo.jpg","width":1200,"height":800,"caption":"Ficando calvo"},{"@type":"BreadcrumbList","@id":"https:\/\/www.vydence.com\/pt-br\/ficando-calvo\/#breadcrumb","itemListElement":[{"@type":"ListItem","position":1,"name":"In\u00edcio","item":"https:\/\/www.vydence.com\/pt-br\/"},{"@type":"ListItem","position":2,"name":"Ficando calvo: conhe\u00e7a as causas dessa condi\u00e7\u00e3o"}]},{"@type":"WebSite","@id":"https:\/\/www.vydence.com\/pt-br\/#website","url":"https:\/\/www.vydence.com\/pt-br\/","name":"VYDENCE","description":"","publisher":{"@id":"https:\/\/www.vydence.com\/pt-br\/#organization"},"potentialAction":[{"@type":"SearchAction","target":{"@type":"EntryPoint","urlTemplate":"https:\/\/www.vydence.com\/pt-br\/?s={search_term_string}"},"query-input":{"@type":"PropertyValueSpecification","valueRequired":true,"valueName":"search_term_string"}}],"inLanguage":"pt-BR"},{"@type":"Organization","@id":"https:\/\/www.vydence.com\/pt-br\/#organization","name":"VYDENCE","url":"https:\/\/www.vydence.com\/pt-br\/","logo":{"@type":"ImageObject","inLanguage":"pt-BR","@id":"https:\/\/www.vydence.com\/pt-br\/#\/schema\/logo\/image\/","url":"https:\/\/www.vydence.com\/wp-content\/uploads\/2024\/11\/Logo.svg","contentUrl":"https:\/\/www.vydence.com\/wp-content\/uploads\/2024\/11\/Logo.svg","width":149,"height":40,"caption":"VYDENCE"},"image":{"@id":"https:\/\/www.vydence.com\/pt-br\/#\/schema\/logo\/image\/"},"sameAs":["https:\/\/www.facebook.com\/VYDENCE"]},{"@type":"Person","@id":"https:\/\/www.vydence.com\/pt-br\/#\/schema\/person\/d07e11658f9624d2d5344c62489f5fed","name":"admin","image":{"@type":"ImageObject","inLanguage":"pt-BR","@id":"https:\/\/secure.gravatar.com\/avatar\/1625555f260264654c853a64f2eddfbd5d054ef40597af8b97dc8461ef04e355?s=96&d=mm&r=g","url":"https:\/\/secure.gravatar.com\/avatar\/1625555f260264654c853a64f2eddfbd5d054ef40597af8b97dc8461ef04e355?s=96&d=mm&r=g","contentUrl":"https:\/\/secure.gravatar.com\/avatar\/1625555f260264654c853a64f2eddfbd5d054ef40597af8b97dc8461ef04e355?s=96&d=mm&r=g","caption":"admin"},"sameAs":["https:\/\/www.vydence.com"],"url":"https:\/\/www.vydence.com\/pt-br\/author\/ericknc\/"}]}},"_links":{"self":[{"href":"https:\/\/www.vydence.com\/pt-br\/wp-json\/wp\/v2\/posts\/19441","targetHints":{"allow":["GET"]}}],"collection":[{"href":"https:\/\/www.vydence.com\/pt-br\/wp-json\/wp\/v2\/posts"}],"about":[{"href":"https:\/\/www.vydence.com\/pt-br\/wp-json\/wp\/v2\/types\/post"}],"author":[{"embeddable":true,"href":"https:\/\/www.vydence.com\/pt-br\/wp-json\/wp\/v2\/users\/1"}],"replies":[{"embeddable":true,"href":"https:\/\/www.vydence.com\/pt-br\/wp-json\/wp\/v2\/comments?post=19441"}],"version-history":[{"count":0,"href":"https:\/\/www.vydence.com\/pt-br\/wp-json\/wp\/v2\/posts\/19441\/revisions"}],"wp:featuredmedia":[{"embeddable":true,"href":"https:\/\/www.vydence.com\/pt-br\/wp-json\/wp\/v2\/media\/19227"}],"wp:attachment":[{"href":"https:\/\/www.vydence.com\/pt-br\/wp-json\/wp\/v2\/media?parent=19441"}],"wp:term":[{"taxonomy":"category","embeddable":true,"href":"https:\/\/www.vydence.com\/pt-br\/wp-json\/wp\/v2\/categories?post=19441"},{"taxonomy":"post_tag","embeddable":true,"href":"https:\/\/www.vydence.com\/pt-br\/wp-json\/wp\/v2\/tags?post=19441"}],"curies":[{"name":"wp","href":"https:\/\/api.w.org\/{rel}","templated":true}]}}