{"id":19439,"date":"2018-03-05T09:00:19","date_gmt":"2018-03-05T09:00:19","guid":{"rendered":"http:\/\/www.artasbr.com.br\/?p=32"},"modified":"2018-03-05T09:00:19","modified_gmt":"2018-03-05T09:00:19","slug":"alopecia-areata","status":"publish","type":"post","link":"https:\/\/www.vydence.com\/pt-br\/alopecia-areata\/","title":{"rendered":"Alopecia Areata: o que \u00e9 e como tratar"},"content":{"rendered":"<p><span style=\"font-weight: 400;\">Caracterizada como uma disfun\u00e7\u00e3o do organismo, a alopecia areata ataca regi\u00f5es espec\u00edficas do couro cabeludo e outros locais que contenham pelos. Um problema que pode atingir homens e mulher e que, apesar de ser facilmente identificado, n\u00e3o \u00e9 previs\u00edvel e acaba gerando desconforto e constrangimento em seus portadores.<\/span><\/p>\n<p><span style=\"font-weight: 400;\">Ao longo deste artigo, entenda as causas, seu diagn\u00f3stico e op\u00e7\u00f5es dispon\u00edveis para tratamento.<\/span><\/p>\n<h2><span style=\"font-weight: 400;\">Alopecia Areata: o que \u00e9<\/span><\/h2>\n<p><span style=\"font-weight: 400;\">Essa \u00e9 uma doen\u00e7a imunol\u00f3gica que caracteriza-se pela queda r\u00e1pida de cabelos e pelos em diversas regi\u00f5es do corpo. Os fol\u00edculos capilares, que est\u00e3o em fase de crescimento, come\u00e7am a ser atacados, criando, assim, uma ou mais regi\u00f5es de falhas circulares sem pelos ou cabelos. N\u00e3o existe um per\u00edodo espec\u00edfico ou regra, mas normalmente essa doen\u00e7a costuma aparecer entre o final da inf\u00e2ncia e o in\u00edcio da fase adulta, estima-se que 2% da popula\u00e7\u00e3o sofra com este problema, de acordo com pesquisa divulgada no <\/span><a href=\"http:\/\/www.scielo.br\/scielo.php?script=sci_arttext&amp;pid=S0365-05962005000100009\"><span style=\"font-weight: 400;\">Anais Brasileiros de Dermatologia<\/span><\/a><span style=\"font-weight: 400;\">. <\/span><\/p>\n<h2><span style=\"font-weight: 400;\">Tipos de alopecia Areata<\/span><\/h2>\n<p><span style=\"font-weight: 400;\">Existem tr\u00eas tipos de alopecia areata, s\u00e3o eles:<\/span><\/p>\n<h3><span style=\"font-weight: 400;\">Alopecia Parcial<\/span><\/h3>\n<p><span style=\"font-weight: 400;\">Atinge regi\u00f5es pontuais do couro cabeludo e pode acometer tamb\u00e9m outras \u00e1reas com pelos como sobrancelhas, barba, c\u00edlios e at\u00e9 regi\u00f5es \u00edntimas. (Qualquer lugar que contenha pelos). <\/span><\/p>\n<h3><span style=\"font-weight: 400;\">Alopecia Total<\/span><\/h3>\n<p><span style=\"font-weight: 400;\">Com incid\u00eancias mais raras, a alopecia total atinge todo o couro cabeludo deixando o indiv\u00edduo sem cabelo.<\/span><\/p>\n<h3><span style=\"font-weight: 400;\">Alopecia Universal<\/span><\/h3>\n<p><span style=\"font-weight: 400;\">A alopecia universal ocasiona a queda de todos os pelos e cabelos do corpo do indiv\u00edduo. <\/span><\/p>\n<p><span style=\"font-weight: 400;\">Vale lembrar que ela n\u00e3o \u00e9 uma doen\u00e7a contagiosa e pode ter incid\u00eancia vari\u00e1vel e n\u00e3o previs\u00edvel, parando e retornando em situa\u00e7\u00f5es espec\u00edficas. <\/span><\/p>\n<h2><span style=\"font-weight: 400;\">Causas da Alopecia Areata<\/span><\/h2>\n<p><span style=\"font-weight: 400;\">N\u00e3o existe uma causa espec\u00edfica conhecida para a incid\u00eancia deste problema, mas sabe-se que essa doen\u00e7a \u00e9 causada por uma condi\u00e7\u00e3o autoimune onde o pr\u00f3prio sistema imunol\u00f3gico ataca o tecido corporal sadio. Os fatores emocionais est\u00e3o diretamente associados a este problema e interferem de forma direta no in\u00edcio ou recupera\u00e7\u00e3o do quadro.<\/span><\/p>\n<p><span style=\"font-weight: 400;\">Outras quest\u00f5es como fatores gen\u00e9ticos, traumas f\u00edsicos e quadros infecciosos podem interferir no processo ou at\u00e9 mesmo agravar a situa\u00e7\u00e3o. Pessoas com parentes que j\u00e1 possuem a condi\u00e7\u00e3o, tem uma predisposi\u00e7\u00e3o para desenvolver a alopecia areata. Doen\u00e7as autoimunes como vitiligo, artrite reumat\u00f3ide, dermatite at\u00f3pica, psor\u00edase, l\u00fapus, entre outras, tamb\u00e9m est\u00e3o no quadro dos agravantes para o problema. <\/span><\/p>\n<h2><span style=\"font-weight: 400;\">Diagn\u00f3stico da Alopecia Areata<\/span><\/h2>\n<p><span style=\"font-weight: 400;\">A alopecia areata n\u00e3o possui nenhum sintoma concomitante. Ela \u00e9 diagnosticada pelas pequenas les\u00f5es que v\u00e3o aparecendo ao longo do couro cabeludo, barba e sobrancelhas. Normalmente, elas come\u00e7am pequenas, com o tamanho de uma moeda. Por ser uma inflama\u00e7\u00e3o t\u00f3pica ela n\u00e3o ataca os fol\u00edculos capilares, permitindo assim a recupera\u00e7\u00e3o do local atingido e a volta dos cabelos ou pelos que ca\u00edram. <\/span><\/p>\n<h2><span style=\"font-weight: 400;\">Tratamentos para Alopecia Areata<\/span><\/h2>\n<p><span style=\"font-weight: 400;\">Assim como a sua causa, que \u00e9 desconhecida, n\u00e3o existe uma cura para este tipo de problema. Todos os tratamentos direcionados de acordo com a gravidade de cada situa\u00e7\u00e3o. Al\u00e9m dos rem\u00e9dios e pomadas de uso t\u00f3pico, direcionadas pelos m\u00e9dicos e dermatologistas, existem os tratamentos realizados com inje\u00e7\u00f5es. Em alguns casos, o <\/span><a href=\"https:\/\/tratamentosalaser.com.br\/artas-transplante-capilar\/\"><span style=\"font-weight: 400;\">transplante capilar<\/span><\/a><span style=\"font-weight: 400;\"> tamb\u00e9m pode ser realizado.<\/span><\/p>\n<p><span style=\"font-weight: 400;\">Se voc\u00ea quer acompanhar outras informa\u00e7\u00f5es sobre a Alopecia Areata e demais condi\u00e7\u00f5es que afetam o couro cabeludo, acompanhe o <\/span><span style=\"font-weight: 400;\">nosso <a href=\"https:\/\/www.instagram.com\/artasbrasil\/\">Instagram<\/a><\/span><span style=\"font-weight: 400;\">. L\u00e1, voc\u00ea encontra dicas para tratamento da calv\u00edcie e conhece mais a respeito das \u00faltimas tecnologias em transplante capilar.<\/span><\/p>\n","protected":false},"excerpt":{"rendered":"<p>Caracterizada como uma disfun\u00e7\u00e3o do organismo, a alopecia areata ataca regi\u00f5es espec\u00edficas do couro cabeludo e outros locais que contenham pelos. Um problema que pode atingir homens e mulher e que, apesar de ser facilmente identificado, n\u00e3o \u00e9 previs\u00edvel e acaba gerando desconforto e constrangimento em seus portadores. Ao longo deste artigo, entenda as causas, [&hellip;]<\/p>\n","protected":false},"author":1,"featured_media":19225,"comment_status":"open","ping_status":"open","sticky":false,"template":"","format":"standard","meta":{"_et_pb_use_builder":"","_et_pb_old_content":"","_et_gb_content_width":"","inline_featured_image":false,"footnotes":""},"categories":[123,125],"tags":[121,122],"class_list":["post-19439","post","type-post","status-publish","format-standard","has-post-thumbnail","hentry","category-transplante-capilar","category-tricologia","tag-artas","tag-calvicie"],"yoast_head":"<!-- This site is optimized with the Yoast SEO Premium plugin v27.1 (Yoast SEO v27.4) - https:\/\/yoast.com\/product\/yoast-seo-premium-wordpress\/ -->\n<title>Alopecia Areata: o que \u00e9 e como tratar - VYDENCE<\/title>\n<meta name=\"description\" content=\"Entenda o que \u00e9 a alopecia areata, uma disfun\u00e7\u00e3o do organismo que causa queda de cabelo e saiba quais as op\u00e7\u00f5es mais eficazes de tratamento\" \/>\n<meta name=\"robots\" content=\"index, follow, max-snippet:-1, max-image-preview:large, max-video-preview:-1\" \/>\n<link rel=\"canonical\" href=\"https:\/\/www.vydence.com\/pt-br\/alopecia-areata\/\" \/>\n<meta property=\"og:locale\" content=\"pt_BR\" \/>\n<meta property=\"og:type\" content=\"article\" \/>\n<meta property=\"og:title\" content=\"Alopecia Areata: o que \u00e9 e como tratar\" \/>\n<meta property=\"og:description\" content=\"Entenda o que \u00e9 a alopecia areata, uma disfun\u00e7\u00e3o do organismo que causa queda de cabelo e saiba quais as op\u00e7\u00f5es mais eficazes de tratamento\" \/>\n<meta property=\"og:url\" content=\"https:\/\/www.vydence.com\/pt-br\/alopecia-areata\/\" \/>\n<meta property=\"og:site_name\" content=\"VYDENCE\" \/>\n<meta property=\"article:publisher\" content=\"https:\/\/www.facebook.com\/VYDENCE\" \/>\n<meta property=\"article:published_time\" content=\"2018-03-05T09:00:19+00:00\" \/>\n<meta property=\"og:image\" content=\"https:\/\/www.vydence.com\/wp-content\/uploads\/2018\/03\/alopecia-areata.jpg\" \/>\n\t<meta property=\"og:image:width\" content=\"1205\" \/>\n\t<meta property=\"og:image:height\" content=\"871\" \/>\n\t<meta property=\"og:image:type\" content=\"image\/jpeg\" \/>\n<meta name=\"author\" content=\"admin\" \/>\n<meta name=\"twitter:card\" content=\"summary_large_image\" \/>\n<meta name=\"twitter:label1\" content=\"Escrito por\" \/>\n\t<meta name=\"twitter:data1\" content=\"admin\" \/>\n\t<meta name=\"twitter:label2\" content=\"Est. tempo de leitura\" \/>\n\t<meta name=\"twitter:data2\" content=\"3 minutos\" \/>\n<script type=\"application\/ld+json\" class=\"yoast-schema-graph\">{\"@context\":\"https:\\\/\\\/schema.org\",\"@graph\":[{\"@type\":\"Article\",\"@id\":\"https:\\\/\\\/www.vydence.com\\\/pt-br\\\/alopecia-areata\\\/#article\",\"isPartOf\":{\"@id\":\"https:\\\/\\\/www.vydence.com\\\/pt-br\\\/alopecia-areata\\\/\"},\"author\":{\"name\":\"admin\",\"@id\":\"https:\\\/\\\/www.vydence.com\\\/pt-br\\\/#\\\/schema\\\/person\\\/d07e11658f9624d2d5344c62489f5fed\"},\"headline\":\"Alopecia Areata: o que \u00e9 e como tratar\",\"datePublished\":\"2018-03-05T09:00:19+00:00\",\"mainEntityOfPage\":{\"@id\":\"https:\\\/\\\/www.vydence.com\\\/pt-br\\\/alopecia-areata\\\/\"},\"wordCount\":622,\"commentCount\":0,\"publisher\":{\"@id\":\"https:\\\/\\\/www.vydence.com\\\/pt-br\\\/#organization\"},\"image\":{\"@id\":\"https:\\\/\\\/www.vydence.com\\\/pt-br\\\/alopecia-areata\\\/#primaryimage\"},\"thumbnailUrl\":\"https:\\\/\\\/www.vydence.com\\\/wp-content\\\/uploads\\\/2018\\\/03\\\/alopecia-areata.jpg\",\"keywords\":[\"artas\",\"calv\u00edcie\"],\"articleSection\":[\"Transplante capilar\",\"Tricologia\"],\"inLanguage\":\"pt-BR\",\"potentialAction\":[{\"@type\":\"CommentAction\",\"name\":\"Comment\",\"target\":[\"https:\\\/\\\/www.vydence.com\\\/pt-br\\\/alopecia-areata\\\/#respond\"]}]},{\"@type\":\"WebPage\",\"@id\":\"https:\\\/\\\/www.vydence.com\\\/pt-br\\\/alopecia-areata\\\/\",\"url\":\"https:\\\/\\\/www.vydence.com\\\/pt-br\\\/alopecia-areata\\\/\",\"name\":\"Alopecia Areata: o que \u00e9 e como tratar - VYDENCE\",\"isPartOf\":{\"@id\":\"https:\\\/\\\/www.vydence.com\\\/pt-br\\\/#website\"},\"primaryImageOfPage\":{\"@id\":\"https:\\\/\\\/www.vydence.com\\\/pt-br\\\/alopecia-areata\\\/#primaryimage\"},\"image\":{\"@id\":\"https:\\\/\\\/www.vydence.com\\\/pt-br\\\/alopecia-areata\\\/#primaryimage\"},\"thumbnailUrl\":\"https:\\\/\\\/www.vydence.com\\\/wp-content\\\/uploads\\\/2018\\\/03\\\/alopecia-areata.jpg\",\"datePublished\":\"2018-03-05T09:00:19+00:00\",\"description\":\"Entenda o que \u00e9 a alopecia areata, uma disfun\u00e7\u00e3o do organismo que causa queda de cabelo e saiba quais as op\u00e7\u00f5es mais eficazes de tratamento\",\"breadcrumb\":{\"@id\":\"https:\\\/\\\/www.vydence.com\\\/pt-br\\\/alopecia-areata\\\/#breadcrumb\"},\"inLanguage\":\"pt-BR\",\"potentialAction\":[{\"@type\":\"ReadAction\",\"target\":[\"https:\\\/\\\/www.vydence.com\\\/pt-br\\\/alopecia-areata\\\/\"]}]},{\"@type\":\"ImageObject\",\"inLanguage\":\"pt-BR\",\"@id\":\"https:\\\/\\\/www.vydence.com\\\/pt-br\\\/alopecia-areata\\\/#primaryimage\",\"url\":\"https:\\\/\\\/www.vydence.com\\\/wp-content\\\/uploads\\\/2018\\\/03\\\/alopecia-areata.jpg\",\"contentUrl\":\"https:\\\/\\\/www.vydence.com\\\/wp-content\\\/uploads\\\/2018\\\/03\\\/alopecia-areata.jpg\",\"width\":1205,\"height\":871,\"caption\":\"Alopecia areata\"},{\"@type\":\"BreadcrumbList\",\"@id\":\"https:\\\/\\\/www.vydence.com\\\/pt-br\\\/alopecia-areata\\\/#breadcrumb\",\"itemListElement\":[{\"@type\":\"ListItem\",\"position\":1,\"name\":\"In\u00edcio\",\"item\":\"https:\\\/\\\/www.vydence.com\\\/pt-br\\\/\"},{\"@type\":\"ListItem\",\"position\":2,\"name\":\"Alopecia Areata: o que \u00e9 e como tratar\"}]},{\"@type\":\"WebSite\",\"@id\":\"https:\\\/\\\/www.vydence.com\\\/pt-br\\\/#website\",\"url\":\"https:\\\/\\\/www.vydence.com\\\/pt-br\\\/\",\"name\":\"VYDENCE\",\"description\":\"\",\"publisher\":{\"@id\":\"https:\\\/\\\/www.vydence.com\\\/pt-br\\\/#organization\"},\"potentialAction\":[{\"@type\":\"SearchAction\",\"target\":{\"@type\":\"EntryPoint\",\"urlTemplate\":\"https:\\\/\\\/www.vydence.com\\\/pt-br\\\/?s={search_term_string}\"},\"query-input\":{\"@type\":\"PropertyValueSpecification\",\"valueRequired\":true,\"valueName\":\"search_term_string\"}}],\"inLanguage\":\"pt-BR\"},{\"@type\":\"Organization\",\"@id\":\"https:\\\/\\\/www.vydence.com\\\/pt-br\\\/#organization\",\"name\":\"VYDENCE\",\"url\":\"https:\\\/\\\/www.vydence.com\\\/pt-br\\\/\",\"logo\":{\"@type\":\"ImageObject\",\"inLanguage\":\"pt-BR\",\"@id\":\"https:\\\/\\\/www.vydence.com\\\/pt-br\\\/#\\\/schema\\\/logo\\\/image\\\/\",\"url\":\"https:\\\/\\\/www.vydence.com\\\/wp-content\\\/uploads\\\/2024\\\/11\\\/Logo.svg\",\"contentUrl\":\"https:\\\/\\\/www.vydence.com\\\/wp-content\\\/uploads\\\/2024\\\/11\\\/Logo.svg\",\"width\":149,\"height\":40,\"caption\":\"VYDENCE\"},\"image\":{\"@id\":\"https:\\\/\\\/www.vydence.com\\\/pt-br\\\/#\\\/schema\\\/logo\\\/image\\\/\"},\"sameAs\":[\"https:\\\/\\\/www.facebook.com\\\/VYDENCE\"]},{\"@type\":\"Person\",\"@id\":\"https:\\\/\\\/www.vydence.com\\\/pt-br\\\/#\\\/schema\\\/person\\\/d07e11658f9624d2d5344c62489f5fed\",\"name\":\"admin\",\"image\":{\"@type\":\"ImageObject\",\"inLanguage\":\"pt-BR\",\"@id\":\"https:\\\/\\\/secure.gravatar.com\\\/avatar\\\/1625555f260264654c853a64f2eddfbd5d054ef40597af8b97dc8461ef04e355?s=96&d=mm&r=g\",\"url\":\"https:\\\/\\\/secure.gravatar.com\\\/avatar\\\/1625555f260264654c853a64f2eddfbd5d054ef40597af8b97dc8461ef04e355?s=96&d=mm&r=g\",\"contentUrl\":\"https:\\\/\\\/secure.gravatar.com\\\/avatar\\\/1625555f260264654c853a64f2eddfbd5d054ef40597af8b97dc8461ef04e355?s=96&d=mm&r=g\",\"caption\":\"admin\"},\"sameAs\":[\"https:\\\/\\\/www.vydence.com\"],\"url\":\"https:\\\/\\\/www.vydence.com\\\/pt-br\\\/author\\\/ericknc\\\/\"}]}<\/script>\n<!-- \/ Yoast SEO Premium plugin. -->","yoast_head_json":{"title":"Alopecia Areata: o que \u00e9 e como tratar - VYDENCE","description":"Entenda o que \u00e9 a alopecia areata, uma disfun\u00e7\u00e3o do organismo que causa queda de cabelo e saiba quais as op\u00e7\u00f5es mais eficazes de tratamento","robots":{"index":"index","follow":"follow","max-snippet":"max-snippet:-1","max-image-preview":"max-image-preview:large","max-video-preview":"max-video-preview:-1"},"canonical":"https:\/\/www.vydence.com\/pt-br\/alopecia-areata\/","og_locale":"pt_BR","og_type":"article","og_title":"Alopecia Areata: o que \u00e9 e como tratar","og_description":"Entenda o que \u00e9 a alopecia areata, uma disfun\u00e7\u00e3o do organismo que causa queda de cabelo e saiba quais as op\u00e7\u00f5es mais eficazes de tratamento","og_url":"https:\/\/www.vydence.com\/pt-br\/alopecia-areata\/","og_site_name":"VYDENCE","article_publisher":"https:\/\/www.facebook.com\/VYDENCE","article_published_time":"2018-03-05T09:00:19+00:00","og_image":[{"width":1205,"height":871,"url":"https:\/\/www.vydence.com\/wp-content\/uploads\/2018\/03\/alopecia-areata.jpg","type":"image\/jpeg"}],"author":"admin","twitter_card":"summary_large_image","twitter_misc":{"Escrito por":"admin","Est. tempo de leitura":"3 minutos"},"schema":{"@context":"https:\/\/schema.org","@graph":[{"@type":"Article","@id":"https:\/\/www.vydence.com\/pt-br\/alopecia-areata\/#article","isPartOf":{"@id":"https:\/\/www.vydence.com\/pt-br\/alopecia-areata\/"},"author":{"name":"admin","@id":"https:\/\/www.vydence.com\/pt-br\/#\/schema\/person\/d07e11658f9624d2d5344c62489f5fed"},"headline":"Alopecia Areata: o que \u00e9 e como tratar","datePublished":"2018-03-05T09:00:19+00:00","mainEntityOfPage":{"@id":"https:\/\/www.vydence.com\/pt-br\/alopecia-areata\/"},"wordCount":622,"commentCount":0,"publisher":{"@id":"https:\/\/www.vydence.com\/pt-br\/#organization"},"image":{"@id":"https:\/\/www.vydence.com\/pt-br\/alopecia-areata\/#primaryimage"},"thumbnailUrl":"https:\/\/www.vydence.com\/wp-content\/uploads\/2018\/03\/alopecia-areata.jpg","keywords":["artas","calv\u00edcie"],"articleSection":["Transplante capilar","Tricologia"],"inLanguage":"pt-BR","potentialAction":[{"@type":"CommentAction","name":"Comment","target":["https:\/\/www.vydence.com\/pt-br\/alopecia-areata\/#respond"]}]},{"@type":"WebPage","@id":"https:\/\/www.vydence.com\/pt-br\/alopecia-areata\/","url":"https:\/\/www.vydence.com\/pt-br\/alopecia-areata\/","name":"Alopecia Areata: o que \u00e9 e como tratar - VYDENCE","isPartOf":{"@id":"https:\/\/www.vydence.com\/pt-br\/#website"},"primaryImageOfPage":{"@id":"https:\/\/www.vydence.com\/pt-br\/alopecia-areata\/#primaryimage"},"image":{"@id":"https:\/\/www.vydence.com\/pt-br\/alopecia-areata\/#primaryimage"},"thumbnailUrl":"https:\/\/www.vydence.com\/wp-content\/uploads\/2018\/03\/alopecia-areata.jpg","datePublished":"2018-03-05T09:00:19+00:00","description":"Entenda o que \u00e9 a alopecia areata, uma disfun\u00e7\u00e3o do organismo que causa queda de cabelo e saiba quais as op\u00e7\u00f5es mais eficazes de tratamento","breadcrumb":{"@id":"https:\/\/www.vydence.com\/pt-br\/alopecia-areata\/#breadcrumb"},"inLanguage":"pt-BR","potentialAction":[{"@type":"ReadAction","target":["https:\/\/www.vydence.com\/pt-br\/alopecia-areata\/"]}]},{"@type":"ImageObject","inLanguage":"pt-BR","@id":"https:\/\/www.vydence.com\/pt-br\/alopecia-areata\/#primaryimage","url":"https:\/\/www.vydence.com\/wp-content\/uploads\/2018\/03\/alopecia-areata.jpg","contentUrl":"https:\/\/www.vydence.com\/wp-content\/uploads\/2018\/03\/alopecia-areata.jpg","width":1205,"height":871,"caption":"Alopecia areata"},{"@type":"BreadcrumbList","@id":"https:\/\/www.vydence.com\/pt-br\/alopecia-areata\/#breadcrumb","itemListElement":[{"@type":"ListItem","position":1,"name":"In\u00edcio","item":"https:\/\/www.vydence.com\/pt-br\/"},{"@type":"ListItem","position":2,"name":"Alopecia Areata: o que \u00e9 e como tratar"}]},{"@type":"WebSite","@id":"https:\/\/www.vydence.com\/pt-br\/#website","url":"https:\/\/www.vydence.com\/pt-br\/","name":"VYDENCE","description":"","publisher":{"@id":"https:\/\/www.vydence.com\/pt-br\/#organization"},"potentialAction":[{"@type":"SearchAction","target":{"@type":"EntryPoint","urlTemplate":"https:\/\/www.vydence.com\/pt-br\/?s={search_term_string}"},"query-input":{"@type":"PropertyValueSpecification","valueRequired":true,"valueName":"search_term_string"}}],"inLanguage":"pt-BR"},{"@type":"Organization","@id":"https:\/\/www.vydence.com\/pt-br\/#organization","name":"VYDENCE","url":"https:\/\/www.vydence.com\/pt-br\/","logo":{"@type":"ImageObject","inLanguage":"pt-BR","@id":"https:\/\/www.vydence.com\/pt-br\/#\/schema\/logo\/image\/","url":"https:\/\/www.vydence.com\/wp-content\/uploads\/2024\/11\/Logo.svg","contentUrl":"https:\/\/www.vydence.com\/wp-content\/uploads\/2024\/11\/Logo.svg","width":149,"height":40,"caption":"VYDENCE"},"image":{"@id":"https:\/\/www.vydence.com\/pt-br\/#\/schema\/logo\/image\/"},"sameAs":["https:\/\/www.facebook.com\/VYDENCE"]},{"@type":"Person","@id":"https:\/\/www.vydence.com\/pt-br\/#\/schema\/person\/d07e11658f9624d2d5344c62489f5fed","name":"admin","image":{"@type":"ImageObject","inLanguage":"pt-BR","@id":"https:\/\/secure.gravatar.com\/avatar\/1625555f260264654c853a64f2eddfbd5d054ef40597af8b97dc8461ef04e355?s=96&d=mm&r=g","url":"https:\/\/secure.gravatar.com\/avatar\/1625555f260264654c853a64f2eddfbd5d054ef40597af8b97dc8461ef04e355?s=96&d=mm&r=g","contentUrl":"https:\/\/secure.gravatar.com\/avatar\/1625555f260264654c853a64f2eddfbd5d054ef40597af8b97dc8461ef04e355?s=96&d=mm&r=g","caption":"admin"},"sameAs":["https:\/\/www.vydence.com"],"url":"https:\/\/www.vydence.com\/pt-br\/author\/ericknc\/"}]}},"_links":{"self":[{"href":"https:\/\/www.vydence.com\/pt-br\/wp-json\/wp\/v2\/posts\/19439","targetHints":{"allow":["GET"]}}],"collection":[{"href":"https:\/\/www.vydence.com\/pt-br\/wp-json\/wp\/v2\/posts"}],"about":[{"href":"https:\/\/www.vydence.com\/pt-br\/wp-json\/wp\/v2\/types\/post"}],"author":[{"embeddable":true,"href":"https:\/\/www.vydence.com\/pt-br\/wp-json\/wp\/v2\/users\/1"}],"replies":[{"embeddable":true,"href":"https:\/\/www.vydence.com\/pt-br\/wp-json\/wp\/v2\/comments?post=19439"}],"version-history":[{"count":0,"href":"https:\/\/www.vydence.com\/pt-br\/wp-json\/wp\/v2\/posts\/19439\/revisions"}],"wp:featuredmedia":[{"embeddable":true,"href":"https:\/\/www.vydence.com\/pt-br\/wp-json\/wp\/v2\/media\/19225"}],"wp:attachment":[{"href":"https:\/\/www.vydence.com\/pt-br\/wp-json\/wp\/v2\/media?parent=19439"}],"wp:term":[{"taxonomy":"category","embeddable":true,"href":"https:\/\/www.vydence.com\/pt-br\/wp-json\/wp\/v2\/categories?post=19439"},{"taxonomy":"post_tag","embeddable":true,"href":"https:\/\/www.vydence.com\/pt-br\/wp-json\/wp\/v2\/tags?post=19439"}],"curies":[{"name":"wp","href":"https:\/\/api.w.org\/{rel}","templated":true}]}}