{"id":190,"date":"2018-04-08T17:01:38","date_gmt":"2018-04-08T17:01:38","guid":{"rendered":"http:\/\/www.bottomsup.com.br\/blog\/?p=82"},"modified":"2018-04-08T17:01:38","modified_gmt":"2018-04-08T17:01:38","slug":"o-que-causa-celulite-principais-viloes","status":"publish","type":"post","link":"https:\/\/www.vydence.com\/pt-br\/o-que-causa-celulite-principais-viloes\/","title":{"rendered":"O que causa celulite? Conhe\u00e7a os principais vil\u00f5es"},"content":{"rendered":"<p><span style=\"font-weight: 400;\">Ela \u00e9 indesejada, as mulheres tentam combat\u00ea-la e muitos gostariam de saber desvendar os segredos para ficar longe da celulite. Al\u00e9m de deixar a pele com um aspecto feio, de casca de laranja, ela incomoda e atrapalha na hora de colocar um shorts ou biqu\u00edni. <\/span><\/p>\n<p><span style=\"font-weight: 400;\">A celulite n\u00e3o \u00e9 apenas um problema est\u00e9tico, \u00e9 tamb\u00e9m uma quest\u00e3o de sa\u00fade e bem-estar do corpo, por isso a necessidade de entender o que causa celulite e manter uma rotina mais saud\u00e1vel.<\/span><\/p>\n<h2><span style=\"font-weight: 400;\">O que causa celulite?<\/span><\/h2>\n<p><span style=\"font-weight: 400;\">A celulite aparece na pele por causa do ac\u00famulo de gordura em determinadas regi\u00f5es do corpo. Ela atinge pessoas com todos os tipos de corpos, com pesos e alturas diferentes, e tamb\u00e9m envolve uma pr\u00e9-disposi\u00e7\u00e3o gen\u00e9tica para o seu aparecimento. Existem algumas pessoas que tem mais, outras menos, mas a maioria possui algum grau de celulite.<\/span><\/p>\n<p><span style=\"font-weight: 400;\">Um dos principais fatores que desencadeiam este problema \u00e9 a alimenta\u00e7\u00e3o e o sedentarismo. Adotar uma rotina saud\u00e1vel que inclua uma alimenta\u00e7\u00e3o balanceada e exerc\u00edcios frequentes ajuda a manter a sa\u00fade do corpo e deixar o aspecto da pele mais bonito. Al\u00e9m disso, existem outros fatores que tamb\u00e9m interferem no aparecimento e agravamento da celulite e s\u00e3o t\u00e3o comuns no dia a dia que, provavelmente, voc\u00ea ainda nem se deu conta.<\/span><\/p>\n<h2><span style=\"font-weight: 400;\">Vil\u00f5es da celulite<\/span><\/h2>\n<h3><span style=\"font-weight: 400;\">Refrigerante e bebidas alc\u00f3olicas<\/span><\/h3>\n<p><span style=\"font-weight: 400;\">Se a premissa \u00e9 uma alimenta\u00e7\u00e3o balanceada e h\u00e1bitos saud\u00e1veis o refrigerante e as bebidas alc\u00f3olicas devem ficar fora da rotina. O a\u00e7\u00facar e o s\u00f3dio, presentes no refringente, ocasionam a reten\u00e7\u00e3o de l\u00edquidos, j\u00e1 o \u00e1lcool danifica as c\u00e9lulas e impede absor\u00e7\u00e3o de nutrientes.<\/span><\/p>\n<h3><span style=\"font-weight: 400;\">Cigarro<\/span><\/h3>\n<p><span style=\"font-weight: 400;\">Nem \u00e9 preciso falar que o cigarro \u00e9 um vil\u00e3o. Al\u00e9m de danificar sua sa\u00fade em diversos n\u00edveis, ele atrapalha a circula\u00e7\u00e3o e afeta a qualidade do sangue, prejudicando a elasticidade da pele e facilitando o aparecimento da celulite.<\/span><\/p>\n<h3><span style=\"font-weight: 400;\">Falta de protetor solar<\/span><\/h3>\n<p><span style=\"font-weight: 400;\">Pode parecer exagero, mas os raios solares UV agridem severamente o col\u00e1geno da pele, deixando a celulite ainda mais vis\u00edvel. N\u00e3o deixe de usar protetor solar todos os dias, inclusive nas regi\u00f5es que possuem mais celulite.<\/span><span style=\"font-weight: 400;\"> \u00a0<\/span><\/p>\n<h3><span style=\"font-weight: 400;\">Horm\u00f4nios<\/span><\/h3>\n<p><span style=\"font-weight: 400;\">Para algumas mulheres, \u00e9 at\u00e9 comum ficar sem menstruar por alguns ciclos mas quando este processo n\u00e3o est\u00e1 regulado por alguma prescri\u00e7\u00e3o m\u00e9dica \u00e9 preciso ficar atento. As altera\u00e7\u00f5es hormonais causam grande impacto no corpo das mulheres, e estas disfun\u00e7\u00f5es podem lesionar a pele agravando o aparecimento da celulite.<\/span><\/p>\n<h3><span style=\"font-weight: 400;\">Estresse<\/span><\/h3>\n<p><span style=\"font-weight: 400;\">Por essa voc\u00ea n\u00e3o esperava, n\u00e3o \u00e9 mesmo? Fique sabendo que o alto n\u00edvel de estresse gera uma quantidade excessiva de horm\u00f4nios no corpo da mulher, ativando o armazenamento de gordura e retendo l\u00edquidos. A f\u00f3rmula perfeita para complicar as celulites!<\/span><\/p>\n<p><span style=\"font-weight: 400;\">Esses s\u00e3o apenas alguns fatores que atuam como causa da celulite. Lembre-se, no entanto, que cuidar do seu corpo e da sua mente s\u00e3o a\u00e7\u00f5es primordiais para a manuten\u00e7\u00e3o da sua sa\u00fade e o acompanhamento m\u00e9dico \u00e9 seu aliado na redu\u00e7\u00e3o da celulite, j\u00e1 que o profissional saber\u00e1 indicar a <\/span><a href=\"https:\/\/tratamentosalaser.com.br\/blog\/bottoms-up-tratamento-celulite\/\"><span style=\"font-weight: 400;\">melhor alternativa<\/span><\/a><span style=\"font-weight: 400;\"> de tratamento. Enquanto isso, confira algumas dicas que separamos que ir\u00e3o <\/span><a href=\"https:\/\/tratamentosalaser.com.br\/blog\/como-acabar-com-celulite\/\"><span style=\"font-weight: 400;\">te ajudar a acabar com a celulite<\/span><\/a><span style=\"font-weight: 400;\">.<\/span><\/p>\n<p><a href=\"https:\/\/www.vydence.com\/wp-content\/uploads\/2019\/08\/ebook-bottoms-up-1.pdf\"><img loading=\"lazy\" decoding=\"async\" class=\"wp-image-344 aligncenter\" src=\"http:\/\/tratamentosalaser.com.br\/wp-content\/uploads\/2019\/03\/Tire-suas-duvidas-2-1024x640.jpg\" alt=\"\" width=\"600\" height=\"375\" \/><\/a><\/p>\n","protected":false},"excerpt":{"rendered":"<p>Ela \u00e9 indesejada, as mulheres tentam combat\u00ea-la e muitos gostariam de saber desvendar os segredos para ficar longe da celulite. Al\u00e9m de deixar a pele com um aspecto feio, de casca de laranja, ela incomoda e atrapalha na hora de colocar um shorts ou biqu\u00edni. A celulite n\u00e3o \u00e9 apenas um problema est\u00e9tico, \u00e9 tamb\u00e9m [&hellip;]<\/p>\n","protected":false},"author":1,"featured_media":19235,"comment_status":"open","ping_status":"open","sticky":false,"template":"","format":"standard","meta":{"_et_pb_use_builder":"","_et_pb_old_content":"","_et_gb_content_width":"","inline_featured_image":false,"footnotes":""},"categories":[129],"tags":[126,128],"class_list":["post-190","post","type-post","status-publish","format-standard","has-post-thumbnail","hentry","category-tratamento-para-celulite","tag-bottoms-up","tag-celulite"],"yoast_head":"<!-- This site is optimized with the Yoast SEO Premium plugin v27.1 (Yoast SEO v27.4) - https:\/\/yoast.com\/product\/yoast-seo-premium-wordpress\/ -->\n<title>O que causa celulite? Conhe\u00e7a os principais vil\u00f5es - VYDENCE<\/title>\n<meta name=\"description\" content=\"Quer saber o que causa celulite? Conhe\u00e7as as pr\u00e1ticas e fatores que mais contribuem para o aparecimento dessa textura indesejada sob a pele\" \/>\n<meta name=\"robots\" content=\"index, follow, max-snippet:-1, max-image-preview:large, max-video-preview:-1\" \/>\n<link rel=\"canonical\" href=\"https:\/\/www.vydence.com\/pt-br\/o-que-causa-celulite-principais-viloes\/\" \/>\n<meta property=\"og:locale\" content=\"pt_BR\" \/>\n<meta property=\"og:type\" content=\"article\" \/>\n<meta property=\"og:title\" content=\"O que causa celulite? Conhe\u00e7a os principais vil\u00f5es\" \/>\n<meta property=\"og:description\" content=\"Quer saber o que causa celulite? Conhe\u00e7as as pr\u00e1ticas e fatores que mais contribuem para o aparecimento dessa textura indesejada sob a pele\" \/>\n<meta property=\"og:url\" content=\"https:\/\/www.vydence.com\/pt-br\/o-que-causa-celulite-principais-viloes\/\" \/>\n<meta property=\"og:site_name\" content=\"VYDENCE\" \/>\n<meta property=\"article:publisher\" content=\"https:\/\/www.facebook.com\/VYDENCE\" \/>\n<meta property=\"article:published_time\" content=\"2018-04-08T17:01:38+00:00\" \/>\n<meta property=\"og:image\" content=\"https:\/\/www.vydence.com\/wp-content\/uploads\/2018\/04\/o-que-causa-celulite.jpg\" \/>\n\t<meta property=\"og:image:width\" content=\"1100\" \/>\n\t<meta property=\"og:image:height\" content=\"720\" \/>\n\t<meta property=\"og:image:type\" content=\"image\/jpeg\" \/>\n<meta name=\"author\" content=\"admin\" \/>\n<meta name=\"twitter:card\" content=\"summary_large_image\" \/>\n<meta name=\"twitter:label1\" content=\"Escrito por\" \/>\n\t<meta name=\"twitter:data1\" content=\"admin\" \/>\n\t<meta name=\"twitter:label2\" content=\"Est. tempo de leitura\" \/>\n\t<meta name=\"twitter:data2\" content=\"3 minutos\" \/>\n<script type=\"application\/ld+json\" class=\"yoast-schema-graph\">{\"@context\":\"https:\\\/\\\/schema.org\",\"@graph\":[{\"@type\":\"Article\",\"@id\":\"https:\\\/\\\/www.vydence.com\\\/pt-br\\\/o-que-causa-celulite-principais-viloes\\\/#article\",\"isPartOf\":{\"@id\":\"https:\\\/\\\/www.vydence.com\\\/pt-br\\\/o-que-causa-celulite-principais-viloes\\\/\"},\"author\":{\"name\":\"admin\",\"@id\":\"https:\\\/\\\/www.vydence.com\\\/pt-br\\\/#\\\/schema\\\/person\\\/d07e11658f9624d2d5344c62489f5fed\"},\"headline\":\"O que causa celulite? Conhe\u00e7a os principais vil\u00f5es\",\"datePublished\":\"2018-04-08T17:01:38+00:00\",\"mainEntityOfPage\":{\"@id\":\"https:\\\/\\\/www.vydence.com\\\/pt-br\\\/o-que-causa-celulite-principais-viloes\\\/\"},\"wordCount\":568,\"commentCount\":0,\"publisher\":{\"@id\":\"https:\\\/\\\/www.vydence.com\\\/pt-br\\\/#organization\"},\"image\":{\"@id\":\"https:\\\/\\\/www.vydence.com\\\/pt-br\\\/o-que-causa-celulite-principais-viloes\\\/#primaryimage\"},\"thumbnailUrl\":\"https:\\\/\\\/www.vydence.com\\\/wp-content\\\/uploads\\\/2018\\\/04\\\/o-que-causa-celulite.jpg\",\"keywords\":[\"bottoms up\",\"celulite\"],\"articleSection\":[\"Tratamento para celulite\"],\"inLanguage\":\"pt-BR\",\"potentialAction\":[{\"@type\":\"CommentAction\",\"name\":\"Comment\",\"target\":[\"https:\\\/\\\/www.vydence.com\\\/pt-br\\\/o-que-causa-celulite-principais-viloes\\\/#respond\"]}]},{\"@type\":\"WebPage\",\"@id\":\"https:\\\/\\\/www.vydence.com\\\/pt-br\\\/o-que-causa-celulite-principais-viloes\\\/\",\"url\":\"https:\\\/\\\/www.vydence.com\\\/pt-br\\\/o-que-causa-celulite-principais-viloes\\\/\",\"name\":\"O que causa celulite? Conhe\u00e7a os principais vil\u00f5es - VYDENCE\",\"isPartOf\":{\"@id\":\"https:\\\/\\\/www.vydence.com\\\/pt-br\\\/#website\"},\"primaryImageOfPage\":{\"@id\":\"https:\\\/\\\/www.vydence.com\\\/pt-br\\\/o-que-causa-celulite-principais-viloes\\\/#primaryimage\"},\"image\":{\"@id\":\"https:\\\/\\\/www.vydence.com\\\/pt-br\\\/o-que-causa-celulite-principais-viloes\\\/#primaryimage\"},\"thumbnailUrl\":\"https:\\\/\\\/www.vydence.com\\\/wp-content\\\/uploads\\\/2018\\\/04\\\/o-que-causa-celulite.jpg\",\"datePublished\":\"2018-04-08T17:01:38+00:00\",\"description\":\"Quer saber o que causa celulite? Conhe\u00e7as as pr\u00e1ticas e fatores que mais contribuem para o aparecimento dessa textura indesejada sob a pele\",\"breadcrumb\":{\"@id\":\"https:\\\/\\\/www.vydence.com\\\/pt-br\\\/o-que-causa-celulite-principais-viloes\\\/#breadcrumb\"},\"inLanguage\":\"pt-BR\",\"potentialAction\":[{\"@type\":\"ReadAction\",\"target\":[\"https:\\\/\\\/www.vydence.com\\\/pt-br\\\/o-que-causa-celulite-principais-viloes\\\/\"]}]},{\"@type\":\"ImageObject\",\"inLanguage\":\"pt-BR\",\"@id\":\"https:\\\/\\\/www.vydence.com\\\/pt-br\\\/o-que-causa-celulite-principais-viloes\\\/#primaryimage\",\"url\":\"https:\\\/\\\/www.vydence.com\\\/wp-content\\\/uploads\\\/2018\\\/04\\\/o-que-causa-celulite.jpg\",\"contentUrl\":\"https:\\\/\\\/www.vydence.com\\\/wp-content\\\/uploads\\\/2018\\\/04\\\/o-que-causa-celulite.jpg\",\"width\":1100,\"height\":720,\"caption\":\"O que causa celulite\"},{\"@type\":\"BreadcrumbList\",\"@id\":\"https:\\\/\\\/www.vydence.com\\\/pt-br\\\/o-que-causa-celulite-principais-viloes\\\/#breadcrumb\",\"itemListElement\":[{\"@type\":\"ListItem\",\"position\":1,\"name\":\"In\u00edcio\",\"item\":\"https:\\\/\\\/www.vydence.com\\\/pt-br\\\/\"},{\"@type\":\"ListItem\",\"position\":2,\"name\":\"O que causa celulite? Conhe\u00e7a os principais vil\u00f5es\"}]},{\"@type\":\"WebSite\",\"@id\":\"https:\\\/\\\/www.vydence.com\\\/pt-br\\\/#website\",\"url\":\"https:\\\/\\\/www.vydence.com\\\/pt-br\\\/\",\"name\":\"VYDENCE\",\"description\":\"\",\"publisher\":{\"@id\":\"https:\\\/\\\/www.vydence.com\\\/pt-br\\\/#organization\"},\"potentialAction\":[{\"@type\":\"SearchAction\",\"target\":{\"@type\":\"EntryPoint\",\"urlTemplate\":\"https:\\\/\\\/www.vydence.com\\\/pt-br\\\/?s={search_term_string}\"},\"query-input\":{\"@type\":\"PropertyValueSpecification\",\"valueRequired\":true,\"valueName\":\"search_term_string\"}}],\"inLanguage\":\"pt-BR\"},{\"@type\":\"Organization\",\"@id\":\"https:\\\/\\\/www.vydence.com\\\/pt-br\\\/#organization\",\"name\":\"VYDENCE\",\"url\":\"https:\\\/\\\/www.vydence.com\\\/pt-br\\\/\",\"logo\":{\"@type\":\"ImageObject\",\"inLanguage\":\"pt-BR\",\"@id\":\"https:\\\/\\\/www.vydence.com\\\/pt-br\\\/#\\\/schema\\\/logo\\\/image\\\/\",\"url\":\"https:\\\/\\\/www.vydence.com\\\/wp-content\\\/uploads\\\/2024\\\/11\\\/Logo.svg\",\"contentUrl\":\"https:\\\/\\\/www.vydence.com\\\/wp-content\\\/uploads\\\/2024\\\/11\\\/Logo.svg\",\"width\":149,\"height\":40,\"caption\":\"VYDENCE\"},\"image\":{\"@id\":\"https:\\\/\\\/www.vydence.com\\\/pt-br\\\/#\\\/schema\\\/logo\\\/image\\\/\"},\"sameAs\":[\"https:\\\/\\\/www.facebook.com\\\/VYDENCE\"]},{\"@type\":\"Person\",\"@id\":\"https:\\\/\\\/www.vydence.com\\\/pt-br\\\/#\\\/schema\\\/person\\\/d07e11658f9624d2d5344c62489f5fed\",\"name\":\"admin\",\"image\":{\"@type\":\"ImageObject\",\"inLanguage\":\"pt-BR\",\"@id\":\"https:\\\/\\\/secure.gravatar.com\\\/avatar\\\/1625555f260264654c853a64f2eddfbd5d054ef40597af8b97dc8461ef04e355?s=96&d=mm&r=g\",\"url\":\"https:\\\/\\\/secure.gravatar.com\\\/avatar\\\/1625555f260264654c853a64f2eddfbd5d054ef40597af8b97dc8461ef04e355?s=96&d=mm&r=g\",\"contentUrl\":\"https:\\\/\\\/secure.gravatar.com\\\/avatar\\\/1625555f260264654c853a64f2eddfbd5d054ef40597af8b97dc8461ef04e355?s=96&d=mm&r=g\",\"caption\":\"admin\"},\"sameAs\":[\"https:\\\/\\\/www.vydence.com\"],\"url\":\"https:\\\/\\\/www.vydence.com\\\/pt-br\\\/author\\\/ericknc\\\/\"}]}<\/script>\n<!-- \/ Yoast SEO Premium plugin. -->","yoast_head_json":{"title":"O que causa celulite? Conhe\u00e7a os principais vil\u00f5es - VYDENCE","description":"Quer saber o que causa celulite? Conhe\u00e7as as pr\u00e1ticas e fatores que mais contribuem para o aparecimento dessa textura indesejada sob a pele","robots":{"index":"index","follow":"follow","max-snippet":"max-snippet:-1","max-image-preview":"max-image-preview:large","max-video-preview":"max-video-preview:-1"},"canonical":"https:\/\/www.vydence.com\/pt-br\/o-que-causa-celulite-principais-viloes\/","og_locale":"pt_BR","og_type":"article","og_title":"O que causa celulite? Conhe\u00e7a os principais vil\u00f5es","og_description":"Quer saber o que causa celulite? Conhe\u00e7as as pr\u00e1ticas e fatores que mais contribuem para o aparecimento dessa textura indesejada sob a pele","og_url":"https:\/\/www.vydence.com\/pt-br\/o-que-causa-celulite-principais-viloes\/","og_site_name":"VYDENCE","article_publisher":"https:\/\/www.facebook.com\/VYDENCE","article_published_time":"2018-04-08T17:01:38+00:00","og_image":[{"width":1100,"height":720,"url":"https:\/\/www.vydence.com\/wp-content\/uploads\/2018\/04\/o-que-causa-celulite.jpg","type":"image\/jpeg"}],"author":"admin","twitter_card":"summary_large_image","twitter_misc":{"Escrito por":"admin","Est. tempo de leitura":"3 minutos"},"schema":{"@context":"https:\/\/schema.org","@graph":[{"@type":"Article","@id":"https:\/\/www.vydence.com\/pt-br\/o-que-causa-celulite-principais-viloes\/#article","isPartOf":{"@id":"https:\/\/www.vydence.com\/pt-br\/o-que-causa-celulite-principais-viloes\/"},"author":{"name":"admin","@id":"https:\/\/www.vydence.com\/pt-br\/#\/schema\/person\/d07e11658f9624d2d5344c62489f5fed"},"headline":"O que causa celulite? Conhe\u00e7a os principais vil\u00f5es","datePublished":"2018-04-08T17:01:38+00:00","mainEntityOfPage":{"@id":"https:\/\/www.vydence.com\/pt-br\/o-que-causa-celulite-principais-viloes\/"},"wordCount":568,"commentCount":0,"publisher":{"@id":"https:\/\/www.vydence.com\/pt-br\/#organization"},"image":{"@id":"https:\/\/www.vydence.com\/pt-br\/o-que-causa-celulite-principais-viloes\/#primaryimage"},"thumbnailUrl":"https:\/\/www.vydence.com\/wp-content\/uploads\/2018\/04\/o-que-causa-celulite.jpg","keywords":["bottoms up","celulite"],"articleSection":["Tratamento para celulite"],"inLanguage":"pt-BR","potentialAction":[{"@type":"CommentAction","name":"Comment","target":["https:\/\/www.vydence.com\/pt-br\/o-que-causa-celulite-principais-viloes\/#respond"]}]},{"@type":"WebPage","@id":"https:\/\/www.vydence.com\/pt-br\/o-que-causa-celulite-principais-viloes\/","url":"https:\/\/www.vydence.com\/pt-br\/o-que-causa-celulite-principais-viloes\/","name":"O que causa celulite? Conhe\u00e7a os principais vil\u00f5es - VYDENCE","isPartOf":{"@id":"https:\/\/www.vydence.com\/pt-br\/#website"},"primaryImageOfPage":{"@id":"https:\/\/www.vydence.com\/pt-br\/o-que-causa-celulite-principais-viloes\/#primaryimage"},"image":{"@id":"https:\/\/www.vydence.com\/pt-br\/o-que-causa-celulite-principais-viloes\/#primaryimage"},"thumbnailUrl":"https:\/\/www.vydence.com\/wp-content\/uploads\/2018\/04\/o-que-causa-celulite.jpg","datePublished":"2018-04-08T17:01:38+00:00","description":"Quer saber o que causa celulite? Conhe\u00e7as as pr\u00e1ticas e fatores que mais contribuem para o aparecimento dessa textura indesejada sob a pele","breadcrumb":{"@id":"https:\/\/www.vydence.com\/pt-br\/o-que-causa-celulite-principais-viloes\/#breadcrumb"},"inLanguage":"pt-BR","potentialAction":[{"@type":"ReadAction","target":["https:\/\/www.vydence.com\/pt-br\/o-que-causa-celulite-principais-viloes\/"]}]},{"@type":"ImageObject","inLanguage":"pt-BR","@id":"https:\/\/www.vydence.com\/pt-br\/o-que-causa-celulite-principais-viloes\/#primaryimage","url":"https:\/\/www.vydence.com\/wp-content\/uploads\/2018\/04\/o-que-causa-celulite.jpg","contentUrl":"https:\/\/www.vydence.com\/wp-content\/uploads\/2018\/04\/o-que-causa-celulite.jpg","width":1100,"height":720,"caption":"O que causa celulite"},{"@type":"BreadcrumbList","@id":"https:\/\/www.vydence.com\/pt-br\/o-que-causa-celulite-principais-viloes\/#breadcrumb","itemListElement":[{"@type":"ListItem","position":1,"name":"In\u00edcio","item":"https:\/\/www.vydence.com\/pt-br\/"},{"@type":"ListItem","position":2,"name":"O que causa celulite? Conhe\u00e7a os principais vil\u00f5es"}]},{"@type":"WebSite","@id":"https:\/\/www.vydence.com\/pt-br\/#website","url":"https:\/\/www.vydence.com\/pt-br\/","name":"VYDENCE","description":"","publisher":{"@id":"https:\/\/www.vydence.com\/pt-br\/#organization"},"potentialAction":[{"@type":"SearchAction","target":{"@type":"EntryPoint","urlTemplate":"https:\/\/www.vydence.com\/pt-br\/?s={search_term_string}"},"query-input":{"@type":"PropertyValueSpecification","valueRequired":true,"valueName":"search_term_string"}}],"inLanguage":"pt-BR"},{"@type":"Organization","@id":"https:\/\/www.vydence.com\/pt-br\/#organization","name":"VYDENCE","url":"https:\/\/www.vydence.com\/pt-br\/","logo":{"@type":"ImageObject","inLanguage":"pt-BR","@id":"https:\/\/www.vydence.com\/pt-br\/#\/schema\/logo\/image\/","url":"https:\/\/www.vydence.com\/wp-content\/uploads\/2024\/11\/Logo.svg","contentUrl":"https:\/\/www.vydence.com\/wp-content\/uploads\/2024\/11\/Logo.svg","width":149,"height":40,"caption":"VYDENCE"},"image":{"@id":"https:\/\/www.vydence.com\/pt-br\/#\/schema\/logo\/image\/"},"sameAs":["https:\/\/www.facebook.com\/VYDENCE"]},{"@type":"Person","@id":"https:\/\/www.vydence.com\/pt-br\/#\/schema\/person\/d07e11658f9624d2d5344c62489f5fed","name":"admin","image":{"@type":"ImageObject","inLanguage":"pt-BR","@id":"https:\/\/secure.gravatar.com\/avatar\/1625555f260264654c853a64f2eddfbd5d054ef40597af8b97dc8461ef04e355?s=96&d=mm&r=g","url":"https:\/\/secure.gravatar.com\/avatar\/1625555f260264654c853a64f2eddfbd5d054ef40597af8b97dc8461ef04e355?s=96&d=mm&r=g","contentUrl":"https:\/\/secure.gravatar.com\/avatar\/1625555f260264654c853a64f2eddfbd5d054ef40597af8b97dc8461ef04e355?s=96&d=mm&r=g","caption":"admin"},"sameAs":["https:\/\/www.vydence.com"],"url":"https:\/\/www.vydence.com\/pt-br\/author\/ericknc\/"}]}},"_links":{"self":[{"href":"https:\/\/www.vydence.com\/pt-br\/wp-json\/wp\/v2\/posts\/190","targetHints":{"allow":["GET"]}}],"collection":[{"href":"https:\/\/www.vydence.com\/pt-br\/wp-json\/wp\/v2\/posts"}],"about":[{"href":"https:\/\/www.vydence.com\/pt-br\/wp-json\/wp\/v2\/types\/post"}],"author":[{"embeddable":true,"href":"https:\/\/www.vydence.com\/pt-br\/wp-json\/wp\/v2\/users\/1"}],"replies":[{"embeddable":true,"href":"https:\/\/www.vydence.com\/pt-br\/wp-json\/wp\/v2\/comments?post=190"}],"version-history":[{"count":0,"href":"https:\/\/www.vydence.com\/pt-br\/wp-json\/wp\/v2\/posts\/190\/revisions"}],"wp:featuredmedia":[{"embeddable":true,"href":"https:\/\/www.vydence.com\/pt-br\/wp-json\/wp\/v2\/media\/19235"}],"wp:attachment":[{"href":"https:\/\/www.vydence.com\/pt-br\/wp-json\/wp\/v2\/media?parent=190"}],"wp:term":[{"taxonomy":"category","embeddable":true,"href":"https:\/\/www.vydence.com\/pt-br\/wp-json\/wp\/v2\/categories?post=190"},{"taxonomy":"post_tag","embeddable":true,"href":"https:\/\/www.vydence.com\/pt-br\/wp-json\/wp\/v2\/tags?post=190"}],"curies":[{"name":"wp","href":"https:\/\/api.w.org\/{rel}","templated":true}]}}