{"id":18467,"date":"2022-05-12T13:26:42","date_gmt":"2022-05-12T16:26:42","guid":{"rendered":"https:\/\/www.vydence.com\/?p=18467"},"modified":"2025-01-28T00:55:45","modified_gmt":"2025-01-28T03:55:45","slug":"alopecia-saiba-como-tratar","status":"publish","type":"post","link":"https:\/\/www.vydence.com\/pt-br\/alopecia-saiba-como-tratar\/","title":{"rendered":"Alopecia: saiba como tratar a perda anormal de cabelos e pelos"},"content":{"rendered":"\n<p>A edi\u00e7\u00e3o 2022 do Oscar ser\u00e1 lembrada como a volta da cerim\u00f4nia 100% presencial, ap\u00f3s o necess\u00e1rio distanciamento provocado pela COVID-19. Mas, n\u00e3o apenas por isso. Neste ano, tamb\u00e9m ganhou destaque a pol\u00eamica entre os atores Will Smith e Chris Rock.<\/p>\n\n\n\n<p>Na ocasi\u00e3o, o comediante fez piada com Jada Pinkett Smith, referindo-se \u00e0s consequ\u00eancias da alopecia que afeta a atriz. Ela optou por participar do evento com a cabe\u00e7a raspada. Revoltado com o coment\u00e1rio sobre sua esposa, Will Smith desferiu um tapa no rosto de Chris Rock.<\/p>\n\n\n\n<p>O epis\u00f3dio foi discutido sob os mais diferentes aspectos. Al\u00e9m de trazer \u00e0 tona um assunto que n\u00e3o \u00e9 comumente abordado pela m\u00eddia: a alopecia, que provoca perda anormal de cabelos e pelos tanto em mulheres como em homens.<\/p>\n\n\n\n<p>E voc\u00ea, j\u00e1 ouviu falar sobre esse dist\u00farbio? Conhece algu\u00e9m que sofre com ele? A seguir, esclarecemos os principais aspectos da alopecia e abordamos uma alternativa de tratamento bastante promissora: a tecnologia laser.<\/p>\n\n\n\n<p>Fique com a gente!<\/p>\n\n\n\n<p><strong>O que \u00e9 alopecia, afinal?<\/strong><\/p>\n\n\n\n<p>Como j\u00e1 dissemos, a alopecia \u00e9 caracterizada pela perda de cabelos e pelos, em qualquer parte do corpo. O tipo mais comum \u00e9 o que leva \u00e0 calv\u00edcie.<\/p>\n\n\n\n<p>Nesse sentido, h\u00e1 diversas causas para o dist\u00farbio, que pode ser transit\u00f3rio ou definitivo:<\/p>\n\n\n\n<p>&#8211; Estresse.<\/p>\n\n\n\n<p>&#8211; Hereditariedade.<\/p>\n\n\n\n<p>&#8211; Problemas na tireoide.<\/p>\n\n\n\n<p>&#8211; Desequil\u00edbrio hormonal.<\/p>\n\n\n\n<p>&#8211; Oleosidade em excesso.<\/p>\n\n\n\n<p>&#8211; Traumas na regi\u00e3o afetada.<\/p>\n\n\n\n<p>&#8211; Rea\u00e7\u00e3o adversa a medicamentos.<\/p>\n\n\n\n<p>&#8211; Infec\u00e7\u00f5es causadas por fungos ou bact\u00e9rias.<\/p>\n\n\n\n<p>&#8211; Alimenta\u00e7\u00e3o deficiente, com falta de vitaminas.<\/p>\n\n\n\n<p>&#8211; Produtos de beleza que agridem o couro cabeludo.<\/p>\n\n\n\n<p>&#8211; Efeito colateral de tratamentos, como quimioterapia.<\/p>\n\n\n\n<p><strong>Conhe\u00e7a os tipos de alopecia<\/strong><\/p>\n\n\n\n<p><strong>&gt; Alopecia androgen\u00e9tica<\/strong><\/p>\n\n\n\n<p>Trata-se do tipo mais comum. Ao passo que pode ter in\u00edcio na adolesc\u00eancia, sendo mais aparente entre 40 e 50 anos. Os cabelos ficam ralos e, com o tempo, crescem as falhas.<\/p>\n\n\n\n<p><strong>&gt; Alopecia areata<\/strong><\/p>\n\n\n\n<p>Doen\u00e7a autoimune que causa falhas em formato arredondado em diferentes locais, como barba, c\u00edlios e sobrancelhas, al\u00e9m do couro cabeludo.<\/p>\n\n\n\n<p><strong>&gt; Alopecia cicatricial<\/strong><\/p>\n\n\n\n<p>Causada por inflama\u00e7\u00f5es que danificam os fol\u00edculos capilares. O crescimento de tecido cicatricial impede a produ\u00e7\u00e3o de novos fios de cabelo.<\/p>\n\n\n\n<p><strong>&gt; Alopecia frontal fibrosante<\/strong><\/p>\n\n\n\n<p>Atinge mulheres que est\u00e3o no per\u00edodo p\u00f3s-menopausa, com um padr\u00e3o de recuo da linha do cabelo. Ademais, causa perda de pelos em axilas e sobrancelhas e manchas no rosto.<\/p>\n\n\n\n<p><strong>&gt; Alopecia por tra\u00e7\u00e3o<\/strong><\/p>\n\n\n\n<p>\u00c9 resultado de procedimentos est\u00e9ticos que for\u00e7am demais a raiz do cabelo. Como, por exemplo, tran\u00e7as e rabos de cavalo.<\/p>\n\n\n\n<p><strong>&gt; Efl\u00favio tel\u00f3geno<\/strong><\/p>\n\n\n\n<p>Enfim, o tipo de alopecia que pode ser causado por desequil\u00edbrio da tireoide, parto, cirurgia ou defici\u00eancia de vitaminas ou minerais.<\/p>\n\n\n\n<p><strong>\u00c9 poss\u00edvel prevenir a alopecia?<\/strong><\/p>\n\n\n\n<p>N\u00e3o \u00e9 poss\u00edvel prevenir a alopecia, sobretudo nos casos em que h\u00e1 fatores gen\u00e9ticos envolvidos, porem h\u00e1 excelentes op\u00e7\u00f5es de tratamento para controla-la. Por isso, quando se percebe que h\u00e1 uma queda anormal de cabelo ou pelos, \u00e9 importante procurar por um dermatologista.<\/p>\n\n\n\n<p>Cabe ressaltar que mesmo pessoas que n\u00e3o t\u00eam hist\u00f3rico de alopecia na fam\u00edlia devem tomar cuidados para evitar problemas, em qualquer faixa et\u00e1ria.<\/p>\n\n\n\n<p>Confira nossas dicas:<\/p>\n\n\n\n<p>&#8211; Alimente-se bem, com equil\u00edbrio e variedade.<\/p>\n\n\n\n<p>&#8211; Mantenha o corpo hidratado.<\/p>\n\n\n\n<p>&#8211; Pratique atividades f\u00edsicas regulares.<\/p>\n\n\n\n<p>&#8211; Fique longe do cigarro e das bebidas alco\u00f3licas.<\/p>\n\n\n\n<p>&#8211; Procure n\u00e3o consumir alimentos fritos, gordurosos e ultraprocessados.<\/p>\n\n\n\n<p>&#8211; Verifique se os \u00edndices de minerais, prote\u00ednas e vitaminas est\u00e3o adequados.<\/p>\n\n\n\n<p>Por \u00faltimo, n\u00e3o se esque\u00e7a de cuidar da mente: combata o estresse.<\/p>\n\n\n\n<p><strong>Saiba quais s\u00e3o os tratamentos para alopecia<\/strong><\/p>\n\n\n\n<p>Quando se fala em perda anormal de cabelos e pelos, diagn\u00f3stico precoce e tratamento correto fazem toda a diferen\u00e7a.<\/p>\n\n\n\n<p>Ent\u00e3o, ao perceber sintomas relacionados a alopecia, n\u00e3o tenha d\u00favidas. Como j\u00e1 mencionamos, procure por um especialista.<\/p>\n\n\n\n<p>Caso a alopecia seja confirmada, o profissional m\u00e9dico indicar\u00e1 o tratamento mais adequado. Dentre as op\u00e7\u00f5es dispon\u00edveis, temos:<\/p>\n\n\n\n<p>&#8211; Solu\u00e7\u00f5es de Minoxidil.<\/p>\n\n\n\n<p>&#8211; Suplementa\u00e7\u00e3o nutricional.<\/p>\n\n\n\n<p>&#8211; Derivados da cortisona nos locais afetados.<\/p>\n\n\n\n<p>&#8211; Antibi\u00f3ticos e outros medicamentos espec\u00edficos.<\/p>\n\n\n\n<p>&#8211; Cremes que cont\u00eam antralina ou corticosteroides.<\/p>\n\n\n\n<p><strong>Tecnologia laser: uma boa alternativa de tratamento<\/strong><\/p>\n\n\n\n<p>Segundo estudos, mais de 42 milh\u00f5es de brasileiros sofrem com a calv\u00edcie. Al\u00e9m dos impactos negativos \u00e0 est\u00e9tica, esse problema est\u00e1 diretamente relacionado \u00e0 sa\u00fade e \u00e0 autoestima.<\/p>\n\n\n\n<p>A boa not\u00edcia \u00e9 que h\u00e1 novas tecnologias de tratamento para pessoas afetadas pela alopecia. Entre elas, est\u00e1 o LASER, que tem apresentado not\u00e1vel efici\u00eancia. Aproveita e veja esse relato de caso com antes e depois para calv\u00edcie no <a href=\"https:\/\/laser.vydence.com\/mypractice-marcelobellini\">My Practice.<\/a><\/p>\n\n\n\n<p>Acima de tudo, essa tecnologia \u00e9 uma indica\u00e7\u00e3o de padr\u00e3o ouro para quem tem hist\u00f3rico familiar de calv\u00edcie ou de pouco cabelo. Portanto, se voc\u00ea tem alopecia, consulte um profissional capacitado e saiba em detalhes como o LASER pode ajudar no combate a esse dist\u00farbio.<\/p>\n\n\n\n<figure class=\"wp-block-image size-full\"><a href=\"https:\/\/laser.vydence.com\/mypractice-marcelobellini\"><img decoding=\"async\" src=\"https:\/\/www.vydence.com\/wp-content\/uploads\/2022\/05\/Slide1-1.jpg\" alt=\"\" class=\"wp-image-18469\"\/><\/a><\/figure>\n\n\n\n<p>Outro fator decisivo para o sucesso do tratamento \u00e9 a qualidade dos equipamentos utilizados nas sess\u00f5es.<\/p>\n\n\n\n<p>Informe-se sobre os itens desenvolvidos pela <a href=\"https:\/\/www.vydence.com\/pt\/vydence-presenca-constante-nas-midias-sociais\/\">Vydence Medical<\/a>, que tem em seu portf\u00f3lio produtos de reconhecida excel\u00eancia, como <a href=\"https:\/\/www.vydence.com\/pt-br\/etherea-mx\/\">Etherea MX\u00ae<\/a> e <a href=\"https:\/\/www.vydence.com\/pt-br\/zye\/\">Zye\u00ae<\/a>.<\/p>\n\n\n\n<p>Compartilhe este conte\u00fado. E se precisar, \u00e9 s\u00f3 <a href=\"https:\/\/www.instagram.com\/vydence\/\">entrar em contato conosco<\/a>.<\/p>\n","protected":false},"excerpt":{"rendered":"<p>A edi\u00e7\u00e3o 2022 do Oscar ser\u00e1 lembrada como a volta da cerim\u00f4nia 100% presencial, ap\u00f3s o necess\u00e1rio distanciamento provocado pela COVID-19. Mas, n\u00e3o apenas por isso. Neste ano, tamb\u00e9m ganhou destaque a pol\u00eamica entre os atores Will Smith e Chris Rock. Na ocasi\u00e3o, o comediante fez piada com Jada Pinkett Smith, referindo-se \u00e0s consequ\u00eancias da [&hellip;]<\/p>\n","protected":false},"author":3,"featured_media":19556,"comment_status":"closed","ping_status":"closed","sticky":true,"template":"","format":"standard","meta":{"_et_pb_use_builder":"off","_et_pb_old_content":"","_et_gb_content_width":"","inline_featured_image":false,"footnotes":""},"categories":[46],"tags":[82,68],"class_list":["post-18467","post","type-post","status-publish","format-standard","has-post-thumbnail","hentry","category-geral","tag-alopecia","tag-doencas-de-pele"],"yoast_head":"<!-- This site is optimized with the Yoast SEO Premium plugin v27.1 (Yoast SEO v27.4) - https:\/\/yoast.com\/product\/yoast-seo-premium-wordpress\/ -->\n<title>Alopecia: saiba como tratar a perda anormal de cabelos e pelos - VYDENCE<\/title>\n<meta name=\"robots\" content=\"index, follow, max-snippet:-1, max-image-preview:large, max-video-preview:-1\" \/>\n<link rel=\"canonical\" href=\"https:\/\/www.vydence.com\/pt-br\/alopecia-saiba-como-tratar\/\" \/>\n<meta property=\"og:locale\" content=\"pt_BR\" \/>\n<meta property=\"og:type\" content=\"article\" \/>\n<meta property=\"og:title\" content=\"Alopecia: saiba como tratar a perda anormal de cabelos e pelos\" \/>\n<meta property=\"og:description\" content=\"A edi\u00e7\u00e3o 2022 do Oscar ser\u00e1 lembrada como a volta da cerim\u00f4nia 100% presencial, ap\u00f3s o necess\u00e1rio distanciamento provocado pela COVID-19. Mas, n\u00e3o apenas por isso. Neste ano, tamb\u00e9m ganhou destaque a pol\u00eamica entre os atores Will Smith e Chris Rock. Na ocasi\u00e3o, o comediante fez piada com Jada Pinkett Smith, referindo-se \u00e0s consequ\u00eancias da [&hellip;]\" \/>\n<meta property=\"og:url\" content=\"https:\/\/www.vydence.com\/pt-br\/alopecia-saiba-como-tratar\/\" \/>\n<meta property=\"og:site_name\" content=\"VYDENCE\" \/>\n<meta property=\"article:publisher\" content=\"https:\/\/www.facebook.com\/VYDENCE\" \/>\n<meta property=\"article:published_time\" content=\"2022-05-12T16:26:42+00:00\" \/>\n<meta property=\"article:modified_time\" content=\"2025-01-28T03:55:45+00:00\" \/>\n<meta property=\"og:image\" content=\"https:\/\/www.vydence.com\/wp-content\/uploads\/2025\/01\/shutterstock_2511064291.webp\" \/>\n\t<meta property=\"og:image:width\" content=\"716\" \/>\n\t<meta property=\"og:image:height\" content=\"615\" \/>\n\t<meta property=\"og:image:type\" content=\"image\/webp\" \/>\n<meta name=\"author\" content=\"vydence\" \/>\n<meta name=\"twitter:card\" content=\"summary_large_image\" \/>\n<meta name=\"twitter:label1\" content=\"Escrito por\" \/>\n\t<meta name=\"twitter:data1\" content=\"vydence\" \/>\n\t<meta name=\"twitter:label2\" content=\"Est. tempo de leitura\" \/>\n\t<meta name=\"twitter:data2\" content=\"5 minutos\" \/>\n<script type=\"application\/ld+json\" class=\"yoast-schema-graph\">{\"@context\":\"https:\\\/\\\/schema.org\",\"@graph\":[{\"@type\":\"Article\",\"@id\":\"https:\\\/\\\/www.vydence.com\\\/pt-br\\\/alopecia-saiba-como-tratar\\\/#article\",\"isPartOf\":{\"@id\":\"https:\\\/\\\/www.vydence.com\\\/pt-br\\\/alopecia-saiba-como-tratar\\\/\"},\"author\":{\"name\":\"vydence\",\"@id\":\"https:\\\/\\\/www.vydence.com\\\/pt-br\\\/#\\\/schema\\\/person\\\/94b44f64f52fccfe2d69d0aa1f65e3d9\"},\"headline\":\"Alopecia: saiba como tratar a perda anormal de cabelos e pelos\",\"datePublished\":\"2022-05-12T16:26:42+00:00\",\"dateModified\":\"2025-01-28T03:55:45+00:00\",\"mainEntityOfPage\":{\"@id\":\"https:\\\/\\\/www.vydence.com\\\/pt-br\\\/alopecia-saiba-como-tratar\\\/\"},\"wordCount\":912,\"publisher\":{\"@id\":\"https:\\\/\\\/www.vydence.com\\\/pt-br\\\/#organization\"},\"image\":{\"@id\":\"https:\\\/\\\/www.vydence.com\\\/pt-br\\\/alopecia-saiba-como-tratar\\\/#primaryimage\"},\"thumbnailUrl\":\"https:\\\/\\\/www.vydence.com\\\/wp-content\\\/uploads\\\/2025\\\/01\\\/shutterstock_2511064291.webp\",\"keywords\":[\"Alopecia\",\"Doen\u00e7as de pele\"],\"articleSection\":[\"Geral\"],\"inLanguage\":\"pt-BR\"},{\"@type\":\"WebPage\",\"@id\":\"https:\\\/\\\/www.vydence.com\\\/pt-br\\\/alopecia-saiba-como-tratar\\\/\",\"url\":\"https:\\\/\\\/www.vydence.com\\\/pt-br\\\/alopecia-saiba-como-tratar\\\/\",\"name\":\"Alopecia: saiba como tratar a perda anormal de cabelos e pelos - VYDENCE\",\"isPartOf\":{\"@id\":\"https:\\\/\\\/www.vydence.com\\\/pt-br\\\/#website\"},\"primaryImageOfPage\":{\"@id\":\"https:\\\/\\\/www.vydence.com\\\/pt-br\\\/alopecia-saiba-como-tratar\\\/#primaryimage\"},\"image\":{\"@id\":\"https:\\\/\\\/www.vydence.com\\\/pt-br\\\/alopecia-saiba-como-tratar\\\/#primaryimage\"},\"thumbnailUrl\":\"https:\\\/\\\/www.vydence.com\\\/wp-content\\\/uploads\\\/2025\\\/01\\\/shutterstock_2511064291.webp\",\"datePublished\":\"2022-05-12T16:26:42+00:00\",\"dateModified\":\"2025-01-28T03:55:45+00:00\",\"breadcrumb\":{\"@id\":\"https:\\\/\\\/www.vydence.com\\\/pt-br\\\/alopecia-saiba-como-tratar\\\/#breadcrumb\"},\"inLanguage\":\"pt-BR\",\"potentialAction\":[{\"@type\":\"ReadAction\",\"target\":[\"https:\\\/\\\/www.vydence.com\\\/pt-br\\\/alopecia-saiba-como-tratar\\\/\"]}]},{\"@type\":\"ImageObject\",\"inLanguage\":\"pt-BR\",\"@id\":\"https:\\\/\\\/www.vydence.com\\\/pt-br\\\/alopecia-saiba-como-tratar\\\/#primaryimage\",\"url\":\"https:\\\/\\\/www.vydence.com\\\/wp-content\\\/uploads\\\/2025\\\/01\\\/shutterstock_2511064291.webp\",\"contentUrl\":\"https:\\\/\\\/www.vydence.com\\\/wp-content\\\/uploads\\\/2025\\\/01\\\/shutterstock_2511064291.webp\",\"width\":716,\"height\":615},{\"@type\":\"BreadcrumbList\",\"@id\":\"https:\\\/\\\/www.vydence.com\\\/pt-br\\\/alopecia-saiba-como-tratar\\\/#breadcrumb\",\"itemListElement\":[{\"@type\":\"ListItem\",\"position\":1,\"name\":\"In\u00edcio\",\"item\":\"https:\\\/\\\/www.vydence.com\\\/pt-br\\\/\"},{\"@type\":\"ListItem\",\"position\":2,\"name\":\"Alopecia: saiba como tratar a perda anormal de cabelos e pelos\"}]},{\"@type\":\"WebSite\",\"@id\":\"https:\\\/\\\/www.vydence.com\\\/pt-br\\\/#website\",\"url\":\"https:\\\/\\\/www.vydence.com\\\/pt-br\\\/\",\"name\":\"VYDENCE\",\"description\":\"\",\"publisher\":{\"@id\":\"https:\\\/\\\/www.vydence.com\\\/pt-br\\\/#organization\"},\"potentialAction\":[{\"@type\":\"SearchAction\",\"target\":{\"@type\":\"EntryPoint\",\"urlTemplate\":\"https:\\\/\\\/www.vydence.com\\\/pt-br\\\/?s={search_term_string}\"},\"query-input\":{\"@type\":\"PropertyValueSpecification\",\"valueRequired\":true,\"valueName\":\"search_term_string\"}}],\"inLanguage\":\"pt-BR\"},{\"@type\":\"Organization\",\"@id\":\"https:\\\/\\\/www.vydence.com\\\/pt-br\\\/#organization\",\"name\":\"VYDENCE\",\"url\":\"https:\\\/\\\/www.vydence.com\\\/pt-br\\\/\",\"logo\":{\"@type\":\"ImageObject\",\"inLanguage\":\"pt-BR\",\"@id\":\"https:\\\/\\\/www.vydence.com\\\/pt-br\\\/#\\\/schema\\\/logo\\\/image\\\/\",\"url\":\"https:\\\/\\\/www.vydence.com\\\/wp-content\\\/uploads\\\/2024\\\/11\\\/Logo.svg\",\"contentUrl\":\"https:\\\/\\\/www.vydence.com\\\/wp-content\\\/uploads\\\/2024\\\/11\\\/Logo.svg\",\"width\":149,\"height\":40,\"caption\":\"VYDENCE\"},\"image\":{\"@id\":\"https:\\\/\\\/www.vydence.com\\\/pt-br\\\/#\\\/schema\\\/logo\\\/image\\\/\"},\"sameAs\":[\"https:\\\/\\\/www.facebook.com\\\/VYDENCE\"]},{\"@type\":\"Person\",\"@id\":\"https:\\\/\\\/www.vydence.com\\\/pt-br\\\/#\\\/schema\\\/person\\\/94b44f64f52fccfe2d69d0aa1f65e3d9\",\"name\":\"vydence\",\"image\":{\"@type\":\"ImageObject\",\"inLanguage\":\"pt-BR\",\"@id\":\"https:\\\/\\\/secure.gravatar.com\\\/avatar\\\/?s=96&d=mm&r=g\",\"url\":\"https:\\\/\\\/secure.gravatar.com\\\/avatar\\\/?s=96&d=mm&r=g\",\"contentUrl\":\"https:\\\/\\\/secure.gravatar.com\\\/avatar\\\/?s=96&d=mm&r=g\",\"caption\":\"vydence\"},\"url\":\"https:\\\/\\\/www.vydence.com\\\/pt-br\\\/author\\\/vydence\\\/\"}]}<\/script>\n<!-- \/ Yoast SEO Premium plugin. -->","yoast_head_json":{"title":"Alopecia: saiba como tratar a perda anormal de cabelos e pelos - VYDENCE","robots":{"index":"index","follow":"follow","max-snippet":"max-snippet:-1","max-image-preview":"max-image-preview:large","max-video-preview":"max-video-preview:-1"},"canonical":"https:\/\/www.vydence.com\/pt-br\/alopecia-saiba-como-tratar\/","og_locale":"pt_BR","og_type":"article","og_title":"Alopecia: saiba como tratar a perda anormal de cabelos e pelos","og_description":"A edi\u00e7\u00e3o 2022 do Oscar ser\u00e1 lembrada como a volta da cerim\u00f4nia 100% presencial, ap\u00f3s o necess\u00e1rio distanciamento provocado pela COVID-19. Mas, n\u00e3o apenas por isso. Neste ano, tamb\u00e9m ganhou destaque a pol\u00eamica entre os atores Will Smith e Chris Rock. Na ocasi\u00e3o, o comediante fez piada com Jada Pinkett Smith, referindo-se \u00e0s consequ\u00eancias da [&hellip;]","og_url":"https:\/\/www.vydence.com\/pt-br\/alopecia-saiba-como-tratar\/","og_site_name":"VYDENCE","article_publisher":"https:\/\/www.facebook.com\/VYDENCE","article_published_time":"2022-05-12T16:26:42+00:00","article_modified_time":"2025-01-28T03:55:45+00:00","og_image":[{"width":716,"height":615,"url":"https:\/\/www.vydence.com\/wp-content\/uploads\/2025\/01\/shutterstock_2511064291.webp","type":"image\/webp"}],"author":"vydence","twitter_card":"summary_large_image","twitter_misc":{"Escrito por":"vydence","Est. tempo de leitura":"5 minutos"},"schema":{"@context":"https:\/\/schema.org","@graph":[{"@type":"Article","@id":"https:\/\/www.vydence.com\/pt-br\/alopecia-saiba-como-tratar\/#article","isPartOf":{"@id":"https:\/\/www.vydence.com\/pt-br\/alopecia-saiba-como-tratar\/"},"author":{"name":"vydence","@id":"https:\/\/www.vydence.com\/pt-br\/#\/schema\/person\/94b44f64f52fccfe2d69d0aa1f65e3d9"},"headline":"Alopecia: saiba como tratar a perda anormal de cabelos e pelos","datePublished":"2022-05-12T16:26:42+00:00","dateModified":"2025-01-28T03:55:45+00:00","mainEntityOfPage":{"@id":"https:\/\/www.vydence.com\/pt-br\/alopecia-saiba-como-tratar\/"},"wordCount":912,"publisher":{"@id":"https:\/\/www.vydence.com\/pt-br\/#organization"},"image":{"@id":"https:\/\/www.vydence.com\/pt-br\/alopecia-saiba-como-tratar\/#primaryimage"},"thumbnailUrl":"https:\/\/www.vydence.com\/wp-content\/uploads\/2025\/01\/shutterstock_2511064291.webp","keywords":["Alopecia","Doen\u00e7as de pele"],"articleSection":["Geral"],"inLanguage":"pt-BR"},{"@type":"WebPage","@id":"https:\/\/www.vydence.com\/pt-br\/alopecia-saiba-como-tratar\/","url":"https:\/\/www.vydence.com\/pt-br\/alopecia-saiba-como-tratar\/","name":"Alopecia: saiba como tratar a perda anormal de cabelos e pelos - VYDENCE","isPartOf":{"@id":"https:\/\/www.vydence.com\/pt-br\/#website"},"primaryImageOfPage":{"@id":"https:\/\/www.vydence.com\/pt-br\/alopecia-saiba-como-tratar\/#primaryimage"},"image":{"@id":"https:\/\/www.vydence.com\/pt-br\/alopecia-saiba-como-tratar\/#primaryimage"},"thumbnailUrl":"https:\/\/www.vydence.com\/wp-content\/uploads\/2025\/01\/shutterstock_2511064291.webp","datePublished":"2022-05-12T16:26:42+00:00","dateModified":"2025-01-28T03:55:45+00:00","breadcrumb":{"@id":"https:\/\/www.vydence.com\/pt-br\/alopecia-saiba-como-tratar\/#breadcrumb"},"inLanguage":"pt-BR","potentialAction":[{"@type":"ReadAction","target":["https:\/\/www.vydence.com\/pt-br\/alopecia-saiba-como-tratar\/"]}]},{"@type":"ImageObject","inLanguage":"pt-BR","@id":"https:\/\/www.vydence.com\/pt-br\/alopecia-saiba-como-tratar\/#primaryimage","url":"https:\/\/www.vydence.com\/wp-content\/uploads\/2025\/01\/shutterstock_2511064291.webp","contentUrl":"https:\/\/www.vydence.com\/wp-content\/uploads\/2025\/01\/shutterstock_2511064291.webp","width":716,"height":615},{"@type":"BreadcrumbList","@id":"https:\/\/www.vydence.com\/pt-br\/alopecia-saiba-como-tratar\/#breadcrumb","itemListElement":[{"@type":"ListItem","position":1,"name":"In\u00edcio","item":"https:\/\/www.vydence.com\/pt-br\/"},{"@type":"ListItem","position":2,"name":"Alopecia: saiba como tratar a perda anormal de cabelos e pelos"}]},{"@type":"WebSite","@id":"https:\/\/www.vydence.com\/pt-br\/#website","url":"https:\/\/www.vydence.com\/pt-br\/","name":"VYDENCE","description":"","publisher":{"@id":"https:\/\/www.vydence.com\/pt-br\/#organization"},"potentialAction":[{"@type":"SearchAction","target":{"@type":"EntryPoint","urlTemplate":"https:\/\/www.vydence.com\/pt-br\/?s={search_term_string}"},"query-input":{"@type":"PropertyValueSpecification","valueRequired":true,"valueName":"search_term_string"}}],"inLanguage":"pt-BR"},{"@type":"Organization","@id":"https:\/\/www.vydence.com\/pt-br\/#organization","name":"VYDENCE","url":"https:\/\/www.vydence.com\/pt-br\/","logo":{"@type":"ImageObject","inLanguage":"pt-BR","@id":"https:\/\/www.vydence.com\/pt-br\/#\/schema\/logo\/image\/","url":"https:\/\/www.vydence.com\/wp-content\/uploads\/2024\/11\/Logo.svg","contentUrl":"https:\/\/www.vydence.com\/wp-content\/uploads\/2024\/11\/Logo.svg","width":149,"height":40,"caption":"VYDENCE"},"image":{"@id":"https:\/\/www.vydence.com\/pt-br\/#\/schema\/logo\/image\/"},"sameAs":["https:\/\/www.facebook.com\/VYDENCE"]},{"@type":"Person","@id":"https:\/\/www.vydence.com\/pt-br\/#\/schema\/person\/94b44f64f52fccfe2d69d0aa1f65e3d9","name":"vydence","image":{"@type":"ImageObject","inLanguage":"pt-BR","@id":"https:\/\/secure.gravatar.com\/avatar\/?s=96&d=mm&r=g","url":"https:\/\/secure.gravatar.com\/avatar\/?s=96&d=mm&r=g","contentUrl":"https:\/\/secure.gravatar.com\/avatar\/?s=96&d=mm&r=g","caption":"vydence"},"url":"https:\/\/www.vydence.com\/pt-br\/author\/vydence\/"}]}},"_links":{"self":[{"href":"https:\/\/www.vydence.com\/pt-br\/wp-json\/wp\/v2\/posts\/18467","targetHints":{"allow":["GET"]}}],"collection":[{"href":"https:\/\/www.vydence.com\/pt-br\/wp-json\/wp\/v2\/posts"}],"about":[{"href":"https:\/\/www.vydence.com\/pt-br\/wp-json\/wp\/v2\/types\/post"}],"author":[{"embeddable":true,"href":"https:\/\/www.vydence.com\/pt-br\/wp-json\/wp\/v2\/users\/3"}],"replies":[{"embeddable":true,"href":"https:\/\/www.vydence.com\/pt-br\/wp-json\/wp\/v2\/comments?post=18467"}],"version-history":[{"count":1,"href":"https:\/\/www.vydence.com\/pt-br\/wp-json\/wp\/v2\/posts\/18467\/revisions"}],"predecessor-version":[{"id":19639,"href":"https:\/\/www.vydence.com\/pt-br\/wp-json\/wp\/v2\/posts\/18467\/revisions\/19639"}],"wp:featuredmedia":[{"embeddable":true,"href":"https:\/\/www.vydence.com\/pt-br\/wp-json\/wp\/v2\/media\/19556"}],"wp:attachment":[{"href":"https:\/\/www.vydence.com\/pt-br\/wp-json\/wp\/v2\/media?parent=18467"}],"wp:term":[{"taxonomy":"category","embeddable":true,"href":"https:\/\/www.vydence.com\/pt-br\/wp-json\/wp\/v2\/categories?post=18467"},{"taxonomy":"post_tag","embeddable":true,"href":"https:\/\/www.vydence.com\/pt-br\/wp-json\/wp\/v2\/tags?post=18467"}],"curies":[{"name":"wp","href":"https:\/\/api.w.org\/{rel}","templated":true}]}}