{"id":18465,"date":"2022-05-10T14:01:30","date_gmt":"2022-05-10T17:01:30","guid":{"rendered":"https:\/\/www.vydence.com\/?p=18465"},"modified":"2022-05-10T14:01:30","modified_gmt":"2022-05-10T17:01:30","slug":"confira-o-relato-de-caso-de-remocao-de-tatuagem","status":"publish","type":"post","link":"https:\/\/www.vydence.com\/pt-br\/confira-o-relato-de-caso-de-remocao-de-tatuagem\/","title":{"rendered":"Confira o relato de caso de remo\u00e7\u00e3o de tatuagem"},"content":{"rendered":"\n<p>Acaba de sair mais um <a href=\"https:\/\/laser.vydence.com\/my-practice-marina-maldaner\">MyPractice<\/a>. <\/p>\n\n\n\n<p>\u00c9 comum o uso de uma tatuagem para \u201cesconder\u201d cicatrizes, por\u00e9m, essa pratica nem sempre causa um resultado est\u00e9tico desej\u00e1vel. No caso descrito a paciente trouxe a insatisfa\u00e7\u00e3o e pediu a remo\u00e7\u00e3o da tatuagem feita sobre a cicatriz.<\/p>\n\n\n\n<p>Ent\u00e3o confira o que a dermatologista Dra. Marina Maldaner\u00a0<a href=\"https:\/\/www.instagram.com\/dramarinamaldaner\/\">@dramarinamaldaner<\/a>\u00a0compartilhou no relato, o tratamento de remo\u00e7\u00e3o de tatuagem, utilizando a plataforma ETHEREA-MX\u00ae com os handpieces ACROMA-QS\u00ae e DualMode\u00ae.<\/p>\n\n\n\n<figure class=\"wp-block-image size-full\"><img loading=\"lazy\" decoding=\"async\" width=\"1000\" height=\"642\" src=\"https:\/\/www.vydence.com\/wp-content\/uploads\/2022\/05\/Dr.-Marina-Maldaner-Tratamento-PT.jpg\" alt=\"\" class=\"wp-image-18462\" srcset=\"https:\/\/www.vydence.com\/wp-content\/uploads\/2022\/05\/Dr.-Marina-Maldaner-Tratamento-PT.jpg 1000w, https:\/\/www.vydence.com\/wp-content\/uploads\/2022\/05\/Dr.-Marina-Maldaner-Tratamento-PT-980x629.jpg 980w, https:\/\/www.vydence.com\/wp-content\/uploads\/2022\/05\/Dr.-Marina-Maldaner-Tratamento-PT-480x308.jpg 480w\" sizes=\"(min-width: 0px) and (max-width: 480px) 480px, (min-width: 481px) and (max-width: 980px) 980px, (min-width: 981px) 1000px, 100vw\" \/><\/figure>\n\n\n\n<p id=\"block-6c549277-c026-448b-bb03-b8892ab05aa6\"><br><br><a href=\"https:\/\/laser.vydence.com\/my-practice-marina-maldaner\">Acesse AQU<\/a>I e leia relato completo, com a descri\u00e7\u00e3o em detalhes e os par\u00e2metros usados ao longo do tratamento. Veja tamb\u00e9m no site do <a href=\"https:\/\/laser.vydence.com\/mypractice\">My Practice mais de 40 diferentes casos<\/a> com resultados de qualidade, todos feitos com as tecnologias VYDENCE\u00ae Medical.<\/p>\n\n\n\n<p id=\"block-295b3a53-24a0-4dc9-ba0f-4bb7da2a0175\">Compartilhe este conte\u00fado. E se precisar, \u00e9 s\u00f3 <a href=\"https:\/\/www.instagram.com\/vydence\/\">entrar em contato conosco<\/a>.<\/p>\n","protected":false},"excerpt":{"rendered":"<p>Acaba de sair mais um MyPractice. \u00c9 comum o uso de uma tatuagem para \u201cesconder\u201d cicatrizes, por\u00e9m, essa pratica nem sempre causa um resultado est\u00e9tico desej\u00e1vel. No caso descrito a paciente trouxe a insatisfa\u00e7\u00e3o e pediu a remo\u00e7\u00e3o da tatuagem feita sobre a cicatriz. Ent\u00e3o confira o que a dermatologista Dra. Marina Maldaner\u00a0@dramarinamaldaner\u00a0compartilhou no relato, [&hellip;]<\/p>\n","protected":false},"author":3,"featured_media":19199,"comment_status":"closed","ping_status":"closed","sticky":true,"template":"","format":"standard","meta":{"_et_pb_use_builder":"off","_et_pb_old_content":"","_et_gb_content_width":"","inline_featured_image":false,"footnotes":""},"categories":[46],"tags":[76,77,78,79,80,81],"class_list":["post-18465","post","type-post","status-publish","format-standard","has-post-thumbnail","hentry","category-geral","tag-acroma-qs","tag-dualmode","tag-etherea-mx","tag-my-practice","tag-relato-de-caso","tag-tatuagem"],"yoast_head":"<!-- This site is optimized with the Yoast SEO Premium plugin v27.1 (Yoast SEO v27.4) - https:\/\/yoast.com\/product\/yoast-seo-premium-wordpress\/ -->\n<title>Confira o relato de caso de remo\u00e7\u00e3o de tatuagem - VYDENCE<\/title>\n<meta name=\"robots\" content=\"index, follow, max-snippet:-1, max-image-preview:large, max-video-preview:-1\" \/>\n<link rel=\"canonical\" href=\"https:\/\/www.vydence.com\/pt-br\/confira-o-relato-de-caso-de-remocao-de-tatuagem\/\" \/>\n<meta property=\"og:locale\" content=\"pt_BR\" \/>\n<meta property=\"og:type\" content=\"article\" \/>\n<meta property=\"og:title\" content=\"Confira o relato de caso de remo\u00e7\u00e3o de tatuagem\" \/>\n<meta property=\"og:description\" content=\"Acaba de sair mais um MyPractice. \u00c9 comum o uso de uma tatuagem para \u201cesconder\u201d cicatrizes, por\u00e9m, essa pratica nem sempre causa um resultado est\u00e9tico desej\u00e1vel. No caso descrito a paciente trouxe a insatisfa\u00e7\u00e3o e pediu a remo\u00e7\u00e3o da tatuagem feita sobre a cicatriz. Ent\u00e3o confira o que a dermatologista Dra. Marina Maldaner\u00a0@dramarinamaldaner\u00a0compartilhou no relato, [&hellip;]\" \/>\n<meta property=\"og:url\" content=\"https:\/\/www.vydence.com\/pt-br\/confira-o-relato-de-caso-de-remocao-de-tatuagem\/\" \/>\n<meta property=\"og:site_name\" content=\"VYDENCE\" \/>\n<meta property=\"article:publisher\" content=\"https:\/\/www.facebook.com\/VYDENCE\" \/>\n<meta property=\"article:published_time\" content=\"2022-05-10T17:01:30+00:00\" \/>\n<meta property=\"og:image\" content=\"https:\/\/www.vydence.com\/wp-content\/uploads\/2022\/05\/Dr.-Marina-Maldaner-Cabecalho-PT-1.jpg\" \/>\n\t<meta property=\"og:image:width\" content=\"1000\" \/>\n\t<meta property=\"og:image:height\" content=\"1000\" \/>\n\t<meta property=\"og:image:type\" content=\"image\/jpeg\" \/>\n<meta name=\"author\" content=\"vydence\" \/>\n<meta name=\"twitter:card\" content=\"summary_large_image\" \/>\n<meta name=\"twitter:label1\" content=\"Escrito por\" \/>\n\t<meta name=\"twitter:data1\" content=\"vydence\" \/>\n\t<meta name=\"twitter:label2\" content=\"Est. tempo de leitura\" \/>\n\t<meta name=\"twitter:data2\" content=\"1 minuto\" \/>\n<script type=\"application\/ld+json\" class=\"yoast-schema-graph\">{\"@context\":\"https:\\\/\\\/schema.org\",\"@graph\":[{\"@type\":\"Article\",\"@id\":\"https:\\\/\\\/www.vydence.com\\\/pt-br\\\/confira-o-relato-de-caso-de-remocao-de-tatuagem\\\/#article\",\"isPartOf\":{\"@id\":\"https:\\\/\\\/www.vydence.com\\\/pt-br\\\/confira-o-relato-de-caso-de-remocao-de-tatuagem\\\/\"},\"author\":{\"name\":\"vydence\",\"@id\":\"https:\\\/\\\/www.vydence.com\\\/pt-br\\\/#\\\/schema\\\/person\\\/94b44f64f52fccfe2d69d0aa1f65e3d9\"},\"headline\":\"Confira o relato de caso de remo\u00e7\u00e3o de tatuagem\",\"datePublished\":\"2022-05-10T17:01:30+00:00\",\"mainEntityOfPage\":{\"@id\":\"https:\\\/\\\/www.vydence.com\\\/pt-br\\\/confira-o-relato-de-caso-de-remocao-de-tatuagem\\\/\"},\"wordCount\":145,\"publisher\":{\"@id\":\"https:\\\/\\\/www.vydence.com\\\/pt-br\\\/#organization\"},\"image\":{\"@id\":\"https:\\\/\\\/www.vydence.com\\\/pt-br\\\/confira-o-relato-de-caso-de-remocao-de-tatuagem\\\/#primaryimage\"},\"thumbnailUrl\":\"https:\\\/\\\/www.vydence.com\\\/wp-content\\\/uploads\\\/2022\\\/05\\\/Dr.-Marina-Maldaner-Cabecalho-PT-1.jpg\",\"keywords\":[\"ACROMA-QS\",\"DualMode\",\"ETHEREA-MX\",\"My practice\",\"Relato de caso\",\"Tatuagem\"],\"articleSection\":[\"Geral\"],\"inLanguage\":\"pt-BR\"},{\"@type\":\"WebPage\",\"@id\":\"https:\\\/\\\/www.vydence.com\\\/pt-br\\\/confira-o-relato-de-caso-de-remocao-de-tatuagem\\\/\",\"url\":\"https:\\\/\\\/www.vydence.com\\\/pt-br\\\/confira-o-relato-de-caso-de-remocao-de-tatuagem\\\/\",\"name\":\"Confira o relato de caso de remo\u00e7\u00e3o de tatuagem - VYDENCE\",\"isPartOf\":{\"@id\":\"https:\\\/\\\/www.vydence.com\\\/pt-br\\\/#website\"},\"primaryImageOfPage\":{\"@id\":\"https:\\\/\\\/www.vydence.com\\\/pt-br\\\/confira-o-relato-de-caso-de-remocao-de-tatuagem\\\/#primaryimage\"},\"image\":{\"@id\":\"https:\\\/\\\/www.vydence.com\\\/pt-br\\\/confira-o-relato-de-caso-de-remocao-de-tatuagem\\\/#primaryimage\"},\"thumbnailUrl\":\"https:\\\/\\\/www.vydence.com\\\/wp-content\\\/uploads\\\/2022\\\/05\\\/Dr.-Marina-Maldaner-Cabecalho-PT-1.jpg\",\"datePublished\":\"2022-05-10T17:01:30+00:00\",\"breadcrumb\":{\"@id\":\"https:\\\/\\\/www.vydence.com\\\/pt-br\\\/confira-o-relato-de-caso-de-remocao-de-tatuagem\\\/#breadcrumb\"},\"inLanguage\":\"pt-BR\",\"potentialAction\":[{\"@type\":\"ReadAction\",\"target\":[\"https:\\\/\\\/www.vydence.com\\\/pt-br\\\/confira-o-relato-de-caso-de-remocao-de-tatuagem\\\/\"]}]},{\"@type\":\"ImageObject\",\"inLanguage\":\"pt-BR\",\"@id\":\"https:\\\/\\\/www.vydence.com\\\/pt-br\\\/confira-o-relato-de-caso-de-remocao-de-tatuagem\\\/#primaryimage\",\"url\":\"https:\\\/\\\/www.vydence.com\\\/wp-content\\\/uploads\\\/2022\\\/05\\\/Dr.-Marina-Maldaner-Cabecalho-PT-1.jpg\",\"contentUrl\":\"https:\\\/\\\/www.vydence.com\\\/wp-content\\\/uploads\\\/2022\\\/05\\\/Dr.-Marina-Maldaner-Cabecalho-PT-1.jpg\",\"width\":1000,\"height\":1000},{\"@type\":\"BreadcrumbList\",\"@id\":\"https:\\\/\\\/www.vydence.com\\\/pt-br\\\/confira-o-relato-de-caso-de-remocao-de-tatuagem\\\/#breadcrumb\",\"itemListElement\":[{\"@type\":\"ListItem\",\"position\":1,\"name\":\"In\u00edcio\",\"item\":\"https:\\\/\\\/www.vydence.com\\\/pt-br\\\/\"},{\"@type\":\"ListItem\",\"position\":2,\"name\":\"Confira o relato de caso de remo\u00e7\u00e3o de tatuagem\"}]},{\"@type\":\"WebSite\",\"@id\":\"https:\\\/\\\/www.vydence.com\\\/pt-br\\\/#website\",\"url\":\"https:\\\/\\\/www.vydence.com\\\/pt-br\\\/\",\"name\":\"VYDENCE\",\"description\":\"\",\"publisher\":{\"@id\":\"https:\\\/\\\/www.vydence.com\\\/pt-br\\\/#organization\"},\"potentialAction\":[{\"@type\":\"SearchAction\",\"target\":{\"@type\":\"EntryPoint\",\"urlTemplate\":\"https:\\\/\\\/www.vydence.com\\\/pt-br\\\/?s={search_term_string}\"},\"query-input\":{\"@type\":\"PropertyValueSpecification\",\"valueRequired\":true,\"valueName\":\"search_term_string\"}}],\"inLanguage\":\"pt-BR\"},{\"@type\":\"Organization\",\"@id\":\"https:\\\/\\\/www.vydence.com\\\/pt-br\\\/#organization\",\"name\":\"VYDENCE\",\"url\":\"https:\\\/\\\/www.vydence.com\\\/pt-br\\\/\",\"logo\":{\"@type\":\"ImageObject\",\"inLanguage\":\"pt-BR\",\"@id\":\"https:\\\/\\\/www.vydence.com\\\/pt-br\\\/#\\\/schema\\\/logo\\\/image\\\/\",\"url\":\"https:\\\/\\\/www.vydence.com\\\/wp-content\\\/uploads\\\/2024\\\/11\\\/Logo.svg\",\"contentUrl\":\"https:\\\/\\\/www.vydence.com\\\/wp-content\\\/uploads\\\/2024\\\/11\\\/Logo.svg\",\"width\":149,\"height\":40,\"caption\":\"VYDENCE\"},\"image\":{\"@id\":\"https:\\\/\\\/www.vydence.com\\\/pt-br\\\/#\\\/schema\\\/logo\\\/image\\\/\"},\"sameAs\":[\"https:\\\/\\\/www.facebook.com\\\/VYDENCE\"]},{\"@type\":\"Person\",\"@id\":\"https:\\\/\\\/www.vydence.com\\\/pt-br\\\/#\\\/schema\\\/person\\\/94b44f64f52fccfe2d69d0aa1f65e3d9\",\"name\":\"vydence\",\"image\":{\"@type\":\"ImageObject\",\"inLanguage\":\"pt-BR\",\"@id\":\"https:\\\/\\\/secure.gravatar.com\\\/avatar\\\/?s=96&d=mm&r=g\",\"url\":\"https:\\\/\\\/secure.gravatar.com\\\/avatar\\\/?s=96&d=mm&r=g\",\"contentUrl\":\"https:\\\/\\\/secure.gravatar.com\\\/avatar\\\/?s=96&d=mm&r=g\",\"caption\":\"vydence\"},\"url\":\"https:\\\/\\\/www.vydence.com\\\/pt-br\\\/author\\\/vydence\\\/\"}]}<\/script>\n<!-- \/ Yoast SEO Premium plugin. -->","yoast_head_json":{"title":"Confira o relato de caso de remo\u00e7\u00e3o de tatuagem - VYDENCE","robots":{"index":"index","follow":"follow","max-snippet":"max-snippet:-1","max-image-preview":"max-image-preview:large","max-video-preview":"max-video-preview:-1"},"canonical":"https:\/\/www.vydence.com\/pt-br\/confira-o-relato-de-caso-de-remocao-de-tatuagem\/","og_locale":"pt_BR","og_type":"article","og_title":"Confira o relato de caso de remo\u00e7\u00e3o de tatuagem","og_description":"Acaba de sair mais um MyPractice. \u00c9 comum o uso de uma tatuagem para \u201cesconder\u201d cicatrizes, por\u00e9m, essa pratica nem sempre causa um resultado est\u00e9tico desej\u00e1vel. No caso descrito a paciente trouxe a insatisfa\u00e7\u00e3o e pediu a remo\u00e7\u00e3o da tatuagem feita sobre a cicatriz. Ent\u00e3o confira o que a dermatologista Dra. Marina Maldaner\u00a0@dramarinamaldaner\u00a0compartilhou no relato, [&hellip;]","og_url":"https:\/\/www.vydence.com\/pt-br\/confira-o-relato-de-caso-de-remocao-de-tatuagem\/","og_site_name":"VYDENCE","article_publisher":"https:\/\/www.facebook.com\/VYDENCE","article_published_time":"2022-05-10T17:01:30+00:00","og_image":[{"url":"https:\/\/www.vydence.com\/wp-content\/uploads\/2022\/05\/Dr.-Marina-Maldaner-Cabecalho-PT-1.jpg","width":1000,"height":1000,"type":"image\/jpeg"}],"author":"vydence","twitter_card":"summary_large_image","twitter_misc":{"Escrito por":"vydence","Est. tempo de leitura":"1 minuto"},"schema":{"@context":"https:\/\/schema.org","@graph":[{"@type":"Article","@id":"https:\/\/www.vydence.com\/pt-br\/confira-o-relato-de-caso-de-remocao-de-tatuagem\/#article","isPartOf":{"@id":"https:\/\/www.vydence.com\/pt-br\/confira-o-relato-de-caso-de-remocao-de-tatuagem\/"},"author":{"name":"vydence","@id":"https:\/\/www.vydence.com\/pt-br\/#\/schema\/person\/94b44f64f52fccfe2d69d0aa1f65e3d9"},"headline":"Confira o relato de caso de remo\u00e7\u00e3o de tatuagem","datePublished":"2022-05-10T17:01:30+00:00","mainEntityOfPage":{"@id":"https:\/\/www.vydence.com\/pt-br\/confira-o-relato-de-caso-de-remocao-de-tatuagem\/"},"wordCount":145,"publisher":{"@id":"https:\/\/www.vydence.com\/pt-br\/#organization"},"image":{"@id":"https:\/\/www.vydence.com\/pt-br\/confira-o-relato-de-caso-de-remocao-de-tatuagem\/#primaryimage"},"thumbnailUrl":"https:\/\/www.vydence.com\/wp-content\/uploads\/2022\/05\/Dr.-Marina-Maldaner-Cabecalho-PT-1.jpg","keywords":["ACROMA-QS","DualMode","ETHEREA-MX","My practice","Relato de caso","Tatuagem"],"articleSection":["Geral"],"inLanguage":"pt-BR"},{"@type":"WebPage","@id":"https:\/\/www.vydence.com\/pt-br\/confira-o-relato-de-caso-de-remocao-de-tatuagem\/","url":"https:\/\/www.vydence.com\/pt-br\/confira-o-relato-de-caso-de-remocao-de-tatuagem\/","name":"Confira o relato de caso de remo\u00e7\u00e3o de tatuagem - VYDENCE","isPartOf":{"@id":"https:\/\/www.vydence.com\/pt-br\/#website"},"primaryImageOfPage":{"@id":"https:\/\/www.vydence.com\/pt-br\/confira-o-relato-de-caso-de-remocao-de-tatuagem\/#primaryimage"},"image":{"@id":"https:\/\/www.vydence.com\/pt-br\/confira-o-relato-de-caso-de-remocao-de-tatuagem\/#primaryimage"},"thumbnailUrl":"https:\/\/www.vydence.com\/wp-content\/uploads\/2022\/05\/Dr.-Marina-Maldaner-Cabecalho-PT-1.jpg","datePublished":"2022-05-10T17:01:30+00:00","breadcrumb":{"@id":"https:\/\/www.vydence.com\/pt-br\/confira-o-relato-de-caso-de-remocao-de-tatuagem\/#breadcrumb"},"inLanguage":"pt-BR","potentialAction":[{"@type":"ReadAction","target":["https:\/\/www.vydence.com\/pt-br\/confira-o-relato-de-caso-de-remocao-de-tatuagem\/"]}]},{"@type":"ImageObject","inLanguage":"pt-BR","@id":"https:\/\/www.vydence.com\/pt-br\/confira-o-relato-de-caso-de-remocao-de-tatuagem\/#primaryimage","url":"https:\/\/www.vydence.com\/wp-content\/uploads\/2022\/05\/Dr.-Marina-Maldaner-Cabecalho-PT-1.jpg","contentUrl":"https:\/\/www.vydence.com\/wp-content\/uploads\/2022\/05\/Dr.-Marina-Maldaner-Cabecalho-PT-1.jpg","width":1000,"height":1000},{"@type":"BreadcrumbList","@id":"https:\/\/www.vydence.com\/pt-br\/confira-o-relato-de-caso-de-remocao-de-tatuagem\/#breadcrumb","itemListElement":[{"@type":"ListItem","position":1,"name":"In\u00edcio","item":"https:\/\/www.vydence.com\/pt-br\/"},{"@type":"ListItem","position":2,"name":"Confira o relato de caso de remo\u00e7\u00e3o de tatuagem"}]},{"@type":"WebSite","@id":"https:\/\/www.vydence.com\/pt-br\/#website","url":"https:\/\/www.vydence.com\/pt-br\/","name":"VYDENCE","description":"","publisher":{"@id":"https:\/\/www.vydence.com\/pt-br\/#organization"},"potentialAction":[{"@type":"SearchAction","target":{"@type":"EntryPoint","urlTemplate":"https:\/\/www.vydence.com\/pt-br\/?s={search_term_string}"},"query-input":{"@type":"PropertyValueSpecification","valueRequired":true,"valueName":"search_term_string"}}],"inLanguage":"pt-BR"},{"@type":"Organization","@id":"https:\/\/www.vydence.com\/pt-br\/#organization","name":"VYDENCE","url":"https:\/\/www.vydence.com\/pt-br\/","logo":{"@type":"ImageObject","inLanguage":"pt-BR","@id":"https:\/\/www.vydence.com\/pt-br\/#\/schema\/logo\/image\/","url":"https:\/\/www.vydence.com\/wp-content\/uploads\/2024\/11\/Logo.svg","contentUrl":"https:\/\/www.vydence.com\/wp-content\/uploads\/2024\/11\/Logo.svg","width":149,"height":40,"caption":"VYDENCE"},"image":{"@id":"https:\/\/www.vydence.com\/pt-br\/#\/schema\/logo\/image\/"},"sameAs":["https:\/\/www.facebook.com\/VYDENCE"]},{"@type":"Person","@id":"https:\/\/www.vydence.com\/pt-br\/#\/schema\/person\/94b44f64f52fccfe2d69d0aa1f65e3d9","name":"vydence","image":{"@type":"ImageObject","inLanguage":"pt-BR","@id":"https:\/\/secure.gravatar.com\/avatar\/?s=96&d=mm&r=g","url":"https:\/\/secure.gravatar.com\/avatar\/?s=96&d=mm&r=g","contentUrl":"https:\/\/secure.gravatar.com\/avatar\/?s=96&d=mm&r=g","caption":"vydence"},"url":"https:\/\/www.vydence.com\/pt-br\/author\/vydence\/"}]}},"_links":{"self":[{"href":"https:\/\/www.vydence.com\/pt-br\/wp-json\/wp\/v2\/posts\/18465","targetHints":{"allow":["GET"]}}],"collection":[{"href":"https:\/\/www.vydence.com\/pt-br\/wp-json\/wp\/v2\/posts"}],"about":[{"href":"https:\/\/www.vydence.com\/pt-br\/wp-json\/wp\/v2\/types\/post"}],"author":[{"embeddable":true,"href":"https:\/\/www.vydence.com\/pt-br\/wp-json\/wp\/v2\/users\/3"}],"replies":[{"embeddable":true,"href":"https:\/\/www.vydence.com\/pt-br\/wp-json\/wp\/v2\/comments?post=18465"}],"version-history":[{"count":0,"href":"https:\/\/www.vydence.com\/pt-br\/wp-json\/wp\/v2\/posts\/18465\/revisions"}],"wp:featuredmedia":[{"embeddable":true,"href":"https:\/\/www.vydence.com\/pt-br\/wp-json\/wp\/v2\/media\/19199"}],"wp:attachment":[{"href":"https:\/\/www.vydence.com\/pt-br\/wp-json\/wp\/v2\/media?parent=18465"}],"wp:term":[{"taxonomy":"category","embeddable":true,"href":"https:\/\/www.vydence.com\/pt-br\/wp-json\/wp\/v2\/categories?post=18465"},{"taxonomy":"post_tag","embeddable":true,"href":"https:\/\/www.vydence.com\/pt-br\/wp-json\/wp\/v2\/tags?post=18465"}],"curies":[{"name":"wp","href":"https:\/\/api.w.org\/{rel}","templated":true}]}}