{"id":18425,"date":"2022-02-18T16:11:27","date_gmt":"2022-02-18T19:11:27","guid":{"rendered":"https:\/\/www.vydence.com\/?p=18425"},"modified":"2022-02-18T16:11:27","modified_gmt":"2022-02-18T19:11:27","slug":"vydence-presenca-constante-nas-midias-sociais","status":"publish","type":"post","link":"https:\/\/www.vydence.com\/pt-br\/vydence-presenca-constante-nas-midias-sociais\/","title":{"rendered":"VYDENCE\u00ae: Presen\u00e7a constante nas m\u00eddias sociais."},"content":{"rendered":"\n<p>As redes sociais j\u00e1 fazem parte das empresas, em geral, como mais uma ferramenta de melhorias na comunica\u00e7\u00e3o com seus clientes. A VYDENCE\u00ae n\u00e3o est\u00e1 sendo diferente, nossos investimentos est\u00e3o voltados para o fortalecimento da troca com os m\u00e9dicos\/pacientes, em todas as redes que estamos presentes. Veja a seguir onde e o que encontrar de informa\u00e7\u00e3o com as plataformas idealizadas pela VYDENCE\u00ae.<\/p>\n\n\n\n<p><a href=\"https:\/\/vydencelaseracademy.com.br\/login\/?wppb_referer_url=https%3A%2F%2Fvydencelaseracademy.com.br%2F\"><strong>LASER Academy TV<\/strong><\/a><\/p>\n\n\n\n<p>Plataforma de v\u00eddeos com conte\u00fado totalmente gr\u00e1tis para aperfei\u00e7oar as pr\u00e1ticas cl\u00ednicas com as tecnologias VYDENCE\u00ae, otimizando o tempo, faturamento e a satisfa\u00e7\u00e3o dos pacientes, e conta com:<\/p>\n\n\n\n<p>-Mais de 27 webinars nacionais e internacionais sobre tratamentos ministrados por m\u00e9dicos refer\u00eancia na \u00e1rea da dermatologia e cirurgia vascular.<br>-Mais de 34 dicas de manuten\u00e7\u00e3o preventiva das plataformas ZYE\u00ae e ETHEREA-MX\u00ae.<br>-Mais de 38 v\u00eddeos sobre tratamentos, aplica\u00e7\u00e3o e depoimentos das tecnologias.<br>-Mais de 84 palestras realizadas nos Encontros dos Usu\u00e1rios ETHEREA\u00ae.<\/p>\n\n\n\n<p><a href=\"https:\/\/vydencelaseracademy.com.br\/login\/?wppb_referer_url=https%3A%2F%2Fvydencelaseracademy.com.br%2F\" target=\"_blank\" rel=\"noreferrer noopener\"><strong>Clica aqui para ver mais sobre o LASER Academy TV.<\/strong><\/a><\/p>\n\n\n\n<p><br><strong><a href=\"https:\/\/laser.vydence.com\/mypractice\">My Practice<\/a><\/strong><\/p>\n\n\n\n<p>O MyPractice \u00e9 uma iniciativa de educa\u00e7\u00e3o m\u00e9dica continuada com impacto internacional, para que os m\u00e9dicos usu\u00e1rios possam compartilhar seu conhecimento e experi\u00eancias com nossos produtos e tecnologias, de forma pr\u00e1tica e r\u00e1pida. J\u00e1 s\u00e3o mais de 45 relatos com fotos e par\u00e2metros dos tratamentos e seus satisfat\u00f3rios resultados.<\/p>\n\n\n\n<p><a href=\"https:\/\/laser.vydence.com\/mypractice\"><strong>Clica aqui para saber mais sobre o My Practice.<\/strong><\/a><\/p>\n\n\n\n<p><strong>Blogs<\/strong><\/p>\n\n\n\n<p><a href=\"https:\/\/www.vydence.com\/pt\/blog\/\"><strong>Blog VYDENCE<\/strong><\/a><a href=\"https:\/\/www.vydence.com\/pt\/blog\/\" target=\"_blank\" rel=\"noreferrer noopener\"><strong>\u00ae<\/strong><\/a> e <strong><a href=\"https:\/\/tratamentosalaser.com.br\/\">Blog Tratamentos a LASER<\/a> <\/strong>s\u00e3o duas op\u00e7\u00f5es para obter conte\u00fado rico em como entender o mundo do LASER. Aqui, nesse Blog VYDENCE\u00ae, temos informa\u00e7\u00f5es para os m\u00e9dicos que desejam rentabilizar sua cl\u00ednica com versatilidade, verificar informa\u00e7\u00f5es de qualidade e com credibilidade.<\/p>\n\n\n\n<p>O blog Tratamentos a LASER tem o objetivo de informar aos leitores os tipos de tratamentos m\u00e9dicos que podem ser feitos a LASER. &nbsp;O conte\u00fado dos artigos \u00e9 desenvolvido e aprovado por especialistas m\u00e9dicos em suas \u00e1reas.<\/p>\n\n\n\n<p><strong><a href=\"https:\/\/www.vydence.com\/pt\/blog\/\" target=\"_blank\" rel=\"noreferrer noopener\">Clica aqui para ver mais sobre o Blog VYDENCE\u00ae<\/a>.<\/strong> <\/p>\n\n\n\n<p><strong><a href=\"https:\/\/tratamentosalaser.com.br\/\" target=\"_blank\" rel=\"noreferrer noopener\">Clica aqui para saber mais sobre o Blog Tratamentos a LASER<\/a>.<\/strong><\/p>\n\n\n\n<p><strong>Instagram \/ Facebook<\/strong><\/p>\n\n\n\n<p>Plataforma conhecida do p\u00fablico em geral e tamb\u00e9m, explorada pela VYDENCE\u00ae para exibir as novidades. O conte\u00fado apresenta v\u00eddeos e imagens especificando os tratamentos, as dicas de manuten\u00e7\u00e3o e a versatilidade das nossas tecnologias. Somos no <a href=\"https:\/\/www.instagram.com\/vydence\/\" target=\"_blank\" rel=\"noreferrer noopener\"><strong>Instagram<\/strong><\/a>, em mais 11mil espectadores e no <strong><a href=\"https:\/\/www.facebook.com\/VYDENCE\">Facebook <\/a><\/strong>em mais de 10 mil, compartilhando experiencias, reposts dos m\u00e9dicos clientes, al\u00e9m de serem canais abertos para tirar d\u00favidas.<\/p>\n\n\n\n<p><strong><a href=\"https:\/\/www.linkedin.com\/company\/2086946\/admin\/\" target=\"_blank\" rel=\"noreferrer noopener\">LinkedIn<\/a><\/strong><\/p>\n\n\n\n<p>O <strong><a href=\"https:\/\/www.linkedin.com\/company\/2086946\/admin\/\" target=\"_blank\" rel=\"noreferrer noopener\">perfil VYDENCE\u00ae<\/a><\/strong> na plataforma <strong><a href=\"https:\/\/www.linkedin.com\/company\/2086946\/admin\/\" target=\"_blank\" rel=\"noreferrer noopener\">LinkedIn<\/a><\/strong> conta com conte\u00fado profissional, aqui o p\u00fablico consegue ver a atua\u00e7\u00e3o das equipes de vendas, de treinamentos e os distribuidores espalhados pelo mundo. Ficar\u00e1 informado dos eventos que a VYDENCE\u00ae apresenta, de forma f\u00edsica, suas tecnologias e novidades.<\/p>\n\n\n\n<p><strong>Conte\u00fado exclusivo<\/strong><\/p>\n\n\n\n<p>Aos clientes da VYDENCE\u00ae, tamb\u00e9m, disponibilizamos um enxoval exclusivo de comunica\u00e7\u00e3o para sua cl\u00ednica. Ao adquirir alguma das nossas tecnologias, voc\u00ea recebe o acesso aos arquivos de logomarca e imagens do produto para que voc\u00ea possa divulgar aos pacientes. Marketing 360\u00ba da VYDENCE com conte\u00fado digital (on-line) e impresso (off-line) de alta qualidade \u00e0 altura das nossas tecnologias.<\/p>\n\n\n\n<p><strong>Futuro<\/strong><\/p>\n\n\n\n<p>A nossa presen\u00e7a vai continuar constante nas redes, a nossa troca vai se intensificar pois acreditamos na comunica\u00e7\u00e3o e na tecnologia como aperfei\u00e7oamento das nossas rela\u00e7\u00f5es, afinal, ningu\u00e9m cresce sozinho.<\/p>\n\n\n\n<p>Por isso, se voc\u00ea gostou desse conte\u00fado e todos que temos nas redes, compartilhe e passe adiante o conhecimento. E se precisar, estamos aqui para tirar d\u00favidas e receber as sugest\u00f5es para melhorias, ent\u00e3o entre em contato!<\/p>\n\n\n\n<p><\/p>\n\n\n\n<p><\/p>\n\n\n\n<p><\/p>\n","protected":false},"excerpt":{"rendered":"<p>As redes sociais j\u00e1 fazem parte das empresas, em geral, como mais uma ferramenta de melhorias na comunica\u00e7\u00e3o com seus clientes. A VYDENCE\u00ae n\u00e3o est\u00e1 sendo diferente, nossos investimentos est\u00e3o voltados para o fortalecimento da troca com os m\u00e9dicos\/pacientes, em todas as redes que estamos presentes. Veja a seguir onde e o que encontrar de [&hellip;]<\/p>\n","protected":false},"author":3,"featured_media":19116,"comment_status":"open","ping_status":"open","sticky":false,"template":"","format":"standard","meta":{"_et_pb_use_builder":"off","_et_pb_old_content":"","_et_gb_content_width":"","inline_featured_image":false,"footnotes":""},"categories":[46],"tags":[51,52,53,54,55],"class_list":["post-18425","post","type-post","status-publish","format-standard","has-post-thumbnail","hentry","category-geral","tag-blogs","tag-comunicacao","tag-facebook","tag-instagram","tag-redes-sociais"],"yoast_head":"<!-- This site is optimized with the Yoast SEO Premium plugin v27.1 (Yoast SEO v27.4) - https:\/\/yoast.com\/product\/yoast-seo-premium-wordpress\/ -->\n<title>VYDENCE\u00ae: Presen\u00e7a constante nas m\u00eddias sociais. - VYDENCE<\/title>\n<meta name=\"robots\" content=\"index, follow, max-snippet:-1, max-image-preview:large, max-video-preview:-1\" \/>\n<link rel=\"canonical\" href=\"https:\/\/www.vydence.com\/pt-br\/vydence-presenca-constante-nas-midias-sociais\/\" \/>\n<meta property=\"og:locale\" content=\"pt_BR\" \/>\n<meta property=\"og:type\" content=\"article\" \/>\n<meta property=\"og:title\" content=\"VYDENCE\u00ae: Presen\u00e7a constante nas m\u00eddias sociais.\" \/>\n<meta property=\"og:description\" content=\"As redes sociais j\u00e1 fazem parte das empresas, em geral, como mais uma ferramenta de melhorias na comunica\u00e7\u00e3o com seus clientes. A VYDENCE\u00ae n\u00e3o est\u00e1 sendo diferente, nossos investimentos est\u00e3o voltados para o fortalecimento da troca com os m\u00e9dicos\/pacientes, em todas as redes que estamos presentes. Veja a seguir onde e o que encontrar de [&hellip;]\" \/>\n<meta property=\"og:url\" content=\"https:\/\/www.vydence.com\/pt-br\/vydence-presenca-constante-nas-midias-sociais\/\" \/>\n<meta property=\"og:site_name\" content=\"VYDENCE\" \/>\n<meta property=\"article:publisher\" content=\"https:\/\/www.facebook.com\/VYDENCE\" \/>\n<meta property=\"article:published_time\" content=\"2022-02-18T19:11:27+00:00\" \/>\n<meta property=\"og:image\" content=\"https:\/\/www.vydence.com\/wp-content\/uploads\/2022\/02\/Imagem-principal-blog-1-2.jpg\" \/>\n\t<meta property=\"og:image:width\" content=\"1440\" \/>\n\t<meta property=\"og:image:height\" content=\"847\" \/>\n\t<meta property=\"og:image:type\" content=\"image\/jpeg\" \/>\n<meta name=\"author\" content=\"vydence\" \/>\n<meta name=\"twitter:card\" content=\"summary_large_image\" \/>\n<meta name=\"twitter:label1\" content=\"Escrito por\" \/>\n\t<meta name=\"twitter:data1\" content=\"vydence\" \/>\n\t<meta name=\"twitter:label2\" content=\"Est. tempo de leitura\" \/>\n\t<meta name=\"twitter:data2\" content=\"4 minutos\" \/>\n<script type=\"application\/ld+json\" class=\"yoast-schema-graph\">{\"@context\":\"https:\\\/\\\/schema.org\",\"@graph\":[{\"@type\":\"Article\",\"@id\":\"https:\\\/\\\/www.vydence.com\\\/pt-br\\\/vydence-presenca-constante-nas-midias-sociais\\\/#article\",\"isPartOf\":{\"@id\":\"https:\\\/\\\/www.vydence.com\\\/pt-br\\\/vydence-presenca-constante-nas-midias-sociais\\\/\"},\"author\":{\"name\":\"vydence\",\"@id\":\"https:\\\/\\\/www.vydence.com\\\/pt-br\\\/#\\\/schema\\\/person\\\/94b44f64f52fccfe2d69d0aa1f65e3d9\"},\"headline\":\"VYDENCE\u00ae: Presen\u00e7a constante nas m\u00eddias sociais.\",\"datePublished\":\"2022-02-18T19:11:27+00:00\",\"mainEntityOfPage\":{\"@id\":\"https:\\\/\\\/www.vydence.com\\\/pt-br\\\/vydence-presenca-constante-nas-midias-sociais\\\/\"},\"wordCount\":620,\"commentCount\":0,\"publisher\":{\"@id\":\"https:\\\/\\\/www.vydence.com\\\/pt-br\\\/#organization\"},\"image\":{\"@id\":\"https:\\\/\\\/www.vydence.com\\\/pt-br\\\/vydence-presenca-constante-nas-midias-sociais\\\/#primaryimage\"},\"thumbnailUrl\":\"https:\\\/\\\/www.vydence.com\\\/wp-content\\\/uploads\\\/2022\\\/02\\\/Imagem-principal-blog-1-2.jpg\",\"keywords\":[\"Blogs\",\"Comunica\u00e7\u00e3o\",\"Facebook\",\"Instagram\",\"Redes sociais\"],\"articleSection\":[\"Geral\"],\"inLanguage\":\"pt-BR\",\"potentialAction\":[{\"@type\":\"CommentAction\",\"name\":\"Comment\",\"target\":[\"https:\\\/\\\/www.vydence.com\\\/pt-br\\\/vydence-presenca-constante-nas-midias-sociais\\\/#respond\"]}]},{\"@type\":\"WebPage\",\"@id\":\"https:\\\/\\\/www.vydence.com\\\/pt-br\\\/vydence-presenca-constante-nas-midias-sociais\\\/\",\"url\":\"https:\\\/\\\/www.vydence.com\\\/pt-br\\\/vydence-presenca-constante-nas-midias-sociais\\\/\",\"name\":\"VYDENCE\u00ae: Presen\u00e7a constante nas m\u00eddias sociais. - VYDENCE\",\"isPartOf\":{\"@id\":\"https:\\\/\\\/www.vydence.com\\\/pt-br\\\/#website\"},\"primaryImageOfPage\":{\"@id\":\"https:\\\/\\\/www.vydence.com\\\/pt-br\\\/vydence-presenca-constante-nas-midias-sociais\\\/#primaryimage\"},\"image\":{\"@id\":\"https:\\\/\\\/www.vydence.com\\\/pt-br\\\/vydence-presenca-constante-nas-midias-sociais\\\/#primaryimage\"},\"thumbnailUrl\":\"https:\\\/\\\/www.vydence.com\\\/wp-content\\\/uploads\\\/2022\\\/02\\\/Imagem-principal-blog-1-2.jpg\",\"datePublished\":\"2022-02-18T19:11:27+00:00\",\"breadcrumb\":{\"@id\":\"https:\\\/\\\/www.vydence.com\\\/pt-br\\\/vydence-presenca-constante-nas-midias-sociais\\\/#breadcrumb\"},\"inLanguage\":\"pt-BR\",\"potentialAction\":[{\"@type\":\"ReadAction\",\"target\":[\"https:\\\/\\\/www.vydence.com\\\/pt-br\\\/vydence-presenca-constante-nas-midias-sociais\\\/\"]}]},{\"@type\":\"ImageObject\",\"inLanguage\":\"pt-BR\",\"@id\":\"https:\\\/\\\/www.vydence.com\\\/pt-br\\\/vydence-presenca-constante-nas-midias-sociais\\\/#primaryimage\",\"url\":\"https:\\\/\\\/www.vydence.com\\\/wp-content\\\/uploads\\\/2022\\\/02\\\/Imagem-principal-blog-1-2.jpg\",\"contentUrl\":\"https:\\\/\\\/www.vydence.com\\\/wp-content\\\/uploads\\\/2022\\\/02\\\/Imagem-principal-blog-1-2.jpg\",\"width\":1440,\"height\":847},{\"@type\":\"BreadcrumbList\",\"@id\":\"https:\\\/\\\/www.vydence.com\\\/pt-br\\\/vydence-presenca-constante-nas-midias-sociais\\\/#breadcrumb\",\"itemListElement\":[{\"@type\":\"ListItem\",\"position\":1,\"name\":\"In\u00edcio\",\"item\":\"https:\\\/\\\/www.vydence.com\\\/pt-br\\\/\"},{\"@type\":\"ListItem\",\"position\":2,\"name\":\"VYDENCE\u00ae: Presen\u00e7a constante nas m\u00eddias sociais.\"}]},{\"@type\":\"WebSite\",\"@id\":\"https:\\\/\\\/www.vydence.com\\\/pt-br\\\/#website\",\"url\":\"https:\\\/\\\/www.vydence.com\\\/pt-br\\\/\",\"name\":\"VYDENCE\",\"description\":\"\",\"publisher\":{\"@id\":\"https:\\\/\\\/www.vydence.com\\\/pt-br\\\/#organization\"},\"potentialAction\":[{\"@type\":\"SearchAction\",\"target\":{\"@type\":\"EntryPoint\",\"urlTemplate\":\"https:\\\/\\\/www.vydence.com\\\/pt-br\\\/?s={search_term_string}\"},\"query-input\":{\"@type\":\"PropertyValueSpecification\",\"valueRequired\":true,\"valueName\":\"search_term_string\"}}],\"inLanguage\":\"pt-BR\"},{\"@type\":\"Organization\",\"@id\":\"https:\\\/\\\/www.vydence.com\\\/pt-br\\\/#organization\",\"name\":\"VYDENCE\",\"url\":\"https:\\\/\\\/www.vydence.com\\\/pt-br\\\/\",\"logo\":{\"@type\":\"ImageObject\",\"inLanguage\":\"pt-BR\",\"@id\":\"https:\\\/\\\/www.vydence.com\\\/pt-br\\\/#\\\/schema\\\/logo\\\/image\\\/\",\"url\":\"https:\\\/\\\/www.vydence.com\\\/wp-content\\\/uploads\\\/2024\\\/11\\\/Logo.svg\",\"contentUrl\":\"https:\\\/\\\/www.vydence.com\\\/wp-content\\\/uploads\\\/2024\\\/11\\\/Logo.svg\",\"width\":149,\"height\":40,\"caption\":\"VYDENCE\"},\"image\":{\"@id\":\"https:\\\/\\\/www.vydence.com\\\/pt-br\\\/#\\\/schema\\\/logo\\\/image\\\/\"},\"sameAs\":[\"https:\\\/\\\/www.facebook.com\\\/VYDENCE\"]},{\"@type\":\"Person\",\"@id\":\"https:\\\/\\\/www.vydence.com\\\/pt-br\\\/#\\\/schema\\\/person\\\/94b44f64f52fccfe2d69d0aa1f65e3d9\",\"name\":\"vydence\",\"image\":{\"@type\":\"ImageObject\",\"inLanguage\":\"pt-BR\",\"@id\":\"https:\\\/\\\/secure.gravatar.com\\\/avatar\\\/?s=96&d=mm&r=g\",\"url\":\"https:\\\/\\\/secure.gravatar.com\\\/avatar\\\/?s=96&d=mm&r=g\",\"contentUrl\":\"https:\\\/\\\/secure.gravatar.com\\\/avatar\\\/?s=96&d=mm&r=g\",\"caption\":\"vydence\"},\"url\":\"https:\\\/\\\/www.vydence.com\\\/pt-br\\\/author\\\/vydence\\\/\"}]}<\/script>\n<!-- \/ Yoast SEO Premium plugin. -->","yoast_head_json":{"title":"VYDENCE\u00ae: Presen\u00e7a constante nas m\u00eddias sociais. - VYDENCE","robots":{"index":"index","follow":"follow","max-snippet":"max-snippet:-1","max-image-preview":"max-image-preview:large","max-video-preview":"max-video-preview:-1"},"canonical":"https:\/\/www.vydence.com\/pt-br\/vydence-presenca-constante-nas-midias-sociais\/","og_locale":"pt_BR","og_type":"article","og_title":"VYDENCE\u00ae: Presen\u00e7a constante nas m\u00eddias sociais.","og_description":"As redes sociais j\u00e1 fazem parte das empresas, em geral, como mais uma ferramenta de melhorias na comunica\u00e7\u00e3o com seus clientes. A VYDENCE\u00ae n\u00e3o est\u00e1 sendo diferente, nossos investimentos est\u00e3o voltados para o fortalecimento da troca com os m\u00e9dicos\/pacientes, em todas as redes que estamos presentes. Veja a seguir onde e o que encontrar de [&hellip;]","og_url":"https:\/\/www.vydence.com\/pt-br\/vydence-presenca-constante-nas-midias-sociais\/","og_site_name":"VYDENCE","article_publisher":"https:\/\/www.facebook.com\/VYDENCE","article_published_time":"2022-02-18T19:11:27+00:00","og_image":[{"width":1440,"height":847,"url":"https:\/\/www.vydence.com\/wp-content\/uploads\/2022\/02\/Imagem-principal-blog-1-2.jpg","type":"image\/jpeg"}],"author":"vydence","twitter_card":"summary_large_image","twitter_misc":{"Escrito por":"vydence","Est. tempo de leitura":"4 minutos"},"schema":{"@context":"https:\/\/schema.org","@graph":[{"@type":"Article","@id":"https:\/\/www.vydence.com\/pt-br\/vydence-presenca-constante-nas-midias-sociais\/#article","isPartOf":{"@id":"https:\/\/www.vydence.com\/pt-br\/vydence-presenca-constante-nas-midias-sociais\/"},"author":{"name":"vydence","@id":"https:\/\/www.vydence.com\/pt-br\/#\/schema\/person\/94b44f64f52fccfe2d69d0aa1f65e3d9"},"headline":"VYDENCE\u00ae: Presen\u00e7a constante nas m\u00eddias sociais.","datePublished":"2022-02-18T19:11:27+00:00","mainEntityOfPage":{"@id":"https:\/\/www.vydence.com\/pt-br\/vydence-presenca-constante-nas-midias-sociais\/"},"wordCount":620,"commentCount":0,"publisher":{"@id":"https:\/\/www.vydence.com\/pt-br\/#organization"},"image":{"@id":"https:\/\/www.vydence.com\/pt-br\/vydence-presenca-constante-nas-midias-sociais\/#primaryimage"},"thumbnailUrl":"https:\/\/www.vydence.com\/wp-content\/uploads\/2022\/02\/Imagem-principal-blog-1-2.jpg","keywords":["Blogs","Comunica\u00e7\u00e3o","Facebook","Instagram","Redes sociais"],"articleSection":["Geral"],"inLanguage":"pt-BR","potentialAction":[{"@type":"CommentAction","name":"Comment","target":["https:\/\/www.vydence.com\/pt-br\/vydence-presenca-constante-nas-midias-sociais\/#respond"]}]},{"@type":"WebPage","@id":"https:\/\/www.vydence.com\/pt-br\/vydence-presenca-constante-nas-midias-sociais\/","url":"https:\/\/www.vydence.com\/pt-br\/vydence-presenca-constante-nas-midias-sociais\/","name":"VYDENCE\u00ae: Presen\u00e7a constante nas m\u00eddias sociais. - VYDENCE","isPartOf":{"@id":"https:\/\/www.vydence.com\/pt-br\/#website"},"primaryImageOfPage":{"@id":"https:\/\/www.vydence.com\/pt-br\/vydence-presenca-constante-nas-midias-sociais\/#primaryimage"},"image":{"@id":"https:\/\/www.vydence.com\/pt-br\/vydence-presenca-constante-nas-midias-sociais\/#primaryimage"},"thumbnailUrl":"https:\/\/www.vydence.com\/wp-content\/uploads\/2022\/02\/Imagem-principal-blog-1-2.jpg","datePublished":"2022-02-18T19:11:27+00:00","breadcrumb":{"@id":"https:\/\/www.vydence.com\/pt-br\/vydence-presenca-constante-nas-midias-sociais\/#breadcrumb"},"inLanguage":"pt-BR","potentialAction":[{"@type":"ReadAction","target":["https:\/\/www.vydence.com\/pt-br\/vydence-presenca-constante-nas-midias-sociais\/"]}]},{"@type":"ImageObject","inLanguage":"pt-BR","@id":"https:\/\/www.vydence.com\/pt-br\/vydence-presenca-constante-nas-midias-sociais\/#primaryimage","url":"https:\/\/www.vydence.com\/wp-content\/uploads\/2022\/02\/Imagem-principal-blog-1-2.jpg","contentUrl":"https:\/\/www.vydence.com\/wp-content\/uploads\/2022\/02\/Imagem-principal-blog-1-2.jpg","width":1440,"height":847},{"@type":"BreadcrumbList","@id":"https:\/\/www.vydence.com\/pt-br\/vydence-presenca-constante-nas-midias-sociais\/#breadcrumb","itemListElement":[{"@type":"ListItem","position":1,"name":"In\u00edcio","item":"https:\/\/www.vydence.com\/pt-br\/"},{"@type":"ListItem","position":2,"name":"VYDENCE\u00ae: Presen\u00e7a constante nas m\u00eddias sociais."}]},{"@type":"WebSite","@id":"https:\/\/www.vydence.com\/pt-br\/#website","url":"https:\/\/www.vydence.com\/pt-br\/","name":"VYDENCE","description":"","publisher":{"@id":"https:\/\/www.vydence.com\/pt-br\/#organization"},"potentialAction":[{"@type":"SearchAction","target":{"@type":"EntryPoint","urlTemplate":"https:\/\/www.vydence.com\/pt-br\/?s={search_term_string}"},"query-input":{"@type":"PropertyValueSpecification","valueRequired":true,"valueName":"search_term_string"}}],"inLanguage":"pt-BR"},{"@type":"Organization","@id":"https:\/\/www.vydence.com\/pt-br\/#organization","name":"VYDENCE","url":"https:\/\/www.vydence.com\/pt-br\/","logo":{"@type":"ImageObject","inLanguage":"pt-BR","@id":"https:\/\/www.vydence.com\/pt-br\/#\/schema\/logo\/image\/","url":"https:\/\/www.vydence.com\/wp-content\/uploads\/2024\/11\/Logo.svg","contentUrl":"https:\/\/www.vydence.com\/wp-content\/uploads\/2024\/11\/Logo.svg","width":149,"height":40,"caption":"VYDENCE"},"image":{"@id":"https:\/\/www.vydence.com\/pt-br\/#\/schema\/logo\/image\/"},"sameAs":["https:\/\/www.facebook.com\/VYDENCE"]},{"@type":"Person","@id":"https:\/\/www.vydence.com\/pt-br\/#\/schema\/person\/94b44f64f52fccfe2d69d0aa1f65e3d9","name":"vydence","image":{"@type":"ImageObject","inLanguage":"pt-BR","@id":"https:\/\/secure.gravatar.com\/avatar\/?s=96&d=mm&r=g","url":"https:\/\/secure.gravatar.com\/avatar\/?s=96&d=mm&r=g","contentUrl":"https:\/\/secure.gravatar.com\/avatar\/?s=96&d=mm&r=g","caption":"vydence"},"url":"https:\/\/www.vydence.com\/pt-br\/author\/vydence\/"}]}},"_links":{"self":[{"href":"https:\/\/www.vydence.com\/pt-br\/wp-json\/wp\/v2\/posts\/18425","targetHints":{"allow":["GET"]}}],"collection":[{"href":"https:\/\/www.vydence.com\/pt-br\/wp-json\/wp\/v2\/posts"}],"about":[{"href":"https:\/\/www.vydence.com\/pt-br\/wp-json\/wp\/v2\/types\/post"}],"author":[{"embeddable":true,"href":"https:\/\/www.vydence.com\/pt-br\/wp-json\/wp\/v2\/users\/3"}],"replies":[{"embeddable":true,"href":"https:\/\/www.vydence.com\/pt-br\/wp-json\/wp\/v2\/comments?post=18425"}],"version-history":[{"count":0,"href":"https:\/\/www.vydence.com\/pt-br\/wp-json\/wp\/v2\/posts\/18425\/revisions"}],"wp:featuredmedia":[{"embeddable":true,"href":"https:\/\/www.vydence.com\/pt-br\/wp-json\/wp\/v2\/media\/19116"}],"wp:attachment":[{"href":"https:\/\/www.vydence.com\/pt-br\/wp-json\/wp\/v2\/media?parent=18425"}],"wp:term":[{"taxonomy":"category","embeddable":true,"href":"https:\/\/www.vydence.com\/pt-br\/wp-json\/wp\/v2\/categories?post=18425"},{"taxonomy":"post_tag","embeddable":true,"href":"https:\/\/www.vydence.com\/pt-br\/wp-json\/wp\/v2\/tags?post=18425"}],"curies":[{"name":"wp","href":"https:\/\/api.w.org\/{rel}","templated":true}]}}