{"id":168,"date":"2018-07-16T16:00:39","date_gmt":"2018-07-16T19:00:39","guid":{"rendered":"http:\/\/www.bottomsup.com.br\/blog\/?p=168"},"modified":"2018-07-16T16:00:39","modified_gmt":"2018-07-16T19:00:39","slug":"como-acelerar-o-metabolismo","status":"publish","type":"post","link":"https:\/\/www.vydence.com\/pt-br\/como-acelerar-o-metabolismo\/","title":{"rendered":"Como acelerar o metabolismo?"},"content":{"rendered":"<p><span style=\"font-weight: 400;\">Voc\u00ea sabe como seu corpo funciona? N\u00f3s somos um complexo sistema org\u00e2nico que causa muitas d\u00favidas, e uma delas diz respeito ao metabolismo. Muito se houve falar dele quando pensamos em dietas, atividades f\u00edsicas e idade. N\u00e3o sem raz\u00e3o. Ele possui rela\u00e7\u00e3o direta com esses fatores. Mas como acelerar o metabolismo, que \u00e9 o sonho das mulheres que desejam ter um corpo saud\u00e1vel, sem <\/span><a href=\"https:\/\/tratamentosalaser.com.br\/blog\/como-evitar-celulite\/\"><span style=\"font-weight: 400;\">celulite<\/span><\/a><span style=\"font-weight: 400;\">? Entenda melhor!<\/span><\/p>\n<h2><span style=\"font-weight: 400;\">Como funciona nosso metabolismo? <\/span><\/h2>\n<p><span style=\"font-weight: 400;\">O metabolismo \u00e9 um conjunto de rea\u00e7\u00f5es qu\u00edmicas respons\u00e1vel pela produ\u00e7\u00e3o de energia e calor e pela s\u00edntese e degrada\u00e7\u00e3o de subst\u00e2ncias que garantem nossas necessidades estruturais e fun\u00e7\u00f5es fisiol\u00f3gicas.<\/span><\/p>\n<p><span style=\"font-weight: 400;\">Ele se divide em anabolismo, que \u00e9 o momento de constru\u00e7\u00e3o de mol\u00e9culas (s\u00edntese), e catabolismo, que \u00e9 a quebra de subst\u00e2ncias complexas em simples, garantindo a libera\u00e7\u00e3o de energia.<\/span><\/p>\n<p><span style=\"font-weight: 400;\">O funcionamento do metabolismo pode se modificar por v\u00e1rios fatores, como horm\u00f4nios, d\u00e9ficit de minerais ou de vitaminas. Por isso, o desempenho do metabolismo varia conforme o indiv\u00edduo: parte dele \u00e9 determinado pela gen\u00e9tica, mas outra parte depende da idade e do estilo de vida. N\u00e3o h\u00e1 como acelerar o metabolismo sem mexer nesses fatores.<\/span><\/p>\n<p><span style=\"font-weight: 400;\">Com o passar do tempo, os \u00f3rg\u00e3os envelhecem e ocorre a perda de massa muscular, o que provoca menor gasto de energia, desacelerando o metabolismo. Com o passar da idade, muitas pessoas ganham peso, porque continuam comendo o mesmo tanto, mas n\u00e3o possuem a mesma necessidade, j\u00e1 que \u00e9 necess\u00e1rio menos energia. Para evitar isso, como acelerar o metabolismo?<\/span><\/p>\n<h2><span style=\"font-weight: 400;\">Como acelerar o metabolismo?<\/span><\/h2>\n<p><span style=\"font-weight: 400;\">Se voc\u00ea quer saber como acelerar o metabolismo, pense que precisa aumentar a libera\u00e7\u00e3o de energia. Para isso, a melhor forma \u00e9 ganhar massa muscular. Quanto mais m\u00fasculos no corpo, mais energia o organismo deve gastar para mant\u00ea-los saud\u00e1veis. <\/span><\/p>\n<p><span style=\"font-weight: 400;\">Entretanto, para que isso aconte\u00e7a, a energia deve vir da gordura. O que ocorre \u00e9 que, em muitos casos, ela vem do pr\u00f3prio m\u00fasculo, o que demonstra um desequil\u00edbrio no corpo por d\u00e9ficit de vitaminas e alguns minerais. <\/span><\/p>\n<p><span style=\"font-weight: 400;\">S\u00f3 h\u00e1 como acelerar o metabolismo de forma precisa quando h\u00e1 um ajuste nutricional combinado com a atividade f\u00edsica. Para fazer esse ajuste, \u00e9 muito recomendado a consulta com profissionais da \u00e1rea, que pedir\u00e3o exames de sangue para medir as calorias que cada organismo gasta para trabalhar e quais s\u00e3o as fontes de energia mais requisitadas.<\/span><\/p>\n<p><span style=\"font-weight: 400;\">Entretanto, \u00e9 sabido que alguns alimentos e atividades ajudam a acelerar o metabolismo. <\/span><\/p>\n<h3><span style=\"font-weight: 400;\">Alimenta\u00e7\u00e3o<\/span><\/h3>\n<p><span style=\"font-weight: 400;\">Os chamados <\/span><a href=\"https:\/\/tratamentosalaser.com.br\/blog\/alimentos-que-causam-celulite\/\"><span style=\"font-weight: 400;\">alimentos<\/span><\/a><span style=\"font-weight: 400;\"> termog\u00eanicos s\u00e3o aqueles que estimulam nosso sistema nervoso simp\u00e1tico, acelerando a frequ\u00eancia card\u00edaca e o gasto energ\u00e9tico. Em outras palavras, aumentam a temperatura corporal e aceleram o metabolismo. <\/span><\/p>\n<p><span style=\"font-weight: 400;\">Bebidas com cafe\u00edna e xantinas (caf\u00e9 e ch\u00e1), por exemplo, aceleram a <\/span><a href=\"https:\/\/tratamentosalaser.com.br\/blog\/como-perder-gordura-abdominal\/\"><span style=\"font-weight: 400;\">queima de gordura<\/span><\/a><span style=\"font-weight: 400;\">. Por\u00e9m, quando ingeridos cronicamente, o corpo acostuma. Por isso, segue uma lista de alimentos que podem ajudar tamb\u00e9m:<\/span><\/p>\n<p><img loading=\"lazy\" decoding=\"async\" class=\"alignnone size-large wp-image-170\" src=\"http:\/\/tratamentosalaser.com.br\/wp-content\/uploads\/2018\/07\/como-acelerar-o-metabolismo-com-pimenta-1024x685.png\" alt=\"\" width=\"1024\" height=\"685\" \/><\/p>\n<ul>\n<li style=\"font-weight: 400;\"><span style=\"font-weight: 400;\">Pimenta vermelha;<\/span><\/li>\n<li style=\"font-weight: 400;\"><span style=\"font-weight: 400;\">Ch\u00e1 verde;<\/span><\/li>\n<li style=\"font-weight: 400;\"><a href=\"https:\/\/tratamentosalaser.com.br\/blog\/cha-de-canela-celulite\/\"><span style=\"font-weight: 400;\">Canela<\/span><\/a><span style=\"font-weight: 400;\">;<\/span><\/li>\n<li style=\"font-weight: 400;\"><span style=\"font-weight: 400;\">Gengibre;<\/span><\/li>\n<li style=\"font-weight: 400;\"><span style=\"font-weight: 400;\">\u00d4mega 3 (tamb\u00e9m auxilia a n\u00e3o <\/span><a href=\"https:\/\/tratamentosalaser.com.br\/blog\/inchaco-no-corpo\/\"><span style=\"font-weight: 400;\">reter l\u00edquido<\/span><\/a><span style=\"font-weight: 400;\">);<\/span><\/li>\n<li style=\"font-weight: 400;\"><span style=\"font-weight: 400;\">Fibras naturais;<\/span><\/li>\n<li style=\"font-weight: 400;\"><a href=\"https:\/\/tratamentosalaser.com.br\/blog\/quantos-litros-de-agua-devemos-beber-por-dia\/\"><span style=\"font-weight: 400;\">\u00c1gua<\/span><\/a><span style=\"font-weight: 400;\"> (presente na maioria das fun\u00e7\u00f5es do organismo).<\/span><\/li>\n<\/ul>\n<h3><span style=\"font-weight: 400;\">Atividade f\u00edsica<\/span><\/h3>\n<p><span style=\"font-weight: 400;\">A pr\u00e1tica de <\/span><a href=\"https:\/\/tratamentosalaser.com.br\/blog\/6-exercicios-para-celulite\/\"><span style=\"font-weight: 400;\">atividade f\u00edsica<\/span><\/a><span style=\"font-weight: 400;\"> \u00e9 fundamental para provocar a queima de gordura. N\u00e3o h\u00e1 como acelerar o metabolismo sem colocar o corpo em movimento. Os treinos de alta intensidade, por exemplo, mant\u00e9m o corpo gastando calorias mesmo ap\u00f3s a atividade. A muscula\u00e7\u00e3o, por proporcionar ganho de massa muscular, tamb\u00e9m auxilia nessa tarefa.<\/span><\/p>\n<p><span style=\"font-weight: 400;\">Em suma, <\/span><a href=\"https:\/\/tratamentosalaser.com.br\/blog\/flacidez-como-reduzir-e-tratar\/\"><span style=\"font-weight: 400;\">exercite-se<\/span><\/a><span style=\"font-weight: 400;\">. A atividade f\u00edsica modifica o DNA para acelerar o metabolismo e traz muitos benef\u00edcios para a sa\u00fade.<\/span><\/p>\n<p><span style=\"font-weight: 400;\">Agora que voc\u00ea sabe como acelerar o metabolismo com alimenta\u00e7\u00e3o e atividade f\u00edsica, poder\u00e1 sentir <\/span><a href=\"https:\/\/tratamentosalaser.com.br\/blog\/cuidar-do-corpo-5-acoes\/\"><span style=\"font-weight: 400;\">efeitos positivos sobre a sa\u00fade<\/span><\/a><span style=\"font-weight: 400;\">, inclusive emagrecimento. Mas cuidado com o estresse e com a falta de sono, que prejudicam o sistema metab\u00f3lico.<\/span><\/p>\n<p><a href=\"https:\/\/www.vydence.com\/wp-content\/uploads\/2019\/08\/ebook-bottoms-up-1.pdf\"><img loading=\"lazy\" decoding=\"async\" class=\"wp-image-343 aligncenter\" src=\"http:\/\/tratamentosalaser.com.br\/wp-content\/uploads\/2019\/03\/Tire-suas-duvidas-1-1-1024x640.jpg\" alt=\"\" width=\"600\" height=\"375\" \/><\/a><\/p>\n","protected":false},"excerpt":{"rendered":"<p>Voc\u00ea sabe como seu corpo funciona? N\u00f3s somos um complexo sistema org\u00e2nico que causa muitas d\u00favidas, e uma delas diz respeito ao metabolismo. Muito se houve falar dele quando pensamos em dietas, atividades f\u00edsicas e idade. N\u00e3o sem raz\u00e3o. Ele possui rela\u00e7\u00e3o direta com esses fatores. Mas como acelerar o metabolismo, que \u00e9 o sonho [&hellip;]<\/p>\n","protected":false},"author":1,"featured_media":19336,"comment_status":"open","ping_status":"open","sticky":false,"template":"","format":"standard","meta":{"_et_pb_use_builder":"","_et_pb_old_content":"","_et_gb_content_width":"","inline_featured_image":false,"footnotes":""},"categories":[156,134],"tags":[149],"class_list":["post-168","post","type-post","status-publish","format-standard","has-post-thumbnail","hentry","category-atividade-fisica","category-saude","tag-saude"],"yoast_head":"<!-- This site is optimized with the Yoast SEO Premium plugin v27.1 (Yoast SEO v27.4) - https:\/\/yoast.com\/product\/yoast-seo-premium-wordpress\/ -->\n<title>Como acelerar o metabolismo? - VYDENCE<\/title>\n<meta name=\"description\" content=\"Tem notado seu corpo mais lento e passado por dificuldades para emagrecer? Saiba como acelerar o metabolismo com estas dicas que separamos para voc\u00ea!\" \/>\n<meta name=\"robots\" content=\"index, follow, max-snippet:-1, max-image-preview:large, max-video-preview:-1\" \/>\n<link rel=\"canonical\" href=\"https:\/\/www.vydence.com\/pt-br\/como-acelerar-o-metabolismo\/\" \/>\n<meta property=\"og:locale\" content=\"pt_BR\" \/>\n<meta property=\"og:type\" content=\"article\" \/>\n<meta property=\"og:title\" content=\"Como acelerar o metabolismo?\" \/>\n<meta property=\"og:description\" content=\"Tem notado seu corpo mais lento e passado por dificuldades para emagrecer? Saiba como acelerar o metabolismo com estas dicas que separamos para voc\u00ea!\" \/>\n<meta property=\"og:url\" content=\"https:\/\/www.vydence.com\/pt-br\/como-acelerar-o-metabolismo\/\" \/>\n<meta property=\"og:site_name\" content=\"VYDENCE\" \/>\n<meta property=\"article:publisher\" content=\"https:\/\/www.facebook.com\/VYDENCE\" \/>\n<meta property=\"article:published_time\" content=\"2018-07-16T19:00:39+00:00\" \/>\n<meta property=\"og:image\" content=\"https:\/\/www.vydence.com\/wp-content\/uploads\/2018\/08\/doencas-do-couro-cabeludo-1.png\" \/>\n\t<meta property=\"og:image:width\" content=\"1200\" \/>\n\t<meta property=\"og:image:height\" content=\"800\" \/>\n\t<meta property=\"og:image:type\" content=\"image\/png\" \/>\n<meta name=\"author\" content=\"admin\" \/>\n<meta name=\"twitter:card\" content=\"summary_large_image\" \/>\n<meta name=\"twitter:label1\" content=\"Escrito por\" \/>\n\t<meta name=\"twitter:data1\" content=\"admin\" \/>\n\t<meta name=\"twitter:label2\" content=\"Est. tempo de leitura\" \/>\n\t<meta name=\"twitter:data2\" content=\"3 minutos\" \/>\n<script type=\"application\/ld+json\" class=\"yoast-schema-graph\">{\"@context\":\"https:\\\/\\\/schema.org\",\"@graph\":[{\"@type\":\"Article\",\"@id\":\"https:\\\/\\\/www.vydence.com\\\/pt-br\\\/como-acelerar-o-metabolismo\\\/#article\",\"isPartOf\":{\"@id\":\"https:\\\/\\\/www.vydence.com\\\/pt-br\\\/como-acelerar-o-metabolismo\\\/\"},\"author\":{\"name\":\"admin\",\"@id\":\"https:\\\/\\\/www.vydence.com\\\/pt-br\\\/#\\\/schema\\\/person\\\/d07e11658f9624d2d5344c62489f5fed\"},\"headline\":\"Como acelerar o metabolismo?\",\"datePublished\":\"2018-07-16T19:00:39+00:00\",\"mainEntityOfPage\":{\"@id\":\"https:\\\/\\\/www.vydence.com\\\/pt-br\\\/como-acelerar-o-metabolismo\\\/\"},\"wordCount\":661,\"commentCount\":0,\"publisher\":{\"@id\":\"https:\\\/\\\/www.vydence.com\\\/pt-br\\\/#organization\"},\"image\":{\"@id\":\"https:\\\/\\\/www.vydence.com\\\/pt-br\\\/como-acelerar-o-metabolismo\\\/#primaryimage\"},\"thumbnailUrl\":\"https:\\\/\\\/www.vydence.com\\\/wp-content\\\/uploads\\\/2018\\\/08\\\/doencas-do-couro-cabeludo-1.png\",\"keywords\":[\"sa\u00fade\"],\"articleSection\":[\"Atividade f\u00edsica\",\"Sa\u00fade\"],\"inLanguage\":\"pt-BR\",\"potentialAction\":[{\"@type\":\"CommentAction\",\"name\":\"Comment\",\"target\":[\"https:\\\/\\\/www.vydence.com\\\/pt-br\\\/como-acelerar-o-metabolismo\\\/#respond\"]}]},{\"@type\":\"WebPage\",\"@id\":\"https:\\\/\\\/www.vydence.com\\\/pt-br\\\/como-acelerar-o-metabolismo\\\/\",\"url\":\"https:\\\/\\\/www.vydence.com\\\/pt-br\\\/como-acelerar-o-metabolismo\\\/\",\"name\":\"Como acelerar o metabolismo? - VYDENCE\",\"isPartOf\":{\"@id\":\"https:\\\/\\\/www.vydence.com\\\/pt-br\\\/#website\"},\"primaryImageOfPage\":{\"@id\":\"https:\\\/\\\/www.vydence.com\\\/pt-br\\\/como-acelerar-o-metabolismo\\\/#primaryimage\"},\"image\":{\"@id\":\"https:\\\/\\\/www.vydence.com\\\/pt-br\\\/como-acelerar-o-metabolismo\\\/#primaryimage\"},\"thumbnailUrl\":\"https:\\\/\\\/www.vydence.com\\\/wp-content\\\/uploads\\\/2018\\\/08\\\/doencas-do-couro-cabeludo-1.png\",\"datePublished\":\"2018-07-16T19:00:39+00:00\",\"description\":\"Tem notado seu corpo mais lento e passado por dificuldades para emagrecer? Saiba como acelerar o metabolismo com estas dicas que separamos para voc\u00ea!\",\"breadcrumb\":{\"@id\":\"https:\\\/\\\/www.vydence.com\\\/pt-br\\\/como-acelerar-o-metabolismo\\\/#breadcrumb\"},\"inLanguage\":\"pt-BR\",\"potentialAction\":[{\"@type\":\"ReadAction\",\"target\":[\"https:\\\/\\\/www.vydence.com\\\/pt-br\\\/como-acelerar-o-metabolismo\\\/\"]}]},{\"@type\":\"ImageObject\",\"inLanguage\":\"pt-BR\",\"@id\":\"https:\\\/\\\/www.vydence.com\\\/pt-br\\\/como-acelerar-o-metabolismo\\\/#primaryimage\",\"url\":\"https:\\\/\\\/www.vydence.com\\\/wp-content\\\/uploads\\\/2018\\\/08\\\/doencas-do-couro-cabeludo-1.png\",\"contentUrl\":\"https:\\\/\\\/www.vydence.com\\\/wp-content\\\/uploads\\\/2018\\\/08\\\/doencas-do-couro-cabeludo-1.png\",\"width\":1200,\"height\":800,\"caption\":\"Doen\u00e7as do couro cabeludo\"},{\"@type\":\"BreadcrumbList\",\"@id\":\"https:\\\/\\\/www.vydence.com\\\/pt-br\\\/como-acelerar-o-metabolismo\\\/#breadcrumb\",\"itemListElement\":[{\"@type\":\"ListItem\",\"position\":1,\"name\":\"In\u00edcio\",\"item\":\"https:\\\/\\\/www.vydence.com\\\/pt-br\\\/\"},{\"@type\":\"ListItem\",\"position\":2,\"name\":\"Como acelerar o metabolismo?\"}]},{\"@type\":\"WebSite\",\"@id\":\"https:\\\/\\\/www.vydence.com\\\/pt-br\\\/#website\",\"url\":\"https:\\\/\\\/www.vydence.com\\\/pt-br\\\/\",\"name\":\"VYDENCE\",\"description\":\"\",\"publisher\":{\"@id\":\"https:\\\/\\\/www.vydence.com\\\/pt-br\\\/#organization\"},\"potentialAction\":[{\"@type\":\"SearchAction\",\"target\":{\"@type\":\"EntryPoint\",\"urlTemplate\":\"https:\\\/\\\/www.vydence.com\\\/pt-br\\\/?s={search_term_string}\"},\"query-input\":{\"@type\":\"PropertyValueSpecification\",\"valueRequired\":true,\"valueName\":\"search_term_string\"}}],\"inLanguage\":\"pt-BR\"},{\"@type\":\"Organization\",\"@id\":\"https:\\\/\\\/www.vydence.com\\\/pt-br\\\/#organization\",\"name\":\"VYDENCE\",\"url\":\"https:\\\/\\\/www.vydence.com\\\/pt-br\\\/\",\"logo\":{\"@type\":\"ImageObject\",\"inLanguage\":\"pt-BR\",\"@id\":\"https:\\\/\\\/www.vydence.com\\\/pt-br\\\/#\\\/schema\\\/logo\\\/image\\\/\",\"url\":\"https:\\\/\\\/www.vydence.com\\\/wp-content\\\/uploads\\\/2024\\\/11\\\/Logo.svg\",\"contentUrl\":\"https:\\\/\\\/www.vydence.com\\\/wp-content\\\/uploads\\\/2024\\\/11\\\/Logo.svg\",\"width\":149,\"height\":40,\"caption\":\"VYDENCE\"},\"image\":{\"@id\":\"https:\\\/\\\/www.vydence.com\\\/pt-br\\\/#\\\/schema\\\/logo\\\/image\\\/\"},\"sameAs\":[\"https:\\\/\\\/www.facebook.com\\\/VYDENCE\"]},{\"@type\":\"Person\",\"@id\":\"https:\\\/\\\/www.vydence.com\\\/pt-br\\\/#\\\/schema\\\/person\\\/d07e11658f9624d2d5344c62489f5fed\",\"name\":\"admin\",\"image\":{\"@type\":\"ImageObject\",\"inLanguage\":\"pt-BR\",\"@id\":\"https:\\\/\\\/secure.gravatar.com\\\/avatar\\\/1625555f260264654c853a64f2eddfbd5d054ef40597af8b97dc8461ef04e355?s=96&d=mm&r=g\",\"url\":\"https:\\\/\\\/secure.gravatar.com\\\/avatar\\\/1625555f260264654c853a64f2eddfbd5d054ef40597af8b97dc8461ef04e355?s=96&d=mm&r=g\",\"contentUrl\":\"https:\\\/\\\/secure.gravatar.com\\\/avatar\\\/1625555f260264654c853a64f2eddfbd5d054ef40597af8b97dc8461ef04e355?s=96&d=mm&r=g\",\"caption\":\"admin\"},\"sameAs\":[\"https:\\\/\\\/www.vydence.com\"],\"url\":\"https:\\\/\\\/www.vydence.com\\\/pt-br\\\/author\\\/ericknc\\\/\"}]}<\/script>\n<!-- \/ Yoast SEO Premium plugin. -->","yoast_head_json":{"title":"Como acelerar o metabolismo? - VYDENCE","description":"Tem notado seu corpo mais lento e passado por dificuldades para emagrecer? Saiba como acelerar o metabolismo com estas dicas que separamos para voc\u00ea!","robots":{"index":"index","follow":"follow","max-snippet":"max-snippet:-1","max-image-preview":"max-image-preview:large","max-video-preview":"max-video-preview:-1"},"canonical":"https:\/\/www.vydence.com\/pt-br\/como-acelerar-o-metabolismo\/","og_locale":"pt_BR","og_type":"article","og_title":"Como acelerar o metabolismo?","og_description":"Tem notado seu corpo mais lento e passado por dificuldades para emagrecer? Saiba como acelerar o metabolismo com estas dicas que separamos para voc\u00ea!","og_url":"https:\/\/www.vydence.com\/pt-br\/como-acelerar-o-metabolismo\/","og_site_name":"VYDENCE","article_publisher":"https:\/\/www.facebook.com\/VYDENCE","article_published_time":"2018-07-16T19:00:39+00:00","og_image":[{"width":1200,"height":800,"url":"https:\/\/www.vydence.com\/wp-content\/uploads\/2018\/08\/doencas-do-couro-cabeludo-1.png","type":"image\/png"}],"author":"admin","twitter_card":"summary_large_image","twitter_misc":{"Escrito por":"admin","Est. tempo de leitura":"3 minutos"},"schema":{"@context":"https:\/\/schema.org","@graph":[{"@type":"Article","@id":"https:\/\/www.vydence.com\/pt-br\/como-acelerar-o-metabolismo\/#article","isPartOf":{"@id":"https:\/\/www.vydence.com\/pt-br\/como-acelerar-o-metabolismo\/"},"author":{"name":"admin","@id":"https:\/\/www.vydence.com\/pt-br\/#\/schema\/person\/d07e11658f9624d2d5344c62489f5fed"},"headline":"Como acelerar o metabolismo?","datePublished":"2018-07-16T19:00:39+00:00","mainEntityOfPage":{"@id":"https:\/\/www.vydence.com\/pt-br\/como-acelerar-o-metabolismo\/"},"wordCount":661,"commentCount":0,"publisher":{"@id":"https:\/\/www.vydence.com\/pt-br\/#organization"},"image":{"@id":"https:\/\/www.vydence.com\/pt-br\/como-acelerar-o-metabolismo\/#primaryimage"},"thumbnailUrl":"https:\/\/www.vydence.com\/wp-content\/uploads\/2018\/08\/doencas-do-couro-cabeludo-1.png","keywords":["sa\u00fade"],"articleSection":["Atividade f\u00edsica","Sa\u00fade"],"inLanguage":"pt-BR","potentialAction":[{"@type":"CommentAction","name":"Comment","target":["https:\/\/www.vydence.com\/pt-br\/como-acelerar-o-metabolismo\/#respond"]}]},{"@type":"WebPage","@id":"https:\/\/www.vydence.com\/pt-br\/como-acelerar-o-metabolismo\/","url":"https:\/\/www.vydence.com\/pt-br\/como-acelerar-o-metabolismo\/","name":"Como acelerar o metabolismo? - VYDENCE","isPartOf":{"@id":"https:\/\/www.vydence.com\/pt-br\/#website"},"primaryImageOfPage":{"@id":"https:\/\/www.vydence.com\/pt-br\/como-acelerar-o-metabolismo\/#primaryimage"},"image":{"@id":"https:\/\/www.vydence.com\/pt-br\/como-acelerar-o-metabolismo\/#primaryimage"},"thumbnailUrl":"https:\/\/www.vydence.com\/wp-content\/uploads\/2018\/08\/doencas-do-couro-cabeludo-1.png","datePublished":"2018-07-16T19:00:39+00:00","description":"Tem notado seu corpo mais lento e passado por dificuldades para emagrecer? Saiba como acelerar o metabolismo com estas dicas que separamos para voc\u00ea!","breadcrumb":{"@id":"https:\/\/www.vydence.com\/pt-br\/como-acelerar-o-metabolismo\/#breadcrumb"},"inLanguage":"pt-BR","potentialAction":[{"@type":"ReadAction","target":["https:\/\/www.vydence.com\/pt-br\/como-acelerar-o-metabolismo\/"]}]},{"@type":"ImageObject","inLanguage":"pt-BR","@id":"https:\/\/www.vydence.com\/pt-br\/como-acelerar-o-metabolismo\/#primaryimage","url":"https:\/\/www.vydence.com\/wp-content\/uploads\/2018\/08\/doencas-do-couro-cabeludo-1.png","contentUrl":"https:\/\/www.vydence.com\/wp-content\/uploads\/2018\/08\/doencas-do-couro-cabeludo-1.png","width":1200,"height":800,"caption":"Doen\u00e7as do couro cabeludo"},{"@type":"BreadcrumbList","@id":"https:\/\/www.vydence.com\/pt-br\/como-acelerar-o-metabolismo\/#breadcrumb","itemListElement":[{"@type":"ListItem","position":1,"name":"In\u00edcio","item":"https:\/\/www.vydence.com\/pt-br\/"},{"@type":"ListItem","position":2,"name":"Como acelerar o metabolismo?"}]},{"@type":"WebSite","@id":"https:\/\/www.vydence.com\/pt-br\/#website","url":"https:\/\/www.vydence.com\/pt-br\/","name":"VYDENCE","description":"","publisher":{"@id":"https:\/\/www.vydence.com\/pt-br\/#organization"},"potentialAction":[{"@type":"SearchAction","target":{"@type":"EntryPoint","urlTemplate":"https:\/\/www.vydence.com\/pt-br\/?s={search_term_string}"},"query-input":{"@type":"PropertyValueSpecification","valueRequired":true,"valueName":"search_term_string"}}],"inLanguage":"pt-BR"},{"@type":"Organization","@id":"https:\/\/www.vydence.com\/pt-br\/#organization","name":"VYDENCE","url":"https:\/\/www.vydence.com\/pt-br\/","logo":{"@type":"ImageObject","inLanguage":"pt-BR","@id":"https:\/\/www.vydence.com\/pt-br\/#\/schema\/logo\/image\/","url":"https:\/\/www.vydence.com\/wp-content\/uploads\/2024\/11\/Logo.svg","contentUrl":"https:\/\/www.vydence.com\/wp-content\/uploads\/2024\/11\/Logo.svg","width":149,"height":40,"caption":"VYDENCE"},"image":{"@id":"https:\/\/www.vydence.com\/pt-br\/#\/schema\/logo\/image\/"},"sameAs":["https:\/\/www.facebook.com\/VYDENCE"]},{"@type":"Person","@id":"https:\/\/www.vydence.com\/pt-br\/#\/schema\/person\/d07e11658f9624d2d5344c62489f5fed","name":"admin","image":{"@type":"ImageObject","inLanguage":"pt-BR","@id":"https:\/\/secure.gravatar.com\/avatar\/1625555f260264654c853a64f2eddfbd5d054ef40597af8b97dc8461ef04e355?s=96&d=mm&r=g","url":"https:\/\/secure.gravatar.com\/avatar\/1625555f260264654c853a64f2eddfbd5d054ef40597af8b97dc8461ef04e355?s=96&d=mm&r=g","contentUrl":"https:\/\/secure.gravatar.com\/avatar\/1625555f260264654c853a64f2eddfbd5d054ef40597af8b97dc8461ef04e355?s=96&d=mm&r=g","caption":"admin"},"sameAs":["https:\/\/www.vydence.com"],"url":"https:\/\/www.vydence.com\/pt-br\/author\/ericknc\/"}]}},"_links":{"self":[{"href":"https:\/\/www.vydence.com\/pt-br\/wp-json\/wp\/v2\/posts\/168","targetHints":{"allow":["GET"]}}],"collection":[{"href":"https:\/\/www.vydence.com\/pt-br\/wp-json\/wp\/v2\/posts"}],"about":[{"href":"https:\/\/www.vydence.com\/pt-br\/wp-json\/wp\/v2\/types\/post"}],"author":[{"embeddable":true,"href":"https:\/\/www.vydence.com\/pt-br\/wp-json\/wp\/v2\/users\/1"}],"replies":[{"embeddable":true,"href":"https:\/\/www.vydence.com\/pt-br\/wp-json\/wp\/v2\/comments?post=168"}],"version-history":[{"count":0,"href":"https:\/\/www.vydence.com\/pt-br\/wp-json\/wp\/v2\/posts\/168\/revisions"}],"wp:featuredmedia":[{"embeddable":true,"href":"https:\/\/www.vydence.com\/pt-br\/wp-json\/wp\/v2\/media\/19336"}],"wp:attachment":[{"href":"https:\/\/www.vydence.com\/pt-br\/wp-json\/wp\/v2\/media?parent=168"}],"wp:term":[{"taxonomy":"category","embeddable":true,"href":"https:\/\/www.vydence.com\/pt-br\/wp-json\/wp\/v2\/categories?post=168"},{"taxonomy":"post_tag","embeddable":true,"href":"https:\/\/www.vydence.com\/pt-br\/wp-json\/wp\/v2\/tags?post=168"}],"curies":[{"name":"wp","href":"https:\/\/api.w.org\/{rel}","templated":true}]}}