{"id":15337,"date":"2019-06-17T22:04:38","date_gmt":"2019-06-17T22:04:38","guid":{"rendered":"https:\/\/www.vydence.com\/?p=15337"},"modified":"2019-06-17T22:04:38","modified_gmt":"2019-06-17T22:04:38","slug":"codigo-de-defesa-do-consumidor","status":"publish","type":"post","link":"https:\/\/www.vydence.com\/pt-br\/codigo-de-defesa-do-consumidor\/","title":{"rendered":"C\u00f3digo de defesa do consumidor aplica-se a rela\u00e7\u00e3o m\u00e9dico-paciente?"},"content":{"rendered":"<p>[et_pb_section fb_built=&#8221;1&#8243; _builder_version=&#8221;3.22.3&#8243;][et_pb_row _builder_version=&#8221;3.22.3&#8243; background_size=&#8221;initial&#8221; background_position=&#8221;top_left&#8221; background_repeat=&#8221;repeat&#8221;][et_pb_column type=&#8221;4_4&#8243; _builder_version=&#8221;3.0.47&#8243;][et_pb_text _builder_version=&#8221;3.21.4&#8243;]<\/p>\n<p><span style=\"font-weight: 400;\">Falar de c\u00f3digo de defesa do consumidor (CDC) na medicina pode parecer estranho, porque a atividade pressup\u00f5e uma proximidade entre os envolvidos. Tratar a <\/span><a href=\"https:\/\/www.vydence.com\/pt-br\/relacao-medico-paciente\/\"><span style=\"font-weight: 400;\">rela\u00e7\u00e3o m\u00e9dico-paciente<\/span><\/a><span style=\"font-weight: 400;\"> como de consumo traz um sentimento de frieza. Juridicamente, por\u00e9m, \u00e9 a realidade. Entenda como o CDC se aplica nessa rela\u00e7\u00e3o!<\/span><\/p>\n<p><span style=\"font-weight: 400;\"><\/span><\/p>\n<h2><span style=\"font-weight: 400;\">C\u00f3digo de defesa do consumidor e a medicina<\/span><\/h2>\n<p><span style=\"font-weight: 400;\">Para entender a aplica\u00e7\u00e3o do c\u00f3digo de defesa do consumidor \u00e0 medicina \u00e9 preciso entender dois conceitos: consumidor e fornecedor de servi\u00e7os. Pela \u00f3tica da atividade m\u00e9dica, podemos conceitu\u00e1-los:<\/span><\/p>\n<ul>\n<li style=\"font-weight: 400;\"><span style=\"font-weight: 400;\">Consumidor (art. 2\u00ba do CDC): pessoa f\u00edsica ou jur\u00eddica que adquire ou utiliza servi\u00e7o como destinat\u00e1rio final.<\/span><\/li>\n<li style=\"font-weight: 400;\"><span style=\"font-weight: 400;\">Fornecedor (art. 3\u00ba do CDC): pessoa f\u00edsica (profissional liberal) ou jur\u00eddica (estabelecimento de sa\u00fade, como hospitais, cl\u00ednicas etc.) que desenvolve atividades de presta\u00e7\u00e3o de servi\u00e7os.<\/span><\/li>\n<\/ul>\n<p><span style=\"font-weight: 400;\">Al\u00e9m disso, entra nessa rela\u00e7\u00e3o a remunera\u00e7\u00e3o, que \u00e9 o que acarreta a obriga\u00e7\u00e3o e a responsabiliza\u00e7\u00e3o do profissional diante de eventuais danos provocados ao consumidor. O <\/span><a href=\"https:\/\/www.vydence.com\/pt-br\/tipos-de-pacientes\/\"><span style=\"font-weight: 400;\">paciente <\/span><\/a><span style=\"font-weight: 400;\">\u00e9 consumidor, pois se aproveita diretamente dos conhecimentos do profissional da \u00e1rea m\u00e9dica, que \u00e9 remunerado pela presta\u00e7\u00e3o do servi\u00e7o. Por isso, a rela\u00e7\u00e3o m\u00e9dico-paciente \u00e9 uma rela\u00e7\u00e3o de consumo.<\/span><\/p>\n<p><span style=\"font-weight: 400;\"><\/span><\/p>\n<h2><span style=\"font-weight: 400;\">Responsabilidade civil do m\u00e9dico e CDC<\/span><\/h2>\n<p><span style=\"font-weight: 400;\">A rela\u00e7\u00e3o de consumo traz para o fornecedor a responsabilidade civil diante do produto ou servi\u00e7o ofertado. Ou seja, ele tem a obriga\u00e7\u00e3o de arcar com eventuais preju\u00edzos causados ao consumidor. No c\u00f3digo de defesa do consumidor (art. 14), a regra \u00e9 que o fornecedor tenha responsabilidade objetiva.<\/span><\/p>\n<p><span style=\"font-weight: 400;\">Isso significa que ele responder\u00e1, independentemente de culpa, pelos danos causados, devendo repar\u00e1-los. Basta que seja comprovado que sua conduta provocou o preju\u00edzo. Por\u00e9m, h\u00e1 uma ressalva: os profissionais liberais t\u00eam responsabilidade subjetiva, ou seja, ser\u00e1 apurada mediante verifica\u00e7\u00e3o da culpa (neglig\u00eancia, imprud\u00eancia ou imper\u00edcia).<\/span><\/p>\n<p><span style=\"font-weight: 400;\">Em suma: o hospital ou a <\/span><a href=\"https:\/\/www.vydence.com\/pt-br\/como-administrar-uma-clinica-medica\/\"><span style=\"font-weight: 400;\">cl\u00ednica <\/span><\/a><span style=\"font-weight: 400;\">respondem objetivamente, e o m\u00e9dico responde subjetivamente. Caso o profissional cometa um erro, ele responder\u00e1 se ficar comprovada sua culpa. <\/span><\/p>\n<p><span style=\"font-weight: 400;\">Sobre a rela\u00e7\u00e3o entre a responsabilidade e a conduta do m\u00e9dico, ainda \u00e9 preciso destacar que esse profissional tem obriga\u00e7\u00e3o de meio. Assim entendem os tribunais, que ressalvam, por\u00e9m, os casos de cirurgias pl\u00e1sticas de natureza exclusivamente est\u00e9tica (obriga\u00e7\u00e3o de resultado). <\/span><\/p>\n<p><span style=\"font-weight: 400;\">Em outras palavras, o m\u00e9dico \u00e9 obrigado a ter prud\u00eancia e dilig\u00eancia normais ao prestar um servi\u00e7o ao paciente, mas n\u00e3o possui obriga\u00e7\u00e3o de atingir determinado resultado. Nas obriga\u00e7\u00f5es de resultado. a responsabilidade \u00e9 objetiva. Nas obriga\u00e7\u00f5es de meio, \u00e9 subjetiva.<\/span><\/p>\n<p><span style=\"font-weight: 400;\"><\/span><\/p>\n<h2><span style=\"font-weight: 400;\">Direitos e deveres no m\u00e9dico na rela\u00e7\u00e3o<\/span><\/h2>\n<p><span style=\"font-weight: 400;\">Para estar conforme o c\u00f3digo de defesa do consumidor, o profissional deve prezar por alguns aspectos na rela\u00e7\u00e3o m\u00e9dico-paciente.<\/span><\/p>\n<p><span style=\"font-weight: 400;\">Em primeiro lugar, deve respeitar os direitos do paciente \u00e0 informa\u00e7\u00e3o e \u00e0 presta\u00e7\u00e3o de servi\u00e7os de qualidade, de modo a respeitar a boa f\u00e9 contratual. O consumidor deve ser informado sobre riscos e consequ\u00eancias do procedimento de sa\u00fade a que ser\u00e1 submetido. Ao fornecer informa\u00e7\u00f5es completas ao paciente, o m\u00e9dico se resguarda de futuros aborrecimentos, inclusives a\u00e7\u00f5es judiciais de repara\u00e7\u00e3o.<\/span><\/p>\n<p><span style=\"font-weight: 400;\">Isso \u00e9 complementado com a elabora\u00e7\u00e3o de termo de consentimento informado (TCI), em que o paciente assina que teve pr\u00e9vio e pleno conhecimento daquelas informa\u00e7\u00f5es.<\/span><\/p>\n<p>&nbsp;<\/p>\n<p><span style=\"font-weight: 400;\">O c\u00f3digo de defesa do consumidor \u00e9 aplic\u00e1vel \u00e0s rela\u00e7\u00f5es entre m\u00e9dico e paciente, pois se trata de um prestador de servi\u00e7os remunerado. Diante das possibilidades de responsabiliza\u00e7\u00e3o, deve se preocupar em prestar um <\/span><a href=\"https:\/\/www.vydence.com\/pt-br\/atendimento-humanizado\/\"><span style=\"font-weight: 400;\">servi\u00e7o humanizado<\/span><\/a><span style=\"font-weight: 400;\"> e excelente.<\/span><\/p>\n<p><span style=\"font-weight: 400;\">Quer mais conte\u00fados sobre a atua\u00e7\u00e3o m\u00e9dica? <\/span><a href=\"https:\/\/www.instagram.com\/vydence\/\"><span style=\"font-weight: 400;\">Curta nosso perfil no Instagram!<\/span><\/a><\/p>\n<p>[\/et_pb_text][\/et_pb_column][\/et_pb_row][et_pb_row _builder_version=&#8221;3.22.3&#8243;][et_pb_column type=&#8221;4_4&#8243; _builder_version=&#8221;3.21.4&#8243;][et_pb_image src=&#8221;https:\/\/www.vydence.com\/wp-content\/uploads\/2018\/08\/Conhec\u0327a-nossas-soluc\u0327o\u0303es-em-laser-2-1024&#215;640-1.jpg&#8221; url=&#8221;https:\/\/www.vydence.com\/?utm_source=Blog&#038;utm_medium=banner&#038;utm_campaign=banner_blog&#8221; url_new_window=&#8221;on&#8221; align_tablet=&#8221;center&#8221; align_last_edited=&#8221;on|desktop&#8221; _builder_version=&#8221;3.23&#8243;][\/et_pb_image][\/et_pb_column][\/et_pb_row][\/et_pb_section]<\/p>\n","protected":false},"excerpt":{"rendered":"<p>Falar de c\u00f3digo de defesa do consumidor (CDC) na medicina pode parecer estranho, porque a atividade pressup\u00f5e uma proximidade entre os envolvidos. Tratar a rela\u00e7\u00e3o m\u00e9dico-paciente como de consumo traz um sentimento de frieza. Juridicamente, por\u00e9m, \u00e9 a realidade. Entenda como o CDC se aplica nessa rela\u00e7\u00e3o! C\u00f3digo de defesa do consumidor e a medicina [&hellip;]<\/p>\n","protected":false},"author":1,"featured_media":19114,"comment_status":"open","ping_status":"open","sticky":false,"template":"","format":"standard","meta":{"_et_pb_use_builder":"on","_et_pb_old_content":"","_et_gb_content_width":"","inline_featured_image":false,"footnotes":""},"categories":[46],"tags":[],"class_list":["post-15337","post","type-post","status-publish","format-standard","has-post-thumbnail","hentry","category-geral"],"yoast_head":"<!-- This site is optimized with the Yoast SEO Premium plugin v27.1 (Yoast SEO v27.1.1) - https:\/\/yoast.com\/product\/yoast-seo-premium-wordpress\/ -->\n<title>C\u00f3digo de defesa do consumidor aplica-se a rela\u00e7\u00e3o m\u00e9dico-paciente?<\/title>\n<meta name=\"description\" content=\"ratar a rela\u00e7\u00e3o m\u00e9dico-paciente como de consumo traz um sentimento de frieza. Juridicamente, por\u00e9m, \u00e9 a realidade do c\u00f3digo de defesa do consumidor.\" \/>\n<meta name=\"robots\" content=\"index, follow, max-snippet:-1, max-image-preview:large, max-video-preview:-1\" \/>\n<link rel=\"canonical\" href=\"https:\/\/www.vydence.com\/pt-br\/codigo-de-defesa-do-consumidor\/\" \/>\n<meta property=\"og:locale\" content=\"pt_BR\" \/>\n<meta property=\"og:type\" content=\"article\" \/>\n<meta property=\"og:title\" content=\"C\u00f3digo de defesa do consumidor aplica-se a rela\u00e7\u00e3o m\u00e9dico-paciente?\" \/>\n<meta property=\"og:description\" content=\"ratar a rela\u00e7\u00e3o m\u00e9dico-paciente como de consumo traz um sentimento de frieza. Juridicamente, por\u00e9m, \u00e9 a realidade do c\u00f3digo de defesa do consumidor.\" \/>\n<meta property=\"og:url\" content=\"https:\/\/www.vydence.com\/pt-br\/codigo-de-defesa-do-consumidor\/\" \/>\n<meta property=\"og:site_name\" content=\"VYDENCE\" \/>\n<meta property=\"article:publisher\" content=\"https:\/\/www.facebook.com\/VYDENCE\" \/>\n<meta property=\"article:published_time\" content=\"2019-06-17T22:04:38+00:00\" \/>\n<meta property=\"og:image\" content=\"https:\/\/www.vydence.com\/wp-content\/uploads\/2018\/08\/codigo-de-defesa-do-consumidor-1.jpg\" \/>\n\t<meta property=\"og:image:width\" content=\"2000\" \/>\n\t<meta property=\"og:image:height\" content=\"1334\" \/>\n\t<meta property=\"og:image:type\" content=\"image\/jpeg\" \/>\n<meta name=\"author\" content=\"admin\" \/>\n<meta name=\"twitter:card\" content=\"summary_large_image\" \/>\n<meta name=\"twitter:label1\" content=\"Escrito por\" \/>\n\t<meta name=\"twitter:data1\" content=\"admin\" \/>\n\t<meta name=\"twitter:label2\" content=\"Est. tempo de leitura\" \/>\n\t<meta name=\"twitter:data2\" content=\"4 minutos\" \/>\n<script type=\"application\/ld+json\" class=\"yoast-schema-graph\">{\"@context\":\"https:\/\/schema.org\",\"@graph\":[{\"@type\":\"Article\",\"@id\":\"https:\/\/www.vydence.com\/pt-br\/codigo-de-defesa-do-consumidor\/#article\",\"isPartOf\":{\"@id\":\"https:\/\/www.vydence.com\/pt-br\/codigo-de-defesa-do-consumidor\/\"},\"author\":{\"name\":\"admin\",\"@id\":\"https:\/\/www.vydence.com\/pt-br\/#\/schema\/person\/d07e11658f9624d2d5344c62489f5fed\"},\"headline\":\"C\u00f3digo de defesa do consumidor aplica-se a rela\u00e7\u00e3o m\u00e9dico-paciente?\",\"datePublished\":\"2019-06-17T22:04:38+00:00\",\"mainEntityOfPage\":{\"@id\":\"https:\/\/www.vydence.com\/pt-br\/codigo-de-defesa-do-consumidor\/\"},\"wordCount\":751,\"commentCount\":0,\"publisher\":{\"@id\":\"https:\/\/www.vydence.com\/pt-br\/#organization\"},\"image\":{\"@id\":\"https:\/\/www.vydence.com\/pt-br\/codigo-de-defesa-do-consumidor\/#primaryimage\"},\"thumbnailUrl\":\"https:\/\/www.vydence.com\/wp-content\/uploads\/2018\/08\/codigo-de-defesa-do-consumidor-1.jpg\",\"articleSection\":[\"Geral\"],\"inLanguage\":\"pt-BR\",\"potentialAction\":[{\"@type\":\"CommentAction\",\"name\":\"Comment\",\"target\":[\"https:\/\/www.vydence.com\/pt-br\/codigo-de-defesa-do-consumidor\/#respond\"]}]},{\"@type\":\"WebPage\",\"@id\":\"https:\/\/www.vydence.com\/pt-br\/codigo-de-defesa-do-consumidor\/\",\"url\":\"https:\/\/www.vydence.com\/pt-br\/codigo-de-defesa-do-consumidor\/\",\"name\":\"C\u00f3digo de defesa do consumidor aplica-se a rela\u00e7\u00e3o m\u00e9dico-paciente?\",\"isPartOf\":{\"@id\":\"https:\/\/www.vydence.com\/pt-br\/#website\"},\"primaryImageOfPage\":{\"@id\":\"https:\/\/www.vydence.com\/pt-br\/codigo-de-defesa-do-consumidor\/#primaryimage\"},\"image\":{\"@id\":\"https:\/\/www.vydence.com\/pt-br\/codigo-de-defesa-do-consumidor\/#primaryimage\"},\"thumbnailUrl\":\"https:\/\/www.vydence.com\/wp-content\/uploads\/2018\/08\/codigo-de-defesa-do-consumidor-1.jpg\",\"datePublished\":\"2019-06-17T22:04:38+00:00\",\"description\":\"ratar a rela\u00e7\u00e3o m\u00e9dico-paciente como de consumo traz um sentimento de frieza. Juridicamente, por\u00e9m, \u00e9 a realidade do c\u00f3digo de defesa do consumidor.\",\"breadcrumb\":{\"@id\":\"https:\/\/www.vydence.com\/pt-br\/codigo-de-defesa-do-consumidor\/#breadcrumb\"},\"inLanguage\":\"pt-BR\",\"potentialAction\":[{\"@type\":\"ReadAction\",\"target\":[\"https:\/\/www.vydence.com\/pt-br\/codigo-de-defesa-do-consumidor\/\"]}]},{\"@type\":\"ImageObject\",\"inLanguage\":\"pt-BR\",\"@id\":\"https:\/\/www.vydence.com\/pt-br\/codigo-de-defesa-do-consumidor\/#primaryimage\",\"url\":\"https:\/\/www.vydence.com\/wp-content\/uploads\/2018\/08\/codigo-de-defesa-do-consumidor-1.jpg\",\"contentUrl\":\"https:\/\/www.vydence.com\/wp-content\/uploads\/2018\/08\/codigo-de-defesa-do-consumidor-1.jpg\",\"width\":2000,\"height\":1334,\"caption\":\"co\u0301digo de defesa do consumidor\"},{\"@type\":\"BreadcrumbList\",\"@id\":\"https:\/\/www.vydence.com\/pt-br\/codigo-de-defesa-do-consumidor\/#breadcrumb\",\"itemListElement\":[{\"@type\":\"ListItem\",\"position\":1,\"name\":\"In\u00edcio\",\"item\":\"https:\/\/www.vydence.com\/pt-br\/\"},{\"@type\":\"ListItem\",\"position\":2,\"name\":\"C\u00f3digo de defesa do consumidor aplica-se a rela\u00e7\u00e3o m\u00e9dico-paciente?\"}]},{\"@type\":\"WebSite\",\"@id\":\"https:\/\/www.vydence.com\/pt-br\/#website\",\"url\":\"https:\/\/www.vydence.com\/pt-br\/\",\"name\":\"VYDENCE\",\"description\":\"\",\"publisher\":{\"@id\":\"https:\/\/www.vydence.com\/pt-br\/#organization\"},\"potentialAction\":[{\"@type\":\"SearchAction\",\"target\":{\"@type\":\"EntryPoint\",\"urlTemplate\":\"https:\/\/www.vydence.com\/pt-br\/?s={search_term_string}\"},\"query-input\":{\"@type\":\"PropertyValueSpecification\",\"valueRequired\":true,\"valueName\":\"search_term_string\"}}],\"inLanguage\":\"pt-BR\"},{\"@type\":\"Organization\",\"@id\":\"https:\/\/www.vydence.com\/pt-br\/#organization\",\"name\":\"VYDENCE\",\"url\":\"https:\/\/www.vydence.com\/pt-br\/\",\"logo\":{\"@type\":\"ImageObject\",\"inLanguage\":\"pt-BR\",\"@id\":\"https:\/\/www.vydence.com\/pt-br\/#\/schema\/logo\/image\/\",\"url\":\"https:\/\/www.vydence.com\/wp-content\/uploads\/2024\/11\/Logo.svg\",\"contentUrl\":\"https:\/\/www.vydence.com\/wp-content\/uploads\/2024\/11\/Logo.svg\",\"width\":149,\"height\":40,\"caption\":\"VYDENCE\"},\"image\":{\"@id\":\"https:\/\/www.vydence.com\/pt-br\/#\/schema\/logo\/image\/\"},\"sameAs\":[\"https:\/\/www.facebook.com\/VYDENCE\"]},{\"@type\":\"Person\",\"@id\":\"https:\/\/www.vydence.com\/pt-br\/#\/schema\/person\/d07e11658f9624d2d5344c62489f5fed\",\"name\":\"admin\",\"image\":{\"@type\":\"ImageObject\",\"inLanguage\":\"pt-BR\",\"@id\":\"https:\/\/www.vydence.com\/pt-br\/#\/schema\/person\/image\/\",\"url\":\"https:\/\/secure.gravatar.com\/avatar\/1625555f260264654c853a64f2eddfbd5d054ef40597af8b97dc8461ef04e355?s=96&d=mm&r=g\",\"contentUrl\":\"https:\/\/secure.gravatar.com\/avatar\/1625555f260264654c853a64f2eddfbd5d054ef40597af8b97dc8461ef04e355?s=96&d=mm&r=g\",\"caption\":\"admin\"},\"sameAs\":[\"https:\/\/www.vydence.com\"],\"url\":\"https:\/\/www.vydence.com\/pt-br\/author\/ericknc\/\"}]}<\/script>\n<!-- \/ Yoast SEO Premium plugin. -->","yoast_head_json":{"title":"C\u00f3digo de defesa do consumidor aplica-se a rela\u00e7\u00e3o m\u00e9dico-paciente?","description":"ratar a rela\u00e7\u00e3o m\u00e9dico-paciente como de consumo traz um sentimento de frieza. Juridicamente, por\u00e9m, \u00e9 a realidade do c\u00f3digo de defesa do consumidor.","robots":{"index":"index","follow":"follow","max-snippet":"max-snippet:-1","max-image-preview":"max-image-preview:large","max-video-preview":"max-video-preview:-1"},"canonical":"https:\/\/www.vydence.com\/pt-br\/codigo-de-defesa-do-consumidor\/","og_locale":"pt_BR","og_type":"article","og_title":"C\u00f3digo de defesa do consumidor aplica-se a rela\u00e7\u00e3o m\u00e9dico-paciente?","og_description":"ratar a rela\u00e7\u00e3o m\u00e9dico-paciente como de consumo traz um sentimento de frieza. Juridicamente, por\u00e9m, \u00e9 a realidade do c\u00f3digo de defesa do consumidor.","og_url":"https:\/\/www.vydence.com\/pt-br\/codigo-de-defesa-do-consumidor\/","og_site_name":"VYDENCE","article_publisher":"https:\/\/www.facebook.com\/VYDENCE","article_published_time":"2019-06-17T22:04:38+00:00","og_image":[{"width":2000,"height":1334,"url":"https:\/\/www.vydence.com\/wp-content\/uploads\/2018\/08\/codigo-de-defesa-do-consumidor-1.jpg","type":"image\/jpeg"}],"author":"admin","twitter_card":"summary_large_image","twitter_misc":{"Escrito por":"admin","Est. tempo de leitura":"4 minutos"},"schema":{"@context":"https:\/\/schema.org","@graph":[{"@type":"Article","@id":"https:\/\/www.vydence.com\/pt-br\/codigo-de-defesa-do-consumidor\/#article","isPartOf":{"@id":"https:\/\/www.vydence.com\/pt-br\/codigo-de-defesa-do-consumidor\/"},"author":{"name":"admin","@id":"https:\/\/www.vydence.com\/pt-br\/#\/schema\/person\/d07e11658f9624d2d5344c62489f5fed"},"headline":"C\u00f3digo de defesa do consumidor aplica-se a rela\u00e7\u00e3o m\u00e9dico-paciente?","datePublished":"2019-06-17T22:04:38+00:00","mainEntityOfPage":{"@id":"https:\/\/www.vydence.com\/pt-br\/codigo-de-defesa-do-consumidor\/"},"wordCount":751,"commentCount":0,"publisher":{"@id":"https:\/\/www.vydence.com\/pt-br\/#organization"},"image":{"@id":"https:\/\/www.vydence.com\/pt-br\/codigo-de-defesa-do-consumidor\/#primaryimage"},"thumbnailUrl":"https:\/\/www.vydence.com\/wp-content\/uploads\/2018\/08\/codigo-de-defesa-do-consumidor-1.jpg","articleSection":["Geral"],"inLanguage":"pt-BR","potentialAction":[{"@type":"CommentAction","name":"Comment","target":["https:\/\/www.vydence.com\/pt-br\/codigo-de-defesa-do-consumidor\/#respond"]}]},{"@type":"WebPage","@id":"https:\/\/www.vydence.com\/pt-br\/codigo-de-defesa-do-consumidor\/","url":"https:\/\/www.vydence.com\/pt-br\/codigo-de-defesa-do-consumidor\/","name":"C\u00f3digo de defesa do consumidor aplica-se a rela\u00e7\u00e3o m\u00e9dico-paciente?","isPartOf":{"@id":"https:\/\/www.vydence.com\/pt-br\/#website"},"primaryImageOfPage":{"@id":"https:\/\/www.vydence.com\/pt-br\/codigo-de-defesa-do-consumidor\/#primaryimage"},"image":{"@id":"https:\/\/www.vydence.com\/pt-br\/codigo-de-defesa-do-consumidor\/#primaryimage"},"thumbnailUrl":"https:\/\/www.vydence.com\/wp-content\/uploads\/2018\/08\/codigo-de-defesa-do-consumidor-1.jpg","datePublished":"2019-06-17T22:04:38+00:00","description":"ratar a rela\u00e7\u00e3o m\u00e9dico-paciente como de consumo traz um sentimento de frieza. Juridicamente, por\u00e9m, \u00e9 a realidade do c\u00f3digo de defesa do consumidor.","breadcrumb":{"@id":"https:\/\/www.vydence.com\/pt-br\/codigo-de-defesa-do-consumidor\/#breadcrumb"},"inLanguage":"pt-BR","potentialAction":[{"@type":"ReadAction","target":["https:\/\/www.vydence.com\/pt-br\/codigo-de-defesa-do-consumidor\/"]}]},{"@type":"ImageObject","inLanguage":"pt-BR","@id":"https:\/\/www.vydence.com\/pt-br\/codigo-de-defesa-do-consumidor\/#primaryimage","url":"https:\/\/www.vydence.com\/wp-content\/uploads\/2018\/08\/codigo-de-defesa-do-consumidor-1.jpg","contentUrl":"https:\/\/www.vydence.com\/wp-content\/uploads\/2018\/08\/codigo-de-defesa-do-consumidor-1.jpg","width":2000,"height":1334,"caption":"co\u0301digo de defesa do consumidor"},{"@type":"BreadcrumbList","@id":"https:\/\/www.vydence.com\/pt-br\/codigo-de-defesa-do-consumidor\/#breadcrumb","itemListElement":[{"@type":"ListItem","position":1,"name":"In\u00edcio","item":"https:\/\/www.vydence.com\/pt-br\/"},{"@type":"ListItem","position":2,"name":"C\u00f3digo de defesa do consumidor aplica-se a rela\u00e7\u00e3o m\u00e9dico-paciente?"}]},{"@type":"WebSite","@id":"https:\/\/www.vydence.com\/pt-br\/#website","url":"https:\/\/www.vydence.com\/pt-br\/","name":"VYDENCE","description":"","publisher":{"@id":"https:\/\/www.vydence.com\/pt-br\/#organization"},"potentialAction":[{"@type":"SearchAction","target":{"@type":"EntryPoint","urlTemplate":"https:\/\/www.vydence.com\/pt-br\/?s={search_term_string}"},"query-input":{"@type":"PropertyValueSpecification","valueRequired":true,"valueName":"search_term_string"}}],"inLanguage":"pt-BR"},{"@type":"Organization","@id":"https:\/\/www.vydence.com\/pt-br\/#organization","name":"VYDENCE","url":"https:\/\/www.vydence.com\/pt-br\/","logo":{"@type":"ImageObject","inLanguage":"pt-BR","@id":"https:\/\/www.vydence.com\/pt-br\/#\/schema\/logo\/image\/","url":"https:\/\/www.vydence.com\/wp-content\/uploads\/2024\/11\/Logo.svg","contentUrl":"https:\/\/www.vydence.com\/wp-content\/uploads\/2024\/11\/Logo.svg","width":149,"height":40,"caption":"VYDENCE"},"image":{"@id":"https:\/\/www.vydence.com\/pt-br\/#\/schema\/logo\/image\/"},"sameAs":["https:\/\/www.facebook.com\/VYDENCE"]},{"@type":"Person","@id":"https:\/\/www.vydence.com\/pt-br\/#\/schema\/person\/d07e11658f9624d2d5344c62489f5fed","name":"admin","image":{"@type":"ImageObject","inLanguage":"pt-BR","@id":"https:\/\/www.vydence.com\/pt-br\/#\/schema\/person\/image\/","url":"https:\/\/secure.gravatar.com\/avatar\/1625555f260264654c853a64f2eddfbd5d054ef40597af8b97dc8461ef04e355?s=96&d=mm&r=g","contentUrl":"https:\/\/secure.gravatar.com\/avatar\/1625555f260264654c853a64f2eddfbd5d054ef40597af8b97dc8461ef04e355?s=96&d=mm&r=g","caption":"admin"},"sameAs":["https:\/\/www.vydence.com"],"url":"https:\/\/www.vydence.com\/pt-br\/author\/ericknc\/"}]}},"_links":{"self":[{"href":"https:\/\/www.vydence.com\/pt-br\/wp-json\/wp\/v2\/posts\/15337","targetHints":{"allow":["GET"]}}],"collection":[{"href":"https:\/\/www.vydence.com\/pt-br\/wp-json\/wp\/v2\/posts"}],"about":[{"href":"https:\/\/www.vydence.com\/pt-br\/wp-json\/wp\/v2\/types\/post"}],"author":[{"embeddable":true,"href":"https:\/\/www.vydence.com\/pt-br\/wp-json\/wp\/v2\/users\/1"}],"replies":[{"embeddable":true,"href":"https:\/\/www.vydence.com\/pt-br\/wp-json\/wp\/v2\/comments?post=15337"}],"version-history":[{"count":0,"href":"https:\/\/www.vydence.com\/pt-br\/wp-json\/wp\/v2\/posts\/15337\/revisions"}],"wp:featuredmedia":[{"embeddable":true,"href":"https:\/\/www.vydence.com\/pt-br\/wp-json\/wp\/v2\/media\/19114"}],"wp:attachment":[{"href":"https:\/\/www.vydence.com\/pt-br\/wp-json\/wp\/v2\/media?parent=15337"}],"wp:term":[{"taxonomy":"category","embeddable":true,"href":"https:\/\/www.vydence.com\/pt-br\/wp-json\/wp\/v2\/categories?post=15337"},{"taxonomy":"post_tag","embeddable":true,"href":"https:\/\/www.vydence.com\/pt-br\/wp-json\/wp\/v2\/tags?post=15337"}],"curies":[{"name":"wp","href":"https:\/\/api.w.org\/{rel}","templated":true}]}}