{"id":15332,"date":"2019-06-15T21:58:03","date_gmt":"2019-06-15T21:58:03","guid":{"rendered":"https:\/\/www.vydence.com\/?p=15332"},"modified":"2019-06-15T21:58:03","modified_gmt":"2019-06-15T21:58:03","slug":"etica-medica","status":"publish","type":"post","link":"https:\/\/www.vydence.com\/pt-br\/etica-medica\/","title":{"rendered":"Novo c\u00f3digo de \u00e9tica m\u00e9dica: saiba o que mudou"},"content":{"rendered":"\n[et_pb_section fb_built=&#8221;1&#8243; _builder_version=&#8221;3.22.3&#8243;][et_pb_row _builder_version=&#8221;3.22.3&#8243; background_size=&#8221;initial&#8221; background_position=&#8221;top_left&#8221; background_repeat=&#8221;repeat&#8221;][et_pb_column type=&#8221;4_4&#8243; _builder_version=&#8221;3.0.47&#8243;][et_pb_text _builder_version=&#8221;3.15&#8243;]<p><span style=\"font-weight: 400;\">Ap\u00f3s 3 anos de an\u00e1lises e debates, entrou em vigor, em 30 de abril de 2019, o <\/span><a href=\"http:\/\/www.portalmedico.org.br\/novocodigo\/integra.asp\"><span style=\"font-weight: 400;\">novo c\u00f3digo de \u00e9tica m\u00e9dica<\/span><\/a><span style=\"font-weight: 400;\">. A ideia principal foi aliar a inova\u00e7\u00e3o da medicina \u00e0 preserva\u00e7\u00e3o dos princ\u00edpios basilares que sempre orientaram a profiss\u00e3o.<\/span><\/p>\n<p><span style=\"font-weight: 400;\">O documento \u00e9 um conjunto de princ\u00edpios que trata sobre limites, compromissos e direitos assumidos pelos m\u00e9dicos no exerc\u00edcio da profiss\u00e3o. S\u00e3o 26 princ\u00edpios e 120 normas sobre a atividade. Conhe\u00e7a as novidades!<\/span><\/p>\n<p><span style=\"font-weight: 400;\"><\/span><\/p>\n<h2><span style=\"font-weight: 400;\">Normas sobre redes sociais<\/span><\/h2>\n<p><span style=\"font-weight: 400;\">A modifica\u00e7\u00e3o das rela\u00e7\u00f5es pessoais e profissionais com o advento da transforma\u00e7\u00e3o digital fez com que todas as atividades se adequassem aos novos meios de comunica\u00e7\u00e3o. Na medicina, as redes sociais se tornaram ferramentas importantes de <\/span><a href=\"https:\/\/www.vydence.com\/pt-br\/automacao-de-marketing-na-medicina\/\"><span style=\"font-weight: 400;\">marketing<\/span><\/a><span style=\"font-weight: 400;\">, mas n\u00e3o pode desrespeitar os demais princ\u00edpios estabelecidos no c\u00f3digo de \u00e9tica m\u00e9dica.<\/span><\/p>\n<p><span style=\"font-weight: 400;\">Por isso, o novo c\u00f3digo trouxe explicitamente a obrigatoriedade dos m\u00e9dicos observarem as normas do Conselho Federal de Medicina no <\/span><a href=\"https:\/\/www.vydence.com\/pt-br\/redes-sociais-para-medicos\/\"><span style=\"font-weight: 400;\">uso das m\u00eddias sociais<\/span><\/a><span style=\"font-weight: 400;\">. Assim disp\u00f5e art. 37, \u00a72\u00ba: \u201cAo utilizar m\u00eddias sociais e instrumentos correlatos, o m\u00e9dico deve respeitar as normas elaboradas pelo Conselho Federal de Medicina\u201d.<\/span><\/p>\n<p><span style=\"font-weight: 400;\">O mesmo vale para a oferta de servi\u00e7os m\u00e9dicos \u00e0 dist\u00e2ncia (<\/span><a href=\"https:\/\/www.vydence.com\/pt-br\/telemedicina\/\"><span style=\"font-weight: 400;\">telemedicina<\/span><\/a><span style=\"font-weight: 400;\">), por meio da tecnologia.<\/span><\/p>\n<p><span style=\"font-weight: 400;\"><\/span><\/p>\n<h2><span style=\"font-weight: 400;\">M\u00e9dico com defici\u00eancia ou doen\u00e7a cr\u00f4nica<\/span><\/h2>\n<p><span style=\"font-weight: 400;\">Uma das principais novidades do c\u00f3digo de \u00e9tica m\u00e9dica \u00e9 o respeito ao m\u00e9dico com defici\u00eancia ou doen\u00e7a cr\u00f4nica. O documento assegura a esse profissional o direito ao exerc\u00edcio de suas atividades profissionais nos limites de sua capacidade e de exerc\u00ea-las sem colocar em risco a vida e a sa\u00fade de seus <\/span><a href=\"https:\/\/www.vydence.com\/pt-br\/tipos-de-pacientes\/\"><span style=\"font-weight: 400;\">pacientes<\/span><\/a><span style=\"font-weight: 400;\">.<\/span><\/p>\n<p><span style=\"font-weight: 400;\"><\/span><\/p>\n<h2><span style=\"font-weight: 400;\">Prontu\u00e1rio<\/span><\/h2>\n<p><span style=\"font-weight: 400;\">No c\u00f3digo de \u00e9tica m\u00e9dica anterior, o prontu\u00e1rio s\u00f3 poderia ser disponibilizado, quando requisitado judicialmente, a um perito nomeado pelo juiz. As normas atuais autorizam o m\u00e9dico a encaminhar c\u00f3pias do documento sob sua guarda diretamente ao ju\u00edzo requisitante. \u00c9 bom lembrar que o prontu\u00e1rio \u00e9 considerado pelo c\u00f3digo como o principal documento da rela\u00e7\u00e3o profissional.<\/span><\/p>\n<p><span style=\"font-weight: 400;\">Outro avan\u00e7o diz respeito \u00e0 elabora\u00e7\u00e3o do sum\u00e1rio de alta e entrega ao paciente quando solicitado. Esse documento \u00e9 fundamental para facilitar a transi\u00e7\u00e3o do cuidado de uma forma mais segura. Ele orienta a continuidade do tratamento do paciente e faz a comunica\u00e7\u00e3o entre profissionais e servi\u00e7os m\u00e9dicos de diversas naturezas.<\/span><\/p>\n<p><span style=\"font-weight: 400;\"><\/span><\/p>\n<h2><span style=\"font-weight: 400;\">Pesquisas<\/span><\/h2>\n<p><span style=\"font-weight: 400;\">As normas sobre pesquisa no novo c\u00f3digo de \u00e9tica m\u00e9dica abordam importantes t\u00f3picos da atividade, como:<\/span><\/p>\n<ul>\n<li style=\"font-weight: 400;\"><span style=\"font-weight: 400;\">Prote\u00e7\u00e3o de participantes vulner\u00e1veis (menores de idade, pessoas com defici\u00eancia f\u00edsica ou intelectual, pessoas com discernimento reduzido): ser\u00e1 preciso ter o consentimento do representante legal e seu assentimento livre e esclarecido na medida de sua compreens\u00e3o;<\/span><\/li>\n<li style=\"font-weight: 400;\"><span style=\"font-weight: 400;\">Veda\u00e7\u00e3o ao m\u00e9dico de manuten\u00e7\u00e3o de v\u00ednculo de qualquer natureza com pesquisas m\u00e9dicas em seres humanos que usem placebo de maneira isolada em experimentos, diante da exist\u00eancia de m\u00e9todo profil\u00e1tico ou terap\u00eautico eficaz;<\/span><\/li>\n<li style=\"font-weight: 400;\"><span style=\"font-weight: 400;\">Veda\u00e7\u00e3o ao uso de placebo isolado, quando n\u00e3o se usa nenhuma medica\u00e7\u00e3o eficaz (norma j\u00e1 existente);<\/span><\/li>\n<li style=\"font-weight: 400;\"><span style=\"font-weight: 400;\">Permiss\u00e3o aos placebos de mascaramento.<\/span><span style=\"font-weight: 400;\"><\/span><\/li>\n<\/ul>\n<p><span style=\"font-weight: 400;\"><\/span><\/p>\n<p><span style=\"font-weight: 400;\">O novo C\u00f3digo de \u00c9tica M\u00e9dica ainda mant\u00e9m princ\u00edpios importantes, como a autonomia do paciente, o respeito \u00e0 sua dignidade quando em estado terminal, o sigilo m\u00e9dico-paciente, \u00e0 proibi\u00e7\u00e3o \u00e0 cobran\u00e7a de honor\u00e1rios de pacientes usu\u00e1rios da sa\u00fade p\u00fablica e muito mais.<\/span><\/p>\n<p><span style=\"font-weight: 400;\">Quer mais conte\u00fados sobre a atua\u00e7\u00e3o m\u00e9dica?\u00a0<a href=\"https:\/\/www.linkedin.com\/company\/vydence-medical\/\">Curta nosso perfil no LinkedIn!<\/a><\/span><\/p>[\/et_pb_text][\/et_pb_column][\/et_pb_row][et_pb_row _builder_version=&#8221;3.22.3&#8243;][et_pb_column type=&#8221;4_4&#8243; _builder_version=&#8221;3.21.4&#8243;][et_pb_image src=&#8221;https:\/\/www.vydence.com\/wp-content\/uploads\/2018\/08\/Conhec\u0327a-nossas-soluc\u0327o\u0303es-em-laser-1-1024&#215;640-1.jpg&#8221; url=&#8221;https:\/\/www.vydence.com\/?utm_source=Blog&#038;utm_medium=banner&#038;utm_campaign=banner_blog&#8221; url_new_window=&#8221;on&#8221; align_tablet=&#8221;center&#8221; align_last_edited=&#8221;on|desktop&#8221; _builder_version=&#8221;3.23&#8243;][\/et_pb_image][\/et_pb_column][\/et_pb_row][\/et_pb_section]\n","protected":false},"excerpt":{"rendered":"<p>Ap\u00f3s 3 anos de an\u00e1lises e debates, entrou em vigor, em 30 de abril de 2019, o novo c\u00f3digo de \u00e9tica m\u00e9dica. A ideia principal foi aliar a inova\u00e7\u00e3o da medicina \u00e0 preserva\u00e7\u00e3o dos princ\u00edpios basilares que sempre orientaram a profiss\u00e3o. O documento \u00e9 um conjunto de princ\u00edpios que trata sobre limites, compromissos e direitos [&hellip;]<\/p>\n","protected":false},"author":1,"featured_media":15331,"comment_status":"open","ping_status":"open","sticky":false,"template":"","format":"standard","meta":{"_et_pb_use_builder":"on","_et_pb_old_content":"","_et_gb_content_width":"","inline_featured_image":false,"footnotes":""},"categories":[46],"tags":[],"class_list":["post-15332","post","type-post","status-publish","format-standard","has-post-thumbnail","hentry","category-geral"],"yoast_head":"<!-- This site is optimized with the Yoast SEO Premium plugin v27.1 (Yoast SEO v27.1.1) - https:\/\/yoast.com\/product\/yoast-seo-premium-wordpress\/ -->\n<title>Novo c\u00f3digo de \u00e9tica m\u00e9dica: saiba o que mudou - VYDENCE<\/title>\n<meta name=\"description\" content=\"Ap\u00f3s 3 anos de an\u00e1lises e debates, entrou em vigor, em 30 de abril de 2019, o novo c\u00f3digo de \u00e9tica m\u00e9dica. Conhe\u00e7a as novidades!\" \/>\n<meta name=\"robots\" content=\"index, follow, max-snippet:-1, max-image-preview:large, max-video-preview:-1\" \/>\n<link rel=\"canonical\" href=\"https:\/\/www.vydence.com\/pt-br\/etica-medica\/\" \/>\n<meta property=\"og:locale\" content=\"pt_BR\" \/>\n<meta property=\"og:type\" content=\"article\" \/>\n<meta property=\"og:title\" content=\"Novo c\u00f3digo de \u00e9tica m\u00e9dica: saiba o que mudou\" \/>\n<meta property=\"og:description\" content=\"Ap\u00f3s 3 anos de an\u00e1lises e debates, entrou em vigor, em 30 de abril de 2019, o novo c\u00f3digo de \u00e9tica m\u00e9dica. Conhe\u00e7a as novidades!\" \/>\n<meta property=\"og:url\" content=\"https:\/\/www.vydence.com\/pt-br\/etica-medica\/\" \/>\n<meta property=\"og:site_name\" content=\"VYDENCE\" \/>\n<meta property=\"article:publisher\" content=\"https:\/\/www.facebook.com\/VYDENCE\" \/>\n<meta property=\"article:published_time\" content=\"2019-06-15T21:58:03+00:00\" \/>\n<meta property=\"og:image\" content=\"https:\/\/www.vydence.com\/wp-content\/uploads\/2018\/08\/etica-medica.jpg\" \/>\n\t<meta property=\"og:image:width\" content=\"1000\" \/>\n\t<meta property=\"og:image:height\" content=\"667\" \/>\n\t<meta property=\"og:image:type\" content=\"image\/jpeg\" \/>\n<meta name=\"author\" content=\"admin\" \/>\n<meta name=\"twitter:card\" content=\"summary_large_image\" \/>\n<meta name=\"twitter:label1\" content=\"Escrito por\" \/>\n\t<meta name=\"twitter:data1\" content=\"admin\" \/>\n\t<meta name=\"twitter:label2\" content=\"Est. tempo de leitura\" \/>\n\t<meta name=\"twitter:data2\" content=\"4 minutos\" \/>\n<script type=\"application\/ld+json\" class=\"yoast-schema-graph\">{\"@context\":\"https:\/\/schema.org\",\"@graph\":[{\"@type\":\"Article\",\"@id\":\"https:\/\/www.vydence.com\/pt-br\/etica-medica\/#article\",\"isPartOf\":{\"@id\":\"https:\/\/www.vydence.com\/pt-br\/etica-medica\/\"},\"author\":{\"name\":\"admin\",\"@id\":\"https:\/\/www.vydence.com\/pt-br\/#\/schema\/person\/d07e11658f9624d2d5344c62489f5fed\"},\"headline\":\"Novo c\u00f3digo de \u00e9tica m\u00e9dica: saiba o que mudou\",\"datePublished\":\"2019-06-15T21:58:03+00:00\",\"mainEntityOfPage\":{\"@id\":\"https:\/\/www.vydence.com\/pt-br\/etica-medica\/\"},\"wordCount\":722,\"commentCount\":0,\"publisher\":{\"@id\":\"https:\/\/www.vydence.com\/pt-br\/#organization\"},\"image\":{\"@id\":\"https:\/\/www.vydence.com\/pt-br\/etica-medica\/#primaryimage\"},\"thumbnailUrl\":\"https:\/\/www.vydence.com\/wp-content\/uploads\/2018\/08\/etica-medica.jpg\",\"articleSection\":[\"Geral\"],\"inLanguage\":\"pt-BR\",\"potentialAction\":[{\"@type\":\"CommentAction\",\"name\":\"Comment\",\"target\":[\"https:\/\/www.vydence.com\/pt-br\/etica-medica\/#respond\"]}]},{\"@type\":\"WebPage\",\"@id\":\"https:\/\/www.vydence.com\/pt-br\/etica-medica\/\",\"url\":\"https:\/\/www.vydence.com\/pt-br\/etica-medica\/\",\"name\":\"Novo c\u00f3digo de \u00e9tica m\u00e9dica: saiba o que mudou - VYDENCE\",\"isPartOf\":{\"@id\":\"https:\/\/www.vydence.com\/pt-br\/#website\"},\"primaryImageOfPage\":{\"@id\":\"https:\/\/www.vydence.com\/pt-br\/etica-medica\/#primaryimage\"},\"image\":{\"@id\":\"https:\/\/www.vydence.com\/pt-br\/etica-medica\/#primaryimage\"},\"thumbnailUrl\":\"https:\/\/www.vydence.com\/wp-content\/uploads\/2018\/08\/etica-medica.jpg\",\"datePublished\":\"2019-06-15T21:58:03+00:00\",\"description\":\"Ap\u00f3s 3 anos de an\u00e1lises e debates, entrou em vigor, em 30 de abril de 2019, o novo c\u00f3digo de \u00e9tica m\u00e9dica. Conhe\u00e7a as novidades!\",\"breadcrumb\":{\"@id\":\"https:\/\/www.vydence.com\/pt-br\/etica-medica\/#breadcrumb\"},\"inLanguage\":\"pt-BR\",\"potentialAction\":[{\"@type\":\"ReadAction\",\"target\":[\"https:\/\/www.vydence.com\/pt-br\/etica-medica\/\"]}]},{\"@type\":\"ImageObject\",\"inLanguage\":\"pt-BR\",\"@id\":\"https:\/\/www.vydence.com\/pt-br\/etica-medica\/#primaryimage\",\"url\":\"https:\/\/www.vydence.com\/wp-content\/uploads\/2018\/08\/etica-medica.jpg\",\"contentUrl\":\"https:\/\/www.vydence.com\/wp-content\/uploads\/2018\/08\/etica-medica.jpg\",\"width\":1000,\"height\":667,\"caption\":\"e\u0301tica me\u0301dica\"},{\"@type\":\"BreadcrumbList\",\"@id\":\"https:\/\/www.vydence.com\/pt-br\/etica-medica\/#breadcrumb\",\"itemListElement\":[{\"@type\":\"ListItem\",\"position\":1,\"name\":\"In\u00edcio\",\"item\":\"https:\/\/www.vydence.com\/pt-br\/\"},{\"@type\":\"ListItem\",\"position\":2,\"name\":\"Novo c\u00f3digo de \u00e9tica m\u00e9dica: saiba o que mudou\"}]},{\"@type\":\"WebSite\",\"@id\":\"https:\/\/www.vydence.com\/pt-br\/#website\",\"url\":\"https:\/\/www.vydence.com\/pt-br\/\",\"name\":\"VYDENCE\",\"description\":\"\",\"publisher\":{\"@id\":\"https:\/\/www.vydence.com\/pt-br\/#organization\"},\"potentialAction\":[{\"@type\":\"SearchAction\",\"target\":{\"@type\":\"EntryPoint\",\"urlTemplate\":\"https:\/\/www.vydence.com\/pt-br\/?s={search_term_string}\"},\"query-input\":{\"@type\":\"PropertyValueSpecification\",\"valueRequired\":true,\"valueName\":\"search_term_string\"}}],\"inLanguage\":\"pt-BR\"},{\"@type\":\"Organization\",\"@id\":\"https:\/\/www.vydence.com\/pt-br\/#organization\",\"name\":\"VYDENCE\",\"url\":\"https:\/\/www.vydence.com\/pt-br\/\",\"logo\":{\"@type\":\"ImageObject\",\"inLanguage\":\"pt-BR\",\"@id\":\"https:\/\/www.vydence.com\/pt-br\/#\/schema\/logo\/image\/\",\"url\":\"https:\/\/www.vydence.com\/wp-content\/uploads\/2024\/11\/Logo.svg\",\"contentUrl\":\"https:\/\/www.vydence.com\/wp-content\/uploads\/2024\/11\/Logo.svg\",\"width\":149,\"height\":40,\"caption\":\"VYDENCE\"},\"image\":{\"@id\":\"https:\/\/www.vydence.com\/pt-br\/#\/schema\/logo\/image\/\"},\"sameAs\":[\"https:\/\/www.facebook.com\/VYDENCE\"]},{\"@type\":\"Person\",\"@id\":\"https:\/\/www.vydence.com\/pt-br\/#\/schema\/person\/d07e11658f9624d2d5344c62489f5fed\",\"name\":\"admin\",\"image\":{\"@type\":\"ImageObject\",\"inLanguage\":\"pt-BR\",\"@id\":\"https:\/\/www.vydence.com\/pt-br\/#\/schema\/person\/image\/\",\"url\":\"https:\/\/secure.gravatar.com\/avatar\/1625555f260264654c853a64f2eddfbd5d054ef40597af8b97dc8461ef04e355?s=96&d=mm&r=g\",\"contentUrl\":\"https:\/\/secure.gravatar.com\/avatar\/1625555f260264654c853a64f2eddfbd5d054ef40597af8b97dc8461ef04e355?s=96&d=mm&r=g\",\"caption\":\"admin\"},\"sameAs\":[\"https:\/\/www.vydence.com\"],\"url\":\"https:\/\/www.vydence.com\/pt-br\/author\/ericknc\/\"}]}<\/script>\n<!-- \/ Yoast SEO Premium plugin. -->","yoast_head_json":{"title":"Novo c\u00f3digo de \u00e9tica m\u00e9dica: saiba o que mudou - VYDENCE","description":"Ap\u00f3s 3 anos de an\u00e1lises e debates, entrou em vigor, em 30 de abril de 2019, o novo c\u00f3digo de \u00e9tica m\u00e9dica. Conhe\u00e7a as novidades!","robots":{"index":"index","follow":"follow","max-snippet":"max-snippet:-1","max-image-preview":"max-image-preview:large","max-video-preview":"max-video-preview:-1"},"canonical":"https:\/\/www.vydence.com\/pt-br\/etica-medica\/","og_locale":"pt_BR","og_type":"article","og_title":"Novo c\u00f3digo de \u00e9tica m\u00e9dica: saiba o que mudou","og_description":"Ap\u00f3s 3 anos de an\u00e1lises e debates, entrou em vigor, em 30 de abril de 2019, o novo c\u00f3digo de \u00e9tica m\u00e9dica. Conhe\u00e7a as novidades!","og_url":"https:\/\/www.vydence.com\/pt-br\/etica-medica\/","og_site_name":"VYDENCE","article_publisher":"https:\/\/www.facebook.com\/VYDENCE","article_published_time":"2019-06-15T21:58:03+00:00","og_image":[{"width":1000,"height":667,"url":"https:\/\/www.vydence.com\/wp-content\/uploads\/2018\/08\/etica-medica.jpg","type":"image\/jpeg"}],"author":"admin","twitter_card":"summary_large_image","twitter_misc":{"Escrito por":"admin","Est. tempo de leitura":"4 minutos"},"schema":{"@context":"https:\/\/schema.org","@graph":[{"@type":"Article","@id":"https:\/\/www.vydence.com\/pt-br\/etica-medica\/#article","isPartOf":{"@id":"https:\/\/www.vydence.com\/pt-br\/etica-medica\/"},"author":{"name":"admin","@id":"https:\/\/www.vydence.com\/pt-br\/#\/schema\/person\/d07e11658f9624d2d5344c62489f5fed"},"headline":"Novo c\u00f3digo de \u00e9tica m\u00e9dica: saiba o que mudou","datePublished":"2019-06-15T21:58:03+00:00","mainEntityOfPage":{"@id":"https:\/\/www.vydence.com\/pt-br\/etica-medica\/"},"wordCount":722,"commentCount":0,"publisher":{"@id":"https:\/\/www.vydence.com\/pt-br\/#organization"},"image":{"@id":"https:\/\/www.vydence.com\/pt-br\/etica-medica\/#primaryimage"},"thumbnailUrl":"https:\/\/www.vydence.com\/wp-content\/uploads\/2018\/08\/etica-medica.jpg","articleSection":["Geral"],"inLanguage":"pt-BR","potentialAction":[{"@type":"CommentAction","name":"Comment","target":["https:\/\/www.vydence.com\/pt-br\/etica-medica\/#respond"]}]},{"@type":"WebPage","@id":"https:\/\/www.vydence.com\/pt-br\/etica-medica\/","url":"https:\/\/www.vydence.com\/pt-br\/etica-medica\/","name":"Novo c\u00f3digo de \u00e9tica m\u00e9dica: saiba o que mudou - VYDENCE","isPartOf":{"@id":"https:\/\/www.vydence.com\/pt-br\/#website"},"primaryImageOfPage":{"@id":"https:\/\/www.vydence.com\/pt-br\/etica-medica\/#primaryimage"},"image":{"@id":"https:\/\/www.vydence.com\/pt-br\/etica-medica\/#primaryimage"},"thumbnailUrl":"https:\/\/www.vydence.com\/wp-content\/uploads\/2018\/08\/etica-medica.jpg","datePublished":"2019-06-15T21:58:03+00:00","description":"Ap\u00f3s 3 anos de an\u00e1lises e debates, entrou em vigor, em 30 de abril de 2019, o novo c\u00f3digo de \u00e9tica m\u00e9dica. Conhe\u00e7a as novidades!","breadcrumb":{"@id":"https:\/\/www.vydence.com\/pt-br\/etica-medica\/#breadcrumb"},"inLanguage":"pt-BR","potentialAction":[{"@type":"ReadAction","target":["https:\/\/www.vydence.com\/pt-br\/etica-medica\/"]}]},{"@type":"ImageObject","inLanguage":"pt-BR","@id":"https:\/\/www.vydence.com\/pt-br\/etica-medica\/#primaryimage","url":"https:\/\/www.vydence.com\/wp-content\/uploads\/2018\/08\/etica-medica.jpg","contentUrl":"https:\/\/www.vydence.com\/wp-content\/uploads\/2018\/08\/etica-medica.jpg","width":1000,"height":667,"caption":"e\u0301tica me\u0301dica"},{"@type":"BreadcrumbList","@id":"https:\/\/www.vydence.com\/pt-br\/etica-medica\/#breadcrumb","itemListElement":[{"@type":"ListItem","position":1,"name":"In\u00edcio","item":"https:\/\/www.vydence.com\/pt-br\/"},{"@type":"ListItem","position":2,"name":"Novo c\u00f3digo de \u00e9tica m\u00e9dica: saiba o que mudou"}]},{"@type":"WebSite","@id":"https:\/\/www.vydence.com\/pt-br\/#website","url":"https:\/\/www.vydence.com\/pt-br\/","name":"VYDENCE","description":"","publisher":{"@id":"https:\/\/www.vydence.com\/pt-br\/#organization"},"potentialAction":[{"@type":"SearchAction","target":{"@type":"EntryPoint","urlTemplate":"https:\/\/www.vydence.com\/pt-br\/?s={search_term_string}"},"query-input":{"@type":"PropertyValueSpecification","valueRequired":true,"valueName":"search_term_string"}}],"inLanguage":"pt-BR"},{"@type":"Organization","@id":"https:\/\/www.vydence.com\/pt-br\/#organization","name":"VYDENCE","url":"https:\/\/www.vydence.com\/pt-br\/","logo":{"@type":"ImageObject","inLanguage":"pt-BR","@id":"https:\/\/www.vydence.com\/pt-br\/#\/schema\/logo\/image\/","url":"https:\/\/www.vydence.com\/wp-content\/uploads\/2024\/11\/Logo.svg","contentUrl":"https:\/\/www.vydence.com\/wp-content\/uploads\/2024\/11\/Logo.svg","width":149,"height":40,"caption":"VYDENCE"},"image":{"@id":"https:\/\/www.vydence.com\/pt-br\/#\/schema\/logo\/image\/"},"sameAs":["https:\/\/www.facebook.com\/VYDENCE"]},{"@type":"Person","@id":"https:\/\/www.vydence.com\/pt-br\/#\/schema\/person\/d07e11658f9624d2d5344c62489f5fed","name":"admin","image":{"@type":"ImageObject","inLanguage":"pt-BR","@id":"https:\/\/www.vydence.com\/pt-br\/#\/schema\/person\/image\/","url":"https:\/\/secure.gravatar.com\/avatar\/1625555f260264654c853a64f2eddfbd5d054ef40597af8b97dc8461ef04e355?s=96&d=mm&r=g","contentUrl":"https:\/\/secure.gravatar.com\/avatar\/1625555f260264654c853a64f2eddfbd5d054ef40597af8b97dc8461ef04e355?s=96&d=mm&r=g","caption":"admin"},"sameAs":["https:\/\/www.vydence.com"],"url":"https:\/\/www.vydence.com\/pt-br\/author\/ericknc\/"}]}},"_links":{"self":[{"href":"https:\/\/www.vydence.com\/pt-br\/wp-json\/wp\/v2\/posts\/15332","targetHints":{"allow":["GET"]}}],"collection":[{"href":"https:\/\/www.vydence.com\/pt-br\/wp-json\/wp\/v2\/posts"}],"about":[{"href":"https:\/\/www.vydence.com\/pt-br\/wp-json\/wp\/v2\/types\/post"}],"author":[{"embeddable":true,"href":"https:\/\/www.vydence.com\/pt-br\/wp-json\/wp\/v2\/users\/1"}],"replies":[{"embeddable":true,"href":"https:\/\/www.vydence.com\/pt-br\/wp-json\/wp\/v2\/comments?post=15332"}],"version-history":[{"count":0,"href":"https:\/\/www.vydence.com\/pt-br\/wp-json\/wp\/v2\/posts\/15332\/revisions"}],"wp:featuredmedia":[{"embeddable":true,"href":"https:\/\/www.vydence.com\/pt-br\/wp-json\/wp\/v2\/media\/15331"}],"wp:attachment":[{"href":"https:\/\/www.vydence.com\/pt-br\/wp-json\/wp\/v2\/media?parent=15332"}],"wp:term":[{"taxonomy":"category","embeddable":true,"href":"https:\/\/www.vydence.com\/pt-br\/wp-json\/wp\/v2\/categories?post=15332"},{"taxonomy":"post_tag","embeddable":true,"href":"https:\/\/www.vydence.com\/pt-br\/wp-json\/wp\/v2\/tags?post=15332"}],"curies":[{"name":"wp","href":"https:\/\/api.w.org\/{rel}","templated":true}]}}