{"id":13757,"date":"2018-11-16T18:39:21","date_gmt":"2018-11-16T18:39:21","guid":{"rendered":"http:\/\/vydence.com\/blog\/?p=407"},"modified":"2018-11-16T18:39:21","modified_gmt":"2018-11-16T18:39:21","slug":"gestao-do-tempo","status":"publish","type":"post","link":"https:\/\/www.vydence.com\/pt-br\/gestao-do-tempo\/","title":{"rendered":"Gest\u00e3o do tempo para m\u00e9dicos: como otimizar a rotina de atendimentos"},"content":{"rendered":"\n[et_pb_section fb_built=&#8221;1&#8243; _builder_version=&#8221;3.0.47&#8243;][et_pb_row _builder_version=&#8221;3.0.48&#8243; background_size=&#8221;initial&#8221; background_position=&#8221;top_left&#8221; background_repeat=&#8221;repeat&#8221;][et_pb_column type=&#8221;4_4&#8243; _builder_version=&#8221;3.0.47&#8243;][et_pb_text _builder_version=&#8221;3.15&#8243;]<p><span style=\"font-weight: 400;\">Agenda sobrecarregada, consultas atrasadas e a sensa\u00e7\u00e3o de que o dia deveria durar pelo menos 30 horas para que voc\u00ea pudesse dar conta de tudo. Se identificou? Caso a resposta seja positiva, \u00e9 importante fazer uma pausa e analisar como voc\u00ea tem trabalhado a <\/span><b>gest\u00e3o do tempo<\/b><span style=\"font-weight: 400;\"> no seu consult\u00f3rio.<\/span><\/p>\n<p><span style=\"font-weight: 400;\">A falta de planejamento \u00e9 a principal respons\u00e1vel por uma rotina estressante, que compromete a qualidade dos atendimentos e interfere <\/span><a href=\"http:\/\/vydence.com\/blog\/como-atrair-mais-clientes-para-sua-clinica\/\"><span style=\"font-weight: 400;\">na maneira como os pacientes enxergam o trabalho desenvolvido na sua cl\u00ednica<\/span><\/a><span style=\"font-weight: 400;\">.<\/span><\/p>\n<p><span style=\"font-weight: 400;\">No entanto, algumas medidas simples e que podem ser adotadas imediatamente podem ajudar a mudar esse panorama de uma vez por todas, garantindo <\/span><b>mais agilidade e equil\u00edbrio na agenda<\/b><span style=\"font-weight: 400;\">. Entenda! <\/span><\/p>\n<p>&nbsp;<\/p>\n<h2><span style=\"font-weight: 400;\">3 dicas de gest\u00e3o do tempo para voc\u00ea implementar ainda hoje<\/span><\/h2>\n<h3><span style=\"font-weight: 400;\">1. Aprenda a delegar<\/span><\/h3>\n<p><span style=\"font-weight: 400;\">Se voc\u00ea quer fazer uma gest\u00e3o do tempo mais eficiente e dar fim ao estresse provocado pelo ac\u00famulo de tarefas no dia a dia, <\/span><a href=\"http:\/\/vydence.com\/blog\/modelos-de-gestao\/\"><span style=\"font-weight: 400;\">precisa aprender a delegar<\/span><\/a><span style=\"font-weight: 400;\">.<\/span><\/p>\n<p><span style=\"font-weight: 400;\">Como principal respons\u00e1vel pelo sucesso da sua cl\u00ednica ou consult\u00f3rio, \u00e9 compreens\u00edvel que voc\u00ea queira acompanhar de perto os processos mais importantes. No entanto, isso n\u00e3o quer dizer envolver-se diretamente com essas atividades.<\/span><\/p>\n<p><span style=\"font-weight: 400;\">Uma secret\u00e1ria bem treinada, por exemplo, pode <\/span><b>fazer a gest\u00e3o da sua agenda<\/b><span style=\"font-weight: 400;\">, filtrar liga\u00e7\u00f5es e resolver uma s\u00e9rie de quest\u00f5es administrativas que tomam tempo e n\u00e3o necessitam realmente da sua supervis\u00e3o direta. <\/span><\/p>\n<p><span style=\"font-weight: 400;\">Da mesma maneira, algumas quest\u00f5es financeiras, como o c\u00e1lculo de impostos e o balancete, podem ser feitos por um contador. Cercar-se de <\/span><b>profissionais nos quais voc\u00ea confia<\/b><span style=\"font-weight: 400;\"> \u00e9 uma excelente maneira de ter mais tempo livre para concentrar-se no que realmente interessa: o bem-estar dos seus pacientes.<\/span><\/p>\n<p><span style=\"font-weight: 400;\"><\/span><\/p>\n<h3><span style=\"font-weight: 400;\">2. Utilize a tecnologia a seu favor<\/span><\/h3>\n<p><span style=\"font-weight: 400;\">Para otimizar a gest\u00e3o do tempo no seu consult\u00f3rio, nada melhor do que <\/span><b>lan\u00e7ar m\u00e3o de recursos tecnol\u00f3gicos que facilitam o seu cotidiano<\/b><span style=\"font-weight: 400;\">. Manter o controle da sua agenda em um software de gest\u00e3o de consult\u00f3rios, por exemplo, faz toda a diferen\u00e7a na organiza\u00e7\u00e3o da cl\u00ednica e evita erros ou agendamentos em duplicidade que podem comprometer o seu planejamento.<\/span><\/p>\n<p><span style=\"font-weight: 400;\">Al\u00e9m disso, esses programas oferecem facilidades como o envio de SMS para os pacientes 24 horas antes da consulta, o que <\/span><b>diminui atrasos e faltas e torna seu dia a dia mais produtivo<\/b><span style=\"font-weight: 400;\">.<\/span><\/p>\n<p><span style=\"font-weight: 400;\">Adicionalmente, voc\u00ea tamb\u00e9m pode utilizar aplicativos de gest\u00e3o do tempo que calculam o tempo m\u00e9dio de dura\u00e7\u00e3o de suas consultas e come\u00e7ar a agendar os atendimentos levando em considera\u00e7\u00e3o esse dado. <\/span><\/p>\n<p><span style=\"font-weight: 400;\">A medida permite que voc\u00ea ajuste melhor os intervalos entre um paciente e outro e diminua o tempo de espera, que al\u00e9m de comprometer sua agenda interfere negativamente na <\/span><a href=\"http:\/\/vydence.com\/blog\/recepcao-da-clinica\/\"><span style=\"font-weight: 400;\">qualidade da experi\u00eancia dos seus clientes<\/span><\/a><span style=\"font-weight: 400;\">.<\/span><\/p>\n<p><span style=\"font-weight: 400;\"><\/span><\/p>\n<h3><span style=\"font-weight: 400;\">3. Trabalhe com pausas programadas<\/span><\/h3>\n<p><span style=\"font-weight: 400;\">Quando o assunto \u00e9 gest\u00e3o do tempo, t\u00e3o importante quanto agendar os atendimentos com efici\u00eancia \u00e9 <\/span><b>programar pausas entre uma atividade e outra<\/b><span style=\"font-weight: 400;\">. <\/span><\/p>\n<p><span style=\"font-weight: 400;\">O h\u00e1bito, que pode at\u00e9 parecer perda de tempo para alguns profissionais, ajuda <\/span><b>a manter a produtividade em alta ao longo do dia<\/b><span style=\"font-weight: 400;\"> e reflete na sua disposi\u00e7\u00e3o durante as consultas.<\/span><\/p>\n<p><span style=\"font-weight: 400;\">Evite utilizar essas pausas para realizar outras tarefas, como pagar contas na internet ou resolver <\/span><a href=\"http:\/\/vydence.com\/blog\/como-administrar-uma-clinica-medica\/\"><span style=\"font-weight: 400;\">quest\u00f5es administrativas do consult\u00f3rio<\/span><\/a><span style=\"font-weight: 400;\">. Use esses intervalos para tomar um caf\u00e9, fazer uma curta caminhada ou realizar qualquer outra atividade que deixe voc\u00ea revigorado para o pr\u00f3ximo paciente.<\/span><\/p>\n<p><span style=\"font-weight: 400;\">Como voc\u00ea pode ver, realizar uma gest\u00e3o do tempo mais eficiente <\/span><b>n\u00e3o \u00e9 uma tarefa complexa<\/b><span style=\"font-weight: 400;\">. Abrir um espa\u00e7o na sua agenda para tomar medidas que tornem a rotina mais \u00e1gil aumenta a qualidade do seu trabalho e impacta positivamente a rela\u00e7\u00e3o m\u00e9dico x paciente.<\/span><\/p>\n<p><span style=\"font-weight: 400;\">Gostou de entender que cuidados voc\u00ea pode tomar para <\/span><b>otimizar a gest\u00e3o do tempo<\/b><span style=\"font-weight: 400;\"> no seu consult\u00f3rio? Se voc\u00ea quiser receber mais dicas como essa no seu feed, n\u00e3o se esque\u00e7a de curtir <\/span><a href=\"https:\/\/www.facebook.com\/VYDENCE\/\"><span style=\"font-weight: 400;\">a p\u00e1gina da VYDENCE do Facebook<\/span><\/a><span style=\"font-weight: 400;\">!<\/span><\/p>\n<p><a href=\"http:\/\/vydence.com\/home\/pt\"><img loading=\"lazy\" decoding=\"async\" class=\"wp-image-525 aligncenter\" src=\"http:\/\/vydence.com\/blog\/wp-content\/uploads\/2018\/11\/Conhe\u00e7a-nossas-solu\u00e7\u00f5es-em-laser-2-300x188.jpg\" alt=\"\" width=\"600\" height=\"376\" \/><\/a><\/p>[\/et_pb_text][\/et_pb_column][\/et_pb_row][et_pb_row _builder_version=&#8221;3.21.4&#8243;][et_pb_column type=&#8221;4_4&#8243; _builder_version=&#8221;3.21.4&#8243;][et_pb_image url_new_window=&#8221;on&#8221; src=&#8221;https:\/\/www.vydence.com\/wp-content\/uploads\/2018\/08\/Conhec\u0327a-nossas-soluc\u0327o\u0303es-em-laser-2-1024&#215;640-1.jpg&#8221; _builder_version=&#8221;3.21.4&#8243; url=&#8221;https:\/\/www.vydence.com\/?utm_source=Blog&#038;utm_medium=banner&#038;utm_campaign=banner_blog&#8221;][\/et_pb_image][\/et_pb_column][\/et_pb_row][\/et_pb_section]\n","protected":false},"excerpt":{"rendered":"<p>Agenda sobrecarregada, consultas atrasadas e a sensa\u00e7\u00e3o de que o dia deveria durar pelo menos 30 horas para que voc\u00ea pudesse dar conta de tudo. Se identificou? Caso a resposta seja positiva, \u00e9 importante fazer uma pausa e analisar como voc\u00ea tem trabalhado a gest\u00e3o do tempo no seu consult\u00f3rio. A falta de planejamento \u00e9 [&hellip;]<\/p>\n","protected":false},"author":1,"featured_media":14439,"comment_status":"open","ping_status":"open","sticky":false,"template":"","format":"standard","meta":{"_et_pb_use_builder":"on","_et_pb_old_content":"","_et_gb_content_width":"","inline_featured_image":false,"footnotes":""},"categories":[45],"tags":[],"class_list":["post-13757","post","type-post","status-publish","format-standard","has-post-thumbnail","hentry","category-gestao"],"yoast_head":"<!-- This site is optimized with the Yoast SEO Premium plugin v27.1 (Yoast SEO v27.1.1) - https:\/\/yoast.com\/product\/yoast-seo-premium-wordpress\/ -->\n<title>Gest\u00e3o do tempo para m\u00e9dicos: como otimizar a rotina de atendimentos<\/title>\n<meta name=\"description\" content=\"\u00c9 importante fazer uma pausa e analisar como voc\u00ea tem trabalhado a gest\u00e3o do tempo no seu consult\u00f3rio. Dicas de gest\u00e3o do tempo para voc\u00ea implementar.\" \/>\n<meta name=\"robots\" content=\"index, follow, max-snippet:-1, max-image-preview:large, max-video-preview:-1\" \/>\n<link rel=\"canonical\" href=\"https:\/\/www.vydence.com\/pt-br\/gestao-do-tempo\/\" \/>\n<meta property=\"og:locale\" content=\"pt_BR\" \/>\n<meta property=\"og:type\" content=\"article\" \/>\n<meta property=\"og:title\" content=\"Gest\u00e3o do tempo para m\u00e9dicos: como otimizar a rotina de atendimentos\" \/>\n<meta property=\"og:description\" content=\"\u00c9 importante fazer uma pausa e analisar como voc\u00ea tem trabalhado a gest\u00e3o do tempo no seu consult\u00f3rio. Dicas de gest\u00e3o do tempo para voc\u00ea implementar.\" \/>\n<meta property=\"og:url\" content=\"https:\/\/www.vydence.com\/pt-br\/gestao-do-tempo\/\" \/>\n<meta property=\"og:site_name\" content=\"VYDENCE\" \/>\n<meta property=\"article:publisher\" content=\"https:\/\/www.facebook.com\/VYDENCE\" \/>\n<meta property=\"article:published_time\" content=\"2018-11-16T18:39:21+00:00\" \/>\n<meta property=\"og:image\" content=\"https:\/\/www.vydence.com\/wp-content\/uploads\/2018\/11\/gestao-do-tempo.png\" \/>\n\t<meta property=\"og:image:width\" content=\"1024\" \/>\n\t<meta property=\"og:image:height\" content=\"681\" \/>\n\t<meta property=\"og:image:type\" content=\"image\/png\" \/>\n<meta name=\"author\" content=\"admin\" \/>\n<meta name=\"twitter:card\" content=\"summary_large_image\" \/>\n<meta name=\"twitter:label1\" content=\"Escrito por\" \/>\n\t<meta name=\"twitter:data1\" content=\"admin\" \/>\n\t<meta name=\"twitter:label2\" content=\"Est. tempo de leitura\" \/>\n\t<meta name=\"twitter:data2\" content=\"4 minutos\" \/>\n<script type=\"application\/ld+json\" class=\"yoast-schema-graph\">{\"@context\":\"https:\/\/schema.org\",\"@graph\":[{\"@type\":\"Article\",\"@id\":\"https:\/\/www.vydence.com\/pt-br\/gestao-do-tempo\/#article\",\"isPartOf\":{\"@id\":\"https:\/\/www.vydence.com\/pt-br\/gestao-do-tempo\/\"},\"author\":{\"name\":\"admin\",\"@id\":\"https:\/\/www.vydence.com\/pt-br\/#\/schema\/person\/d07e11658f9624d2d5344c62489f5fed\"},\"headline\":\"Gest\u00e3o do tempo para m\u00e9dicos: como otimizar a rotina de atendimentos\",\"datePublished\":\"2018-11-16T18:39:21+00:00\",\"mainEntityOfPage\":{\"@id\":\"https:\/\/www.vydence.com\/pt-br\/gestao-do-tempo\/\"},\"wordCount\":784,\"commentCount\":0,\"publisher\":{\"@id\":\"https:\/\/www.vydence.com\/pt-br\/#organization\"},\"image\":{\"@id\":\"https:\/\/www.vydence.com\/pt-br\/gestao-do-tempo\/#primaryimage\"},\"thumbnailUrl\":\"https:\/\/www.vydence.com\/wp-content\/uploads\/2018\/11\/gestao-do-tempo.png\",\"articleSection\":[\"Gest\u00e3o\"],\"inLanguage\":\"pt-BR\",\"potentialAction\":[{\"@type\":\"CommentAction\",\"name\":\"Comment\",\"target\":[\"https:\/\/www.vydence.com\/pt-br\/gestao-do-tempo\/#respond\"]}]},{\"@type\":\"WebPage\",\"@id\":\"https:\/\/www.vydence.com\/pt-br\/gestao-do-tempo\/\",\"url\":\"https:\/\/www.vydence.com\/pt-br\/gestao-do-tempo\/\",\"name\":\"Gest\u00e3o do tempo para m\u00e9dicos: como otimizar a rotina de atendimentos\",\"isPartOf\":{\"@id\":\"https:\/\/www.vydence.com\/pt-br\/#website\"},\"primaryImageOfPage\":{\"@id\":\"https:\/\/www.vydence.com\/pt-br\/gestao-do-tempo\/#primaryimage\"},\"image\":{\"@id\":\"https:\/\/www.vydence.com\/pt-br\/gestao-do-tempo\/#primaryimage\"},\"thumbnailUrl\":\"https:\/\/www.vydence.com\/wp-content\/uploads\/2018\/11\/gestao-do-tempo.png\",\"datePublished\":\"2018-11-16T18:39:21+00:00\",\"description\":\"\u00c9 importante fazer uma pausa e analisar como voc\u00ea tem trabalhado a gest\u00e3o do tempo no seu consult\u00f3rio. Dicas de gest\u00e3o do tempo para voc\u00ea implementar.\",\"breadcrumb\":{\"@id\":\"https:\/\/www.vydence.com\/pt-br\/gestao-do-tempo\/#breadcrumb\"},\"inLanguage\":\"pt-BR\",\"potentialAction\":[{\"@type\":\"ReadAction\",\"target\":[\"https:\/\/www.vydence.com\/pt-br\/gestao-do-tempo\/\"]}]},{\"@type\":\"ImageObject\",\"inLanguage\":\"pt-BR\",\"@id\":\"https:\/\/www.vydence.com\/pt-br\/gestao-do-tempo\/#primaryimage\",\"url\":\"https:\/\/www.vydence.com\/wp-content\/uploads\/2018\/11\/gestao-do-tempo.png\",\"contentUrl\":\"https:\/\/www.vydence.com\/wp-content\/uploads\/2018\/11\/gestao-do-tempo.png\",\"width\":1024,\"height\":681,\"caption\":\"gesta\u0303o do tempo\"},{\"@type\":\"BreadcrumbList\",\"@id\":\"https:\/\/www.vydence.com\/pt-br\/gestao-do-tempo\/#breadcrumb\",\"itemListElement\":[{\"@type\":\"ListItem\",\"position\":1,\"name\":\"In\u00edcio\",\"item\":\"https:\/\/www.vydence.com\/pt-br\/\"},{\"@type\":\"ListItem\",\"position\":2,\"name\":\"Gest\u00e3o do tempo para m\u00e9dicos: como otimizar a rotina de atendimentos\"}]},{\"@type\":\"WebSite\",\"@id\":\"https:\/\/www.vydence.com\/pt-br\/#website\",\"url\":\"https:\/\/www.vydence.com\/pt-br\/\",\"name\":\"VYDENCE\",\"description\":\"\",\"publisher\":{\"@id\":\"https:\/\/www.vydence.com\/pt-br\/#organization\"},\"potentialAction\":[{\"@type\":\"SearchAction\",\"target\":{\"@type\":\"EntryPoint\",\"urlTemplate\":\"https:\/\/www.vydence.com\/pt-br\/?s={search_term_string}\"},\"query-input\":{\"@type\":\"PropertyValueSpecification\",\"valueRequired\":true,\"valueName\":\"search_term_string\"}}],\"inLanguage\":\"pt-BR\"},{\"@type\":\"Organization\",\"@id\":\"https:\/\/www.vydence.com\/pt-br\/#organization\",\"name\":\"VYDENCE\",\"url\":\"https:\/\/www.vydence.com\/pt-br\/\",\"logo\":{\"@type\":\"ImageObject\",\"inLanguage\":\"pt-BR\",\"@id\":\"https:\/\/www.vydence.com\/pt-br\/#\/schema\/logo\/image\/\",\"url\":\"https:\/\/www.vydence.com\/wp-content\/uploads\/2024\/11\/Logo.svg\",\"contentUrl\":\"https:\/\/www.vydence.com\/wp-content\/uploads\/2024\/11\/Logo.svg\",\"width\":149,\"height\":40,\"caption\":\"VYDENCE\"},\"image\":{\"@id\":\"https:\/\/www.vydence.com\/pt-br\/#\/schema\/logo\/image\/\"},\"sameAs\":[\"https:\/\/www.facebook.com\/VYDENCE\"]},{\"@type\":\"Person\",\"@id\":\"https:\/\/www.vydence.com\/pt-br\/#\/schema\/person\/d07e11658f9624d2d5344c62489f5fed\",\"name\":\"admin\",\"image\":{\"@type\":\"ImageObject\",\"inLanguage\":\"pt-BR\",\"@id\":\"https:\/\/www.vydence.com\/pt-br\/#\/schema\/person\/image\/\",\"url\":\"https:\/\/secure.gravatar.com\/avatar\/1625555f260264654c853a64f2eddfbd5d054ef40597af8b97dc8461ef04e355?s=96&d=mm&r=g\",\"contentUrl\":\"https:\/\/secure.gravatar.com\/avatar\/1625555f260264654c853a64f2eddfbd5d054ef40597af8b97dc8461ef04e355?s=96&d=mm&r=g\",\"caption\":\"admin\"},\"sameAs\":[\"https:\/\/www.vydence.com\"],\"url\":\"https:\/\/www.vydence.com\/pt-br\/author\/ericknc\/\"}]}<\/script>\n<!-- \/ Yoast SEO Premium plugin. -->","yoast_head_json":{"title":"Gest\u00e3o do tempo para m\u00e9dicos: como otimizar a rotina de atendimentos","description":"\u00c9 importante fazer uma pausa e analisar como voc\u00ea tem trabalhado a gest\u00e3o do tempo no seu consult\u00f3rio. Dicas de gest\u00e3o do tempo para voc\u00ea implementar.","robots":{"index":"index","follow":"follow","max-snippet":"max-snippet:-1","max-image-preview":"max-image-preview:large","max-video-preview":"max-video-preview:-1"},"canonical":"https:\/\/www.vydence.com\/pt-br\/gestao-do-tempo\/","og_locale":"pt_BR","og_type":"article","og_title":"Gest\u00e3o do tempo para m\u00e9dicos: como otimizar a rotina de atendimentos","og_description":"\u00c9 importante fazer uma pausa e analisar como voc\u00ea tem trabalhado a gest\u00e3o do tempo no seu consult\u00f3rio. Dicas de gest\u00e3o do tempo para voc\u00ea implementar.","og_url":"https:\/\/www.vydence.com\/pt-br\/gestao-do-tempo\/","og_site_name":"VYDENCE","article_publisher":"https:\/\/www.facebook.com\/VYDENCE","article_published_time":"2018-11-16T18:39:21+00:00","og_image":[{"width":1024,"height":681,"url":"https:\/\/www.vydence.com\/wp-content\/uploads\/2018\/11\/gestao-do-tempo.png","type":"image\/png"}],"author":"admin","twitter_card":"summary_large_image","twitter_misc":{"Escrito por":"admin","Est. tempo de leitura":"4 minutos"},"schema":{"@context":"https:\/\/schema.org","@graph":[{"@type":"Article","@id":"https:\/\/www.vydence.com\/pt-br\/gestao-do-tempo\/#article","isPartOf":{"@id":"https:\/\/www.vydence.com\/pt-br\/gestao-do-tempo\/"},"author":{"name":"admin","@id":"https:\/\/www.vydence.com\/pt-br\/#\/schema\/person\/d07e11658f9624d2d5344c62489f5fed"},"headline":"Gest\u00e3o do tempo para m\u00e9dicos: como otimizar a rotina de atendimentos","datePublished":"2018-11-16T18:39:21+00:00","mainEntityOfPage":{"@id":"https:\/\/www.vydence.com\/pt-br\/gestao-do-tempo\/"},"wordCount":784,"commentCount":0,"publisher":{"@id":"https:\/\/www.vydence.com\/pt-br\/#organization"},"image":{"@id":"https:\/\/www.vydence.com\/pt-br\/gestao-do-tempo\/#primaryimage"},"thumbnailUrl":"https:\/\/www.vydence.com\/wp-content\/uploads\/2018\/11\/gestao-do-tempo.png","articleSection":["Gest\u00e3o"],"inLanguage":"pt-BR","potentialAction":[{"@type":"CommentAction","name":"Comment","target":["https:\/\/www.vydence.com\/pt-br\/gestao-do-tempo\/#respond"]}]},{"@type":"WebPage","@id":"https:\/\/www.vydence.com\/pt-br\/gestao-do-tempo\/","url":"https:\/\/www.vydence.com\/pt-br\/gestao-do-tempo\/","name":"Gest\u00e3o do tempo para m\u00e9dicos: como otimizar a rotina de atendimentos","isPartOf":{"@id":"https:\/\/www.vydence.com\/pt-br\/#website"},"primaryImageOfPage":{"@id":"https:\/\/www.vydence.com\/pt-br\/gestao-do-tempo\/#primaryimage"},"image":{"@id":"https:\/\/www.vydence.com\/pt-br\/gestao-do-tempo\/#primaryimage"},"thumbnailUrl":"https:\/\/www.vydence.com\/wp-content\/uploads\/2018\/11\/gestao-do-tempo.png","datePublished":"2018-11-16T18:39:21+00:00","description":"\u00c9 importante fazer uma pausa e analisar como voc\u00ea tem trabalhado a gest\u00e3o do tempo no seu consult\u00f3rio. Dicas de gest\u00e3o do tempo para voc\u00ea implementar.","breadcrumb":{"@id":"https:\/\/www.vydence.com\/pt-br\/gestao-do-tempo\/#breadcrumb"},"inLanguage":"pt-BR","potentialAction":[{"@type":"ReadAction","target":["https:\/\/www.vydence.com\/pt-br\/gestao-do-tempo\/"]}]},{"@type":"ImageObject","inLanguage":"pt-BR","@id":"https:\/\/www.vydence.com\/pt-br\/gestao-do-tempo\/#primaryimage","url":"https:\/\/www.vydence.com\/wp-content\/uploads\/2018\/11\/gestao-do-tempo.png","contentUrl":"https:\/\/www.vydence.com\/wp-content\/uploads\/2018\/11\/gestao-do-tempo.png","width":1024,"height":681,"caption":"gesta\u0303o do tempo"},{"@type":"BreadcrumbList","@id":"https:\/\/www.vydence.com\/pt-br\/gestao-do-tempo\/#breadcrumb","itemListElement":[{"@type":"ListItem","position":1,"name":"In\u00edcio","item":"https:\/\/www.vydence.com\/pt-br\/"},{"@type":"ListItem","position":2,"name":"Gest\u00e3o do tempo para m\u00e9dicos: como otimizar a rotina de atendimentos"}]},{"@type":"WebSite","@id":"https:\/\/www.vydence.com\/pt-br\/#website","url":"https:\/\/www.vydence.com\/pt-br\/","name":"VYDENCE","description":"","publisher":{"@id":"https:\/\/www.vydence.com\/pt-br\/#organization"},"potentialAction":[{"@type":"SearchAction","target":{"@type":"EntryPoint","urlTemplate":"https:\/\/www.vydence.com\/pt-br\/?s={search_term_string}"},"query-input":{"@type":"PropertyValueSpecification","valueRequired":true,"valueName":"search_term_string"}}],"inLanguage":"pt-BR"},{"@type":"Organization","@id":"https:\/\/www.vydence.com\/pt-br\/#organization","name":"VYDENCE","url":"https:\/\/www.vydence.com\/pt-br\/","logo":{"@type":"ImageObject","inLanguage":"pt-BR","@id":"https:\/\/www.vydence.com\/pt-br\/#\/schema\/logo\/image\/","url":"https:\/\/www.vydence.com\/wp-content\/uploads\/2024\/11\/Logo.svg","contentUrl":"https:\/\/www.vydence.com\/wp-content\/uploads\/2024\/11\/Logo.svg","width":149,"height":40,"caption":"VYDENCE"},"image":{"@id":"https:\/\/www.vydence.com\/pt-br\/#\/schema\/logo\/image\/"},"sameAs":["https:\/\/www.facebook.com\/VYDENCE"]},{"@type":"Person","@id":"https:\/\/www.vydence.com\/pt-br\/#\/schema\/person\/d07e11658f9624d2d5344c62489f5fed","name":"admin","image":{"@type":"ImageObject","inLanguage":"pt-BR","@id":"https:\/\/www.vydence.com\/pt-br\/#\/schema\/person\/image\/","url":"https:\/\/secure.gravatar.com\/avatar\/1625555f260264654c853a64f2eddfbd5d054ef40597af8b97dc8461ef04e355?s=96&d=mm&r=g","contentUrl":"https:\/\/secure.gravatar.com\/avatar\/1625555f260264654c853a64f2eddfbd5d054ef40597af8b97dc8461ef04e355?s=96&d=mm&r=g","caption":"admin"},"sameAs":["https:\/\/www.vydence.com"],"url":"https:\/\/www.vydence.com\/pt-br\/author\/ericknc\/"}]}},"_links":{"self":[{"href":"https:\/\/www.vydence.com\/pt-br\/wp-json\/wp\/v2\/posts\/13757","targetHints":{"allow":["GET"]}}],"collection":[{"href":"https:\/\/www.vydence.com\/pt-br\/wp-json\/wp\/v2\/posts"}],"about":[{"href":"https:\/\/www.vydence.com\/pt-br\/wp-json\/wp\/v2\/types\/post"}],"author":[{"embeddable":true,"href":"https:\/\/www.vydence.com\/pt-br\/wp-json\/wp\/v2\/users\/1"}],"replies":[{"embeddable":true,"href":"https:\/\/www.vydence.com\/pt-br\/wp-json\/wp\/v2\/comments?post=13757"}],"version-history":[{"count":0,"href":"https:\/\/www.vydence.com\/pt-br\/wp-json\/wp\/v2\/posts\/13757\/revisions"}],"wp:featuredmedia":[{"embeddable":true,"href":"https:\/\/www.vydence.com\/pt-br\/wp-json\/wp\/v2\/media\/14439"}],"wp:attachment":[{"href":"https:\/\/www.vydence.com\/pt-br\/wp-json\/wp\/v2\/media?parent=13757"}],"wp:term":[{"taxonomy":"category","embeddable":true,"href":"https:\/\/www.vydence.com\/pt-br\/wp-json\/wp\/v2\/categories?post=13757"},{"taxonomy":"post_tag","embeddable":true,"href":"https:\/\/www.vydence.com\/pt-br\/wp-json\/wp\/v2\/tags?post=13757"}],"curies":[{"name":"wp","href":"https:\/\/api.w.org\/{rel}","templated":true}]}}