{"id":13618,"date":"2021-04-26T13:16:07","date_gmt":"2021-04-26T16:16:07","guid":{"rendered":"https:\/\/tratamentosalaser.com.br\/?p=13618"},"modified":"2021-04-26T13:16:07","modified_gmt":"2021-04-26T16:16:07","slug":"tratamento-de-acne","status":"publish","type":"post","link":"https:\/\/www.vydence.com\/pt-br\/tratamento-de-acne\/","title":{"rendered":"Tratamento de acne \u00e9 mais r\u00e1pido com laser"},"content":{"rendered":"\n<p>O tratamento de acne est\u00e1 entre os mais cobi\u00e7ados na dermatologia. Milh\u00f5es de pessoas s\u00e3o acometidas por essas les\u00f5es, que podem deixar a pele com um aspecto indesejado. A cicatriza\u00e7\u00e3o, inclusive, \u00e9 um dos pontos de maior problema. Os \u201cfurinhos\u201d e as manchas podem aparecer como resultado desse processo inflamat\u00f3rio.<\/p>\n\n\n\n<p>Com tecnologia de ponta, \u00e9 poss\u00edvel ter um tratamento de acne muito eficaz. Veja como!<\/p>\n\n\n\n<h2 class=\"wp-block-heading\">Tratamento de acne<\/h2>\n\n\n\n<p>A acne prov\u00e9m do aumento da secre\u00e7\u00e3o de sebo pelas gl\u00e2ndulas seb\u00e1ceas. A sa\u00edda dos poros fica obstru\u00edda por causa do ac\u00famulo de c\u00e9lulas mortas no orif\u00edcio do fol\u00edculo pilosseb\u00e1ceo, o que desencadeia um processo inflamat\u00f3rio. Espinhas e cravos aparecem.<\/p>\n\n\n\n<p>O tratamento de acne \u00e9 fundamental para preservar a sa\u00fade da pele e a sa\u00fade ps\u00edquica. Ele pode ocorrer de diversas formas, de acordo com a localiza\u00e7\u00e3o, a gravidade e as caracter\u00edsticas individuais. Cremes dermatol\u00f3gicos, antibi\u00f3ticos e anticoncepcionais s\u00e3o alguns dos tratamentos utilizados, mas, atualmente, o uso de laser vem ganhando muitos adeptos pela sua rapidez.<\/p>\n\n\n\n<h2 class=\"wp-block-heading\">Laser Nd:YAG<\/h2>\n\n\n\n<p>O laser Nd:YAG \u00e9 conhecido como laser de Neodimio YAG (\u00edtrio-alum\u00ednio-granada). O dispositivo emite uma s\u00e9rie de pulsos de alta energia em curto espa\u00e7o de tempo (nano segundos), em infravermelho (comprimento de onda de 1064 nm); Ele possui v\u00e1rias indica\u00e7\u00f5es cl\u00ednicas, inclusive para tratamento de acne. Por ter pouca afinidade pela melanina, \u00e9 seguro tamb\u00e9m para peles negras e bronzeadas.<\/p>\n\n\n\n<p>Esse laser n\u00e3o \u00e9 indicado para pessoas com infec\u00e7\u00f5es ativas, inflama\u00e7\u00f5es e feridas na \u00e1rea a ser tratada, por isso \u00e9 preciso ter avalia\u00e7\u00e3o profissional.<\/p>\n\n\n\n<p>A Dra. Alice Jaruche adota o laser Nd:YAG modo dynamics para diminuir a oleosidade da pele, fechar os poros e estimular col\u00e1geno. Ela destaca que ele pode ser usado em todos os fototipos com seguran\u00e7a, inclusive em pele negra e oriental. \u201cA sess\u00e3o \u00e9 r\u00e1pida e praticamente indolor. O paciente sente um leve aquecimento na pele e sai do consult\u00f3rio sem marcas na pele e na mesma semana da sess\u00e3o j\u00e1 nota o resultado!\u201d.<\/p>\n\n\n\n<h2 class=\"wp-block-heading\">Cicatriza\u00e7\u00e3o r\u00e1pida<\/h2>\n\n\n\n<p>O laser Nd:YAG \u00e9 a tecnologia usada pela ponteira PRO DEEP, que pode ser encaixada nas plataformas <a href=\"https:\/\/www.vydence.com\/pt-br\/zye\/\">ZYE LASER<\/a> e <a href=\"https:\/\/www.vydence.com\/pt-br\/etherea-mx\/\">ETHEREA-MX<\/a>. Ele atua nas les\u00f5es de acne ativas diminuindo o processo inflamat\u00f3rio e a popula\u00e7\u00e3o bacteriana, o que provoca redu\u00e7\u00e3o da dor e facilita a cicatriza\u00e7\u00e3o. Al\u00e9m disso, diminui o risco de ficar com marcas inest\u00e9ticas.<\/p>\n\n\n\n<p>O tratamento de acne com o smartlaser \u00e9 muito indicado para quem tem urg\u00eancia no resultado. Ser\u00e1 um convidado de honra daqui a 3 meses em um casamento? Esse laser proporciona um resultado r\u00e1pido. Mas \u00e9 importante destacar que esse resultado n\u00e3o&nbsp; \u00e9 definitivo, pois depende dos fatores que ocasionam a acne, como altera\u00e7\u00e3o hormonal, stress, entre outros.<\/p>\n\n\n\n<p>E fique atento: o laser n\u00e3o pode ser realizado em gestantes ou pacientes com pele bronzeada. Para aqueles que podem se submeter ao tratamento, o n\u00famero de sess\u00f5es varia entre 1 e 10, a cada 7 ou 15 dias, de acordo com a avalia\u00e7\u00e3o cl\u00ednica.<\/p>\n\n\n\n<p>O tratamento de acne com laser Nd:YAG \u00e9 perfeito para quem deseja um resultado r\u00e1pido e indolor. Sua tecnologia avan\u00e7ada faz com que ele seja uma solu\u00e7\u00e3o segura para qualquer fototipo.<\/p>\n\n\n\n<p>Quer conhecer mais sobre tratamentos a laser? <a href=\"https:\/\/www.instagram.com\/blogtratamentosalaser\/\">Siga nosso Instagram<\/a>!<\/p>\n","protected":false},"excerpt":{"rendered":"<p>O tratamento de acne est\u00e1 entre os mais cobi\u00e7ados na dermatologia. Milh\u00f5es de pessoas s\u00e3o acometidas por essas les\u00f5es, que podem deixar a pele com um aspecto indesejado. A cicatriza\u00e7\u00e3o, inclusive, \u00e9 um dos pontos de maior problema. Os \u201cfurinhos\u201d e as manchas podem aparecer como resultado desse processo inflamat\u00f3rio. Com tecnologia de ponta, \u00e9 [&hellip;]<\/p>\n","protected":false},"author":1,"featured_media":13621,"comment_status":"open","ping_status":"open","sticky":true,"template":"","format":"standard","meta":{"_et_pb_use_builder":"off","_et_pb_old_content":"","_et_gb_content_width":"","inline_featured_image":false,"footnotes":""},"categories":[187,144,134,172,169],"tags":[175,188,189,78,74,69,190,174],"class_list":["post-13618","post","type-post","status-publish","format-standard","has-post-thumbnail","hentry","category-acne","category-moda-e-beleza","category-saude","category-tratamento-a-laser","category-uncategorized","tag-acne","tag-cicatriz","tag-cicatrizacao","tag-etherea-mx","tag-laser","tag-pele","tag-tratamentos-a-laser","tag-zye-laser"],"yoast_head":"<!-- This site is optimized with the Yoast SEO Premium plugin v27.1 (Yoast SEO v27.4) - https:\/\/yoast.com\/product\/yoast-seo-premium-wordpress\/ -->\n<title>Tratamento de acne \u00e9 mais r\u00e1pido com laser - VYDENCE<\/title>\n<meta name=\"robots\" content=\"index, follow, max-snippet:-1, max-image-preview:large, max-video-preview:-1\" \/>\n<link rel=\"canonical\" href=\"https:\/\/www.vydence.com\/pt-br\/tratamento-de-acne\/\" \/>\n<meta property=\"og:locale\" content=\"pt_BR\" \/>\n<meta property=\"og:type\" content=\"article\" \/>\n<meta property=\"og:title\" content=\"Tratamento de acne \u00e9 mais r\u00e1pido com laser\" \/>\n<meta property=\"og:description\" content=\"O tratamento de acne est\u00e1 entre os mais cobi\u00e7ados na dermatologia. Milh\u00f5es de pessoas s\u00e3o acometidas por essas les\u00f5es, que podem deixar a pele com um aspecto indesejado. A cicatriza\u00e7\u00e3o, inclusive, \u00e9 um dos pontos de maior problema. Os \u201cfurinhos\u201d e as manchas podem aparecer como resultado desse processo inflamat\u00f3rio. Com tecnologia de ponta, \u00e9 [&hellip;]\" \/>\n<meta property=\"og:url\" content=\"https:\/\/www.vydence.com\/pt-br\/tratamento-de-acne\/\" \/>\n<meta property=\"og:site_name\" content=\"VYDENCE\" \/>\n<meta property=\"article:publisher\" content=\"https:\/\/www.facebook.com\/VYDENCE\" \/>\n<meta property=\"article:published_time\" content=\"2021-04-26T16:16:07+00:00\" \/>\n<meta property=\"og:image\" content=\"https:\/\/www.vydence.com\/wp-content\/uploads\/2021\/04\/img-blog-acne.jpg\" \/>\n\t<meta property=\"og:image:width\" content=\"752\" \/>\n\t<meta property=\"og:image:height\" content=\"440\" \/>\n\t<meta property=\"og:image:type\" content=\"image\/jpeg\" \/>\n<meta name=\"author\" content=\"admin\" \/>\n<meta name=\"twitter:card\" content=\"summary_large_image\" \/>\n<meta name=\"twitter:label1\" content=\"Escrito por\" \/>\n\t<meta name=\"twitter:data1\" content=\"admin\" \/>\n\t<meta name=\"twitter:label2\" content=\"Est. tempo de leitura\" \/>\n\t<meta name=\"twitter:data2\" content=\"3 minutos\" \/>\n<script type=\"application\/ld+json\" class=\"yoast-schema-graph\">{\"@context\":\"https:\\\/\\\/schema.org\",\"@graph\":[{\"@type\":\"Article\",\"@id\":\"https:\\\/\\\/www.vydence.com\\\/pt-br\\\/tratamento-de-acne\\\/#article\",\"isPartOf\":{\"@id\":\"https:\\\/\\\/www.vydence.com\\\/pt-br\\\/tratamento-de-acne\\\/\"},\"author\":{\"name\":\"admin\",\"@id\":\"https:\\\/\\\/www.vydence.com\\\/pt-br\\\/#\\\/schema\\\/person\\\/d07e11658f9624d2d5344c62489f5fed\"},\"headline\":\"Tratamento de acne \u00e9 mais r\u00e1pido com laser\",\"datePublished\":\"2021-04-26T16:16:07+00:00\",\"mainEntityOfPage\":{\"@id\":\"https:\\\/\\\/www.vydence.com\\\/pt-br\\\/tratamento-de-acne\\\/\"},\"wordCount\":587,\"commentCount\":0,\"publisher\":{\"@id\":\"https:\\\/\\\/www.vydence.com\\\/pt-br\\\/#organization\"},\"image\":{\"@id\":\"https:\\\/\\\/www.vydence.com\\\/pt-br\\\/tratamento-de-acne\\\/#primaryimage\"},\"thumbnailUrl\":\"https:\\\/\\\/www.vydence.com\\\/wp-content\\\/uploads\\\/2021\\\/04\\\/img-blog-acne.jpg\",\"keywords\":[\"acne\",\"cicatriz\",\"cicatriza\u00e7\u00e3o\",\"ETHEREA-MX\",\"LASER\",\"Pele\",\"TRATAMENTOS A LASER\",\"ZYE LASER\"],\"articleSection\":[\"Acne\",\"Moda e beleza\",\"Sa\u00fade\",\"Tratamento a LASER\",\"Uncategorized\"],\"inLanguage\":\"pt-BR\",\"potentialAction\":[{\"@type\":\"CommentAction\",\"name\":\"Comment\",\"target\":[\"https:\\\/\\\/www.vydence.com\\\/pt-br\\\/tratamento-de-acne\\\/#respond\"]}]},{\"@type\":\"WebPage\",\"@id\":\"https:\\\/\\\/www.vydence.com\\\/pt-br\\\/tratamento-de-acne\\\/\",\"url\":\"https:\\\/\\\/www.vydence.com\\\/pt-br\\\/tratamento-de-acne\\\/\",\"name\":\"Tratamento de acne \u00e9 mais r\u00e1pido com laser - VYDENCE\",\"isPartOf\":{\"@id\":\"https:\\\/\\\/www.vydence.com\\\/pt-br\\\/#website\"},\"primaryImageOfPage\":{\"@id\":\"https:\\\/\\\/www.vydence.com\\\/pt-br\\\/tratamento-de-acne\\\/#primaryimage\"},\"image\":{\"@id\":\"https:\\\/\\\/www.vydence.com\\\/pt-br\\\/tratamento-de-acne\\\/#primaryimage\"},\"thumbnailUrl\":\"https:\\\/\\\/www.vydence.com\\\/wp-content\\\/uploads\\\/2021\\\/04\\\/img-blog-acne.jpg\",\"datePublished\":\"2021-04-26T16:16:07+00:00\",\"breadcrumb\":{\"@id\":\"https:\\\/\\\/www.vydence.com\\\/pt-br\\\/tratamento-de-acne\\\/#breadcrumb\"},\"inLanguage\":\"pt-BR\",\"potentialAction\":[{\"@type\":\"ReadAction\",\"target\":[\"https:\\\/\\\/www.vydence.com\\\/pt-br\\\/tratamento-de-acne\\\/\"]}]},{\"@type\":\"ImageObject\",\"inLanguage\":\"pt-BR\",\"@id\":\"https:\\\/\\\/www.vydence.com\\\/pt-br\\\/tratamento-de-acne\\\/#primaryimage\",\"url\":\"https:\\\/\\\/www.vydence.com\\\/wp-content\\\/uploads\\\/2021\\\/04\\\/img-blog-acne.jpg\",\"contentUrl\":\"https:\\\/\\\/www.vydence.com\\\/wp-content\\\/uploads\\\/2021\\\/04\\\/img-blog-acne.jpg\",\"width\":752,\"height\":440},{\"@type\":\"BreadcrumbList\",\"@id\":\"https:\\\/\\\/www.vydence.com\\\/pt-br\\\/tratamento-de-acne\\\/#breadcrumb\",\"itemListElement\":[{\"@type\":\"ListItem\",\"position\":1,\"name\":\"In\u00edcio\",\"item\":\"https:\\\/\\\/www.vydence.com\\\/pt-br\\\/\"},{\"@type\":\"ListItem\",\"position\":2,\"name\":\"Tratamento de acne \u00e9 mais r\u00e1pido com laser\"}]},{\"@type\":\"WebSite\",\"@id\":\"https:\\\/\\\/www.vydence.com\\\/pt-br\\\/#website\",\"url\":\"https:\\\/\\\/www.vydence.com\\\/pt-br\\\/\",\"name\":\"VYDENCE\",\"description\":\"\",\"publisher\":{\"@id\":\"https:\\\/\\\/www.vydence.com\\\/pt-br\\\/#organization\"},\"potentialAction\":[{\"@type\":\"SearchAction\",\"target\":{\"@type\":\"EntryPoint\",\"urlTemplate\":\"https:\\\/\\\/www.vydence.com\\\/pt-br\\\/?s={search_term_string}\"},\"query-input\":{\"@type\":\"PropertyValueSpecification\",\"valueRequired\":true,\"valueName\":\"search_term_string\"}}],\"inLanguage\":\"pt-BR\"},{\"@type\":\"Organization\",\"@id\":\"https:\\\/\\\/www.vydence.com\\\/pt-br\\\/#organization\",\"name\":\"VYDENCE\",\"url\":\"https:\\\/\\\/www.vydence.com\\\/pt-br\\\/\",\"logo\":{\"@type\":\"ImageObject\",\"inLanguage\":\"pt-BR\",\"@id\":\"https:\\\/\\\/www.vydence.com\\\/pt-br\\\/#\\\/schema\\\/logo\\\/image\\\/\",\"url\":\"https:\\\/\\\/www.vydence.com\\\/wp-content\\\/uploads\\\/2024\\\/11\\\/Logo.svg\",\"contentUrl\":\"https:\\\/\\\/www.vydence.com\\\/wp-content\\\/uploads\\\/2024\\\/11\\\/Logo.svg\",\"width\":149,\"height\":40,\"caption\":\"VYDENCE\"},\"image\":{\"@id\":\"https:\\\/\\\/www.vydence.com\\\/pt-br\\\/#\\\/schema\\\/logo\\\/image\\\/\"},\"sameAs\":[\"https:\\\/\\\/www.facebook.com\\\/VYDENCE\"]},{\"@type\":\"Person\",\"@id\":\"https:\\\/\\\/www.vydence.com\\\/pt-br\\\/#\\\/schema\\\/person\\\/d07e11658f9624d2d5344c62489f5fed\",\"name\":\"admin\",\"image\":{\"@type\":\"ImageObject\",\"inLanguage\":\"pt-BR\",\"@id\":\"https:\\\/\\\/secure.gravatar.com\\\/avatar\\\/1625555f260264654c853a64f2eddfbd5d054ef40597af8b97dc8461ef04e355?s=96&d=mm&r=g\",\"url\":\"https:\\\/\\\/secure.gravatar.com\\\/avatar\\\/1625555f260264654c853a64f2eddfbd5d054ef40597af8b97dc8461ef04e355?s=96&d=mm&r=g\",\"contentUrl\":\"https:\\\/\\\/secure.gravatar.com\\\/avatar\\\/1625555f260264654c853a64f2eddfbd5d054ef40597af8b97dc8461ef04e355?s=96&d=mm&r=g\",\"caption\":\"admin\"},\"sameAs\":[\"https:\\\/\\\/www.vydence.com\"],\"url\":\"https:\\\/\\\/www.vydence.com\\\/pt-br\\\/author\\\/ericknc\\\/\"}]}<\/script>\n<!-- \/ Yoast SEO Premium plugin. -->","yoast_head_json":{"title":"Tratamento de acne \u00e9 mais r\u00e1pido com laser - VYDENCE","robots":{"index":"index","follow":"follow","max-snippet":"max-snippet:-1","max-image-preview":"max-image-preview:large","max-video-preview":"max-video-preview:-1"},"canonical":"https:\/\/www.vydence.com\/pt-br\/tratamento-de-acne\/","og_locale":"pt_BR","og_type":"article","og_title":"Tratamento de acne \u00e9 mais r\u00e1pido com laser","og_description":"O tratamento de acne est\u00e1 entre os mais cobi\u00e7ados na dermatologia. Milh\u00f5es de pessoas s\u00e3o acometidas por essas les\u00f5es, que podem deixar a pele com um aspecto indesejado. A cicatriza\u00e7\u00e3o, inclusive, \u00e9 um dos pontos de maior problema. Os \u201cfurinhos\u201d e as manchas podem aparecer como resultado desse processo inflamat\u00f3rio. Com tecnologia de ponta, \u00e9 [&hellip;]","og_url":"https:\/\/www.vydence.com\/pt-br\/tratamento-de-acne\/","og_site_name":"VYDENCE","article_publisher":"https:\/\/www.facebook.com\/VYDENCE","article_published_time":"2021-04-26T16:16:07+00:00","og_image":[{"width":752,"height":440,"url":"https:\/\/www.vydence.com\/wp-content\/uploads\/2021\/04\/img-blog-acne.jpg","type":"image\/jpeg"}],"author":"admin","twitter_card":"summary_large_image","twitter_misc":{"Escrito por":"admin","Est. tempo de leitura":"3 minutos"},"schema":{"@context":"https:\/\/schema.org","@graph":[{"@type":"Article","@id":"https:\/\/www.vydence.com\/pt-br\/tratamento-de-acne\/#article","isPartOf":{"@id":"https:\/\/www.vydence.com\/pt-br\/tratamento-de-acne\/"},"author":{"name":"admin","@id":"https:\/\/www.vydence.com\/pt-br\/#\/schema\/person\/d07e11658f9624d2d5344c62489f5fed"},"headline":"Tratamento de acne \u00e9 mais r\u00e1pido com laser","datePublished":"2021-04-26T16:16:07+00:00","mainEntityOfPage":{"@id":"https:\/\/www.vydence.com\/pt-br\/tratamento-de-acne\/"},"wordCount":587,"commentCount":0,"publisher":{"@id":"https:\/\/www.vydence.com\/pt-br\/#organization"},"image":{"@id":"https:\/\/www.vydence.com\/pt-br\/tratamento-de-acne\/#primaryimage"},"thumbnailUrl":"https:\/\/www.vydence.com\/wp-content\/uploads\/2021\/04\/img-blog-acne.jpg","keywords":["acne","cicatriz","cicatriza\u00e7\u00e3o","ETHEREA-MX","LASER","Pele","TRATAMENTOS A LASER","ZYE LASER"],"articleSection":["Acne","Moda e beleza","Sa\u00fade","Tratamento a LASER","Uncategorized"],"inLanguage":"pt-BR","potentialAction":[{"@type":"CommentAction","name":"Comment","target":["https:\/\/www.vydence.com\/pt-br\/tratamento-de-acne\/#respond"]}]},{"@type":"WebPage","@id":"https:\/\/www.vydence.com\/pt-br\/tratamento-de-acne\/","url":"https:\/\/www.vydence.com\/pt-br\/tratamento-de-acne\/","name":"Tratamento de acne \u00e9 mais r\u00e1pido com laser - VYDENCE","isPartOf":{"@id":"https:\/\/www.vydence.com\/pt-br\/#website"},"primaryImageOfPage":{"@id":"https:\/\/www.vydence.com\/pt-br\/tratamento-de-acne\/#primaryimage"},"image":{"@id":"https:\/\/www.vydence.com\/pt-br\/tratamento-de-acne\/#primaryimage"},"thumbnailUrl":"https:\/\/www.vydence.com\/wp-content\/uploads\/2021\/04\/img-blog-acne.jpg","datePublished":"2021-04-26T16:16:07+00:00","breadcrumb":{"@id":"https:\/\/www.vydence.com\/pt-br\/tratamento-de-acne\/#breadcrumb"},"inLanguage":"pt-BR","potentialAction":[{"@type":"ReadAction","target":["https:\/\/www.vydence.com\/pt-br\/tratamento-de-acne\/"]}]},{"@type":"ImageObject","inLanguage":"pt-BR","@id":"https:\/\/www.vydence.com\/pt-br\/tratamento-de-acne\/#primaryimage","url":"https:\/\/www.vydence.com\/wp-content\/uploads\/2021\/04\/img-blog-acne.jpg","contentUrl":"https:\/\/www.vydence.com\/wp-content\/uploads\/2021\/04\/img-blog-acne.jpg","width":752,"height":440},{"@type":"BreadcrumbList","@id":"https:\/\/www.vydence.com\/pt-br\/tratamento-de-acne\/#breadcrumb","itemListElement":[{"@type":"ListItem","position":1,"name":"In\u00edcio","item":"https:\/\/www.vydence.com\/pt-br\/"},{"@type":"ListItem","position":2,"name":"Tratamento de acne \u00e9 mais r\u00e1pido com laser"}]},{"@type":"WebSite","@id":"https:\/\/www.vydence.com\/pt-br\/#website","url":"https:\/\/www.vydence.com\/pt-br\/","name":"VYDENCE","description":"","publisher":{"@id":"https:\/\/www.vydence.com\/pt-br\/#organization"},"potentialAction":[{"@type":"SearchAction","target":{"@type":"EntryPoint","urlTemplate":"https:\/\/www.vydence.com\/pt-br\/?s={search_term_string}"},"query-input":{"@type":"PropertyValueSpecification","valueRequired":true,"valueName":"search_term_string"}}],"inLanguage":"pt-BR"},{"@type":"Organization","@id":"https:\/\/www.vydence.com\/pt-br\/#organization","name":"VYDENCE","url":"https:\/\/www.vydence.com\/pt-br\/","logo":{"@type":"ImageObject","inLanguage":"pt-BR","@id":"https:\/\/www.vydence.com\/pt-br\/#\/schema\/logo\/image\/","url":"https:\/\/www.vydence.com\/wp-content\/uploads\/2024\/11\/Logo.svg","contentUrl":"https:\/\/www.vydence.com\/wp-content\/uploads\/2024\/11\/Logo.svg","width":149,"height":40,"caption":"VYDENCE"},"image":{"@id":"https:\/\/www.vydence.com\/pt-br\/#\/schema\/logo\/image\/"},"sameAs":["https:\/\/www.facebook.com\/VYDENCE"]},{"@type":"Person","@id":"https:\/\/www.vydence.com\/pt-br\/#\/schema\/person\/d07e11658f9624d2d5344c62489f5fed","name":"admin","image":{"@type":"ImageObject","inLanguage":"pt-BR","@id":"https:\/\/secure.gravatar.com\/avatar\/1625555f260264654c853a64f2eddfbd5d054ef40597af8b97dc8461ef04e355?s=96&d=mm&r=g","url":"https:\/\/secure.gravatar.com\/avatar\/1625555f260264654c853a64f2eddfbd5d054ef40597af8b97dc8461ef04e355?s=96&d=mm&r=g","contentUrl":"https:\/\/secure.gravatar.com\/avatar\/1625555f260264654c853a64f2eddfbd5d054ef40597af8b97dc8461ef04e355?s=96&d=mm&r=g","caption":"admin"},"sameAs":["https:\/\/www.vydence.com"],"url":"https:\/\/www.vydence.com\/pt-br\/author\/ericknc\/"}]}},"_links":{"self":[{"href":"https:\/\/www.vydence.com\/pt-br\/wp-json\/wp\/v2\/posts\/13618","targetHints":{"allow":["GET"]}}],"collection":[{"href":"https:\/\/www.vydence.com\/pt-br\/wp-json\/wp\/v2\/posts"}],"about":[{"href":"https:\/\/www.vydence.com\/pt-br\/wp-json\/wp\/v2\/types\/post"}],"author":[{"embeddable":true,"href":"https:\/\/www.vydence.com\/pt-br\/wp-json\/wp\/v2\/users\/1"}],"replies":[{"embeddable":true,"href":"https:\/\/www.vydence.com\/pt-br\/wp-json\/wp\/v2\/comments?post=13618"}],"version-history":[{"count":0,"href":"https:\/\/www.vydence.com\/pt-br\/wp-json\/wp\/v2\/posts\/13618\/revisions"}],"wp:featuredmedia":[{"embeddable":true,"href":"https:\/\/www.vydence.com\/pt-br\/wp-json\/wp\/v2\/media\/13621"}],"wp:attachment":[{"href":"https:\/\/www.vydence.com\/pt-br\/wp-json\/wp\/v2\/media?parent=13618"}],"wp:term":[{"taxonomy":"category","embeddable":true,"href":"https:\/\/www.vydence.com\/pt-br\/wp-json\/wp\/v2\/categories?post=13618"},{"taxonomy":"post_tag","embeddable":true,"href":"https:\/\/www.vydence.com\/pt-br\/wp-json\/wp\/v2\/tags?post=13618"}],"curies":[{"name":"wp","href":"https:\/\/api.w.org\/{rel}","templated":true}]}}