{"id":13520,"date":"2020-06-19T14:49:48","date_gmt":"2020-06-19T17:49:48","guid":{"rendered":"https:\/\/tratamentosalaser.com.br\/?p=13520"},"modified":"2020-06-19T14:49:48","modified_gmt":"2020-06-19T17:49:48","slug":"fotoenvelhecimento-como-prevenir-e-tratar-os-efeitos-indesejados","status":"publish","type":"post","link":"https:\/\/www.vydence.com\/pt-br\/fotoenvelhecimento-como-prevenir-e-tratar-os-efeitos-indesejados\/","title":{"rendered":"Fotoenvelhecimento: como prevenir e tratar os efeitos indesejados"},"content":{"rendered":"\n<p>Um dos grandes causadores de rugas precoces e manchas na pele \u00e9 o fotoenvelhecimento, uma condi\u00e7\u00e3o comum entre homens e mulheres de idades variadas e que pode ser prevenida com alguns cuidados simples.  Mas antes de falar de cuidados e preven\u00e7\u00e3o vamos entender melhor o que \u00e9, e quais as causas desse processo.<\/p>\n\n\n\n<p><strong>O que \u00e9  fotoenvelhecimento?<\/strong>&nbsp;<\/p>\n\n\n\n<p>&nbsp;Fotoenvelhecimento \u00e9 o envelhecimento da pele causado por exposi\u00e7\u00e3o solar excessiva, provocando altera\u00e7\u00e3o das estruturas normais da pele. \u00c9 diferente do envelhecimento cronol\u00f3gico, que \u00e9 natural e causado pela idade.&nbsp;<\/p>\n\n\n\n<p>O fotoenvelhecimento\nse d\u00e1 pela exposi\u00e7\u00e3o repetida \u00e0 radia\u00e7\u00e3o ultravioleta (UV), seja do sol ou de\nfontes artificiais de UV (bronzeamento artificial, por exemplo). Entre as\naltera\u00e7\u00f5es da pele est\u00e3o o ressecamento, aparecimento de rugas e manchas,\nnormalmente de cor amarronzada. Todas essas modifica\u00e7\u00f5es s\u00e3o muito comuns nas\npartes mais vis\u00edveis do corpo como: rosto, dorso das m\u00e3os e colo.<\/p>\n\n\n\n<p><strong>Quais as causas do fotoenvelhecimento?&nbsp;<\/strong><\/p>\n\n\n\n<p>O fotoenvelhecimento\n\u00e9 causado pela exposi\u00e7\u00e3o \u00e0 radia\u00e7\u00e3o UV. O raio penetra na pele e danifica as\nfibras de col\u00e1geno, provocando anormalidade na elastina e resultando na\nprodu\u00e7\u00e3o das enzimas metaloproteinases. Essas enzimas reconstroem o col\u00e1geno\ndanificado, o que resulta na reconstru\u00e7\u00e3o da pele de modo irregular.<\/p>\n\n\n\n<p>Quando ainda somos muitos jovens, a pele consegue, naturalmente, corrigir as altera\u00e7\u00f5es provocadas. No entanto, com o passar do tempo,  a pele perde esse capacidade de recupera\u00e7\u00e3o e come\u00e7am a surgir as manchas, rugas e les\u00f5es pigmentadas.<\/p>\n\n\n\n<p><strong>Como prevenir e tratar?<\/strong><\/p>\n\n\n\n<p>A principal forma de preven\u00e7\u00e3o \u00e9 o filtro solar. Ele deve ser utilizado sempre, em qualquer \u00e9poca do ano e  de acordo com seu tipo de pele. Dentre os tratamentos, o m\u00e9dico pode indicar:&nbsp;<\/p>\n\n\n\n<ul class=\"wp-block-list\"><li>Luz Intensa Pulsada: aparelho que emite feixes de luz, atuando na\ncamada superficial da pele. \u00c9 uma das principais escolhas m\u00e9dicas para o\ntratamento do fotoenvelhecimento, age na pigmenta\u00e7\u00e3o da pele, combatendo\nmanchas, minimizando rugas superficiais e poros dilatados, e melhorando\naltera\u00e7\u00f5es de textura na pele.<\/li><\/ul>\n\n\n\n<ul class=\"wp-block-list\"><li><a href=\"https:\/\/www.vydence.com\/rugas-linhas-de-expressao-e-rejuvenescimento-facial\/\">LASER<\/a>: O avan\u00e7o\nt\u00e9cnol\u00f3gico dos LASERs&nbsp;contribui para que essa alternativa seja cada vez\nmais usada no tratamento do&nbsp;fotoenvelhecimento. A principal vantagem\ndo LASER \u00e9 o resultado global da melhora da pele, aumentando as prote\u00ednas de\ncol\u00e1geno e elastina, atuando tamb\u00e9m no tratamento de manchas.<\/li><\/ul>\n\n\n\n<ul class=\"wp-block-list\"><li>Hidratantes e antioxidante: subst\u00e2ncias que ajudam a eliminar os\nradicais livres que oxidam as c\u00e9lulas cut\u00e2neas e que corrigem o ressecamento da\npele (\u00e1cido hialur\u00f4nico, pentaglycan,&nbsp;aquaporine; ureia etc.)<\/li><\/ul>\n\n\n\n<p>O fotoenvelhecimento pode se agravar ao longo do tempo e o uso do protetor solar \u00e9 o melhor aliado na preven\u00e7\u00e3o dos danos causados na pele. Mas se a sua pele j\u00e1 apresenta alguns danos causados pela exposi\u00e7\u00e3o excessiva \u00e0 luz, procure seu dermatologista para saber qual a melhor alternativa de tratamento para o seu caso.<\/p>\n","protected":false},"excerpt":{"rendered":"<p>Um dos grandes causadores de rugas precoces e manchas na pele \u00e9 o fotoenvelhecimento, uma condi\u00e7\u00e3o comum entre homens e mulheres de idades variadas e que pode ser prevenida com alguns cuidados simples. Mas antes de falar de cuidados e preven\u00e7\u00e3o vamos entender melhor o que \u00e9, e quais as causas desse processo. O que [&hellip;]<\/p>\n","protected":false},"author":1,"featured_media":13529,"comment_status":"open","ping_status":"open","sticky":true,"template":"","format":"standard","meta":{"_et_pb_use_builder":"off","_et_pb_old_content":"<!-- wp:image {\"id\":13529,\"sizeSlug\":\"large\"} -->\n<figure class=\"wp-block-image size-large\"><img src=\"https:\/\/tratamentosalaser.com.br\/wp-content\/uploads\/2020\/06\/Fotoenvelhecimento_Retangulo-2-1024x512.jpg\" alt=\"\" class=\"wp-image-13529\"\/><\/figure>\n<!-- \/wp:image -->\n\n<!-- wp:paragraph -->\n<p>Um dos grandes causadores de rugas precoces e manchas na pele \u00e9 o fotoenvelhecimento, uma condi\u00e7\u00e3o comum entre homens e mulheres de idades variadas e que pode ser prevenida com alguns cuidados simples.  Mas antes de falar de cuidados e preven\u00e7\u00e3o vamos entender melhor o que \u00e9, e quais as causas desse processo.<\/p>\n<!-- \/wp:paragraph -->\n\n<!-- wp:paragraph -->\n<p><strong>O que \u00e9  fotoenvelhecimento?<\/strong>&nbsp;<\/p>\n<!-- \/wp:paragraph -->\n\n<!-- wp:paragraph -->\n<p>&nbsp;Fotoenvelhecimento \u00e9 o envelhecimento da pele causado por exposi\u00e7\u00e3o solar excessiva, provocando altera\u00e7\u00e3o das estruturas normais da pele. \u00c9 diferente do envelhecimento cronol\u00f3gico, que \u00e9 natural e causado pela idade.&nbsp;<\/p>\n<!-- \/wp:paragraph -->\n\n<!-- wp:paragraph -->\n<p>O fotoenvelhecimento\nse d\u00e1 pela exposi\u00e7\u00e3o repetida \u00e0 radia\u00e7\u00e3o ultravioleta (UV), seja do sol ou de\nfontes artificiais de UV (bronzeamento artificial, por exemplo). Entre as\naltera\u00e7\u00f5es da pele est\u00e3o o ressecamento, aparecimento de rugas e manchas,\nnormalmente de cor amarronzada. Todas essas modifica\u00e7\u00f5es s\u00e3o muito comuns nas\npartes mais vis\u00edveis do corpo como: rosto, dorso das m\u00e3os e colo.<\/p>\n<!-- \/wp:paragraph -->\n\n<!-- wp:paragraph -->\n<p><strong>Quais as causas do fotoenvelhecimento?&nbsp;<\/strong><\/p>\n<!-- \/wp:paragraph -->\n\n<!-- wp:paragraph -->\n<p>O fotoenvelhecimento\n\u00e9 causado pela exposi\u00e7\u00e3o \u00e0 radia\u00e7\u00e3o UV. O raio penetra na pele e danifica as\nfibras de col\u00e1geno, provocando anormalidade na elastina e resultando na\nprodu\u00e7\u00e3o das enzimas metaloproteinases. Essas enzimas reconstroem o col\u00e1geno\ndanificado, o que resulta na reconstru\u00e7\u00e3o da pele de modo irregular.<\/p>\n<!-- \/wp:paragraph -->\n\n<!-- wp:paragraph -->\n<p>Quando ainda somos muitos jovens, a pele consegue, naturalmente, corrigir as altera\u00e7\u00f5es provocadas. No entanto, com o passar do tempo,  a pele perde esse capacidade de recupera\u00e7\u00e3o e come\u00e7am a surgir as manchas, rugas e les\u00f5es pigmentadas.<\/p>\n<!-- \/wp:paragraph -->\n\n<!-- wp:paragraph -->\n<p><strong>Como prevenir e tratar?<\/strong><\/p>\n<!-- \/wp:paragraph -->\n\n<!-- wp:paragraph -->\n<p>A principal forma de preven\u00e7\u00e3o \u00e9 o filtro solar. Ele deve ser utilizado sempre, em qualquer \u00e9poca do ano e  de acordo com seu tipo de pele. Dentre os tratamentos, o m\u00e9dico pode indicar:&nbsp;<\/p>\n<!-- \/wp:paragraph -->\n\n<!-- wp:list -->\n<ul><li>Luz Intensa Pulsada: aparelho que emite feixes de luz, atuando na\ncamada superficial da pele. \u00c9 uma das principais escolhas m\u00e9dicas para o\ntratamento do fotoenvelhecimento, age na pigmenta\u00e7\u00e3o da pele, combatendo\nmanchas, minimizando rugas superficiais e poros dilatados, e melhorando\naltera\u00e7\u00f5es de textura na pele.<\/li><\/ul>\n<!-- \/wp:list -->\n\n<!-- wp:list -->\n<ul><li><a href=\"https:\/\/www.vydence.com\/rugas-linhas-de-expressao-e-rejuvenescimento-facial\/\">LASER<\/a>: O avan\u00e7o\nt\u00e9cnol\u00f3gico dos LASERs&nbsp;contribui para que essa alternativa seja cada vez\nmais usada no tratamento do&nbsp;fotoenvelhecimento. A principal vantagem\ndo LASER \u00e9 o resultado global da melhora da pele, aumentando as prote\u00ednas de\ncol\u00e1geno e elastina, atuando tamb\u00e9m no tratamento de manchas.<\/li><\/ul>\n<!-- \/wp:list -->\n\n<!-- wp:list -->\n<ul><li>Hidratantes e antioxidante: subst\u00e2ncias que ajudam a eliminar os\nradicais livres que oxidam as c\u00e9lulas cut\u00e2neas e que corrigem o ressecamento da\npele (\u00e1cido hialur\u00f4nico, pentaglycan,&nbsp;aquaporine; ureia etc.)<\/li><\/ul>\n<!-- \/wp:list -->\n\n<!-- wp:paragraph -->\n<p>O fotoenvelhecimento pode se agravar ao longo do tempo e o uso do protetor solar \u00e9 o melhor aliado na preven\u00e7\u00e3o dos danos causados na pele. Mas se a sua pele j\u00e1 apresenta alguns danos causados pela exposi\u00e7\u00e3o excessiva \u00e0 luz, procure seu dermatologista para saber qual a melhor alternativa de tratamento para o seu caso.<\/p>\n<!-- \/wp:paragraph -->","_et_gb_content_width":"","inline_featured_image":false,"footnotes":""},"categories":[184,172,169],"tags":[183,74,185,186],"class_list":["post-13520","post","type-post","status-publish","format-standard","has-post-thumbnail","hentry","category-lesoes-pigmentares","category-tratamento-a-laser","category-uncategorized","tag-fotoenvelhecimnto","tag-laser","tag-lesoespigmentares","tag-luz-pulsada"],"yoast_head":"<!-- This site is optimized with the Yoast SEO Premium plugin v27.1 (Yoast SEO v27.4) - https:\/\/yoast.com\/product\/yoast-seo-premium-wordpress\/ -->\n<title>Fotoenvelhecimento: como prevenir e tratar os efeitos indesejados - VYDENCE<\/title>\n<meta name=\"robots\" content=\"index, follow, max-snippet:-1, max-image-preview:large, max-video-preview:-1\" \/>\n<link rel=\"canonical\" href=\"https:\/\/www.vydence.com\/pt-br\/fotoenvelhecimento-como-prevenir-e-tratar-os-efeitos-indesejados\/\" \/>\n<meta property=\"og:locale\" content=\"pt_BR\" \/>\n<meta property=\"og:type\" content=\"article\" \/>\n<meta property=\"og:title\" content=\"Fotoenvelhecimento: como prevenir e tratar os efeitos indesejados\" \/>\n<meta property=\"og:description\" content=\"Um dos grandes causadores de rugas precoces e manchas na pele \u00e9 o fotoenvelhecimento, uma condi\u00e7\u00e3o comum entre homens e mulheres de idades variadas e que pode ser prevenida com alguns cuidados simples. Mas antes de falar de cuidados e preven\u00e7\u00e3o vamos entender melhor o que \u00e9, e quais as causas desse processo. O que [&hellip;]\" \/>\n<meta property=\"og:url\" content=\"https:\/\/www.vydence.com\/pt-br\/fotoenvelhecimento-como-prevenir-e-tratar-os-efeitos-indesejados\/\" \/>\n<meta property=\"og:site_name\" content=\"VYDENCE\" \/>\n<meta property=\"article:publisher\" content=\"https:\/\/www.facebook.com\/VYDENCE\" \/>\n<meta property=\"article:published_time\" content=\"2020-06-19T17:49:48+00:00\" \/>\n<meta property=\"og:image\" content=\"https:\/\/www.vydence.com\/wp-content\/uploads\/2020\/06\/Fotoenvelhecimento_Retangulo-2.jpg\" \/>\n\t<meta property=\"og:image:width\" content=\"1280\" \/>\n\t<meta property=\"og:image:height\" content=\"640\" \/>\n\t<meta property=\"og:image:type\" content=\"image\/jpeg\" \/>\n<meta name=\"author\" content=\"admin\" \/>\n<meta name=\"twitter:card\" content=\"summary_large_image\" \/>\n<meta name=\"twitter:label1\" content=\"Escrito por\" \/>\n\t<meta name=\"twitter:data1\" content=\"admin\" \/>\n\t<meta name=\"twitter:label2\" content=\"Est. tempo de leitura\" \/>\n\t<meta name=\"twitter:data2\" content=\"2 minutos\" \/>\n<script type=\"application\/ld+json\" class=\"yoast-schema-graph\">{\"@context\":\"https:\\\/\\\/schema.org\",\"@graph\":[{\"@type\":\"Article\",\"@id\":\"https:\\\/\\\/www.vydence.com\\\/pt-br\\\/fotoenvelhecimento-como-prevenir-e-tratar-os-efeitos-indesejados\\\/#article\",\"isPartOf\":{\"@id\":\"https:\\\/\\\/www.vydence.com\\\/pt-br\\\/fotoenvelhecimento-como-prevenir-e-tratar-os-efeitos-indesejados\\\/\"},\"author\":{\"name\":\"admin\",\"@id\":\"https:\\\/\\\/www.vydence.com\\\/pt-br\\\/#\\\/schema\\\/person\\\/d07e11658f9624d2d5344c62489f5fed\"},\"headline\":\"Fotoenvelhecimento: como prevenir e tratar os efeitos indesejados\",\"datePublished\":\"2020-06-19T17:49:48+00:00\",\"mainEntityOfPage\":{\"@id\":\"https:\\\/\\\/www.vydence.com\\\/pt-br\\\/fotoenvelhecimento-como-prevenir-e-tratar-os-efeitos-indesejados\\\/\"},\"wordCount\":493,\"commentCount\":0,\"publisher\":{\"@id\":\"https:\\\/\\\/www.vydence.com\\\/pt-br\\\/#organization\"},\"image\":{\"@id\":\"https:\\\/\\\/www.vydence.com\\\/pt-br\\\/fotoenvelhecimento-como-prevenir-e-tratar-os-efeitos-indesejados\\\/#primaryimage\"},\"thumbnailUrl\":\"https:\\\/\\\/www.vydence.com\\\/wp-content\\\/uploads\\\/2020\\\/06\\\/Fotoenvelhecimento_Retangulo-2.jpg\",\"keywords\":[\"fotoenvelhecimnto\",\"LASER\",\"les\u00f5espigmentares\",\"luz-pulsada\"],\"articleSection\":[\"Les\u00f5es pigmentares\",\"Tratamento a LASER\",\"Uncategorized\"],\"inLanguage\":\"pt-BR\",\"potentialAction\":[{\"@type\":\"CommentAction\",\"name\":\"Comment\",\"target\":[\"https:\\\/\\\/www.vydence.com\\\/pt-br\\\/fotoenvelhecimento-como-prevenir-e-tratar-os-efeitos-indesejados\\\/#respond\"]}]},{\"@type\":\"WebPage\",\"@id\":\"https:\\\/\\\/www.vydence.com\\\/pt-br\\\/fotoenvelhecimento-como-prevenir-e-tratar-os-efeitos-indesejados\\\/\",\"url\":\"https:\\\/\\\/www.vydence.com\\\/pt-br\\\/fotoenvelhecimento-como-prevenir-e-tratar-os-efeitos-indesejados\\\/\",\"name\":\"Fotoenvelhecimento: como prevenir e tratar os efeitos indesejados - VYDENCE\",\"isPartOf\":{\"@id\":\"https:\\\/\\\/www.vydence.com\\\/pt-br\\\/#website\"},\"primaryImageOfPage\":{\"@id\":\"https:\\\/\\\/www.vydence.com\\\/pt-br\\\/fotoenvelhecimento-como-prevenir-e-tratar-os-efeitos-indesejados\\\/#primaryimage\"},\"image\":{\"@id\":\"https:\\\/\\\/www.vydence.com\\\/pt-br\\\/fotoenvelhecimento-como-prevenir-e-tratar-os-efeitos-indesejados\\\/#primaryimage\"},\"thumbnailUrl\":\"https:\\\/\\\/www.vydence.com\\\/wp-content\\\/uploads\\\/2020\\\/06\\\/Fotoenvelhecimento_Retangulo-2.jpg\",\"datePublished\":\"2020-06-19T17:49:48+00:00\",\"breadcrumb\":{\"@id\":\"https:\\\/\\\/www.vydence.com\\\/pt-br\\\/fotoenvelhecimento-como-prevenir-e-tratar-os-efeitos-indesejados\\\/#breadcrumb\"},\"inLanguage\":\"pt-BR\",\"potentialAction\":[{\"@type\":\"ReadAction\",\"target\":[\"https:\\\/\\\/www.vydence.com\\\/pt-br\\\/fotoenvelhecimento-como-prevenir-e-tratar-os-efeitos-indesejados\\\/\"]}]},{\"@type\":\"ImageObject\",\"inLanguage\":\"pt-BR\",\"@id\":\"https:\\\/\\\/www.vydence.com\\\/pt-br\\\/fotoenvelhecimento-como-prevenir-e-tratar-os-efeitos-indesejados\\\/#primaryimage\",\"url\":\"https:\\\/\\\/www.vydence.com\\\/wp-content\\\/uploads\\\/2020\\\/06\\\/Fotoenvelhecimento_Retangulo-2.jpg\",\"contentUrl\":\"https:\\\/\\\/www.vydence.com\\\/wp-content\\\/uploads\\\/2020\\\/06\\\/Fotoenvelhecimento_Retangulo-2.jpg\",\"width\":1280,\"height\":640},{\"@type\":\"BreadcrumbList\",\"@id\":\"https:\\\/\\\/www.vydence.com\\\/pt-br\\\/fotoenvelhecimento-como-prevenir-e-tratar-os-efeitos-indesejados\\\/#breadcrumb\",\"itemListElement\":[{\"@type\":\"ListItem\",\"position\":1,\"name\":\"In\u00edcio\",\"item\":\"https:\\\/\\\/www.vydence.com\\\/pt-br\\\/\"},{\"@type\":\"ListItem\",\"position\":2,\"name\":\"Fotoenvelhecimento: como prevenir e tratar os efeitos indesejados\"}]},{\"@type\":\"WebSite\",\"@id\":\"https:\\\/\\\/www.vydence.com\\\/pt-br\\\/#website\",\"url\":\"https:\\\/\\\/www.vydence.com\\\/pt-br\\\/\",\"name\":\"VYDENCE\",\"description\":\"\",\"publisher\":{\"@id\":\"https:\\\/\\\/www.vydence.com\\\/pt-br\\\/#organization\"},\"potentialAction\":[{\"@type\":\"SearchAction\",\"target\":{\"@type\":\"EntryPoint\",\"urlTemplate\":\"https:\\\/\\\/www.vydence.com\\\/pt-br\\\/?s={search_term_string}\"},\"query-input\":{\"@type\":\"PropertyValueSpecification\",\"valueRequired\":true,\"valueName\":\"search_term_string\"}}],\"inLanguage\":\"pt-BR\"},{\"@type\":\"Organization\",\"@id\":\"https:\\\/\\\/www.vydence.com\\\/pt-br\\\/#organization\",\"name\":\"VYDENCE\",\"url\":\"https:\\\/\\\/www.vydence.com\\\/pt-br\\\/\",\"logo\":{\"@type\":\"ImageObject\",\"inLanguage\":\"pt-BR\",\"@id\":\"https:\\\/\\\/www.vydence.com\\\/pt-br\\\/#\\\/schema\\\/logo\\\/image\\\/\",\"url\":\"https:\\\/\\\/www.vydence.com\\\/wp-content\\\/uploads\\\/2024\\\/11\\\/Logo.svg\",\"contentUrl\":\"https:\\\/\\\/www.vydence.com\\\/wp-content\\\/uploads\\\/2024\\\/11\\\/Logo.svg\",\"width\":149,\"height\":40,\"caption\":\"VYDENCE\"},\"image\":{\"@id\":\"https:\\\/\\\/www.vydence.com\\\/pt-br\\\/#\\\/schema\\\/logo\\\/image\\\/\"},\"sameAs\":[\"https:\\\/\\\/www.facebook.com\\\/VYDENCE\"]},{\"@type\":\"Person\",\"@id\":\"https:\\\/\\\/www.vydence.com\\\/pt-br\\\/#\\\/schema\\\/person\\\/d07e11658f9624d2d5344c62489f5fed\",\"name\":\"admin\",\"image\":{\"@type\":\"ImageObject\",\"inLanguage\":\"pt-BR\",\"@id\":\"https:\\\/\\\/secure.gravatar.com\\\/avatar\\\/1625555f260264654c853a64f2eddfbd5d054ef40597af8b97dc8461ef04e355?s=96&d=mm&r=g\",\"url\":\"https:\\\/\\\/secure.gravatar.com\\\/avatar\\\/1625555f260264654c853a64f2eddfbd5d054ef40597af8b97dc8461ef04e355?s=96&d=mm&r=g\",\"contentUrl\":\"https:\\\/\\\/secure.gravatar.com\\\/avatar\\\/1625555f260264654c853a64f2eddfbd5d054ef40597af8b97dc8461ef04e355?s=96&d=mm&r=g\",\"caption\":\"admin\"},\"sameAs\":[\"https:\\\/\\\/www.vydence.com\"],\"url\":\"https:\\\/\\\/www.vydence.com\\\/pt-br\\\/author\\\/ericknc\\\/\"}]}<\/script>\n<!-- \/ Yoast SEO Premium plugin. -->","yoast_head_json":{"title":"Fotoenvelhecimento: como prevenir e tratar os efeitos indesejados - VYDENCE","robots":{"index":"index","follow":"follow","max-snippet":"max-snippet:-1","max-image-preview":"max-image-preview:large","max-video-preview":"max-video-preview:-1"},"canonical":"https:\/\/www.vydence.com\/pt-br\/fotoenvelhecimento-como-prevenir-e-tratar-os-efeitos-indesejados\/","og_locale":"pt_BR","og_type":"article","og_title":"Fotoenvelhecimento: como prevenir e tratar os efeitos indesejados","og_description":"Um dos grandes causadores de rugas precoces e manchas na pele \u00e9 o fotoenvelhecimento, uma condi\u00e7\u00e3o comum entre homens e mulheres de idades variadas e que pode ser prevenida com alguns cuidados simples. Mas antes de falar de cuidados e preven\u00e7\u00e3o vamos entender melhor o que \u00e9, e quais as causas desse processo. O que [&hellip;]","og_url":"https:\/\/www.vydence.com\/pt-br\/fotoenvelhecimento-como-prevenir-e-tratar-os-efeitos-indesejados\/","og_site_name":"VYDENCE","article_publisher":"https:\/\/www.facebook.com\/VYDENCE","article_published_time":"2020-06-19T17:49:48+00:00","og_image":[{"width":1280,"height":640,"url":"https:\/\/www.vydence.com\/wp-content\/uploads\/2020\/06\/Fotoenvelhecimento_Retangulo-2.jpg","type":"image\/jpeg"}],"author":"admin","twitter_card":"summary_large_image","twitter_misc":{"Escrito por":"admin","Est. tempo de leitura":"2 minutos"},"schema":{"@context":"https:\/\/schema.org","@graph":[{"@type":"Article","@id":"https:\/\/www.vydence.com\/pt-br\/fotoenvelhecimento-como-prevenir-e-tratar-os-efeitos-indesejados\/#article","isPartOf":{"@id":"https:\/\/www.vydence.com\/pt-br\/fotoenvelhecimento-como-prevenir-e-tratar-os-efeitos-indesejados\/"},"author":{"name":"admin","@id":"https:\/\/www.vydence.com\/pt-br\/#\/schema\/person\/d07e11658f9624d2d5344c62489f5fed"},"headline":"Fotoenvelhecimento: como prevenir e tratar os efeitos indesejados","datePublished":"2020-06-19T17:49:48+00:00","mainEntityOfPage":{"@id":"https:\/\/www.vydence.com\/pt-br\/fotoenvelhecimento-como-prevenir-e-tratar-os-efeitos-indesejados\/"},"wordCount":493,"commentCount":0,"publisher":{"@id":"https:\/\/www.vydence.com\/pt-br\/#organization"},"image":{"@id":"https:\/\/www.vydence.com\/pt-br\/fotoenvelhecimento-como-prevenir-e-tratar-os-efeitos-indesejados\/#primaryimage"},"thumbnailUrl":"https:\/\/www.vydence.com\/wp-content\/uploads\/2020\/06\/Fotoenvelhecimento_Retangulo-2.jpg","keywords":["fotoenvelhecimnto","LASER","les\u00f5espigmentares","luz-pulsada"],"articleSection":["Les\u00f5es pigmentares","Tratamento a LASER","Uncategorized"],"inLanguage":"pt-BR","potentialAction":[{"@type":"CommentAction","name":"Comment","target":["https:\/\/www.vydence.com\/pt-br\/fotoenvelhecimento-como-prevenir-e-tratar-os-efeitos-indesejados\/#respond"]}]},{"@type":"WebPage","@id":"https:\/\/www.vydence.com\/pt-br\/fotoenvelhecimento-como-prevenir-e-tratar-os-efeitos-indesejados\/","url":"https:\/\/www.vydence.com\/pt-br\/fotoenvelhecimento-como-prevenir-e-tratar-os-efeitos-indesejados\/","name":"Fotoenvelhecimento: como prevenir e tratar os efeitos indesejados - VYDENCE","isPartOf":{"@id":"https:\/\/www.vydence.com\/pt-br\/#website"},"primaryImageOfPage":{"@id":"https:\/\/www.vydence.com\/pt-br\/fotoenvelhecimento-como-prevenir-e-tratar-os-efeitos-indesejados\/#primaryimage"},"image":{"@id":"https:\/\/www.vydence.com\/pt-br\/fotoenvelhecimento-como-prevenir-e-tratar-os-efeitos-indesejados\/#primaryimage"},"thumbnailUrl":"https:\/\/www.vydence.com\/wp-content\/uploads\/2020\/06\/Fotoenvelhecimento_Retangulo-2.jpg","datePublished":"2020-06-19T17:49:48+00:00","breadcrumb":{"@id":"https:\/\/www.vydence.com\/pt-br\/fotoenvelhecimento-como-prevenir-e-tratar-os-efeitos-indesejados\/#breadcrumb"},"inLanguage":"pt-BR","potentialAction":[{"@type":"ReadAction","target":["https:\/\/www.vydence.com\/pt-br\/fotoenvelhecimento-como-prevenir-e-tratar-os-efeitos-indesejados\/"]}]},{"@type":"ImageObject","inLanguage":"pt-BR","@id":"https:\/\/www.vydence.com\/pt-br\/fotoenvelhecimento-como-prevenir-e-tratar-os-efeitos-indesejados\/#primaryimage","url":"https:\/\/www.vydence.com\/wp-content\/uploads\/2020\/06\/Fotoenvelhecimento_Retangulo-2.jpg","contentUrl":"https:\/\/www.vydence.com\/wp-content\/uploads\/2020\/06\/Fotoenvelhecimento_Retangulo-2.jpg","width":1280,"height":640},{"@type":"BreadcrumbList","@id":"https:\/\/www.vydence.com\/pt-br\/fotoenvelhecimento-como-prevenir-e-tratar-os-efeitos-indesejados\/#breadcrumb","itemListElement":[{"@type":"ListItem","position":1,"name":"In\u00edcio","item":"https:\/\/www.vydence.com\/pt-br\/"},{"@type":"ListItem","position":2,"name":"Fotoenvelhecimento: como prevenir e tratar os efeitos indesejados"}]},{"@type":"WebSite","@id":"https:\/\/www.vydence.com\/pt-br\/#website","url":"https:\/\/www.vydence.com\/pt-br\/","name":"VYDENCE","description":"","publisher":{"@id":"https:\/\/www.vydence.com\/pt-br\/#organization"},"potentialAction":[{"@type":"SearchAction","target":{"@type":"EntryPoint","urlTemplate":"https:\/\/www.vydence.com\/pt-br\/?s={search_term_string}"},"query-input":{"@type":"PropertyValueSpecification","valueRequired":true,"valueName":"search_term_string"}}],"inLanguage":"pt-BR"},{"@type":"Organization","@id":"https:\/\/www.vydence.com\/pt-br\/#organization","name":"VYDENCE","url":"https:\/\/www.vydence.com\/pt-br\/","logo":{"@type":"ImageObject","inLanguage":"pt-BR","@id":"https:\/\/www.vydence.com\/pt-br\/#\/schema\/logo\/image\/","url":"https:\/\/www.vydence.com\/wp-content\/uploads\/2024\/11\/Logo.svg","contentUrl":"https:\/\/www.vydence.com\/wp-content\/uploads\/2024\/11\/Logo.svg","width":149,"height":40,"caption":"VYDENCE"},"image":{"@id":"https:\/\/www.vydence.com\/pt-br\/#\/schema\/logo\/image\/"},"sameAs":["https:\/\/www.facebook.com\/VYDENCE"]},{"@type":"Person","@id":"https:\/\/www.vydence.com\/pt-br\/#\/schema\/person\/d07e11658f9624d2d5344c62489f5fed","name":"admin","image":{"@type":"ImageObject","inLanguage":"pt-BR","@id":"https:\/\/secure.gravatar.com\/avatar\/1625555f260264654c853a64f2eddfbd5d054ef40597af8b97dc8461ef04e355?s=96&d=mm&r=g","url":"https:\/\/secure.gravatar.com\/avatar\/1625555f260264654c853a64f2eddfbd5d054ef40597af8b97dc8461ef04e355?s=96&d=mm&r=g","contentUrl":"https:\/\/secure.gravatar.com\/avatar\/1625555f260264654c853a64f2eddfbd5d054ef40597af8b97dc8461ef04e355?s=96&d=mm&r=g","caption":"admin"},"sameAs":["https:\/\/www.vydence.com"],"url":"https:\/\/www.vydence.com\/pt-br\/author\/ericknc\/"}]}},"_links":{"self":[{"href":"https:\/\/www.vydence.com\/pt-br\/wp-json\/wp\/v2\/posts\/13520","targetHints":{"allow":["GET"]}}],"collection":[{"href":"https:\/\/www.vydence.com\/pt-br\/wp-json\/wp\/v2\/posts"}],"about":[{"href":"https:\/\/www.vydence.com\/pt-br\/wp-json\/wp\/v2\/types\/post"}],"author":[{"embeddable":true,"href":"https:\/\/www.vydence.com\/pt-br\/wp-json\/wp\/v2\/users\/1"}],"replies":[{"embeddable":true,"href":"https:\/\/www.vydence.com\/pt-br\/wp-json\/wp\/v2\/comments?post=13520"}],"version-history":[{"count":0,"href":"https:\/\/www.vydence.com\/pt-br\/wp-json\/wp\/v2\/posts\/13520\/revisions"}],"wp:featuredmedia":[{"embeddable":true,"href":"https:\/\/www.vydence.com\/pt-br\/wp-json\/wp\/v2\/media\/13529"}],"wp:attachment":[{"href":"https:\/\/www.vydence.com\/pt-br\/wp-json\/wp\/v2\/media?parent=13520"}],"wp:term":[{"taxonomy":"category","embeddable":true,"href":"https:\/\/www.vydence.com\/pt-br\/wp-json\/wp\/v2\/categories?post=13520"},{"taxonomy":"post_tag","embeddable":true,"href":"https:\/\/www.vydence.com\/pt-br\/wp-json\/wp\/v2\/tags?post=13520"}],"curies":[{"name":"wp","href":"https:\/\/api.w.org\/{rel}","templated":true}]}}