{"id":12608,"date":"2018-02-28T14:44:13","date_gmt":"2018-02-28T14:44:13","guid":{"rendered":"http:\/\/www.tratamentointimo.com.br\/?p=12608"},"modified":"2018-02-28T14:44:13","modified_gmt":"2018-02-28T14:44:13","slug":"menstruacao-adiantada","status":"publish","type":"post","link":"https:\/\/www.vydence.com\/pt-br\/menstruacao-adiantada\/","title":{"rendered":"Menstrua\u00e7\u00e3o adiantada: principais d\u00favidas sobre o ciclo menstrual"},"content":{"rendered":"<p><span style=\"font-weight: 400;\">Uma coisa que sempre causa algum tipo de d\u00favida na mulher \u00e9 a menstrua\u00e7\u00e3o. Quando nos deparamos com alguma altera\u00e7\u00e3o, como a menstrua\u00e7\u00e3o adiantada, logo pensamos que pode haver algo errado com nosso ciclo menstrual.<\/span><\/p>\n<p><span style=\"font-weight: 400;\">A menstrua\u00e7\u00e3o adiantada pode ser causada por pelo menos quatro fatores: <\/span><\/p>\n<ul>\n<li><span style=\"font-weight: 400;\">Ciclo irregular, <\/span><\/li>\n<li><span style=\"font-weight: 400;\">Anovula\u00e7\u00e3o, <\/span><\/li>\n<li><span style=\"font-weight: 400;\">Descontrole hormonal e\u00a0<\/span><\/li>\n<li>fatores externos.<\/li>\n<\/ul>\n<p>Saiba que, em um primeiro momento, ela n\u00e3o deve ser motivo de preocupa\u00e7\u00e3o, mas \u00e9 importante entender bem o funcionamento do seu corpo. Entenda tudo a seguir.<\/p>\n<h2><span style=\"font-weight: 400;\">Causas da menstrua\u00e7\u00e3o adiantada<\/span><\/h2>\n<p><span style=\"font-weight: 400;\">Como j\u00e1 citamos, quatro fatores b\u00e1sicos podem influenciar na regularidade da menstrua\u00e7\u00e3o. Se voc\u00ea notou que a sua chegou antes do previsto, pode ser resultado de:<\/span><\/p>\n<ul>\n<li style=\"font-weight: 400;\"><b>Ciclo irregular:<\/b><span style=\"font-weight: 400;\"> altera\u00e7\u00f5es hormonais podem fazer com que alguma fase do ciclo menstrual fique menor, o que acaba encurtando o per\u00edodo do ciclo e antecipando a menstrua\u00e7\u00e3o. Uma das causas mais prov\u00e1veis deste fator \u00e9 a antecipa\u00e7\u00e3o da ovula\u00e7\u00e3o, ou seja, quando a ovula\u00e7\u00e3o leva menos tempo para acontecer.<\/span><\/li>\n<li style=\"font-weight: 400;\"><b>Anovula\u00e7\u00e3o:<\/b><span style=\"font-weight: 400;\"> a anovula\u00e7\u00e3o, ou seja, o ciclo sem ovula\u00e7\u00e3o, pode acontecer com qualquer mulher, mesmo que o ciclo esteja regular. <\/span><\/li>\n<li style=\"font-weight: 400;\"><b>Descontrole hormonal:<\/b><span style=\"font-weight: 400;\"> em determinado ciclo menstrual, a quantidade de progesterona no organismo pode ser insuficiente. Essa condi\u00e7\u00e3o acaba afetando o endom\u00e9trio que, com a baixa do horm\u00f4nio, n\u00e3o consegue ficar no lugar e desce causando a menstrua\u00e7\u00e3o, mesmo que ainda n\u00e3o seja a hora.<\/span><\/li>\n<li style=\"font-weight: 400;\"><b>Fatores externos:<\/b><span style=\"font-weight: 400;\"> um per\u00edodo estressante pode ser a causa da menstrua\u00e7\u00e3o adiantada, bem como a ingest\u00e3o de medicamentos hormonais, como os anticoncepcionais. Neste \u00faltimo caso, o uso descontrolado dos contraceptivos pode antecipar a chegada da menstrua\u00e7\u00e3o. <\/span><\/li>\n<\/ul>\n<h2><span style=\"font-weight: 400;\">\u00c9 poss\u00edvel confundir menstrua\u00e7\u00e3o adiantada com nida\u00e7\u00e3o?<\/span><\/h2>\n<p><span style=\"font-weight: 400;\">\u00c9 poss\u00edvel, mas, para que essa confus\u00e3o n\u00e3o ocorra, \u00e9 importante entender as diferen\u00e7a entre cada um. <\/span><\/p>\n<p><span style=\"font-weight: 400;\">Enquanto a nida\u00e7\u00e3o \u00e9 marcada por leve sangramento aguado e que desaparece rapidamente. Ela acontece por conta do rompimento do \u00f3vulo no interior do ov\u00e1rio no momento da ovula\u00e7\u00e3o.<\/span><\/p>\n<p><span style=\"font-weight: 400;\">A\u00a0menstrua\u00e7\u00e3o, entretanto, tende a se desenvolver e alcan\u00e7ar um fluxo mais abundante.<\/span><\/p>\n<h2><span style=\"font-weight: 400;\">A menstrua\u00e7\u00e3o adiantada \u00e9 normal em todos o casos?<\/span><\/h2>\n<p><span style=\"font-weight: 400;\">N\u00e3o! Um ciclo menstrual comum geralmente dura 28 dias e \u00e9 dividido em tr\u00eas fases. Com a menstrua\u00e7\u00e3o adiantada ou atrasada, o ciclo pode variar entre 25 e 35 dias. Caso estas mudan\u00e7as sejam constantes, ou o ciclo apresente per\u00edodos maiores de varia\u00e7\u00e3o, voc\u00ea pode estar diante de algum problema de sa\u00fade.<\/span><\/p>\n<p><span style=\"font-weight: 400;\">Por isso, se voc\u00ea notou que a sua menstrua\u00e7\u00e3o foi antecipada em mais de cinco dias, \u00e9 importante buscar seu ginecologista. Esse cuidado tamb\u00e9m \u00e9 importante caso a menstrua\u00e7\u00e3o atrase pelo mesmo per\u00edodo. <\/span><\/p>\n<p><span style=\"font-weight: 400;\">Para voc\u00ea entender melhor seu ciclo e detectar poss\u00edveis altera\u00e7\u00f5es, confira, de forma resumida, como o ciclo menstrual se desenvolve.<\/span><\/p>\n<h3>Fases do ciclo menstrual<\/h3>\n<ul>\n<li style=\"font-weight: 400;\">Fase folicular: primeira fase, iniciada no primeiro dia da menstrua\u00e7\u00e3o e que dura de 5 a 12 dias. Nela, o horm\u00f4nio fol\u00edculo-estimulante (FSH) tem sua produ\u00e7\u00e3o aumentada. Isso faz com que os ov\u00e1rios amadure\u00e7am seus \u00f3vulos. Nessa etapa tamb\u00e9m h\u00e1 maior libera\u00e7\u00e3o de estrog\u00eanio, o horm\u00f4nio que reveste o \u00fatero para uma poss\u00edvel gravidez.<\/li>\n<li style=\"font-weight: 400;\">Fase ovulat\u00f3ria: geralmente acontece no 14\u00ba dia do ciclo. Al\u00e9m da produ\u00e7\u00e3o de estrog\u00eanio, o corpo produz o horm\u00f4nio luteinizante (LH). Ele \u00e9 respons\u00e1vel pela sele\u00e7\u00e3o do \u00f3vulo mais maduro, fazendo-o sair do ov\u00e1rio, per\u00edodo em que ocorre a ovula\u00e7\u00e3o.<\/li>\n<li style=\"font-weight: 400;\">Fase l\u00fatea: nessa fase, que geralmente dura os \u00faltimos 12 dias do ciclo, h\u00e1 produ\u00e7\u00e3o em maior quantidade de progesterona, ainda no processo de preparo do \u00fatero. Ao mesmo tempo, tamb\u00e9m aumenta a produ\u00e7\u00e3o de estrog\u00eanio, o que faz com que mulheres tenham sensibilidade nos seios, incha\u00e7o e mudan\u00e7a no humor.<\/li>\n<\/ul>\n<p><span style=\"font-weight: 400;\">Assim, se voc\u00ea notar sua menstrua\u00e7\u00e3o muito adiantada, \u00e9 recomendado que voc\u00ea marque uma consulta com seu ginecologista. S\u00f3 ele ir\u00e1 poder entender, por meio de exames espec\u00edficos, como o seu corpo est\u00e1 se comportando e recomendar o tratamento adequado.<\/span><\/p>\n<p><span style=\"font-weight: 400;\">Em nosso blog, outros artigos podem te ajudar a entender melhor sobre seu corpo e sua regi\u00e3o \u00edntima. <\/span><a href=\"https:\/\/tratamentosalaser.com.br\/\"><span style=\"font-weight: 400;\">Confira<\/span><\/a><span style=\"font-weight: 400;\">!<\/span><\/p>\n<p><a href=\"https:\/\/tratamentosalaser.com.br\/wp-content\/uploads\/2017\/09\/5-pontos-para-saber-se-voce%CC%82-precisa-de-tratamento-i%CC%81ntimo.pdf\"><img loading=\"lazy\" decoding=\"async\" class=\"aligncenter  wp-image-12736\" src=\"http:\/\/tratamentosalaser.com.br\/wp-content\/uploads\/2017\/06\/cta-tratamento-intimo.png\" alt=\"Tratamento \u00cdntimo a Laser - Rejuvenescimento \u00cdntimo\" width=\"600\" height=\"176\" srcset=\"https:\/\/www.vydence.com\/wp-content\/uploads\/2017\/06\/cta-tratamento-intimo.png 750w, https:\/\/www.vydence.com\/wp-content\/uploads\/2017\/06\/cta-tratamento-intimo-300x88.png 300w, https:\/\/www.vydence.com\/wp-content\/uploads\/2017\/06\/cta-tratamento-intimo-480x141.png 480w\" sizes=\"(max-width: 600px) 100vw, 600px\" \/><\/a><\/p>\n","protected":false},"excerpt":{"rendered":"<p>Uma coisa que sempre causa algum tipo de d\u00favida na mulher \u00e9 a menstrua\u00e7\u00e3o. Quando nos deparamos com alguma altera\u00e7\u00e3o, como a menstrua\u00e7\u00e3o adiantada, logo pensamos que pode haver algo errado com nosso ciclo menstrual. A menstrua\u00e7\u00e3o adiantada pode ser causada por pelo menos quatro fatores: Ciclo irregular, Anovula\u00e7\u00e3o, Descontrole hormonal e\u00a0 fatores externos. Saiba [&hellip;]<\/p>\n","protected":false},"author":1,"featured_media":12609,"comment_status":"open","ping_status":"open","sticky":false,"template":"","format":"standard","meta":{"_et_pb_use_builder":"","_et_pb_old_content":"","_et_gb_content_width":"","inline_featured_image":false,"footnotes":""},"categories":[93],"tags":[97,118,138],"class_list":["post-12608","post","type-post","status-publish","format-standard","has-post-thumbnail","hentry","category-saude-intima","tag-menstruacao","tag-saude-da-mulher","tag-sexo-menstruada"],"yoast_head":"<!-- This site is optimized with the Yoast SEO Premium plugin v27.1 (Yoast SEO v27.4) - https:\/\/yoast.com\/product\/yoast-seo-premium-wordpress\/ -->\n<title>Menstrua\u00e7\u00e3o adiantada: saiba por que acontece - VYDENCE<\/title>\n<meta name=\"description\" content=\"Quando nos deparamos com a menstrua\u00e7\u00e3o adiantada, logo pensamos que pode haver algo errado com nosso ciclo menstrual. Saiba por que isso ocorre.\" \/>\n<meta name=\"robots\" content=\"index, follow, max-snippet:-1, max-image-preview:large, max-video-preview:-1\" \/>\n<link rel=\"canonical\" href=\"https:\/\/www.vydence.com\/pt-br\/menstruacao-adiantada\/\" \/>\n<meta property=\"og:locale\" content=\"pt_BR\" \/>\n<meta property=\"og:type\" content=\"article\" \/>\n<meta property=\"og:title\" content=\"Menstrua\u00e7\u00e3o adiantada: principais d\u00favidas sobre o ciclo menstrual\" \/>\n<meta property=\"og:description\" content=\"Quando nos deparamos com a menstrua\u00e7\u00e3o adiantada, logo pensamos que pode haver algo errado com nosso ciclo menstrual. Saiba por que isso ocorre.\" \/>\n<meta property=\"og:url\" content=\"https:\/\/www.vydence.com\/pt-br\/menstruacao-adiantada\/\" \/>\n<meta property=\"og:site_name\" content=\"VYDENCE\" \/>\n<meta property=\"article:publisher\" content=\"https:\/\/www.facebook.com\/VYDENCE\" \/>\n<meta property=\"article:published_time\" content=\"2018-02-28T14:44:13+00:00\" \/>\n<meta property=\"og:image\" content=\"https:\/\/www.vydence.com\/wp-content\/uploads\/2018\/02\/mentruacao-adiantada.jpg\" \/>\n\t<meta property=\"og:image:width\" content=\"1070\" \/>\n\t<meta property=\"og:image:height\" content=\"713\" \/>\n\t<meta property=\"og:image:type\" content=\"image\/jpeg\" \/>\n<meta name=\"author\" content=\"admin\" \/>\n<meta name=\"twitter:card\" content=\"summary_large_image\" \/>\n<meta name=\"twitter:label1\" content=\"Escrito por\" \/>\n\t<meta name=\"twitter:data1\" content=\"admin\" \/>\n\t<meta name=\"twitter:label2\" content=\"Est. tempo de leitura\" \/>\n\t<meta name=\"twitter:data2\" content=\"4 minutos\" \/>\n<script type=\"application\/ld+json\" class=\"yoast-schema-graph\">{\"@context\":\"https:\\\/\\\/schema.org\",\"@graph\":[{\"@type\":\"Article\",\"@id\":\"https:\\\/\\\/www.vydence.com\\\/pt-br\\\/menstruacao-adiantada\\\/#article\",\"isPartOf\":{\"@id\":\"https:\\\/\\\/www.vydence.com\\\/pt-br\\\/menstruacao-adiantada\\\/\"},\"author\":{\"name\":\"admin\",\"@id\":\"https:\\\/\\\/www.vydence.com\\\/pt-br\\\/#\\\/schema\\\/person\\\/d07e11658f9624d2d5344c62489f5fed\"},\"headline\":\"Menstrua\u00e7\u00e3o adiantada: principais d\u00favidas sobre o ciclo menstrual\",\"datePublished\":\"2018-02-28T14:44:13+00:00\",\"mainEntityOfPage\":{\"@id\":\"https:\\\/\\\/www.vydence.com\\\/pt-br\\\/menstruacao-adiantada\\\/\"},\"wordCount\":726,\"commentCount\":0,\"publisher\":{\"@id\":\"https:\\\/\\\/www.vydence.com\\\/pt-br\\\/#organization\"},\"image\":{\"@id\":\"https:\\\/\\\/www.vydence.com\\\/pt-br\\\/menstruacao-adiantada\\\/#primaryimage\"},\"thumbnailUrl\":\"https:\\\/\\\/www.vydence.com\\\/wp-content\\\/uploads\\\/2018\\\/02\\\/mentruacao-adiantada.jpg\",\"keywords\":[\"menstrua\u00e7\u00e3o\",\"sa\u00fade da mulher\",\"sexo menstruada\"],\"articleSection\":[\"Sa\u00fade \u00cdntima\"],\"inLanguage\":\"pt-BR\",\"potentialAction\":[{\"@type\":\"CommentAction\",\"name\":\"Comment\",\"target\":[\"https:\\\/\\\/www.vydence.com\\\/pt-br\\\/menstruacao-adiantada\\\/#respond\"]}]},{\"@type\":\"WebPage\",\"@id\":\"https:\\\/\\\/www.vydence.com\\\/pt-br\\\/menstruacao-adiantada\\\/\",\"url\":\"https:\\\/\\\/www.vydence.com\\\/pt-br\\\/menstruacao-adiantada\\\/\",\"name\":\"Menstrua\u00e7\u00e3o adiantada: saiba por que acontece - VYDENCE\",\"isPartOf\":{\"@id\":\"https:\\\/\\\/www.vydence.com\\\/pt-br\\\/#website\"},\"primaryImageOfPage\":{\"@id\":\"https:\\\/\\\/www.vydence.com\\\/pt-br\\\/menstruacao-adiantada\\\/#primaryimage\"},\"image\":{\"@id\":\"https:\\\/\\\/www.vydence.com\\\/pt-br\\\/menstruacao-adiantada\\\/#primaryimage\"},\"thumbnailUrl\":\"https:\\\/\\\/www.vydence.com\\\/wp-content\\\/uploads\\\/2018\\\/02\\\/mentruacao-adiantada.jpg\",\"datePublished\":\"2018-02-28T14:44:13+00:00\",\"description\":\"Quando nos deparamos com a menstrua\u00e7\u00e3o adiantada, logo pensamos que pode haver algo errado com nosso ciclo menstrual. Saiba por que isso ocorre.\",\"breadcrumb\":{\"@id\":\"https:\\\/\\\/www.vydence.com\\\/pt-br\\\/menstruacao-adiantada\\\/#breadcrumb\"},\"inLanguage\":\"pt-BR\",\"potentialAction\":[{\"@type\":\"ReadAction\",\"target\":[\"https:\\\/\\\/www.vydence.com\\\/pt-br\\\/menstruacao-adiantada\\\/\"]}]},{\"@type\":\"ImageObject\",\"inLanguage\":\"pt-BR\",\"@id\":\"https:\\\/\\\/www.vydence.com\\\/pt-br\\\/menstruacao-adiantada\\\/#primaryimage\",\"url\":\"https:\\\/\\\/www.vydence.com\\\/wp-content\\\/uploads\\\/2018\\\/02\\\/mentruacao-adiantada.jpg\",\"contentUrl\":\"https:\\\/\\\/www.vydence.com\\\/wp-content\\\/uploads\\\/2018\\\/02\\\/mentruacao-adiantada.jpg\",\"width\":1070,\"height\":713,\"caption\":\"Menstrua\u00e7\u00e3o adiantada por que acontece\"},{\"@type\":\"BreadcrumbList\",\"@id\":\"https:\\\/\\\/www.vydence.com\\\/pt-br\\\/menstruacao-adiantada\\\/#breadcrumb\",\"itemListElement\":[{\"@type\":\"ListItem\",\"position\":1,\"name\":\"In\u00edcio\",\"item\":\"https:\\\/\\\/www.vydence.com\\\/pt-br\\\/\"},{\"@type\":\"ListItem\",\"position\":2,\"name\":\"Menstrua\u00e7\u00e3o adiantada: principais d\u00favidas sobre o ciclo menstrual\"}]},{\"@type\":\"WebSite\",\"@id\":\"https:\\\/\\\/www.vydence.com\\\/pt-br\\\/#website\",\"url\":\"https:\\\/\\\/www.vydence.com\\\/pt-br\\\/\",\"name\":\"VYDENCE\",\"description\":\"\",\"publisher\":{\"@id\":\"https:\\\/\\\/www.vydence.com\\\/pt-br\\\/#organization\"},\"potentialAction\":[{\"@type\":\"SearchAction\",\"target\":{\"@type\":\"EntryPoint\",\"urlTemplate\":\"https:\\\/\\\/www.vydence.com\\\/pt-br\\\/?s={search_term_string}\"},\"query-input\":{\"@type\":\"PropertyValueSpecification\",\"valueRequired\":true,\"valueName\":\"search_term_string\"}}],\"inLanguage\":\"pt-BR\"},{\"@type\":\"Organization\",\"@id\":\"https:\\\/\\\/www.vydence.com\\\/pt-br\\\/#organization\",\"name\":\"VYDENCE\",\"url\":\"https:\\\/\\\/www.vydence.com\\\/pt-br\\\/\",\"logo\":{\"@type\":\"ImageObject\",\"inLanguage\":\"pt-BR\",\"@id\":\"https:\\\/\\\/www.vydence.com\\\/pt-br\\\/#\\\/schema\\\/logo\\\/image\\\/\",\"url\":\"https:\\\/\\\/www.vydence.com\\\/wp-content\\\/uploads\\\/2024\\\/11\\\/Logo.svg\",\"contentUrl\":\"https:\\\/\\\/www.vydence.com\\\/wp-content\\\/uploads\\\/2024\\\/11\\\/Logo.svg\",\"width\":149,\"height\":40,\"caption\":\"VYDENCE\"},\"image\":{\"@id\":\"https:\\\/\\\/www.vydence.com\\\/pt-br\\\/#\\\/schema\\\/logo\\\/image\\\/\"},\"sameAs\":[\"https:\\\/\\\/www.facebook.com\\\/VYDENCE\"]},{\"@type\":\"Person\",\"@id\":\"https:\\\/\\\/www.vydence.com\\\/pt-br\\\/#\\\/schema\\\/person\\\/d07e11658f9624d2d5344c62489f5fed\",\"name\":\"admin\",\"image\":{\"@type\":\"ImageObject\",\"inLanguage\":\"pt-BR\",\"@id\":\"https:\\\/\\\/secure.gravatar.com\\\/avatar\\\/1625555f260264654c853a64f2eddfbd5d054ef40597af8b97dc8461ef04e355?s=96&d=mm&r=g\",\"url\":\"https:\\\/\\\/secure.gravatar.com\\\/avatar\\\/1625555f260264654c853a64f2eddfbd5d054ef40597af8b97dc8461ef04e355?s=96&d=mm&r=g\",\"contentUrl\":\"https:\\\/\\\/secure.gravatar.com\\\/avatar\\\/1625555f260264654c853a64f2eddfbd5d054ef40597af8b97dc8461ef04e355?s=96&d=mm&r=g\",\"caption\":\"admin\"},\"sameAs\":[\"https:\\\/\\\/www.vydence.com\"],\"url\":\"https:\\\/\\\/www.vydence.com\\\/pt-br\\\/author\\\/ericknc\\\/\"}]}<\/script>\n<!-- \/ Yoast SEO Premium plugin. -->","yoast_head_json":{"title":"Menstrua\u00e7\u00e3o adiantada: saiba por que acontece - VYDENCE","description":"Quando nos deparamos com a menstrua\u00e7\u00e3o adiantada, logo pensamos que pode haver algo errado com nosso ciclo menstrual. Saiba por que isso ocorre.","robots":{"index":"index","follow":"follow","max-snippet":"max-snippet:-1","max-image-preview":"max-image-preview:large","max-video-preview":"max-video-preview:-1"},"canonical":"https:\/\/www.vydence.com\/pt-br\/menstruacao-adiantada\/","og_locale":"pt_BR","og_type":"article","og_title":"Menstrua\u00e7\u00e3o adiantada: principais d\u00favidas sobre o ciclo menstrual","og_description":"Quando nos deparamos com a menstrua\u00e7\u00e3o adiantada, logo pensamos que pode haver algo errado com nosso ciclo menstrual. Saiba por que isso ocorre.","og_url":"https:\/\/www.vydence.com\/pt-br\/menstruacao-adiantada\/","og_site_name":"VYDENCE","article_publisher":"https:\/\/www.facebook.com\/VYDENCE","article_published_time":"2018-02-28T14:44:13+00:00","og_image":[{"width":1070,"height":713,"url":"https:\/\/www.vydence.com\/wp-content\/uploads\/2018\/02\/mentruacao-adiantada.jpg","type":"image\/jpeg"}],"author":"admin","twitter_card":"summary_large_image","twitter_misc":{"Escrito por":"admin","Est. tempo de leitura":"4 minutos"},"schema":{"@context":"https:\/\/schema.org","@graph":[{"@type":"Article","@id":"https:\/\/www.vydence.com\/pt-br\/menstruacao-adiantada\/#article","isPartOf":{"@id":"https:\/\/www.vydence.com\/pt-br\/menstruacao-adiantada\/"},"author":{"name":"admin","@id":"https:\/\/www.vydence.com\/pt-br\/#\/schema\/person\/d07e11658f9624d2d5344c62489f5fed"},"headline":"Menstrua\u00e7\u00e3o adiantada: principais d\u00favidas sobre o ciclo menstrual","datePublished":"2018-02-28T14:44:13+00:00","mainEntityOfPage":{"@id":"https:\/\/www.vydence.com\/pt-br\/menstruacao-adiantada\/"},"wordCount":726,"commentCount":0,"publisher":{"@id":"https:\/\/www.vydence.com\/pt-br\/#organization"},"image":{"@id":"https:\/\/www.vydence.com\/pt-br\/menstruacao-adiantada\/#primaryimage"},"thumbnailUrl":"https:\/\/www.vydence.com\/wp-content\/uploads\/2018\/02\/mentruacao-adiantada.jpg","keywords":["menstrua\u00e7\u00e3o","sa\u00fade da mulher","sexo menstruada"],"articleSection":["Sa\u00fade \u00cdntima"],"inLanguage":"pt-BR","potentialAction":[{"@type":"CommentAction","name":"Comment","target":["https:\/\/www.vydence.com\/pt-br\/menstruacao-adiantada\/#respond"]}]},{"@type":"WebPage","@id":"https:\/\/www.vydence.com\/pt-br\/menstruacao-adiantada\/","url":"https:\/\/www.vydence.com\/pt-br\/menstruacao-adiantada\/","name":"Menstrua\u00e7\u00e3o adiantada: saiba por que acontece - VYDENCE","isPartOf":{"@id":"https:\/\/www.vydence.com\/pt-br\/#website"},"primaryImageOfPage":{"@id":"https:\/\/www.vydence.com\/pt-br\/menstruacao-adiantada\/#primaryimage"},"image":{"@id":"https:\/\/www.vydence.com\/pt-br\/menstruacao-adiantada\/#primaryimage"},"thumbnailUrl":"https:\/\/www.vydence.com\/wp-content\/uploads\/2018\/02\/mentruacao-adiantada.jpg","datePublished":"2018-02-28T14:44:13+00:00","description":"Quando nos deparamos com a menstrua\u00e7\u00e3o adiantada, logo pensamos que pode haver algo errado com nosso ciclo menstrual. Saiba por que isso ocorre.","breadcrumb":{"@id":"https:\/\/www.vydence.com\/pt-br\/menstruacao-adiantada\/#breadcrumb"},"inLanguage":"pt-BR","potentialAction":[{"@type":"ReadAction","target":["https:\/\/www.vydence.com\/pt-br\/menstruacao-adiantada\/"]}]},{"@type":"ImageObject","inLanguage":"pt-BR","@id":"https:\/\/www.vydence.com\/pt-br\/menstruacao-adiantada\/#primaryimage","url":"https:\/\/www.vydence.com\/wp-content\/uploads\/2018\/02\/mentruacao-adiantada.jpg","contentUrl":"https:\/\/www.vydence.com\/wp-content\/uploads\/2018\/02\/mentruacao-adiantada.jpg","width":1070,"height":713,"caption":"Menstrua\u00e7\u00e3o adiantada por que acontece"},{"@type":"BreadcrumbList","@id":"https:\/\/www.vydence.com\/pt-br\/menstruacao-adiantada\/#breadcrumb","itemListElement":[{"@type":"ListItem","position":1,"name":"In\u00edcio","item":"https:\/\/www.vydence.com\/pt-br\/"},{"@type":"ListItem","position":2,"name":"Menstrua\u00e7\u00e3o adiantada: principais d\u00favidas sobre o ciclo menstrual"}]},{"@type":"WebSite","@id":"https:\/\/www.vydence.com\/pt-br\/#website","url":"https:\/\/www.vydence.com\/pt-br\/","name":"VYDENCE","description":"","publisher":{"@id":"https:\/\/www.vydence.com\/pt-br\/#organization"},"potentialAction":[{"@type":"SearchAction","target":{"@type":"EntryPoint","urlTemplate":"https:\/\/www.vydence.com\/pt-br\/?s={search_term_string}"},"query-input":{"@type":"PropertyValueSpecification","valueRequired":true,"valueName":"search_term_string"}}],"inLanguage":"pt-BR"},{"@type":"Organization","@id":"https:\/\/www.vydence.com\/pt-br\/#organization","name":"VYDENCE","url":"https:\/\/www.vydence.com\/pt-br\/","logo":{"@type":"ImageObject","inLanguage":"pt-BR","@id":"https:\/\/www.vydence.com\/pt-br\/#\/schema\/logo\/image\/","url":"https:\/\/www.vydence.com\/wp-content\/uploads\/2024\/11\/Logo.svg","contentUrl":"https:\/\/www.vydence.com\/wp-content\/uploads\/2024\/11\/Logo.svg","width":149,"height":40,"caption":"VYDENCE"},"image":{"@id":"https:\/\/www.vydence.com\/pt-br\/#\/schema\/logo\/image\/"},"sameAs":["https:\/\/www.facebook.com\/VYDENCE"]},{"@type":"Person","@id":"https:\/\/www.vydence.com\/pt-br\/#\/schema\/person\/d07e11658f9624d2d5344c62489f5fed","name":"admin","image":{"@type":"ImageObject","inLanguage":"pt-BR","@id":"https:\/\/secure.gravatar.com\/avatar\/1625555f260264654c853a64f2eddfbd5d054ef40597af8b97dc8461ef04e355?s=96&d=mm&r=g","url":"https:\/\/secure.gravatar.com\/avatar\/1625555f260264654c853a64f2eddfbd5d054ef40597af8b97dc8461ef04e355?s=96&d=mm&r=g","contentUrl":"https:\/\/secure.gravatar.com\/avatar\/1625555f260264654c853a64f2eddfbd5d054ef40597af8b97dc8461ef04e355?s=96&d=mm&r=g","caption":"admin"},"sameAs":["https:\/\/www.vydence.com"],"url":"https:\/\/www.vydence.com\/pt-br\/author\/ericknc\/"}]}},"_links":{"self":[{"href":"https:\/\/www.vydence.com\/pt-br\/wp-json\/wp\/v2\/posts\/12608","targetHints":{"allow":["GET"]}}],"collection":[{"href":"https:\/\/www.vydence.com\/pt-br\/wp-json\/wp\/v2\/posts"}],"about":[{"href":"https:\/\/www.vydence.com\/pt-br\/wp-json\/wp\/v2\/types\/post"}],"author":[{"embeddable":true,"href":"https:\/\/www.vydence.com\/pt-br\/wp-json\/wp\/v2\/users\/1"}],"replies":[{"embeddable":true,"href":"https:\/\/www.vydence.com\/pt-br\/wp-json\/wp\/v2\/comments?post=12608"}],"version-history":[{"count":0,"href":"https:\/\/www.vydence.com\/pt-br\/wp-json\/wp\/v2\/posts\/12608\/revisions"}],"wp:featuredmedia":[{"embeddable":true,"href":"https:\/\/www.vydence.com\/pt-br\/wp-json\/wp\/v2\/media\/12609"}],"wp:attachment":[{"href":"https:\/\/www.vydence.com\/pt-br\/wp-json\/wp\/v2\/media?parent=12608"}],"wp:term":[{"taxonomy":"category","embeddable":true,"href":"https:\/\/www.vydence.com\/pt-br\/wp-json\/wp\/v2\/categories?post=12608"},{"taxonomy":"post_tag","embeddable":true,"href":"https:\/\/www.vydence.com\/pt-br\/wp-json\/wp\/v2\/tags?post=12608"}],"curies":[{"name":"wp","href":"https:\/\/api.w.org\/{rel}","templated":true}]}}