{"id":12581,"date":"2017-01-25T11:33:36","date_gmt":"2017-01-25T11:33:36","guid":{"rendered":"http:\/\/www.tratamentointimo.com.br\/?p=12581"},"modified":"2017-01-25T11:33:36","modified_gmt":"2017-01-25T11:33:36","slug":"alergia-a-absorvente","status":"publish","type":"post","link":"https:\/\/www.vydence.com\/pt-br\/alergia-a-absorvente\/","title":{"rendered":"Tenho alergia a absorvente, como tratar?"},"content":{"rendered":"<p><span style=\"font-weight: 400;\">A menstrua\u00e7\u00e3o \u00e9 um processo natural do corpo feminino. Por mais que as mulheres saibam disso e j\u00e1 aprendem desde novas a lidar com essa fase, nem todas se sentem tranquilas em rela\u00e7\u00e3o \u00e0s transforma\u00e7\u00f5es que surgem todo m\u00eas. Ainda mais aquelas que possuem alergia a absorvente e sentem desconforto todos os meses.<\/span><\/p>\n<p><span style=\"font-weight: 400;\">O uso do absorvente \u00e9 um dos fatores que mais costumam incomodar as mulheres. Algumas alegam que deixam de utilizar roupas brancas, vestidos e saias justas ou mesmo um biqu\u00edni por causa disso. Atividades f\u00edsicas tamb\u00e9m se tornam dif\u00edceis ou desconfort\u00e1veis, como andar de bicicleta e correr.<\/span><\/p>\n<p><span style=\"font-weight: 400;\">Al\u00e9m disso, o uso de absorvente tamb\u00e9m pode causar alergia, gerando coceira, irrita\u00e7\u00e3o na pele e enorme desconforto na regi\u00e3o genital. Essas irrita\u00e7\u00f5es podem ser entendidas como dermatite de contato, uma vez que h\u00e1 constante atrito entre a pele e o tecido do absorvente.<\/span><\/p>\n<p><span style=\"font-weight: 400;\">Se voc\u00ea tem alergia a absorvente, confira como tratar e livre-se desse desconforto! Voc\u00ea pode e deve menstruar com mais tranquilidade!<\/span><\/p>\n<h2><span style=\"font-weight: 400;\">Alergia a absorvente: causas e como tratar<\/span><\/h2>\n<p><span style=\"font-weight: 400;\">Geralmente, os principais sinais de uma dermatite de contato na \u00e1rea afetada s\u00e3o:<\/span><\/p>\n<ul>\n<li style=\"font-weight: 400;\"><span style=\"font-weight: 400;\">Coceira; <\/span><\/li>\n<li style=\"font-weight: 400;\"><span style=\"font-weight: 400;\">Vermelhid\u00e3o; <\/span><\/li>\n<li style=\"font-weight: 400;\"><span style=\"font-weight: 400;\">P\u00e1pulas (brotoejas);<\/span><\/li>\n<li style=\"font-weight: 400;\"><span style=\"font-weight: 400;\">Descama\u00e7\u00e3o ou altera\u00e7\u00e3o de colora\u00e7\u00e3o da pele (em fase cr\u00f4nica)<\/span><\/li>\n<\/ul>\n<p><b>Afinal, como tratar? <\/b><span style=\"font-weight: 400;\">Caso o ginecologista tenha diagnosticado a alergia devido ao uso do absorvente, ele orientar\u00e1 voc\u00ea a n\u00e3o utilizar mais o produto. Outras orienta\u00e7\u00f5es valiosas s\u00e3o:<\/span><\/p>\n<ul>\n<li style=\"font-weight: 400;\"><span style=\"font-weight: 400;\">Lavar o local com \u00e1gua fria abundante, evitando o uso de papel higi\u00eanico. Evitar o excesso de sabonetes, preferindo os adequados para higiene \u00edntima, que s\u00e3o mais adequados;<\/span><\/li>\n<li style=\"font-weight: 400;\"><span style=\"font-weight: 400;\">Se ap\u00f3s a suspens\u00e3o e higiene adequada n\u00e3o houver melhora, cremes de uso t\u00f3pico com corticoides podem ser usados, mas apenas a crit\u00e9rio m\u00e9dico, pois tamb\u00e9m podem ter efeitos colaterais.<\/span><\/li>\n<\/ul>\n<p><span style=\"font-weight: 400;\">Voc\u00ea deve estar pensando: <\/span><b>\u201ccomo posso suspender o uso de absorvente?<\/b><span style=\"font-weight: 400;\">\u201d. Para conten\u00e7\u00e3o do fluxo sangu\u00edneo, os produtos mais conhecidos s\u00e3o os absorventes internos e externos, certo? Mas surgiram nos \u00faltimos anos outras solu\u00e7\u00f5es que est\u00e3o fazendo sucesso e trazendo mais qualidade de vida \u00e0s mulheres, principalmente para as que possuem alergia. Saiba a seguir quais s\u00e3o:<\/span><\/p>\n<h2><span style=\"font-weight: 400;\">Calcinhas absorventes e coletor menstrual: j\u00e1 ouviu falar deles?<\/span><\/h2>\n<p><span style=\"font-weight: 400;\">As <\/span><a href=\"http:\/\/revistamarieclaire.globo.com\/Noticias\/noticia\/2017\/08\/calcinhas-absorventes-nos-testamos.html\"><span style=\"font-weight: 400;\">calcinhas absorventes<\/span><\/a><span style=\"font-weight: 400;\"> s\u00e3o feitas com tecido antimicrobiano, t\u00eam secagem r\u00e1pida e possuem uma tecnologia que elimina odores. S\u00e3o ideais para as mulheres que possuem fluxo m\u00e9dio, e ainda existem v\u00e1rios modelos. <\/span><\/p>\n<p><span style=\"font-weight: 400;\">Os coletores menstruais s\u00e3o como copinhos de silicones que se adaptam ao canal vaginal tranquilamente. Uma das maiores vantagens percebidas pelas mulheres s\u00e3o: <\/span><\/p>\n<ul>\n<li style=\"font-weight: 400;\"><span style=\"font-weight: 400;\">Conforto para nadar e usar biqu\u00edni (sem o receio da cordinha do absorvente \u00edntimo aparecer, por exemplo); <\/span><\/li>\n<li style=\"font-weight: 400;\"><span style=\"font-weight: 400;\">Elimina\u00e7\u00e3o do odor da menstrua\u00e7\u00e3o; <\/span><\/li>\n<li style=\"font-weight: 400;\"><span style=\"font-weight: 400;\">Praticidade para o dia a dia (j\u00e1 que voc\u00ea pode ficar com ele por mais de 8 horas, se precisar);<\/span><\/li>\n<li style=\"font-weight: 400;\"><span style=\"font-weight: 400;\">N\u00e3o causa alergias \u00e0 pele.<\/span><\/li>\n<\/ul>\n<p><span style=\"font-weight: 400;\">Quer saber mais sobre o coletor menstrual? <\/span><a href=\"https:\/\/tratamentosalaser.com.br\/como-usar-o-coletor-menstrual\/\"><span style=\"font-weight: 400;\">Aqui<\/span><\/a><span style=\"font-weight: 400;\"> te contamos tudo sobre ele! Descubra e sinta-se leve e plena todo m\u00eas, sem precisar mudar sua rotina!<a href=\"https:\/\/tratamentosalaser.com.br\/wp-content\/uploads\/2017\/09\/5-pontos-para-saber-se-voce%CC%82-precisa-de-tratamento-i%CC%81ntimo.pdf\"><img loading=\"lazy\" decoding=\"async\" class=\"aligncenter  wp-image-12736\" src=\"https:\/\/www.vydence.com\/wp-content\/uploads\/2017\/06\/cta-tratamento-intimo.png\" alt=\"Tratamento \u00cdntimo a Laser - Rejuvenescimento \u00cdntimo\" width=\"600\" height=\"176\" srcset=\"https:\/\/www.vydence.com\/wp-content\/uploads\/2017\/06\/cta-tratamento-intimo.png 600w, https:\/\/www.vydence.com\/wp-content\/uploads\/2017\/06\/cta-tratamento-intimo-480x141.png 480w\" sizes=\"(min-width: 0px) and (max-width: 480px) 480px, (min-width: 481px) 600px, 100vw\" \/><\/a><\/span><\/p>\n","protected":false},"excerpt":{"rendered":"<p>A menstrua\u00e7\u00e3o \u00e9 um processo natural do corpo feminino. Por mais que as mulheres saibam disso e j\u00e1 aprendem desde novas a lidar com essa fase, nem todas se sentem tranquilas em rela\u00e7\u00e3o \u00e0s transforma\u00e7\u00f5es que surgem todo m\u00eas. Ainda mais aquelas que possuem alergia a absorvente e sentem desconforto todos os meses. O uso [&hellip;]<\/p>\n","protected":false},"author":6,"featured_media":12582,"comment_status":"open","ping_status":"open","sticky":false,"template":"","format":"standard","meta":{"_et_pb_use_builder":"","_et_pb_old_content":"","_et_gb_content_width":"","inline_featured_image":false,"footnotes":""},"categories":[93],"tags":[88,97],"class_list":["post-12581","post","type-post","status-publish","format-standard","has-post-thumbnail","hentry","category-saude-intima","tag-laser-athena","tag-menstruacao"],"yoast_head":"<!-- This site is optimized with the Yoast SEO Premium plugin v27.1 (Yoast SEO v27.4) - https:\/\/yoast.com\/product\/yoast-seo-premium-wordpress\/ -->\n<title>Tenho alergia a absorvente, como tratar? - VYDENCE<\/title>\n<meta name=\"description\" content=\"Tem notado sinais que revelam alguma alergia a absorvente? Saiba como evitar, op\u00e7\u00f5es de tratamento e causas dessa alergia\" \/>\n<meta name=\"robots\" content=\"index, follow, max-snippet:-1, max-image-preview:large, max-video-preview:-1\" \/>\n<link rel=\"canonical\" href=\"https:\/\/www.vydence.com\/pt-br\/alergia-a-absorvente\/\" \/>\n<meta property=\"og:locale\" content=\"pt_BR\" \/>\n<meta property=\"og:type\" content=\"article\" \/>\n<meta property=\"og:title\" content=\"Tenho alergia a absorvente, como tratar?\" \/>\n<meta property=\"og:description\" content=\"Tem notado sinais que revelam alguma alergia a absorvente? Saiba como evitar, op\u00e7\u00f5es de tratamento e causas dessa alergia\" \/>\n<meta property=\"og:url\" content=\"https:\/\/www.vydence.com\/pt-br\/alergia-a-absorvente\/\" \/>\n<meta property=\"og:site_name\" content=\"VYDENCE\" \/>\n<meta property=\"article:publisher\" content=\"https:\/\/www.facebook.com\/VYDENCE\" \/>\n<meta property=\"article:published_time\" content=\"2017-01-25T11:33:36+00:00\" \/>\n<meta property=\"og:image\" content=\"https:\/\/www.vydence.com\/wp-content\/uploads\/2018\/02\/alergia-absorvente.jpg\" \/>\n\t<meta property=\"og:image:width\" content=\"1100\" \/>\n\t<meta property=\"og:image:height\" content=\"733\" \/>\n\t<meta property=\"og:image:type\" content=\"image\/jpeg\" \/>\n<meta name=\"author\" content=\"Dra. Fl\u00e1via Addor\" \/>\n<meta name=\"twitter:card\" content=\"summary_large_image\" \/>\n<meta name=\"twitter:label1\" content=\"Escrito por\" \/>\n\t<meta name=\"twitter:data1\" content=\"Dra. Fl\u00e1via Addor\" \/>\n\t<meta name=\"twitter:label2\" content=\"Est. tempo de leitura\" \/>\n\t<meta name=\"twitter:data2\" content=\"3 minutos\" \/>\n<script type=\"application\/ld+json\" class=\"yoast-schema-graph\">{\"@context\":\"https:\\\/\\\/schema.org\",\"@graph\":[{\"@type\":\"Article\",\"@id\":\"https:\\\/\\\/www.vydence.com\\\/pt-br\\\/alergia-a-absorvente\\\/#article\",\"isPartOf\":{\"@id\":\"https:\\\/\\\/www.vydence.com\\\/pt-br\\\/alergia-a-absorvente\\\/\"},\"author\":{\"name\":\"Dra. Fl\u00e1via Addor\",\"@id\":\"https:\\\/\\\/www.vydence.com\\\/pt-br\\\/#\\\/schema\\\/person\\\/dc085994d5350656462771378f8f9cbd\"},\"headline\":\"Tenho alergia a absorvente, como tratar?\",\"datePublished\":\"2017-01-25T11:33:36+00:00\",\"mainEntityOfPage\":{\"@id\":\"https:\\\/\\\/www.vydence.com\\\/pt-br\\\/alergia-a-absorvente\\\/\"},\"wordCount\":533,\"commentCount\":0,\"publisher\":{\"@id\":\"https:\\\/\\\/www.vydence.com\\\/pt-br\\\/#organization\"},\"image\":{\"@id\":\"https:\\\/\\\/www.vydence.com\\\/pt-br\\\/alergia-a-absorvente\\\/#primaryimage\"},\"thumbnailUrl\":\"https:\\\/\\\/www.vydence.com\\\/wp-content\\\/uploads\\\/2018\\\/02\\\/alergia-absorvente.jpg\",\"keywords\":[\"laser athena\",\"menstrua\u00e7\u00e3o\"],\"articleSection\":[\"Sa\u00fade \u00cdntima\"],\"inLanguage\":\"pt-BR\",\"potentialAction\":[{\"@type\":\"CommentAction\",\"name\":\"Comment\",\"target\":[\"https:\\\/\\\/www.vydence.com\\\/pt-br\\\/alergia-a-absorvente\\\/#respond\"]}]},{\"@type\":\"WebPage\",\"@id\":\"https:\\\/\\\/www.vydence.com\\\/pt-br\\\/alergia-a-absorvente\\\/\",\"url\":\"https:\\\/\\\/www.vydence.com\\\/pt-br\\\/alergia-a-absorvente\\\/\",\"name\":\"Tenho alergia a absorvente, como tratar? - VYDENCE\",\"isPartOf\":{\"@id\":\"https:\\\/\\\/www.vydence.com\\\/pt-br\\\/#website\"},\"primaryImageOfPage\":{\"@id\":\"https:\\\/\\\/www.vydence.com\\\/pt-br\\\/alergia-a-absorvente\\\/#primaryimage\"},\"image\":{\"@id\":\"https:\\\/\\\/www.vydence.com\\\/pt-br\\\/alergia-a-absorvente\\\/#primaryimage\"},\"thumbnailUrl\":\"https:\\\/\\\/www.vydence.com\\\/wp-content\\\/uploads\\\/2018\\\/02\\\/alergia-absorvente.jpg\",\"datePublished\":\"2017-01-25T11:33:36+00:00\",\"description\":\"Tem notado sinais que revelam alguma alergia a absorvente? Saiba como evitar, op\u00e7\u00f5es de tratamento e causas dessa alergia\",\"breadcrumb\":{\"@id\":\"https:\\\/\\\/www.vydence.com\\\/pt-br\\\/alergia-a-absorvente\\\/#breadcrumb\"},\"inLanguage\":\"pt-BR\",\"potentialAction\":[{\"@type\":\"ReadAction\",\"target\":[\"https:\\\/\\\/www.vydence.com\\\/pt-br\\\/alergia-a-absorvente\\\/\"]}]},{\"@type\":\"ImageObject\",\"inLanguage\":\"pt-BR\",\"@id\":\"https:\\\/\\\/www.vydence.com\\\/pt-br\\\/alergia-a-absorvente\\\/#primaryimage\",\"url\":\"https:\\\/\\\/www.vydence.com\\\/wp-content\\\/uploads\\\/2018\\\/02\\\/alergia-absorvente.jpg\",\"contentUrl\":\"https:\\\/\\\/www.vydence.com\\\/wp-content\\\/uploads\\\/2018\\\/02\\\/alergia-absorvente.jpg\",\"width\":1100,\"height\":733,\"caption\":\"Alergia a absorvente\"},{\"@type\":\"BreadcrumbList\",\"@id\":\"https:\\\/\\\/www.vydence.com\\\/pt-br\\\/alergia-a-absorvente\\\/#breadcrumb\",\"itemListElement\":[{\"@type\":\"ListItem\",\"position\":1,\"name\":\"In\u00edcio\",\"item\":\"https:\\\/\\\/www.vydence.com\\\/pt-br\\\/\"},{\"@type\":\"ListItem\",\"position\":2,\"name\":\"Tenho alergia a absorvente, como tratar?\"}]},{\"@type\":\"WebSite\",\"@id\":\"https:\\\/\\\/www.vydence.com\\\/pt-br\\\/#website\",\"url\":\"https:\\\/\\\/www.vydence.com\\\/pt-br\\\/\",\"name\":\"VYDENCE\",\"description\":\"\",\"publisher\":{\"@id\":\"https:\\\/\\\/www.vydence.com\\\/pt-br\\\/#organization\"},\"potentialAction\":[{\"@type\":\"SearchAction\",\"target\":{\"@type\":\"EntryPoint\",\"urlTemplate\":\"https:\\\/\\\/www.vydence.com\\\/pt-br\\\/?s={search_term_string}\"},\"query-input\":{\"@type\":\"PropertyValueSpecification\",\"valueRequired\":true,\"valueName\":\"search_term_string\"}}],\"inLanguage\":\"pt-BR\"},{\"@type\":\"Organization\",\"@id\":\"https:\\\/\\\/www.vydence.com\\\/pt-br\\\/#organization\",\"name\":\"VYDENCE\",\"url\":\"https:\\\/\\\/www.vydence.com\\\/pt-br\\\/\",\"logo\":{\"@type\":\"ImageObject\",\"inLanguage\":\"pt-BR\",\"@id\":\"https:\\\/\\\/www.vydence.com\\\/pt-br\\\/#\\\/schema\\\/logo\\\/image\\\/\",\"url\":\"https:\\\/\\\/www.vydence.com\\\/wp-content\\\/uploads\\\/2024\\\/11\\\/Logo.svg\",\"contentUrl\":\"https:\\\/\\\/www.vydence.com\\\/wp-content\\\/uploads\\\/2024\\\/11\\\/Logo.svg\",\"width\":149,\"height\":40,\"caption\":\"VYDENCE\"},\"image\":{\"@id\":\"https:\\\/\\\/www.vydence.com\\\/pt-br\\\/#\\\/schema\\\/logo\\\/image\\\/\"},\"sameAs\":[\"https:\\\/\\\/www.facebook.com\\\/VYDENCE\"]},{\"@type\":\"Person\",\"@id\":\"https:\\\/\\\/www.vydence.com\\\/pt-br\\\/#\\\/schema\\\/person\\\/dc085994d5350656462771378f8f9cbd\",\"name\":\"Dra. Fl\u00e1via Addor\",\"image\":{\"@type\":\"ImageObject\",\"inLanguage\":\"pt-BR\",\"@id\":\"https:\\\/\\\/secure.gravatar.com\\\/avatar\\\/711ba6e1d47f4dea75e293d7e0870abe3690d3659f04506d7a2b1b66307b7ab4?s=96&d=mm&r=g\",\"url\":\"https:\\\/\\\/secure.gravatar.com\\\/avatar\\\/711ba6e1d47f4dea75e293d7e0870abe3690d3659f04506d7a2b1b66307b7ab4?s=96&d=mm&r=g\",\"contentUrl\":\"https:\\\/\\\/secure.gravatar.com\\\/avatar\\\/711ba6e1d47f4dea75e293d7e0870abe3690d3659f04506d7a2b1b66307b7ab4?s=96&d=mm&r=g\",\"caption\":\"Dra. Fl\u00e1via Addor\"},\"url\":\"https:\\\/\\\/www.vydence.com\\\/pt-br\\\/author\\\/flaviaaddor\\\/\"}]}<\/script>\n<!-- \/ Yoast SEO Premium plugin. -->","yoast_head_json":{"title":"Tenho alergia a absorvente, como tratar? - VYDENCE","description":"Tem notado sinais que revelam alguma alergia a absorvente? Saiba como evitar, op\u00e7\u00f5es de tratamento e causas dessa alergia","robots":{"index":"index","follow":"follow","max-snippet":"max-snippet:-1","max-image-preview":"max-image-preview:large","max-video-preview":"max-video-preview:-1"},"canonical":"https:\/\/www.vydence.com\/pt-br\/alergia-a-absorvente\/","og_locale":"pt_BR","og_type":"article","og_title":"Tenho alergia a absorvente, como tratar?","og_description":"Tem notado sinais que revelam alguma alergia a absorvente? Saiba como evitar, op\u00e7\u00f5es de tratamento e causas dessa alergia","og_url":"https:\/\/www.vydence.com\/pt-br\/alergia-a-absorvente\/","og_site_name":"VYDENCE","article_publisher":"https:\/\/www.facebook.com\/VYDENCE","article_published_time":"2017-01-25T11:33:36+00:00","og_image":[{"width":1100,"height":733,"url":"https:\/\/www.vydence.com\/wp-content\/uploads\/2018\/02\/alergia-absorvente.jpg","type":"image\/jpeg"}],"author":"Dra. Fl\u00e1via Addor","twitter_card":"summary_large_image","twitter_misc":{"Escrito por":"Dra. Fl\u00e1via Addor","Est. tempo de leitura":"3 minutos"},"schema":{"@context":"https:\/\/schema.org","@graph":[{"@type":"Article","@id":"https:\/\/www.vydence.com\/pt-br\/alergia-a-absorvente\/#article","isPartOf":{"@id":"https:\/\/www.vydence.com\/pt-br\/alergia-a-absorvente\/"},"author":{"name":"Dra. Fl\u00e1via Addor","@id":"https:\/\/www.vydence.com\/pt-br\/#\/schema\/person\/dc085994d5350656462771378f8f9cbd"},"headline":"Tenho alergia a absorvente, como tratar?","datePublished":"2017-01-25T11:33:36+00:00","mainEntityOfPage":{"@id":"https:\/\/www.vydence.com\/pt-br\/alergia-a-absorvente\/"},"wordCount":533,"commentCount":0,"publisher":{"@id":"https:\/\/www.vydence.com\/pt-br\/#organization"},"image":{"@id":"https:\/\/www.vydence.com\/pt-br\/alergia-a-absorvente\/#primaryimage"},"thumbnailUrl":"https:\/\/www.vydence.com\/wp-content\/uploads\/2018\/02\/alergia-absorvente.jpg","keywords":["laser athena","menstrua\u00e7\u00e3o"],"articleSection":["Sa\u00fade \u00cdntima"],"inLanguage":"pt-BR","potentialAction":[{"@type":"CommentAction","name":"Comment","target":["https:\/\/www.vydence.com\/pt-br\/alergia-a-absorvente\/#respond"]}]},{"@type":"WebPage","@id":"https:\/\/www.vydence.com\/pt-br\/alergia-a-absorvente\/","url":"https:\/\/www.vydence.com\/pt-br\/alergia-a-absorvente\/","name":"Tenho alergia a absorvente, como tratar? - VYDENCE","isPartOf":{"@id":"https:\/\/www.vydence.com\/pt-br\/#website"},"primaryImageOfPage":{"@id":"https:\/\/www.vydence.com\/pt-br\/alergia-a-absorvente\/#primaryimage"},"image":{"@id":"https:\/\/www.vydence.com\/pt-br\/alergia-a-absorvente\/#primaryimage"},"thumbnailUrl":"https:\/\/www.vydence.com\/wp-content\/uploads\/2018\/02\/alergia-absorvente.jpg","datePublished":"2017-01-25T11:33:36+00:00","description":"Tem notado sinais que revelam alguma alergia a absorvente? Saiba como evitar, op\u00e7\u00f5es de tratamento e causas dessa alergia","breadcrumb":{"@id":"https:\/\/www.vydence.com\/pt-br\/alergia-a-absorvente\/#breadcrumb"},"inLanguage":"pt-BR","potentialAction":[{"@type":"ReadAction","target":["https:\/\/www.vydence.com\/pt-br\/alergia-a-absorvente\/"]}]},{"@type":"ImageObject","inLanguage":"pt-BR","@id":"https:\/\/www.vydence.com\/pt-br\/alergia-a-absorvente\/#primaryimage","url":"https:\/\/www.vydence.com\/wp-content\/uploads\/2018\/02\/alergia-absorvente.jpg","contentUrl":"https:\/\/www.vydence.com\/wp-content\/uploads\/2018\/02\/alergia-absorvente.jpg","width":1100,"height":733,"caption":"Alergia a absorvente"},{"@type":"BreadcrumbList","@id":"https:\/\/www.vydence.com\/pt-br\/alergia-a-absorvente\/#breadcrumb","itemListElement":[{"@type":"ListItem","position":1,"name":"In\u00edcio","item":"https:\/\/www.vydence.com\/pt-br\/"},{"@type":"ListItem","position":2,"name":"Tenho alergia a absorvente, como tratar?"}]},{"@type":"WebSite","@id":"https:\/\/www.vydence.com\/pt-br\/#website","url":"https:\/\/www.vydence.com\/pt-br\/","name":"VYDENCE","description":"","publisher":{"@id":"https:\/\/www.vydence.com\/pt-br\/#organization"},"potentialAction":[{"@type":"SearchAction","target":{"@type":"EntryPoint","urlTemplate":"https:\/\/www.vydence.com\/pt-br\/?s={search_term_string}"},"query-input":{"@type":"PropertyValueSpecification","valueRequired":true,"valueName":"search_term_string"}}],"inLanguage":"pt-BR"},{"@type":"Organization","@id":"https:\/\/www.vydence.com\/pt-br\/#organization","name":"VYDENCE","url":"https:\/\/www.vydence.com\/pt-br\/","logo":{"@type":"ImageObject","inLanguage":"pt-BR","@id":"https:\/\/www.vydence.com\/pt-br\/#\/schema\/logo\/image\/","url":"https:\/\/www.vydence.com\/wp-content\/uploads\/2024\/11\/Logo.svg","contentUrl":"https:\/\/www.vydence.com\/wp-content\/uploads\/2024\/11\/Logo.svg","width":149,"height":40,"caption":"VYDENCE"},"image":{"@id":"https:\/\/www.vydence.com\/pt-br\/#\/schema\/logo\/image\/"},"sameAs":["https:\/\/www.facebook.com\/VYDENCE"]},{"@type":"Person","@id":"https:\/\/www.vydence.com\/pt-br\/#\/schema\/person\/dc085994d5350656462771378f8f9cbd","name":"Dra. Fl\u00e1via Addor","image":{"@type":"ImageObject","inLanguage":"pt-BR","@id":"https:\/\/secure.gravatar.com\/avatar\/711ba6e1d47f4dea75e293d7e0870abe3690d3659f04506d7a2b1b66307b7ab4?s=96&d=mm&r=g","url":"https:\/\/secure.gravatar.com\/avatar\/711ba6e1d47f4dea75e293d7e0870abe3690d3659f04506d7a2b1b66307b7ab4?s=96&d=mm&r=g","contentUrl":"https:\/\/secure.gravatar.com\/avatar\/711ba6e1d47f4dea75e293d7e0870abe3690d3659f04506d7a2b1b66307b7ab4?s=96&d=mm&r=g","caption":"Dra. Fl\u00e1via Addor"},"url":"https:\/\/www.vydence.com\/pt-br\/author\/flaviaaddor\/"}]}},"_links":{"self":[{"href":"https:\/\/www.vydence.com\/pt-br\/wp-json\/wp\/v2\/posts\/12581","targetHints":{"allow":["GET"]}}],"collection":[{"href":"https:\/\/www.vydence.com\/pt-br\/wp-json\/wp\/v2\/posts"}],"about":[{"href":"https:\/\/www.vydence.com\/pt-br\/wp-json\/wp\/v2\/types\/post"}],"author":[{"embeddable":true,"href":"https:\/\/www.vydence.com\/pt-br\/wp-json\/wp\/v2\/users\/6"}],"replies":[{"embeddable":true,"href":"https:\/\/www.vydence.com\/pt-br\/wp-json\/wp\/v2\/comments?post=12581"}],"version-history":[{"count":0,"href":"https:\/\/www.vydence.com\/pt-br\/wp-json\/wp\/v2\/posts\/12581\/revisions"}],"wp:featuredmedia":[{"embeddable":true,"href":"https:\/\/www.vydence.com\/pt-br\/wp-json\/wp\/v2\/media\/12582"}],"wp:attachment":[{"href":"https:\/\/www.vydence.com\/pt-br\/wp-json\/wp\/v2\/media?parent=12581"}],"wp:term":[{"taxonomy":"category","embeddable":true,"href":"https:\/\/www.vydence.com\/pt-br\/wp-json\/wp\/v2\/categories?post=12581"},{"taxonomy":"post_tag","embeddable":true,"href":"https:\/\/www.vydence.com\/pt-br\/wp-json\/wp\/v2\/tags?post=12581"}],"curies":[{"name":"wp","href":"https:\/\/api.w.org\/{rel}","templated":true}]}}