{"id":12571,"date":"2018-01-20T13:14:09","date_gmt":"2018-01-20T13:14:09","guid":{"rendered":"http:\/\/www.tratamentointimo.com.br\/?p=12571"},"modified":"2018-01-20T13:14:09","modified_gmt":"2018-01-20T13:14:09","slug":"afta-vaginal","status":"publish","type":"post","link":"https:\/\/www.vydence.com\/pt-br\/afta-vaginal\/","title":{"rendered":"Existe afta vaginal? Saiba o que pode ser"},"content":{"rendered":"<p><span style=\"font-weight: 400;\">Voc\u00ea j\u00e1 ouviu falar em <\/span><b>afta vaginal<\/b><span style=\"font-weight: 400;\">? Aquelas bolhinhas bem parecidas com a afta bucal, mas que aparecem na vagina? Muitas mulheres j\u00e1 tiveram essas inc\u00f4modas visitantes, que causam les\u00f5es na vagina.<\/span><\/p>\n<p><span style=\"font-weight: 400;\">A afta vaginal \u00e9 uma infec\u00e7\u00e3o causada pelo fungo <\/span><i><span style=\"font-weight: 400;\">Candida albicans<\/span><\/i><span style=\"font-weight: 400;\">, chamada de <\/span><b>candid\u00edase<\/b><span style=\"font-weight: 400;\">. Esse tipo de micose \u00e9 uma das causas mais frequentes de infec\u00e7\u00e3o nos genitais. <\/span><\/p>\n<p><span style=\"font-weight: 400;\">Al\u00e9m da coceira e do ardor frequentes, ela causa dispareunia, dor durante o coito, e a elimina\u00e7\u00e3o de corrimento vaginal.<\/span><\/p>\n<p><span style=\"font-weight: 400;\">Este artigo vai te ajudar a entender o que \u00e9 a <\/span><b>afta vaginal ou candid\u00edase<\/b><span style=\"font-weight: 400;\">, apresentar as caracter\u00edsticas dessa doen\u00e7a, as formas de transmiss\u00e3o e op\u00e7\u00f5es de tratamento. Vamos l\u00e1?<\/span><\/p>\n<h2><span style=\"font-weight: 400;\">Afta vaginal ou candid\u00edase<\/span><\/h2>\n<p><span style=\"font-weight: 400;\">Tr\u00eas em cada quatro mulheres podem ser infectadas pela <\/span><i><span style=\"font-weight: 400;\">candida<\/span><\/i><span style=\"font-weight: 400;\"> em algum momento da sua vida. Esse fungo costuma aparecer uma semana antes do ciclo menstrual, deixando a vagina e a vulva inchadas e avermelhadas, e pode estender-se at\u00e9 o per\u00edneo.<\/span><\/p>\n<p><b>Les\u00f5es e muita coceira vaginal <\/b><span style=\"font-weight: 400;\">podem ser sintomas da candid\u00edase e devem ser tratados com medicamentos receitados pelo seu ginecologista.<\/span><\/p>\n<p><span style=\"font-weight: 400;\">A doen\u00e7a se manifesta e cresce em quantidades desproporcionais no momento de queda da resist\u00eancia do organismo ou quando as defesas na regi\u00e3o \u00edntima est\u00e3o fragilizadas.<\/span><\/p>\n<p><span style=\"font-weight: 400;\">Conhe\u00e7a alguns fatores causadores deste tipo de micose:<\/span><\/p>\n<ul>\n<li style=\"font-weight: 400;\"><span style=\"font-weight: 400;\">uso de antibi\u00f3ticos;<\/span><\/li>\n<li style=\"font-weight: 400;\"><span style=\"font-weight: 400;\">gravidez;<\/span><\/li>\n<li style=\"font-weight: 400;\"><span style=\"font-weight: 400;\">diabetes;<\/span><\/li>\n<li style=\"font-weight: 400;\"><span style=\"font-weight: 400;\">defici\u00eancia imunol\u00f3gica;<\/span><\/li>\n<li style=\"font-weight: 400;\"><span style=\"font-weight: 400;\">uso de anticoncepcionais;<\/span><\/li>\n<li style=\"font-weight: 400;\"><span style=\"font-weight: 400;\">obesidade;<\/span><\/li>\n<li style=\"font-weight: 400;\"><span style=\"font-weight: 400;\">uso de roupas justas.<\/span><\/li>\n<\/ul>\n<h2><span style=\"font-weight: 400;\">Sintomas atrelados \u00e0 afta vaginal<\/span><\/h2>\n<p><span style=\"font-weight: 400;\">Um dos sintomas mais inconvenientes \u00a0\u00e9 o <\/span><a href=\"https:\/\/tratamentosalaser.com.br\/corrimento-vaginal\/\"><b>corrimento vaginal<\/b><\/a> <span style=\"font-weight: 400;\">espesso, semelhante \u00e0 nata de leite, acompanhado de coceira intensa, com vermelhid\u00e3o na regi\u00e3o \u00edntima.<\/span><\/p>\n<p><span style=\"font-weight: 400;\">A candid\u00edase n\u00e3o \u00e9 considerada doen\u00e7a sexualmente transmiss\u00edvel, por\u00e9m \u00e9 classificada como uma doen\u00e7a prim\u00e1ria, causada pelo desequil\u00edbrio da flora vaginal.<\/span><\/p>\n<h2><span style=\"font-weight: 400;\">Como prevenir<\/span><\/h2>\n<p><span style=\"font-weight: 400;\">Para se prevenir da candid\u00edase \u00e9 preciso <\/span><b>manter o sistema imunol\u00f3gico sob controle<\/b><span style=\"font-weight: 400;\">, evitar medicamentos como anticoncepcionais, antibi\u00f3ticos, cortic\u00f3ides e ester\u00f3ides e manter rotinas adequadas de sono e alimenta\u00e7\u00e3o.<\/span><\/p>\n<p><span style=\"font-weight: 400;\">Discuta o uso de anticoncepcional com o seu ginecologista. Utilize antibi\u00f3ticos, cortic\u00f3ides e ester\u00f3ides apenas quando realmente necess\u00e1rio e orientado pelo m\u00e9dico.<\/span><\/p>\n<p><span style=\"font-weight: 400;\">O diagn\u00f3stico deve ser feito pelo ginecologista mediante exame ginecol\u00f3gico.<\/span><\/p>\n<p><span style=\"font-weight: 400;\">Para ajudar na preven\u00e7\u00e3o, listamos algumas dicas essenciais:<\/span><\/p>\n<ul>\n<li style=\"font-weight: 400;\"><span style=\"font-weight: 400;\">Use sabonete neutro para lavar as partes \u00edntimas;<\/span><\/li>\n<li style=\"font-weight: 400;\"><span style=\"font-weight: 400;\">Segue bem as partes \u00edntimas ap\u00f3s o banho ou ap\u00f3s frequentar praia e piscina;<\/span><\/li>\n<li style=\"font-weight: 400;\"><span style=\"font-weight: 400;\">Use roupas \u00edntimas de algod\u00e3o;<\/span><\/li>\n<li style=\"font-weight: 400;\"><span style=\"font-weight: 400;\">Evite usar meia cal\u00e7a e roupas muito justas, pois impedem a circula\u00e7\u00e3o de ar e aumentam a umidade;<\/span><\/li>\n<li style=\"font-weight: 400;\"><span style=\"font-weight: 400;\">Use camisinha durante a rela\u00e7\u00e3o sexual;<\/span><\/li>\n<li style=\"font-weight: 400;\"><span style=\"font-weight: 400;\">Mantenha a regi\u00e3o higienizada e evite duchas vaginais.<\/span><\/li>\n<\/ul>\n<h2><span style=\"font-weight: 400;\">Formas de tratamento da candid\u00edase<\/span><\/h2>\n<p><span style=\"font-weight: 400;\">A candid\u00edase, ou afta vaginal, se manifesta de diferentes formas, dependendo do organismo.<\/span><\/p>\n<p><span style=\"font-weight: 400;\">O tratamento para esta doen\u00e7a tem efeito entre quatro a seis semanas, \u00e0 base de antimic\u00f3ticos. Al\u00e9m da medica\u00e7\u00e3o, o paciente deve fazer uma dieta especial, preparada pelo m\u00e9dico e nutricionista. Isso porque a alimenta\u00e7\u00e3o ajuda a recuperar a sa\u00fade e a reconstruir o sistema imunol\u00f3gico.<\/span><\/p>\n<p><span style=\"font-weight: 400;\">H\u00e1 tratamentos com uso de cremes locais \u00e0 base de antif\u00fangicos, que duram de tr\u00eas a sete dias. Quando o caso \u00e9 mais grave, \u00e9 indicado fazer o tratamento via oral, e se houver suspeita de contamina\u00e7\u00e3o do parceiro, ele tamb\u00e9m dever\u00e1 ser tratado ao mesmo tempo.<\/span><\/p>\n<p><span style=\"font-weight: 400;\">Para pacientes que tem candid\u00edase de repeti\u00e7\u00e3o e n\u00e3o melhoram com o tratamento convencional, \u00e9 importante sempre investigar como est\u00e1 a sa\u00fade geral para termos a certeza de que n\u00e3o h\u00e1 nenhuma outra doen\u00e7a que predisponha ao quadro. Tamb\u00e9m ajuda a diferenciar de outras doen\u00e7as que podem causar sintomas semelhantes.<\/span><\/p>\n<p><span style=\"font-weight: 400;\">Outras doen\u00e7as dermatol\u00f3gicas como herpes simples, eritema multiforme e p\u00eanfigo podem causar eros\u00e3o na vulva, assim como a candid\u00edase.<\/span><\/p>\n<p><span style=\"font-weight: 400;\">\u00c9 sempre importante a avalia\u00e7\u00e3o do especialista para diagn\u00f3stico e tratamento correto.<\/span><\/p>\n<p><span style=\"font-weight: 400;\">Para estar bem prevenida contra <\/span><b>afta vaginal<\/b><span style=\"font-weight: 400;\"> e outras doen\u00e7as \u00e9 necess\u00e1rio mudar os h\u00e1bitos de alimenta\u00e7\u00e3o e higiene \u00edntima, al\u00e9m de optar por vestimentas que facilitem a respira\u00e7\u00e3o da regi\u00e3o \u00edntima. Isso tamb\u00e9m evita que outros sintomas surjam, a exemplo da foliculite vaginal, que causa coceiras na regi\u00e3o \u00edntima. Saiba <\/span><a href=\"https:\/\/tratamentosalaser.com.br\/foliculite-vaginal-causas-e-tratamentos\/\"><span style=\"font-weight: 400;\">mais sobre a foliculite neste artigo<\/span><\/a><span style=\"font-weight: 400;\">.<\/span><\/p>\n<p><a href=\"https:\/\/tratamentosalaser.com.br\/wp-content\/uploads\/2017\/09\/5-pontos-para-saber-se-voce%CC%82-precisa-de-tratamento-i%CC%81ntimo.pdf\"><img loading=\"lazy\" decoding=\"async\" class=\"aligncenter  wp-image-12736\" src=\"http:\/\/tratamentosalaser.com.br\/wp-content\/uploads\/2017\/06\/cta-tratamento-intimo.png\" alt=\"Tratamento \u00cdntimo a Laser - Rejuvenescimento \u00cdntimo\" width=\"600\" height=\"176\" srcset=\"https:\/\/www.vydence.com\/wp-content\/uploads\/2017\/06\/cta-tratamento-intimo.png 750w, https:\/\/www.vydence.com\/wp-content\/uploads\/2017\/06\/cta-tratamento-intimo-300x88.png 300w, https:\/\/www.vydence.com\/wp-content\/uploads\/2017\/06\/cta-tratamento-intimo-480x141.png 480w\" sizes=\"(max-width: 600px) 100vw, 600px\" \/><\/a><\/p>\n","protected":false},"excerpt":{"rendered":"<p>Voc\u00ea j\u00e1 ouviu falar em afta vaginal? Aquelas bolhinhas bem parecidas com a afta bucal, mas que aparecem na vagina? Muitas mulheres j\u00e1 tiveram essas inc\u00f4modas visitantes, que causam les\u00f5es na vagina. A afta vaginal \u00e9 uma infec\u00e7\u00e3o causada pelo fungo Candida albicans, chamada de candid\u00edase. Esse tipo de micose \u00e9 uma das causas mais [&hellip;]<\/p>\n","protected":false},"author":1,"featured_media":12572,"comment_status":"open","ping_status":"open","sticky":false,"template":"","format":"standard","meta":{"_et_pb_use_builder":"","_et_pb_old_content":"","_et_gb_content_width":"","inline_featured_image":false,"footnotes":""},"categories":[93],"tags":[118,94],"class_list":["post-12571","post","type-post","status-publish","format-standard","has-post-thumbnail","hentry","category-saude-intima","tag-saude-da-mulher","tag-vagina"],"yoast_head":"<!-- This site is optimized with the Yoast SEO Premium plugin v27.1 (Yoast SEO v27.4) - https:\/\/yoast.com\/product\/yoast-seo-premium-wordpress\/ -->\n<title>Existe afta vaginal? Saiba o que pode ser - VYDENCE<\/title>\n<meta name=\"description\" content=\"J\u00e1 ouviu falar em afta vaginal? Aquelas bolinhas que surgem em sua regi\u00e3o \u00edntima? Descubra o que \u00e9 e fique atenta aos tratamentos necess\u00e1rios\" \/>\n<meta name=\"robots\" content=\"index, follow, max-snippet:-1, max-image-preview:large, max-video-preview:-1\" \/>\n<link rel=\"canonical\" href=\"https:\/\/www.vydence.com\/pt-br\/afta-vaginal\/\" \/>\n<meta property=\"og:locale\" content=\"pt_BR\" \/>\n<meta property=\"og:type\" content=\"article\" \/>\n<meta property=\"og:title\" content=\"Existe afta vaginal? Saiba o que pode ser\" \/>\n<meta property=\"og:description\" content=\"J\u00e1 ouviu falar em afta vaginal? Aquelas bolinhas que surgem em sua regi\u00e3o \u00edntima? Descubra o que \u00e9 e fique atenta aos tratamentos necess\u00e1rios\" \/>\n<meta property=\"og:url\" content=\"https:\/\/www.vydence.com\/pt-br\/afta-vaginal\/\" \/>\n<meta property=\"og:site_name\" content=\"VYDENCE\" \/>\n<meta property=\"article:publisher\" content=\"https:\/\/www.facebook.com\/VYDENCE\" \/>\n<meta property=\"article:published_time\" content=\"2018-01-20T13:14:09+00:00\" \/>\n<meta name=\"author\" content=\"admin\" \/>\n<meta name=\"twitter:card\" content=\"summary_large_image\" \/>\n<meta name=\"twitter:title\" content=\"Existe afta vaginal? Saiba o que pode ser\" \/>\n<meta name=\"twitter:image\" content=\"https:\/\/www.vydence.com\/wp-content\/uploads\/2018\/01\/existe-aftal-vaginal.jpg\" \/>\n<meta name=\"twitter:label1\" content=\"Escrito por\" \/>\n\t<meta name=\"twitter:data1\" content=\"admin\" \/>\n\t<meta name=\"twitter:label2\" content=\"Est. tempo de leitura\" \/>\n\t<meta name=\"twitter:data2\" content=\"4 minutos\" \/>\n<script type=\"application\/ld+json\" class=\"yoast-schema-graph\">{\"@context\":\"https:\\\/\\\/schema.org\",\"@graph\":[{\"@type\":\"Article\",\"@id\":\"https:\\\/\\\/www.vydence.com\\\/pt-br\\\/afta-vaginal\\\/#article\",\"isPartOf\":{\"@id\":\"https:\\\/\\\/www.vydence.com\\\/pt-br\\\/afta-vaginal\\\/\"},\"author\":{\"name\":\"admin\",\"@id\":\"https:\\\/\\\/www.vydence.com\\\/pt-br\\\/#\\\/schema\\\/person\\\/d07e11658f9624d2d5344c62489f5fed\"},\"headline\":\"Existe afta vaginal? Saiba o que pode ser\",\"datePublished\":\"2018-01-20T13:14:09+00:00\",\"mainEntityOfPage\":{\"@id\":\"https:\\\/\\\/www.vydence.com\\\/pt-br\\\/afta-vaginal\\\/\"},\"wordCount\":739,\"commentCount\":0,\"publisher\":{\"@id\":\"https:\\\/\\\/www.vydence.com\\\/pt-br\\\/#organization\"},\"image\":{\"@id\":\"https:\\\/\\\/www.vydence.com\\\/pt-br\\\/afta-vaginal\\\/#primaryimage\"},\"thumbnailUrl\":\"https:\\\/\\\/www.vydence.com\\\/wp-content\\\/uploads\\\/2018\\\/01\\\/existe-aftal-vaginal.jpg\",\"keywords\":[\"sa\u00fade da mulher\",\"vagina\"],\"articleSection\":[\"Sa\u00fade \u00cdntima\"],\"inLanguage\":\"pt-BR\",\"potentialAction\":[{\"@type\":\"CommentAction\",\"name\":\"Comment\",\"target\":[\"https:\\\/\\\/www.vydence.com\\\/pt-br\\\/afta-vaginal\\\/#respond\"]}]},{\"@type\":\"WebPage\",\"@id\":\"https:\\\/\\\/www.vydence.com\\\/pt-br\\\/afta-vaginal\\\/\",\"url\":\"https:\\\/\\\/www.vydence.com\\\/pt-br\\\/afta-vaginal\\\/\",\"name\":\"Existe afta vaginal? Saiba o que pode ser - VYDENCE\",\"isPartOf\":{\"@id\":\"https:\\\/\\\/www.vydence.com\\\/pt-br\\\/#website\"},\"primaryImageOfPage\":{\"@id\":\"https:\\\/\\\/www.vydence.com\\\/pt-br\\\/afta-vaginal\\\/#primaryimage\"},\"image\":{\"@id\":\"https:\\\/\\\/www.vydence.com\\\/pt-br\\\/afta-vaginal\\\/#primaryimage\"},\"thumbnailUrl\":\"https:\\\/\\\/www.vydence.com\\\/wp-content\\\/uploads\\\/2018\\\/01\\\/existe-aftal-vaginal.jpg\",\"datePublished\":\"2018-01-20T13:14:09+00:00\",\"description\":\"J\u00e1 ouviu falar em afta vaginal? Aquelas bolinhas que surgem em sua regi\u00e3o \u00edntima? Descubra o que \u00e9 e fique atenta aos tratamentos necess\u00e1rios\",\"breadcrumb\":{\"@id\":\"https:\\\/\\\/www.vydence.com\\\/pt-br\\\/afta-vaginal\\\/#breadcrumb\"},\"inLanguage\":\"pt-BR\",\"potentialAction\":[{\"@type\":\"ReadAction\",\"target\":[\"https:\\\/\\\/www.vydence.com\\\/pt-br\\\/afta-vaginal\\\/\"]}]},{\"@type\":\"ImageObject\",\"inLanguage\":\"pt-BR\",\"@id\":\"https:\\\/\\\/www.vydence.com\\\/pt-br\\\/afta-vaginal\\\/#primaryimage\",\"url\":\"https:\\\/\\\/www.vydence.com\\\/wp-content\\\/uploads\\\/2018\\\/01\\\/existe-aftal-vaginal.jpg\",\"contentUrl\":\"https:\\\/\\\/www.vydence.com\\\/wp-content\\\/uploads\\\/2018\\\/01\\\/existe-aftal-vaginal.jpg\",\"width\":1125,\"height\":750,\"caption\":\"Afta vaginal existe?\"},{\"@type\":\"BreadcrumbList\",\"@id\":\"https:\\\/\\\/www.vydence.com\\\/pt-br\\\/afta-vaginal\\\/#breadcrumb\",\"itemListElement\":[{\"@type\":\"ListItem\",\"position\":1,\"name\":\"In\u00edcio\",\"item\":\"https:\\\/\\\/www.vydence.com\\\/pt-br\\\/\"},{\"@type\":\"ListItem\",\"position\":2,\"name\":\"Existe afta vaginal? Saiba o que pode ser\"}]},{\"@type\":\"WebSite\",\"@id\":\"https:\\\/\\\/www.vydence.com\\\/pt-br\\\/#website\",\"url\":\"https:\\\/\\\/www.vydence.com\\\/pt-br\\\/\",\"name\":\"VYDENCE\",\"description\":\"\",\"publisher\":{\"@id\":\"https:\\\/\\\/www.vydence.com\\\/pt-br\\\/#organization\"},\"potentialAction\":[{\"@type\":\"SearchAction\",\"target\":{\"@type\":\"EntryPoint\",\"urlTemplate\":\"https:\\\/\\\/www.vydence.com\\\/pt-br\\\/?s={search_term_string}\"},\"query-input\":{\"@type\":\"PropertyValueSpecification\",\"valueRequired\":true,\"valueName\":\"search_term_string\"}}],\"inLanguage\":\"pt-BR\"},{\"@type\":\"Organization\",\"@id\":\"https:\\\/\\\/www.vydence.com\\\/pt-br\\\/#organization\",\"name\":\"VYDENCE\",\"url\":\"https:\\\/\\\/www.vydence.com\\\/pt-br\\\/\",\"logo\":{\"@type\":\"ImageObject\",\"inLanguage\":\"pt-BR\",\"@id\":\"https:\\\/\\\/www.vydence.com\\\/pt-br\\\/#\\\/schema\\\/logo\\\/image\\\/\",\"url\":\"https:\\\/\\\/www.vydence.com\\\/wp-content\\\/uploads\\\/2024\\\/11\\\/Logo.svg\",\"contentUrl\":\"https:\\\/\\\/www.vydence.com\\\/wp-content\\\/uploads\\\/2024\\\/11\\\/Logo.svg\",\"width\":149,\"height\":40,\"caption\":\"VYDENCE\"},\"image\":{\"@id\":\"https:\\\/\\\/www.vydence.com\\\/pt-br\\\/#\\\/schema\\\/logo\\\/image\\\/\"},\"sameAs\":[\"https:\\\/\\\/www.facebook.com\\\/VYDENCE\"]},{\"@type\":\"Person\",\"@id\":\"https:\\\/\\\/www.vydence.com\\\/pt-br\\\/#\\\/schema\\\/person\\\/d07e11658f9624d2d5344c62489f5fed\",\"name\":\"admin\",\"image\":{\"@type\":\"ImageObject\",\"inLanguage\":\"pt-BR\",\"@id\":\"https:\\\/\\\/secure.gravatar.com\\\/avatar\\\/1625555f260264654c853a64f2eddfbd5d054ef40597af8b97dc8461ef04e355?s=96&d=mm&r=g\",\"url\":\"https:\\\/\\\/secure.gravatar.com\\\/avatar\\\/1625555f260264654c853a64f2eddfbd5d054ef40597af8b97dc8461ef04e355?s=96&d=mm&r=g\",\"contentUrl\":\"https:\\\/\\\/secure.gravatar.com\\\/avatar\\\/1625555f260264654c853a64f2eddfbd5d054ef40597af8b97dc8461ef04e355?s=96&d=mm&r=g\",\"caption\":\"admin\"},\"sameAs\":[\"https:\\\/\\\/www.vydence.com\"],\"url\":\"https:\\\/\\\/www.vydence.com\\\/pt-br\\\/author\\\/ericknc\\\/\"}]}<\/script>\n<!-- \/ Yoast SEO Premium plugin. -->","yoast_head_json":{"title":"Existe afta vaginal? Saiba o que pode ser - VYDENCE","description":"J\u00e1 ouviu falar em afta vaginal? Aquelas bolinhas que surgem em sua regi\u00e3o \u00edntima? Descubra o que \u00e9 e fique atenta aos tratamentos necess\u00e1rios","robots":{"index":"index","follow":"follow","max-snippet":"max-snippet:-1","max-image-preview":"max-image-preview:large","max-video-preview":"max-video-preview:-1"},"canonical":"https:\/\/www.vydence.com\/pt-br\/afta-vaginal\/","og_locale":"pt_BR","og_type":"article","og_title":"Existe afta vaginal? Saiba o que pode ser","og_description":"J\u00e1 ouviu falar em afta vaginal? Aquelas bolinhas que surgem em sua regi\u00e3o \u00edntima? Descubra o que \u00e9 e fique atenta aos tratamentos necess\u00e1rios","og_url":"https:\/\/www.vydence.com\/pt-br\/afta-vaginal\/","og_site_name":"VYDENCE","article_publisher":"https:\/\/www.facebook.com\/VYDENCE","article_published_time":"2018-01-20T13:14:09+00:00","author":"admin","twitter_card":"summary_large_image","twitter_title":"Existe afta vaginal? Saiba o que pode ser","twitter_image":"https:\/\/www.vydence.com\/wp-content\/uploads\/2018\/01\/existe-aftal-vaginal.jpg","twitter_misc":{"Escrito por":"admin","Est. tempo de leitura":"4 minutos"},"schema":{"@context":"https:\/\/schema.org","@graph":[{"@type":"Article","@id":"https:\/\/www.vydence.com\/pt-br\/afta-vaginal\/#article","isPartOf":{"@id":"https:\/\/www.vydence.com\/pt-br\/afta-vaginal\/"},"author":{"name":"admin","@id":"https:\/\/www.vydence.com\/pt-br\/#\/schema\/person\/d07e11658f9624d2d5344c62489f5fed"},"headline":"Existe afta vaginal? Saiba o que pode ser","datePublished":"2018-01-20T13:14:09+00:00","mainEntityOfPage":{"@id":"https:\/\/www.vydence.com\/pt-br\/afta-vaginal\/"},"wordCount":739,"commentCount":0,"publisher":{"@id":"https:\/\/www.vydence.com\/pt-br\/#organization"},"image":{"@id":"https:\/\/www.vydence.com\/pt-br\/afta-vaginal\/#primaryimage"},"thumbnailUrl":"https:\/\/www.vydence.com\/wp-content\/uploads\/2018\/01\/existe-aftal-vaginal.jpg","keywords":["sa\u00fade da mulher","vagina"],"articleSection":["Sa\u00fade \u00cdntima"],"inLanguage":"pt-BR","potentialAction":[{"@type":"CommentAction","name":"Comment","target":["https:\/\/www.vydence.com\/pt-br\/afta-vaginal\/#respond"]}]},{"@type":"WebPage","@id":"https:\/\/www.vydence.com\/pt-br\/afta-vaginal\/","url":"https:\/\/www.vydence.com\/pt-br\/afta-vaginal\/","name":"Existe afta vaginal? Saiba o que pode ser - VYDENCE","isPartOf":{"@id":"https:\/\/www.vydence.com\/pt-br\/#website"},"primaryImageOfPage":{"@id":"https:\/\/www.vydence.com\/pt-br\/afta-vaginal\/#primaryimage"},"image":{"@id":"https:\/\/www.vydence.com\/pt-br\/afta-vaginal\/#primaryimage"},"thumbnailUrl":"https:\/\/www.vydence.com\/wp-content\/uploads\/2018\/01\/existe-aftal-vaginal.jpg","datePublished":"2018-01-20T13:14:09+00:00","description":"J\u00e1 ouviu falar em afta vaginal? Aquelas bolinhas que surgem em sua regi\u00e3o \u00edntima? Descubra o que \u00e9 e fique atenta aos tratamentos necess\u00e1rios","breadcrumb":{"@id":"https:\/\/www.vydence.com\/pt-br\/afta-vaginal\/#breadcrumb"},"inLanguage":"pt-BR","potentialAction":[{"@type":"ReadAction","target":["https:\/\/www.vydence.com\/pt-br\/afta-vaginal\/"]}]},{"@type":"ImageObject","inLanguage":"pt-BR","@id":"https:\/\/www.vydence.com\/pt-br\/afta-vaginal\/#primaryimage","url":"https:\/\/www.vydence.com\/wp-content\/uploads\/2018\/01\/existe-aftal-vaginal.jpg","contentUrl":"https:\/\/www.vydence.com\/wp-content\/uploads\/2018\/01\/existe-aftal-vaginal.jpg","width":1125,"height":750,"caption":"Afta vaginal existe?"},{"@type":"BreadcrumbList","@id":"https:\/\/www.vydence.com\/pt-br\/afta-vaginal\/#breadcrumb","itemListElement":[{"@type":"ListItem","position":1,"name":"In\u00edcio","item":"https:\/\/www.vydence.com\/pt-br\/"},{"@type":"ListItem","position":2,"name":"Existe afta vaginal? Saiba o que pode ser"}]},{"@type":"WebSite","@id":"https:\/\/www.vydence.com\/pt-br\/#website","url":"https:\/\/www.vydence.com\/pt-br\/","name":"VYDENCE","description":"","publisher":{"@id":"https:\/\/www.vydence.com\/pt-br\/#organization"},"potentialAction":[{"@type":"SearchAction","target":{"@type":"EntryPoint","urlTemplate":"https:\/\/www.vydence.com\/pt-br\/?s={search_term_string}"},"query-input":{"@type":"PropertyValueSpecification","valueRequired":true,"valueName":"search_term_string"}}],"inLanguage":"pt-BR"},{"@type":"Organization","@id":"https:\/\/www.vydence.com\/pt-br\/#organization","name":"VYDENCE","url":"https:\/\/www.vydence.com\/pt-br\/","logo":{"@type":"ImageObject","inLanguage":"pt-BR","@id":"https:\/\/www.vydence.com\/pt-br\/#\/schema\/logo\/image\/","url":"https:\/\/www.vydence.com\/wp-content\/uploads\/2024\/11\/Logo.svg","contentUrl":"https:\/\/www.vydence.com\/wp-content\/uploads\/2024\/11\/Logo.svg","width":149,"height":40,"caption":"VYDENCE"},"image":{"@id":"https:\/\/www.vydence.com\/pt-br\/#\/schema\/logo\/image\/"},"sameAs":["https:\/\/www.facebook.com\/VYDENCE"]},{"@type":"Person","@id":"https:\/\/www.vydence.com\/pt-br\/#\/schema\/person\/d07e11658f9624d2d5344c62489f5fed","name":"admin","image":{"@type":"ImageObject","inLanguage":"pt-BR","@id":"https:\/\/secure.gravatar.com\/avatar\/1625555f260264654c853a64f2eddfbd5d054ef40597af8b97dc8461ef04e355?s=96&d=mm&r=g","url":"https:\/\/secure.gravatar.com\/avatar\/1625555f260264654c853a64f2eddfbd5d054ef40597af8b97dc8461ef04e355?s=96&d=mm&r=g","contentUrl":"https:\/\/secure.gravatar.com\/avatar\/1625555f260264654c853a64f2eddfbd5d054ef40597af8b97dc8461ef04e355?s=96&d=mm&r=g","caption":"admin"},"sameAs":["https:\/\/www.vydence.com"],"url":"https:\/\/www.vydence.com\/pt-br\/author\/ericknc\/"}]}},"_links":{"self":[{"href":"https:\/\/www.vydence.com\/pt-br\/wp-json\/wp\/v2\/posts\/12571","targetHints":{"allow":["GET"]}}],"collection":[{"href":"https:\/\/www.vydence.com\/pt-br\/wp-json\/wp\/v2\/posts"}],"about":[{"href":"https:\/\/www.vydence.com\/pt-br\/wp-json\/wp\/v2\/types\/post"}],"author":[{"embeddable":true,"href":"https:\/\/www.vydence.com\/pt-br\/wp-json\/wp\/v2\/users\/1"}],"replies":[{"embeddable":true,"href":"https:\/\/www.vydence.com\/pt-br\/wp-json\/wp\/v2\/comments?post=12571"}],"version-history":[{"count":0,"href":"https:\/\/www.vydence.com\/pt-br\/wp-json\/wp\/v2\/posts\/12571\/revisions"}],"wp:featuredmedia":[{"embeddable":true,"href":"https:\/\/www.vydence.com\/pt-br\/wp-json\/wp\/v2\/media\/12572"}],"wp:attachment":[{"href":"https:\/\/www.vydence.com\/pt-br\/wp-json\/wp\/v2\/media?parent=12571"}],"wp:term":[{"taxonomy":"category","embeddable":true,"href":"https:\/\/www.vydence.com\/pt-br\/wp-json\/wp\/v2\/categories?post=12571"},{"taxonomy":"post_tag","embeddable":true,"href":"https:\/\/www.vydence.com\/pt-br\/wp-json\/wp\/v2\/tags?post=12571"}],"curies":[{"name":"wp","href":"https:\/\/api.w.org\/{rel}","templated":true}]}}