{"id":12546,"date":"2018-01-12T09:02:11","date_gmt":"2018-01-12T09:02:11","guid":{"rendered":"http:\/\/www.tratamentointimo.com.br\/?p=12546"},"modified":"2018-01-12T09:02:11","modified_gmt":"2018-01-12T09:02:11","slug":"menstruacao-escura","status":"publish","type":"post","link":"https:\/\/www.vydence.com\/pt-br\/menstruacao-escura\/","title":{"rendered":"Menstrua\u00e7\u00e3o escura: devo me preocupar?"},"content":{"rendered":"<p><span style=\"font-weight: 400;\">Durante o ciclo menstrual \u00e9 normal que haja altera\u00e7\u00f5es de cor e fluxo. Por\u00e9m a <\/span><b>menstrua\u00e7\u00e3o escura<\/b><span style=\"font-weight: 400;\"> pode ser motivo de grande preocupa\u00e7\u00e3o entre as mulheres.<\/span><\/p>\n<p><span style=\"font-weight: 400;\">Quando em pouca quantidade e semelhante \u00e0 borra de caf\u00e9, a menstrua\u00e7\u00e3o escura caracteriza uma disfun\u00e7\u00e3o hormonal e o sangramento pode ser considerado anormal.<\/span><\/p>\n<p><span style=\"font-weight: 400;\">Para voc\u00ea entender melhor, a menstrua\u00e7\u00e3o escura \u00e9 um sangramento que demorou a ser expelido, e com o fluxo menor aliado \u00e0 demora de exteriorizar, o sangue foi ficando escuro.<\/span><\/p>\n<p><span style=\"font-weight: 400;\">Para detectar sinais anormais \u00e9 preciso observar bem o seu corpo. O sangramento escuro recorrente pode ser desencadeado por <\/span><b>problemas no \u00fatero, doen\u00e7as sexualmente transmiss\u00edveis e at\u00e9 por estresse<\/b><span style=\"font-weight: 400;\">.<\/span><\/p>\n<p><span style=\"font-weight: 400;\">Se voc\u00ea tem ou teve menstrua\u00e7\u00e3o escura em algum momento da vida, preparamos este artigo para te ajudar a entender quando ela pode ser um problema e se \u00e9 motivo para preocupa\u00e7\u00e3o. Vamos l\u00e1?<\/span><\/p>\n<h2><span style=\"font-weight: 400;\">Como identificar mudan\u00e7as no ciclo menstrual<\/span><\/h2>\n<p><span style=\"font-weight: 400;\">A mulher deve conhecer seu pr\u00f3prio corpo para conseguir identificar padr\u00f5es de anormalidade, principalmente durante o ciclo menstrual.<\/span><\/p>\n<p><span style=\"font-weight: 400;\">Alguns fatores podem desencadear altera\u00e7\u00f5es de cor, quantidade e apar\u00eancia da menstrua\u00e7\u00e3o, como o uso de anticoncepcionais, que devido \u00e0 baixa dosagem hormonal podem provocar sangramento com colora\u00e7\u00e3o mais escura.<\/span><\/p>\n<p><span style=\"font-weight: 400;\">Listamos algumas varia\u00e7\u00f5es no ciclo menstrual e quando \u00e9 necess\u00e1rio estar mais alerta.<\/span><\/p>\n<h3><span style=\"font-weight: 400;\">Menstrua\u00e7\u00e3o escura e com pouco fluxo<\/span><\/h3>\n<p><span style=\"font-weight: 400;\">Em per\u00edodos espec\u00edficos do ciclo menstrual, como no in\u00edcio ou ao final, a menstrua\u00e7\u00e3o escura pode ser considerada um aspecto normal. O sangue tem uma tonalidade mais amarronzada e o fluxo \u00e9 menor.<\/span><\/p>\n<p><span style=\"font-weight: 400;\">Isso acontece por causa da diminui\u00e7\u00e3o da quantidade e da velocidade para alcan\u00e7ar o exterior do corpo, levando mais tempo e chegando a escurecer no meio do caminho.<\/span><\/p>\n<p><span style=\"font-weight: 400;\">Se isso acontecer durante essa fase inicial ou final do ciclo menstrual, n\u00e3o se preocupe, pois provavelmente \u00e9 uma altera\u00e7\u00e3o dentro da normalidade.<\/span><\/p>\n<h3><span style=\"font-weight: 400;\">Fluxo menor por v\u00e1rios dias<\/span><\/h3>\n<p><span style=\"font-weight: 400;\">Chamado de sangramento de escape, o sangramento escuro com pouco fluxo e que demora por v\u00e1rios dias pode ser ocasionado pelo uso de anticoncepcionais, que provocam rea\u00e7\u00f5es no corpo, como queda de cabelo e incha\u00e7o.<\/span><\/p>\n<p><span style=\"font-weight: 400;\">Se o sangramento n\u00e3o parar depois de muitos dias, \u00e9 fundamental procurar o seu m\u00e9dico e relatar os epis\u00f3dios, pois pode ser preciso alterar o contraceptivo para melhor adapta\u00e7\u00e3o ao seu corpo.<\/span><\/p>\n<h2><span style=\"font-weight: 400;\">Quando a menstrua\u00e7\u00e3o escura deve ser sinal de alerta<\/span><\/h2>\n<p><span style=\"font-weight: 400;\">A menstrua\u00e7\u00e3o escura com grande fluxo pode estar relacionada a algumas doen\u00e7as sexualmente transmiss\u00edveis, disfun\u00e7\u00e3o hormonal e at\u00e9 c\u00e2ncer.<\/span><\/p>\n<p><span style=\"font-weight: 400;\">Fique de olho nesses sinais:<\/span><\/p>\n<ul>\n<li style=\"font-weight: 400;\"><span style=\"font-weight: 400;\">Menstrua\u00e7\u00e3o com mais de 7 dias de dura\u00e7\u00e3o;<\/span><\/li>\n<li style=\"font-weight: 400;\"><span style=\"font-weight: 400;\">Aus\u00eancia de menstrua\u00e7\u00e3o por mais de 3 meses;<\/span><\/li>\n<li style=\"font-weight: 400;\"><span style=\"font-weight: 400;\">Sangramentos de escape frequentes;<\/span><\/li>\n<li style=\"font-weight: 400;\"><span style=\"font-weight: 400;\">Dor na regi\u00e3o \u00edntima;<\/span><\/li>\n<li style=\"font-weight: 400;\"><span style=\"font-weight: 400;\">Tonturas;<\/span><\/li>\n<li style=\"font-weight: 400;\"><span style=\"font-weight: 400;\">Palidez na pele ou embaixo das unhas.<\/span><\/li>\n<\/ul>\n<h3><span style=\"font-weight: 400;\">Gravidez<\/span><\/h3>\n<p><span style=\"font-weight: 400;\">Quando a menstrua\u00e7\u00e3o escura vem em pouca quantidade por um ou dois dias, sem acompanhamento do fluxo normal e na cor vermelha, pode ser sinal de gravidez.<\/span><\/p>\n<p><span style=\"font-weight: 400;\">Nos primeiros dias de gravidez, o embri\u00e3o se prende ao \u00fatero gerando esse sangramento de implanta\u00e7\u00e3o.<\/span><\/p>\n<h3><span style=\"font-weight: 400;\">Endometriose<\/span><\/h3>\n<p><span style=\"font-weight: 400;\">A endometriose \u00e9 o crescimento do tecido endometrial fora do \u00fatero. Isso pode provocar dores fortes na regi\u00e3o p\u00e9lvica, <\/span><b>sangramentos escuros<\/b><span style=\"font-weight: 400;\">, tipo borra de caf\u00e9, dentro ou fora do ciclo da menstrua\u00e7\u00e3o.<\/span><\/p>\n<p><span style=\"font-weight: 400;\">Nesses casos, a menstrua\u00e7\u00e3o escura \u00e9 prolongada, chegando a durar mais de 7 dias.<\/span><\/p>\n<p><span style=\"font-weight: 400;\">A mulher que tem esses sintomas deve procurar o seu ginecologista para que ele fa\u00e7a as observa\u00e7\u00f5es precisas, pe\u00e7a exames e indique antibi\u00f3ticos para tratamento.<\/span><\/p>\n<p><span style=\"font-weight: 400;\">Embora a <\/span><b>menstrua\u00e7\u00e3o escura<\/b><span style=\"font-weight: 400;\"> seja relacionada a algumas doen\u00e7as, \u00e9 fundamental que voc\u00ea consulte seu ginecologista e, antes de tudo, entenda bem o seu corpo e sua regi\u00e3o \u00edntima. E voc\u00ea pode conhecer melhor o seu corpo conferido <\/span><a href=\"https:\/\/tratamentosalaser.com.br\/o-que-e-vagina\/\"><span style=\"font-weight: 400;\">este artigo sobre a vagina<\/span><\/a><span style=\"font-weight: 400;\">.<br \/>\n<\/span><\/p>\n<p><a href=\"https:\/\/tratamentosalaser.com.br\/wp-content\/uploads\/2017\/09\/5-pontos-para-saber-se-voce%CC%82-precisa-de-tratamento-i%CC%81ntimo.pdf\"><img loading=\"lazy\" decoding=\"async\" class=\"aligncenter  wp-image-12736\" src=\"http:\/\/tratamentosalaser.com.br\/wp-content\/uploads\/2017\/06\/cta-tratamento-intimo.png\" alt=\"Tratamento \u00cdntimo a Laser - Rejuvenescimento \u00cdntimo\" width=\"600\" height=\"176\" srcset=\"https:\/\/www.vydence.com\/wp-content\/uploads\/2017\/06\/cta-tratamento-intimo.png 750w, https:\/\/www.vydence.com\/wp-content\/uploads\/2017\/06\/cta-tratamento-intimo-300x88.png 300w, https:\/\/www.vydence.com\/wp-content\/uploads\/2017\/06\/cta-tratamento-intimo-480x141.png 480w\" sizes=\"(max-width: 600px) 100vw, 600px\" \/><\/a><\/p>\n","protected":false},"excerpt":{"rendered":"<p>Durante o ciclo menstrual \u00e9 normal que haja altera\u00e7\u00f5es de cor e fluxo. Por\u00e9m a menstrua\u00e7\u00e3o escura pode ser motivo de grande preocupa\u00e7\u00e3o entre as mulheres. Quando em pouca quantidade e semelhante \u00e0 borra de caf\u00e9, a menstrua\u00e7\u00e3o escura caracteriza uma disfun\u00e7\u00e3o hormonal e o sangramento pode ser considerado anormal. Para voc\u00ea entender melhor, a [&hellip;]<\/p>\n","protected":false},"author":1,"featured_media":12547,"comment_status":"open","ping_status":"open","sticky":false,"template":"","format":"standard","meta":{"_et_pb_use_builder":"","_et_pb_old_content":"","_et_gb_content_width":"","inline_featured_image":false,"footnotes":""},"categories":[93],"tags":[97,118],"class_list":["post-12546","post","type-post","status-publish","format-standard","has-post-thumbnail","hentry","category-saude-intima","tag-menstruacao","tag-saude-da-mulher"],"yoast_head":"<!-- This site is optimized with the Yoast SEO Premium plugin v27.1 (Yoast SEO v27.4) - https:\/\/yoast.com\/product\/yoast-seo-premium-wordpress\/ -->\n<title>Menstrua\u00e7\u00e3o escura: devo me preocupar? - VYDENCE<\/title>\n<meta name=\"description\" content=\"A menstrua\u00e7\u00e3o escura pode dar sinais importantes sobre o corpo feminino. Saiba como interpret\u00e1-la e quais podem ser as causas dessa altera\u00e7\u00e3o\" \/>\n<meta name=\"robots\" content=\"index, follow, max-snippet:-1, max-image-preview:large, max-video-preview:-1\" \/>\n<link rel=\"canonical\" href=\"https:\/\/www.vydence.com\/pt-br\/menstruacao-escura\/\" \/>\n<meta property=\"og:locale\" content=\"pt_BR\" \/>\n<meta property=\"og:type\" content=\"article\" \/>\n<meta property=\"og:title\" content=\"Menstrua\u00e7\u00e3o escura: devo me preocupar?\" \/>\n<meta property=\"og:description\" content=\"A menstrua\u00e7\u00e3o escura pode dar sinais importantes sobre o corpo feminino. Saiba como interpret\u00e1-la e quais podem ser as causas dessa altera\u00e7\u00e3o\" \/>\n<meta property=\"og:url\" content=\"https:\/\/www.vydence.com\/pt-br\/menstruacao-escura\/\" \/>\n<meta property=\"og:site_name\" content=\"VYDENCE\" \/>\n<meta property=\"article:publisher\" content=\"https:\/\/www.facebook.com\/VYDENCE\" \/>\n<meta property=\"article:published_time\" content=\"2018-01-12T09:02:11+00:00\" \/>\n<meta name=\"author\" content=\"admin\" \/>\n<meta name=\"twitter:card\" content=\"summary_large_image\" \/>\n<meta name=\"twitter:title\" content=\"Menstrua\u00e7\u00e3o escura: devo me preocupar?\" \/>\n<meta name=\"twitter:image\" content=\"https:\/\/www.vydence.com\/wp-content\/uploads\/2018\/01\/menstruacao-escura.jpg\" \/>\n<meta name=\"twitter:label1\" content=\"Escrito por\" \/>\n\t<meta name=\"twitter:data1\" content=\"admin\" \/>\n\t<meta name=\"twitter:label2\" content=\"Est. tempo de leitura\" \/>\n\t<meta name=\"twitter:data2\" content=\"3 minutos\" \/>\n<script type=\"application\/ld+json\" class=\"yoast-schema-graph\">{\"@context\":\"https:\\\/\\\/schema.org\",\"@graph\":[{\"@type\":\"Article\",\"@id\":\"https:\\\/\\\/www.vydence.com\\\/pt-br\\\/menstruacao-escura\\\/#article\",\"isPartOf\":{\"@id\":\"https:\\\/\\\/www.vydence.com\\\/pt-br\\\/menstruacao-escura\\\/\"},\"author\":{\"name\":\"admin\",\"@id\":\"https:\\\/\\\/www.vydence.com\\\/pt-br\\\/#\\\/schema\\\/person\\\/d07e11658f9624d2d5344c62489f5fed\"},\"headline\":\"Menstrua\u00e7\u00e3o escura: devo me preocupar?\",\"datePublished\":\"2018-01-12T09:02:11+00:00\",\"mainEntityOfPage\":{\"@id\":\"https:\\\/\\\/www.vydence.com\\\/pt-br\\\/menstruacao-escura\\\/\"},\"wordCount\":647,\"commentCount\":0,\"publisher\":{\"@id\":\"https:\\\/\\\/www.vydence.com\\\/pt-br\\\/#organization\"},\"image\":{\"@id\":\"https:\\\/\\\/www.vydence.com\\\/pt-br\\\/menstruacao-escura\\\/#primaryimage\"},\"thumbnailUrl\":\"https:\\\/\\\/www.vydence.com\\\/wp-content\\\/uploads\\\/2018\\\/01\\\/menstruacao-escura.jpg\",\"keywords\":[\"menstrua\u00e7\u00e3o\",\"sa\u00fade da mulher\"],\"articleSection\":[\"Sa\u00fade \u00cdntima\"],\"inLanguage\":\"pt-BR\",\"potentialAction\":[{\"@type\":\"CommentAction\",\"name\":\"Comment\",\"target\":[\"https:\\\/\\\/www.vydence.com\\\/pt-br\\\/menstruacao-escura\\\/#respond\"]}]},{\"@type\":\"WebPage\",\"@id\":\"https:\\\/\\\/www.vydence.com\\\/pt-br\\\/menstruacao-escura\\\/\",\"url\":\"https:\\\/\\\/www.vydence.com\\\/pt-br\\\/menstruacao-escura\\\/\",\"name\":\"Menstrua\u00e7\u00e3o escura: devo me preocupar? - VYDENCE\",\"isPartOf\":{\"@id\":\"https:\\\/\\\/www.vydence.com\\\/pt-br\\\/#website\"},\"primaryImageOfPage\":{\"@id\":\"https:\\\/\\\/www.vydence.com\\\/pt-br\\\/menstruacao-escura\\\/#primaryimage\"},\"image\":{\"@id\":\"https:\\\/\\\/www.vydence.com\\\/pt-br\\\/menstruacao-escura\\\/#primaryimage\"},\"thumbnailUrl\":\"https:\\\/\\\/www.vydence.com\\\/wp-content\\\/uploads\\\/2018\\\/01\\\/menstruacao-escura.jpg\",\"datePublished\":\"2018-01-12T09:02:11+00:00\",\"description\":\"A menstrua\u00e7\u00e3o escura pode dar sinais importantes sobre o corpo feminino. Saiba como interpret\u00e1-la e quais podem ser as causas dessa altera\u00e7\u00e3o\",\"breadcrumb\":{\"@id\":\"https:\\\/\\\/www.vydence.com\\\/pt-br\\\/menstruacao-escura\\\/#breadcrumb\"},\"inLanguage\":\"pt-BR\",\"potentialAction\":[{\"@type\":\"ReadAction\",\"target\":[\"https:\\\/\\\/www.vydence.com\\\/pt-br\\\/menstruacao-escura\\\/\"]}]},{\"@type\":\"ImageObject\",\"inLanguage\":\"pt-BR\",\"@id\":\"https:\\\/\\\/www.vydence.com\\\/pt-br\\\/menstruacao-escura\\\/#primaryimage\",\"url\":\"https:\\\/\\\/www.vydence.com\\\/wp-content\\\/uploads\\\/2018\\\/01\\\/menstruacao-escura.jpg\",\"contentUrl\":\"https:\\\/\\\/www.vydence.com\\\/wp-content\\\/uploads\\\/2018\\\/01\\\/menstruacao-escura.jpg\",\"width\":1100,\"height\":664,\"caption\":\"Menstrua\u00e7\u00e3o escura\"},{\"@type\":\"BreadcrumbList\",\"@id\":\"https:\\\/\\\/www.vydence.com\\\/pt-br\\\/menstruacao-escura\\\/#breadcrumb\",\"itemListElement\":[{\"@type\":\"ListItem\",\"position\":1,\"name\":\"In\u00edcio\",\"item\":\"https:\\\/\\\/www.vydence.com\\\/pt-br\\\/\"},{\"@type\":\"ListItem\",\"position\":2,\"name\":\"Menstrua\u00e7\u00e3o escura: devo me preocupar?\"}]},{\"@type\":\"WebSite\",\"@id\":\"https:\\\/\\\/www.vydence.com\\\/pt-br\\\/#website\",\"url\":\"https:\\\/\\\/www.vydence.com\\\/pt-br\\\/\",\"name\":\"VYDENCE\",\"description\":\"\",\"publisher\":{\"@id\":\"https:\\\/\\\/www.vydence.com\\\/pt-br\\\/#organization\"},\"potentialAction\":[{\"@type\":\"SearchAction\",\"target\":{\"@type\":\"EntryPoint\",\"urlTemplate\":\"https:\\\/\\\/www.vydence.com\\\/pt-br\\\/?s={search_term_string}\"},\"query-input\":{\"@type\":\"PropertyValueSpecification\",\"valueRequired\":true,\"valueName\":\"search_term_string\"}}],\"inLanguage\":\"pt-BR\"},{\"@type\":\"Organization\",\"@id\":\"https:\\\/\\\/www.vydence.com\\\/pt-br\\\/#organization\",\"name\":\"VYDENCE\",\"url\":\"https:\\\/\\\/www.vydence.com\\\/pt-br\\\/\",\"logo\":{\"@type\":\"ImageObject\",\"inLanguage\":\"pt-BR\",\"@id\":\"https:\\\/\\\/www.vydence.com\\\/pt-br\\\/#\\\/schema\\\/logo\\\/image\\\/\",\"url\":\"https:\\\/\\\/www.vydence.com\\\/wp-content\\\/uploads\\\/2024\\\/11\\\/Logo.svg\",\"contentUrl\":\"https:\\\/\\\/www.vydence.com\\\/wp-content\\\/uploads\\\/2024\\\/11\\\/Logo.svg\",\"width\":149,\"height\":40,\"caption\":\"VYDENCE\"},\"image\":{\"@id\":\"https:\\\/\\\/www.vydence.com\\\/pt-br\\\/#\\\/schema\\\/logo\\\/image\\\/\"},\"sameAs\":[\"https:\\\/\\\/www.facebook.com\\\/VYDENCE\"]},{\"@type\":\"Person\",\"@id\":\"https:\\\/\\\/www.vydence.com\\\/pt-br\\\/#\\\/schema\\\/person\\\/d07e11658f9624d2d5344c62489f5fed\",\"name\":\"admin\",\"image\":{\"@type\":\"ImageObject\",\"inLanguage\":\"pt-BR\",\"@id\":\"https:\\\/\\\/secure.gravatar.com\\\/avatar\\\/1625555f260264654c853a64f2eddfbd5d054ef40597af8b97dc8461ef04e355?s=96&d=mm&r=g\",\"url\":\"https:\\\/\\\/secure.gravatar.com\\\/avatar\\\/1625555f260264654c853a64f2eddfbd5d054ef40597af8b97dc8461ef04e355?s=96&d=mm&r=g\",\"contentUrl\":\"https:\\\/\\\/secure.gravatar.com\\\/avatar\\\/1625555f260264654c853a64f2eddfbd5d054ef40597af8b97dc8461ef04e355?s=96&d=mm&r=g\",\"caption\":\"admin\"},\"sameAs\":[\"https:\\\/\\\/www.vydence.com\"],\"url\":\"https:\\\/\\\/www.vydence.com\\\/pt-br\\\/author\\\/ericknc\\\/\"}]}<\/script>\n<!-- \/ Yoast SEO Premium plugin. -->","yoast_head_json":{"title":"Menstrua\u00e7\u00e3o escura: devo me preocupar? - VYDENCE","description":"A menstrua\u00e7\u00e3o escura pode dar sinais importantes sobre o corpo feminino. Saiba como interpret\u00e1-la e quais podem ser as causas dessa altera\u00e7\u00e3o","robots":{"index":"index","follow":"follow","max-snippet":"max-snippet:-1","max-image-preview":"max-image-preview:large","max-video-preview":"max-video-preview:-1"},"canonical":"https:\/\/www.vydence.com\/pt-br\/menstruacao-escura\/","og_locale":"pt_BR","og_type":"article","og_title":"Menstrua\u00e7\u00e3o escura: devo me preocupar?","og_description":"A menstrua\u00e7\u00e3o escura pode dar sinais importantes sobre o corpo feminino. Saiba como interpret\u00e1-la e quais podem ser as causas dessa altera\u00e7\u00e3o","og_url":"https:\/\/www.vydence.com\/pt-br\/menstruacao-escura\/","og_site_name":"VYDENCE","article_publisher":"https:\/\/www.facebook.com\/VYDENCE","article_published_time":"2018-01-12T09:02:11+00:00","author":"admin","twitter_card":"summary_large_image","twitter_title":"Menstrua\u00e7\u00e3o escura: devo me preocupar?","twitter_image":"https:\/\/www.vydence.com\/wp-content\/uploads\/2018\/01\/menstruacao-escura.jpg","twitter_misc":{"Escrito por":"admin","Est. tempo de leitura":"3 minutos"},"schema":{"@context":"https:\/\/schema.org","@graph":[{"@type":"Article","@id":"https:\/\/www.vydence.com\/pt-br\/menstruacao-escura\/#article","isPartOf":{"@id":"https:\/\/www.vydence.com\/pt-br\/menstruacao-escura\/"},"author":{"name":"admin","@id":"https:\/\/www.vydence.com\/pt-br\/#\/schema\/person\/d07e11658f9624d2d5344c62489f5fed"},"headline":"Menstrua\u00e7\u00e3o escura: devo me preocupar?","datePublished":"2018-01-12T09:02:11+00:00","mainEntityOfPage":{"@id":"https:\/\/www.vydence.com\/pt-br\/menstruacao-escura\/"},"wordCount":647,"commentCount":0,"publisher":{"@id":"https:\/\/www.vydence.com\/pt-br\/#organization"},"image":{"@id":"https:\/\/www.vydence.com\/pt-br\/menstruacao-escura\/#primaryimage"},"thumbnailUrl":"https:\/\/www.vydence.com\/wp-content\/uploads\/2018\/01\/menstruacao-escura.jpg","keywords":["menstrua\u00e7\u00e3o","sa\u00fade da mulher"],"articleSection":["Sa\u00fade \u00cdntima"],"inLanguage":"pt-BR","potentialAction":[{"@type":"CommentAction","name":"Comment","target":["https:\/\/www.vydence.com\/pt-br\/menstruacao-escura\/#respond"]}]},{"@type":"WebPage","@id":"https:\/\/www.vydence.com\/pt-br\/menstruacao-escura\/","url":"https:\/\/www.vydence.com\/pt-br\/menstruacao-escura\/","name":"Menstrua\u00e7\u00e3o escura: devo me preocupar? - VYDENCE","isPartOf":{"@id":"https:\/\/www.vydence.com\/pt-br\/#website"},"primaryImageOfPage":{"@id":"https:\/\/www.vydence.com\/pt-br\/menstruacao-escura\/#primaryimage"},"image":{"@id":"https:\/\/www.vydence.com\/pt-br\/menstruacao-escura\/#primaryimage"},"thumbnailUrl":"https:\/\/www.vydence.com\/wp-content\/uploads\/2018\/01\/menstruacao-escura.jpg","datePublished":"2018-01-12T09:02:11+00:00","description":"A menstrua\u00e7\u00e3o escura pode dar sinais importantes sobre o corpo feminino. Saiba como interpret\u00e1-la e quais podem ser as causas dessa altera\u00e7\u00e3o","breadcrumb":{"@id":"https:\/\/www.vydence.com\/pt-br\/menstruacao-escura\/#breadcrumb"},"inLanguage":"pt-BR","potentialAction":[{"@type":"ReadAction","target":["https:\/\/www.vydence.com\/pt-br\/menstruacao-escura\/"]}]},{"@type":"ImageObject","inLanguage":"pt-BR","@id":"https:\/\/www.vydence.com\/pt-br\/menstruacao-escura\/#primaryimage","url":"https:\/\/www.vydence.com\/wp-content\/uploads\/2018\/01\/menstruacao-escura.jpg","contentUrl":"https:\/\/www.vydence.com\/wp-content\/uploads\/2018\/01\/menstruacao-escura.jpg","width":1100,"height":664,"caption":"Menstrua\u00e7\u00e3o escura"},{"@type":"BreadcrumbList","@id":"https:\/\/www.vydence.com\/pt-br\/menstruacao-escura\/#breadcrumb","itemListElement":[{"@type":"ListItem","position":1,"name":"In\u00edcio","item":"https:\/\/www.vydence.com\/pt-br\/"},{"@type":"ListItem","position":2,"name":"Menstrua\u00e7\u00e3o escura: devo me preocupar?"}]},{"@type":"WebSite","@id":"https:\/\/www.vydence.com\/pt-br\/#website","url":"https:\/\/www.vydence.com\/pt-br\/","name":"VYDENCE","description":"","publisher":{"@id":"https:\/\/www.vydence.com\/pt-br\/#organization"},"potentialAction":[{"@type":"SearchAction","target":{"@type":"EntryPoint","urlTemplate":"https:\/\/www.vydence.com\/pt-br\/?s={search_term_string}"},"query-input":{"@type":"PropertyValueSpecification","valueRequired":true,"valueName":"search_term_string"}}],"inLanguage":"pt-BR"},{"@type":"Organization","@id":"https:\/\/www.vydence.com\/pt-br\/#organization","name":"VYDENCE","url":"https:\/\/www.vydence.com\/pt-br\/","logo":{"@type":"ImageObject","inLanguage":"pt-BR","@id":"https:\/\/www.vydence.com\/pt-br\/#\/schema\/logo\/image\/","url":"https:\/\/www.vydence.com\/wp-content\/uploads\/2024\/11\/Logo.svg","contentUrl":"https:\/\/www.vydence.com\/wp-content\/uploads\/2024\/11\/Logo.svg","width":149,"height":40,"caption":"VYDENCE"},"image":{"@id":"https:\/\/www.vydence.com\/pt-br\/#\/schema\/logo\/image\/"},"sameAs":["https:\/\/www.facebook.com\/VYDENCE"]},{"@type":"Person","@id":"https:\/\/www.vydence.com\/pt-br\/#\/schema\/person\/d07e11658f9624d2d5344c62489f5fed","name":"admin","image":{"@type":"ImageObject","inLanguage":"pt-BR","@id":"https:\/\/secure.gravatar.com\/avatar\/1625555f260264654c853a64f2eddfbd5d054ef40597af8b97dc8461ef04e355?s=96&d=mm&r=g","url":"https:\/\/secure.gravatar.com\/avatar\/1625555f260264654c853a64f2eddfbd5d054ef40597af8b97dc8461ef04e355?s=96&d=mm&r=g","contentUrl":"https:\/\/secure.gravatar.com\/avatar\/1625555f260264654c853a64f2eddfbd5d054ef40597af8b97dc8461ef04e355?s=96&d=mm&r=g","caption":"admin"},"sameAs":["https:\/\/www.vydence.com"],"url":"https:\/\/www.vydence.com\/pt-br\/author\/ericknc\/"}]}},"_links":{"self":[{"href":"https:\/\/www.vydence.com\/pt-br\/wp-json\/wp\/v2\/posts\/12546","targetHints":{"allow":["GET"]}}],"collection":[{"href":"https:\/\/www.vydence.com\/pt-br\/wp-json\/wp\/v2\/posts"}],"about":[{"href":"https:\/\/www.vydence.com\/pt-br\/wp-json\/wp\/v2\/types\/post"}],"author":[{"embeddable":true,"href":"https:\/\/www.vydence.com\/pt-br\/wp-json\/wp\/v2\/users\/1"}],"replies":[{"embeddable":true,"href":"https:\/\/www.vydence.com\/pt-br\/wp-json\/wp\/v2\/comments?post=12546"}],"version-history":[{"count":0,"href":"https:\/\/www.vydence.com\/pt-br\/wp-json\/wp\/v2\/posts\/12546\/revisions"}],"wp:featuredmedia":[{"embeddable":true,"href":"https:\/\/www.vydence.com\/pt-br\/wp-json\/wp\/v2\/media\/12547"}],"wp:attachment":[{"href":"https:\/\/www.vydence.com\/pt-br\/wp-json\/wp\/v2\/media?parent=12546"}],"wp:term":[{"taxonomy":"category","embeddable":true,"href":"https:\/\/www.vydence.com\/pt-br\/wp-json\/wp\/v2\/categories?post=12546"},{"taxonomy":"post_tag","embeddable":true,"href":"https:\/\/www.vydence.com\/pt-br\/wp-json\/wp\/v2\/tags?post=12546"}],"curies":[{"name":"wp","href":"https:\/\/api.w.org\/{rel}","templated":true}]}}