{"id":12513,"date":"2017-12-07T10:44:07","date_gmt":"2017-12-07T10:44:07","guid":{"rendered":"http:\/\/www.tratamentointimo.com.br\/?p=12513"},"modified":"2017-12-07T10:44:07","modified_gmt":"2017-12-07T10:44:07","slug":"foliculite-vaginal-causas-e-tratamentos","status":"publish","type":"post","link":"https:\/\/www.vydence.com\/pt-br\/foliculite-vaginal-causas-e-tratamentos\/","title":{"rendered":"Foliculite vaginal: causas e tratamentos"},"content":{"rendered":"<p><span style=\"font-weight: 400;\">Voc\u00ea percebe uma leve coceira em algum lugar do corpo e que ela est\u00e1 em uma regi\u00e3o avermelhada com pequenas espinhas? Esses sintomas podem indicar que voc\u00ea est\u00e1 com foliculite. Essa condi\u00e7\u00e3o pode acontecer com homens e mulheres, no caso feminino a situa\u00e7\u00e3o requer mais aten\u00e7\u00e3o quando se trata de uma foliculite vaginal.<\/span><\/p>\n<h2><span style=\"font-weight: 400;\">O que \u00e9 a foliculite vaginal?<\/span><\/h2>\n<p><span style=\"font-weight: 400;\">Localizada na regi\u00e3o da <\/span><a href=\"https:\/\/tratamentosalaser.com.br\/o-que-e-vulva\/\"><span style=\"font-weight: 400;\">vulva<\/span><\/a><span style=\"font-weight: 400;\">, a foliculite vaginal \u00e9 caracterizada por pequenas bolinhas, com ou sem pus, acompanhadas de uma vermelhid\u00e3o e uma maior sensibilidade na regi\u00e3o \u00edntima feminina.<\/span><\/p>\n<p><span style=\"font-weight: 400;\">Ela pode surgir por conta dos pelos encravados na regi\u00e3o, ainda mais na vulva onde os fios s\u00e3o mais grossos e numerosos, como tamb\u00e9m pode ser causada pela presen\u00e7a de fungos ou bact\u00e9rias.<\/span><\/p>\n<p><span style=\"font-weight: 400;\">\u00c9 importante tratar o quanto antes, pois, antes de tudo, a foliculite \u00e9 uma inflama\u00e7\u00e3o que pode causar dor, levar \u00e0 forma\u00e7\u00e3o de manchas e cicatrizes. Caso n\u00e3o seja tratada, a foliculite tamb\u00e9m pode se espalhar na regi\u00e3o. \u00a0<\/span><\/p>\n<h2><span style=\"font-weight: 400;\">O que causa a foliculite vaginal?<\/span><\/h2>\n<p><span style=\"font-weight: 400;\">As principais causas s\u00e3o:<\/span><\/p>\n<ul>\n<li style=\"font-weight: 400;\"><span style=\"font-weight: 400;\">Depila\u00e7\u00e3o com cera ou gilete;<\/span><\/li>\n<li style=\"font-weight: 400;\"><span style=\"font-weight: 400;\">Atrito na regi\u00e3o genital causado por uso de roupas apertadas;<\/span><\/li>\n<li style=\"font-weight: 400;\"><span style=\"font-weight: 400;\">Crescimento irregular dos fios;<\/span><\/li>\n<li style=\"font-weight: 400;\"><span style=\"font-weight: 400;\">Uso de roupas muito grossas que ret\u00eam o calor e a umidade;<\/span><\/li>\n<\/ul>\n<h2><span style=\"font-weight: 400;\">Tratamento caseiro para a foliculite:<\/span><\/h2>\n<p><span style=\"font-weight: 400;\">O ideal \u00e9 que seja acompanhado por um dermatologista que vai orientar o tratamento espec\u00edfico para o seu caso, contudo, boa parte do tratamento \u00e9 composta por a\u00e7\u00f5es que podem ser feitas em casa, veja algumas delas:<\/span><\/p>\n<ul>\n<li style=\"font-weight: 400;\"><span style=\"font-weight: 400;\">Fazer compressa morna em cima da regi\u00e3o;<\/span><\/li>\n<li style=\"font-weight: 400;\"><span style=\"font-weight: 400;\">Evitar uso de roupas apertadas;<\/span><\/li>\n<li style=\"font-weight: 400;\"><span style=\"font-weight: 400;\">Tomar banho com sabonete neutro;<\/span><\/li>\n<li style=\"font-weight: 400;\"><span style=\"font-weight: 400;\">N\u00e3o co\u00e7ar a regi\u00e3o ou apertar as espinhas;<\/span><\/li>\n<li style=\"font-weight: 400;\"><span style=\"font-weight: 400;\">Trocar a roupa de banho molhada o quanto antes;<\/span><\/li>\n<li style=\"font-weight: 400;\"><span style=\"font-weight: 400;\">Fazer a higiene \u00edntima corretamente.<\/span><\/li>\n<\/ul>\n<p><span style=\"font-weight: 400;\">Esses meios ajudam a amenizar o inc\u00f4modo da coceira, a diminuir a vermelhid\u00e3o e a reduzir a quantidade das pequenas espinhas. Contudo, retardar ou minimizar a situa\u00e7\u00e3o n\u00e3o \u00e9 o tratamento mais indicado, pois n\u00e3o s\u00e3o solu\u00e7\u00f5es de dura\u00e7\u00e3o permanente. <\/span><\/p>\n<h2><span style=\"font-weight: 400;\">Como acabar com a foliculite vaginal?<\/span><\/h2>\n<p><span style=\"font-weight: 400;\">Tenho muitas pacientes com foliculite na vulva de repeti\u00e7\u00e3o, seja pelo tipo de pelo ou atrito com roupa e, at\u00e9 mesmo, pelo atrito em esportes como ciclismo. Elas geralmente chegam ao consult\u00f3rio com uma les\u00e3o \u00fanica grande e inflamada para tratar com urg\u00eancia. Essa les\u00e3o d\u00f3i muito e acaba tirando a mulher das atividades di\u00e1rias.<\/span><\/p>\n<p><span style=\"font-weight: 400;\">Nessa fase podemos dar medica\u00e7\u00f5es orais e injetar corticoide localmente. Mas para preven\u00e7\u00e3o de novos surtos e resolu\u00e7\u00e3o do quadro sempre oriento a depila\u00e7\u00e3o a laser.<\/span><\/p>\n<p><span style=\"font-weight: 400;\">Isso porque, removendo o pelo de forma definitiva tamb\u00e9m removemos a causa da inflama\u00e7\u00e3o e a paciente se v\u00ea livre do desconforto! Confira alguns benef\u00edcios do laser:<\/span><\/p>\n<ul>\n<li style=\"font-weight: 400;\"><span style=\"font-weight: 400;\">O laser \u00e9 o tratamento mais atual para remo\u00e7\u00e3o de pelos;<\/span><\/li>\n<li style=\"font-weight: 400;\"><span style=\"font-weight: 400;\">Ele diminui a espessura dos pelos;<\/span><\/li>\n<li style=\"font-weight: 400;\"><span style=\"font-weight: 400;\">Reduz drasticamente a produ\u00e7\u00e3o de novos fios da regi\u00e3o;<\/span><\/li>\n<li style=\"font-weight: 400;\"><span style=\"font-weight: 400;\">Resultado permanente.<\/span><\/li>\n<\/ul>\n<p><span style=\"font-weight: 400;\">Al\u00e9m de esteticamente ser a melhor op\u00e7\u00e3o, \u00e9 v\u00e1lido lembrar que \u00e9 uma solu\u00e7\u00e3o que garante a sua <\/span><a href=\"https:\/\/tratamentosalaser.com.br\/higiene-e-saude-intima-feminina\/\"><span style=\"font-weight: 400;\">sa\u00fade \u00edntima<\/span><\/a><span style=\"font-weight: 400;\">, pois evita as chances de foliculite futuramente, ou seja, voc\u00ea n\u00e3o corre o risco de desenvolver esse tipo de inflama\u00e7\u00e3o<\/span><span style=\"font-weight: 400;\">.<\/span><\/p>\n<p><span style=\"font-weight: 400;\">Se durante a foliculite vaginal voc\u00ea co\u00e7ou a regi\u00e3o em exagero ou apertou as pequenas espinhas, \u00e9 normal que algumas cicatrizes ou manchas tenham ficado, certo? Por isso a gente conta tudinho sobre como \u00e9 o processo de clareamento vaginal para voc\u00ea se informar melhor. <\/span><a href=\"https:\/\/tratamentosalaser.com.br\/clareamento-vaginal-sera-que-e-para-voce\/\"><span style=\"font-weight: 400;\">Leia agora<\/span><\/a><span style=\"font-weight: 400;\">!<\/span><\/p>\n<p><a href=\"https:\/\/tratamentosalaser.com.br\/wp-content\/uploads\/2017\/09\/5-pontos-para-saber-se-voce%CC%82-precisa-de-tratamento-i%CC%81ntimo.pdf\"><img loading=\"lazy\" decoding=\"async\" class=\"aligncenter  wp-image-12736\" src=\"https:\/\/www.vydence.com\/wp-content\/uploads\/2017\/06\/cta-tratamento-intimo.png\" alt=\"Tratamento \u00cdntimo a Laser - Rejuvenescimento \u00cdntimo\" width=\"600\" height=\"176\" srcset=\"https:\/\/www.vydence.com\/wp-content\/uploads\/2017\/06\/cta-tratamento-intimo.png 600w, https:\/\/www.vydence.com\/wp-content\/uploads\/2017\/06\/cta-tratamento-intimo-480x141.png 480w\" sizes=\"(min-width: 0px) and (max-width: 480px) 480px, (min-width: 481px) 600px, 100vw\" \/><\/a><\/p>\n","protected":false},"excerpt":{"rendered":"<p>Voc\u00ea percebe uma leve coceira em algum lugar do corpo e que ela est\u00e1 em uma regi\u00e3o avermelhada com pequenas espinhas? Esses sintomas podem indicar que voc\u00ea est\u00e1 com foliculite. Essa condi\u00e7\u00e3o pode acontecer com homens e mulheres, no caso feminino a situa\u00e7\u00e3o requer mais aten\u00e7\u00e3o quando se trata de uma foliculite vaginal. O que [&hellip;]<\/p>\n","protected":false},"author":5,"featured_media":12514,"comment_status":"open","ping_status":"open","sticky":false,"template":"","format":"standard","meta":{"_et_pb_use_builder":"","_et_pb_old_content":"","_et_gb_content_width":"","inline_featured_image":false,"footnotes":""},"categories":[93],"tags":[88,94],"class_list":["post-12513","post","type-post","status-publish","format-standard","has-post-thumbnail","hentry","category-saude-intima","tag-laser-athena","tag-vagina"],"yoast_head":"<!-- This site is optimized with the Yoast SEO Premium plugin v27.1 (Yoast SEO v27.4) - https:\/\/yoast.com\/product\/yoast-seo-premium-wordpress\/ -->\n<title>Foliculite vaginal: causas e tratamentos - VYDENCE<\/title>\n<meta name=\"description\" content=\"Sua regi\u00e3o \u00edntima est\u00e1 com pontos avermelhados, co\u00e7ando e inflamados? Voc\u00ea pode estar com foliculite vaginal. Descubra os sintomas e tratamentos da inflama\u00e7\u00e3o\" \/>\n<meta name=\"robots\" content=\"index, follow, max-snippet:-1, max-image-preview:large, max-video-preview:-1\" \/>\n<link rel=\"canonical\" href=\"https:\/\/www.vydence.com\/pt-br\/foliculite-vaginal-causas-e-tratamentos\/\" \/>\n<meta property=\"og:locale\" content=\"pt_BR\" \/>\n<meta property=\"og:type\" content=\"article\" \/>\n<meta property=\"og:title\" content=\"Foliculite vaginal: causas e tratamentos\" \/>\n<meta property=\"og:description\" content=\"Sua regi\u00e3o \u00edntima est\u00e1 com pontos avermelhados, co\u00e7ando e inflamados? Voc\u00ea pode estar com foliculite vaginal. Descubra os sintomas e tratamentos da inflama\u00e7\u00e3o\" \/>\n<meta property=\"og:url\" content=\"https:\/\/www.vydence.com\/pt-br\/foliculite-vaginal-causas-e-tratamentos\/\" \/>\n<meta property=\"og:site_name\" content=\"VYDENCE\" \/>\n<meta property=\"article:publisher\" content=\"https:\/\/www.facebook.com\/VYDENCE\" \/>\n<meta property=\"article:published_time\" content=\"2017-12-07T10:44:07+00:00\" \/>\n<meta property=\"og:image\" content=\"https:\/\/www.vydence.com\/wp-content\/uploads\/2017\/12\/foliculite-vaginal-o-que-e.jpg\" \/>\n\t<meta property=\"og:image:width\" content=\"800\" \/>\n\t<meta property=\"og:image:height\" content=\"420\" \/>\n\t<meta property=\"og:image:type\" content=\"image\/jpeg\" \/>\n<meta name=\"author\" content=\"Dra. Alice Jaruche Nunes\" \/>\n<meta name=\"twitter:card\" content=\"summary_large_image\" \/>\n<meta name=\"twitter:label1\" content=\"Escrito por\" \/>\n\t<meta name=\"twitter:data1\" content=\"Dra. Alice Jaruche Nunes\" \/>\n\t<meta name=\"twitter:label2\" content=\"Est. tempo de leitura\" \/>\n\t<meta name=\"twitter:data2\" content=\"3 minutos\" \/>\n<script type=\"application\/ld+json\" class=\"yoast-schema-graph\">{\"@context\":\"https:\\\/\\\/schema.org\",\"@graph\":[{\"@type\":\"Article\",\"@id\":\"https:\\\/\\\/www.vydence.com\\\/pt-br\\\/foliculite-vaginal-causas-e-tratamentos\\\/#article\",\"isPartOf\":{\"@id\":\"https:\\\/\\\/www.vydence.com\\\/pt-br\\\/foliculite-vaginal-causas-e-tratamentos\\\/\"},\"author\":{\"name\":\"Dra. Alice Jaruche Nunes\",\"@id\":\"https:\\\/\\\/www.vydence.com\\\/pt-br\\\/#\\\/schema\\\/person\\\/e463a53ff1b491a7c9393b5f85eef87a\"},\"headline\":\"Foliculite vaginal: causas e tratamentos\",\"datePublished\":\"2017-12-07T10:44:07+00:00\",\"mainEntityOfPage\":{\"@id\":\"https:\\\/\\\/www.vydence.com\\\/pt-br\\\/foliculite-vaginal-causas-e-tratamentos\\\/\"},\"wordCount\":603,\"commentCount\":0,\"publisher\":{\"@id\":\"https:\\\/\\\/www.vydence.com\\\/pt-br\\\/#organization\"},\"image\":{\"@id\":\"https:\\\/\\\/www.vydence.com\\\/pt-br\\\/foliculite-vaginal-causas-e-tratamentos\\\/#primaryimage\"},\"thumbnailUrl\":\"https:\\\/\\\/www.vydence.com\\\/wp-content\\\/uploads\\\/2017\\\/12\\\/foliculite-vaginal-o-que-e.jpg\",\"keywords\":[\"laser athena\",\"vagina\"],\"articleSection\":[\"Sa\u00fade \u00cdntima\"],\"inLanguage\":\"pt-BR\",\"potentialAction\":[{\"@type\":\"CommentAction\",\"name\":\"Comment\",\"target\":[\"https:\\\/\\\/www.vydence.com\\\/pt-br\\\/foliculite-vaginal-causas-e-tratamentos\\\/#respond\"]}]},{\"@type\":\"WebPage\",\"@id\":\"https:\\\/\\\/www.vydence.com\\\/pt-br\\\/foliculite-vaginal-causas-e-tratamentos\\\/\",\"url\":\"https:\\\/\\\/www.vydence.com\\\/pt-br\\\/foliculite-vaginal-causas-e-tratamentos\\\/\",\"name\":\"Foliculite vaginal: causas e tratamentos - VYDENCE\",\"isPartOf\":{\"@id\":\"https:\\\/\\\/www.vydence.com\\\/pt-br\\\/#website\"},\"primaryImageOfPage\":{\"@id\":\"https:\\\/\\\/www.vydence.com\\\/pt-br\\\/foliculite-vaginal-causas-e-tratamentos\\\/#primaryimage\"},\"image\":{\"@id\":\"https:\\\/\\\/www.vydence.com\\\/pt-br\\\/foliculite-vaginal-causas-e-tratamentos\\\/#primaryimage\"},\"thumbnailUrl\":\"https:\\\/\\\/www.vydence.com\\\/wp-content\\\/uploads\\\/2017\\\/12\\\/foliculite-vaginal-o-que-e.jpg\",\"datePublished\":\"2017-12-07T10:44:07+00:00\",\"description\":\"Sua regi\u00e3o \u00edntima est\u00e1 com pontos avermelhados, co\u00e7ando e inflamados? Voc\u00ea pode estar com foliculite vaginal. Descubra os sintomas e tratamentos da inflama\u00e7\u00e3o\",\"breadcrumb\":{\"@id\":\"https:\\\/\\\/www.vydence.com\\\/pt-br\\\/foliculite-vaginal-causas-e-tratamentos\\\/#breadcrumb\"},\"inLanguage\":\"pt-BR\",\"potentialAction\":[{\"@type\":\"ReadAction\",\"target\":[\"https:\\\/\\\/www.vydence.com\\\/pt-br\\\/foliculite-vaginal-causas-e-tratamentos\\\/\"]}]},{\"@type\":\"ImageObject\",\"inLanguage\":\"pt-BR\",\"@id\":\"https:\\\/\\\/www.vydence.com\\\/pt-br\\\/foliculite-vaginal-causas-e-tratamentos\\\/#primaryimage\",\"url\":\"https:\\\/\\\/www.vydence.com\\\/wp-content\\\/uploads\\\/2017\\\/12\\\/foliculite-vaginal-o-que-e.jpg\",\"contentUrl\":\"https:\\\/\\\/www.vydence.com\\\/wp-content\\\/uploads\\\/2017\\\/12\\\/foliculite-vaginal-o-que-e.jpg\",\"width\":800,\"height\":420,\"caption\":\"Foliculite vaginal\"},{\"@type\":\"BreadcrumbList\",\"@id\":\"https:\\\/\\\/www.vydence.com\\\/pt-br\\\/foliculite-vaginal-causas-e-tratamentos\\\/#breadcrumb\",\"itemListElement\":[{\"@type\":\"ListItem\",\"position\":1,\"name\":\"In\u00edcio\",\"item\":\"https:\\\/\\\/www.vydence.com\\\/pt-br\\\/\"},{\"@type\":\"ListItem\",\"position\":2,\"name\":\"Foliculite vaginal: causas e tratamentos\"}]},{\"@type\":\"WebSite\",\"@id\":\"https:\\\/\\\/www.vydence.com\\\/pt-br\\\/#website\",\"url\":\"https:\\\/\\\/www.vydence.com\\\/pt-br\\\/\",\"name\":\"VYDENCE\",\"description\":\"\",\"publisher\":{\"@id\":\"https:\\\/\\\/www.vydence.com\\\/pt-br\\\/#organization\"},\"potentialAction\":[{\"@type\":\"SearchAction\",\"target\":{\"@type\":\"EntryPoint\",\"urlTemplate\":\"https:\\\/\\\/www.vydence.com\\\/pt-br\\\/?s={search_term_string}\"},\"query-input\":{\"@type\":\"PropertyValueSpecification\",\"valueRequired\":true,\"valueName\":\"search_term_string\"}}],\"inLanguage\":\"pt-BR\"},{\"@type\":\"Organization\",\"@id\":\"https:\\\/\\\/www.vydence.com\\\/pt-br\\\/#organization\",\"name\":\"VYDENCE\",\"url\":\"https:\\\/\\\/www.vydence.com\\\/pt-br\\\/\",\"logo\":{\"@type\":\"ImageObject\",\"inLanguage\":\"pt-BR\",\"@id\":\"https:\\\/\\\/www.vydence.com\\\/pt-br\\\/#\\\/schema\\\/logo\\\/image\\\/\",\"url\":\"https:\\\/\\\/www.vydence.com\\\/wp-content\\\/uploads\\\/2024\\\/11\\\/Logo.svg\",\"contentUrl\":\"https:\\\/\\\/www.vydence.com\\\/wp-content\\\/uploads\\\/2024\\\/11\\\/Logo.svg\",\"width\":149,\"height\":40,\"caption\":\"VYDENCE\"},\"image\":{\"@id\":\"https:\\\/\\\/www.vydence.com\\\/pt-br\\\/#\\\/schema\\\/logo\\\/image\\\/\"},\"sameAs\":[\"https:\\\/\\\/www.facebook.com\\\/VYDENCE\"]},{\"@type\":\"Person\",\"@id\":\"https:\\\/\\\/www.vydence.com\\\/pt-br\\\/#\\\/schema\\\/person\\\/e463a53ff1b491a7c9393b5f85eef87a\",\"name\":\"Dra. Alice Jaruche Nunes\",\"image\":{\"@type\":\"ImageObject\",\"inLanguage\":\"pt-BR\",\"@id\":\"https:\\\/\\\/secure.gravatar.com\\\/avatar\\\/52577d65a9ea4479b32aa621635b52fd16b4ec2f7dd3c4d1d14b7fadec75c620?s=96&d=mm&r=g\",\"url\":\"https:\\\/\\\/secure.gravatar.com\\\/avatar\\\/52577d65a9ea4479b32aa621635b52fd16b4ec2f7dd3c4d1d14b7fadec75c620?s=96&d=mm&r=g\",\"contentUrl\":\"https:\\\/\\\/secure.gravatar.com\\\/avatar\\\/52577d65a9ea4479b32aa621635b52fd16b4ec2f7dd3c4d1d14b7fadec75c620?s=96&d=mm&r=g\",\"caption\":\"Dra. Alice Jaruche Nunes\"},\"url\":\"https:\\\/\\\/www.vydence.com\\\/pt-br\\\/author\\\/alice\\\/\"}]}<\/script>\n<!-- \/ Yoast SEO Premium plugin. -->","yoast_head_json":{"title":"Foliculite vaginal: causas e tratamentos - VYDENCE","description":"Sua regi\u00e3o \u00edntima est\u00e1 com pontos avermelhados, co\u00e7ando e inflamados? Voc\u00ea pode estar com foliculite vaginal. Descubra os sintomas e tratamentos da inflama\u00e7\u00e3o","robots":{"index":"index","follow":"follow","max-snippet":"max-snippet:-1","max-image-preview":"max-image-preview:large","max-video-preview":"max-video-preview:-1"},"canonical":"https:\/\/www.vydence.com\/pt-br\/foliculite-vaginal-causas-e-tratamentos\/","og_locale":"pt_BR","og_type":"article","og_title":"Foliculite vaginal: causas e tratamentos","og_description":"Sua regi\u00e3o \u00edntima est\u00e1 com pontos avermelhados, co\u00e7ando e inflamados? Voc\u00ea pode estar com foliculite vaginal. Descubra os sintomas e tratamentos da inflama\u00e7\u00e3o","og_url":"https:\/\/www.vydence.com\/pt-br\/foliculite-vaginal-causas-e-tratamentos\/","og_site_name":"VYDENCE","article_publisher":"https:\/\/www.facebook.com\/VYDENCE","article_published_time":"2017-12-07T10:44:07+00:00","og_image":[{"width":800,"height":420,"url":"https:\/\/www.vydence.com\/wp-content\/uploads\/2017\/12\/foliculite-vaginal-o-que-e.jpg","type":"image\/jpeg"}],"author":"Dra. Alice Jaruche Nunes","twitter_card":"summary_large_image","twitter_misc":{"Escrito por":"Dra. Alice Jaruche Nunes","Est. tempo de leitura":"3 minutos"},"schema":{"@context":"https:\/\/schema.org","@graph":[{"@type":"Article","@id":"https:\/\/www.vydence.com\/pt-br\/foliculite-vaginal-causas-e-tratamentos\/#article","isPartOf":{"@id":"https:\/\/www.vydence.com\/pt-br\/foliculite-vaginal-causas-e-tratamentos\/"},"author":{"name":"Dra. Alice Jaruche Nunes","@id":"https:\/\/www.vydence.com\/pt-br\/#\/schema\/person\/e463a53ff1b491a7c9393b5f85eef87a"},"headline":"Foliculite vaginal: causas e tratamentos","datePublished":"2017-12-07T10:44:07+00:00","mainEntityOfPage":{"@id":"https:\/\/www.vydence.com\/pt-br\/foliculite-vaginal-causas-e-tratamentos\/"},"wordCount":603,"commentCount":0,"publisher":{"@id":"https:\/\/www.vydence.com\/pt-br\/#organization"},"image":{"@id":"https:\/\/www.vydence.com\/pt-br\/foliculite-vaginal-causas-e-tratamentos\/#primaryimage"},"thumbnailUrl":"https:\/\/www.vydence.com\/wp-content\/uploads\/2017\/12\/foliculite-vaginal-o-que-e.jpg","keywords":["laser athena","vagina"],"articleSection":["Sa\u00fade \u00cdntima"],"inLanguage":"pt-BR","potentialAction":[{"@type":"CommentAction","name":"Comment","target":["https:\/\/www.vydence.com\/pt-br\/foliculite-vaginal-causas-e-tratamentos\/#respond"]}]},{"@type":"WebPage","@id":"https:\/\/www.vydence.com\/pt-br\/foliculite-vaginal-causas-e-tratamentos\/","url":"https:\/\/www.vydence.com\/pt-br\/foliculite-vaginal-causas-e-tratamentos\/","name":"Foliculite vaginal: causas e tratamentos - VYDENCE","isPartOf":{"@id":"https:\/\/www.vydence.com\/pt-br\/#website"},"primaryImageOfPage":{"@id":"https:\/\/www.vydence.com\/pt-br\/foliculite-vaginal-causas-e-tratamentos\/#primaryimage"},"image":{"@id":"https:\/\/www.vydence.com\/pt-br\/foliculite-vaginal-causas-e-tratamentos\/#primaryimage"},"thumbnailUrl":"https:\/\/www.vydence.com\/wp-content\/uploads\/2017\/12\/foliculite-vaginal-o-que-e.jpg","datePublished":"2017-12-07T10:44:07+00:00","description":"Sua regi\u00e3o \u00edntima est\u00e1 com pontos avermelhados, co\u00e7ando e inflamados? Voc\u00ea pode estar com foliculite vaginal. Descubra os sintomas e tratamentos da inflama\u00e7\u00e3o","breadcrumb":{"@id":"https:\/\/www.vydence.com\/pt-br\/foliculite-vaginal-causas-e-tratamentos\/#breadcrumb"},"inLanguage":"pt-BR","potentialAction":[{"@type":"ReadAction","target":["https:\/\/www.vydence.com\/pt-br\/foliculite-vaginal-causas-e-tratamentos\/"]}]},{"@type":"ImageObject","inLanguage":"pt-BR","@id":"https:\/\/www.vydence.com\/pt-br\/foliculite-vaginal-causas-e-tratamentos\/#primaryimage","url":"https:\/\/www.vydence.com\/wp-content\/uploads\/2017\/12\/foliculite-vaginal-o-que-e.jpg","contentUrl":"https:\/\/www.vydence.com\/wp-content\/uploads\/2017\/12\/foliculite-vaginal-o-que-e.jpg","width":800,"height":420,"caption":"Foliculite vaginal"},{"@type":"BreadcrumbList","@id":"https:\/\/www.vydence.com\/pt-br\/foliculite-vaginal-causas-e-tratamentos\/#breadcrumb","itemListElement":[{"@type":"ListItem","position":1,"name":"In\u00edcio","item":"https:\/\/www.vydence.com\/pt-br\/"},{"@type":"ListItem","position":2,"name":"Foliculite vaginal: causas e tratamentos"}]},{"@type":"WebSite","@id":"https:\/\/www.vydence.com\/pt-br\/#website","url":"https:\/\/www.vydence.com\/pt-br\/","name":"VYDENCE","description":"","publisher":{"@id":"https:\/\/www.vydence.com\/pt-br\/#organization"},"potentialAction":[{"@type":"SearchAction","target":{"@type":"EntryPoint","urlTemplate":"https:\/\/www.vydence.com\/pt-br\/?s={search_term_string}"},"query-input":{"@type":"PropertyValueSpecification","valueRequired":true,"valueName":"search_term_string"}}],"inLanguage":"pt-BR"},{"@type":"Organization","@id":"https:\/\/www.vydence.com\/pt-br\/#organization","name":"VYDENCE","url":"https:\/\/www.vydence.com\/pt-br\/","logo":{"@type":"ImageObject","inLanguage":"pt-BR","@id":"https:\/\/www.vydence.com\/pt-br\/#\/schema\/logo\/image\/","url":"https:\/\/www.vydence.com\/wp-content\/uploads\/2024\/11\/Logo.svg","contentUrl":"https:\/\/www.vydence.com\/wp-content\/uploads\/2024\/11\/Logo.svg","width":149,"height":40,"caption":"VYDENCE"},"image":{"@id":"https:\/\/www.vydence.com\/pt-br\/#\/schema\/logo\/image\/"},"sameAs":["https:\/\/www.facebook.com\/VYDENCE"]},{"@type":"Person","@id":"https:\/\/www.vydence.com\/pt-br\/#\/schema\/person\/e463a53ff1b491a7c9393b5f85eef87a","name":"Dra. Alice Jaruche Nunes","image":{"@type":"ImageObject","inLanguage":"pt-BR","@id":"https:\/\/secure.gravatar.com\/avatar\/52577d65a9ea4479b32aa621635b52fd16b4ec2f7dd3c4d1d14b7fadec75c620?s=96&d=mm&r=g","url":"https:\/\/secure.gravatar.com\/avatar\/52577d65a9ea4479b32aa621635b52fd16b4ec2f7dd3c4d1d14b7fadec75c620?s=96&d=mm&r=g","contentUrl":"https:\/\/secure.gravatar.com\/avatar\/52577d65a9ea4479b32aa621635b52fd16b4ec2f7dd3c4d1d14b7fadec75c620?s=96&d=mm&r=g","caption":"Dra. Alice Jaruche Nunes"},"url":"https:\/\/www.vydence.com\/pt-br\/author\/alice\/"}]}},"_links":{"self":[{"href":"https:\/\/www.vydence.com\/pt-br\/wp-json\/wp\/v2\/posts\/12513","targetHints":{"allow":["GET"]}}],"collection":[{"href":"https:\/\/www.vydence.com\/pt-br\/wp-json\/wp\/v2\/posts"}],"about":[{"href":"https:\/\/www.vydence.com\/pt-br\/wp-json\/wp\/v2\/types\/post"}],"author":[{"embeddable":true,"href":"https:\/\/www.vydence.com\/pt-br\/wp-json\/wp\/v2\/users\/5"}],"replies":[{"embeddable":true,"href":"https:\/\/www.vydence.com\/pt-br\/wp-json\/wp\/v2\/comments?post=12513"}],"version-history":[{"count":0,"href":"https:\/\/www.vydence.com\/pt-br\/wp-json\/wp\/v2\/posts\/12513\/revisions"}],"wp:featuredmedia":[{"embeddable":true,"href":"https:\/\/www.vydence.com\/pt-br\/wp-json\/wp\/v2\/media\/12514"}],"wp:attachment":[{"href":"https:\/\/www.vydence.com\/pt-br\/wp-json\/wp\/v2\/media?parent=12513"}],"wp:term":[{"taxonomy":"category","embeddable":true,"href":"https:\/\/www.vydence.com\/pt-br\/wp-json\/wp\/v2\/categories?post=12513"},{"taxonomy":"post_tag","embeddable":true,"href":"https:\/\/www.vydence.com\/pt-br\/wp-json\/wp\/v2\/tags?post=12513"}],"curies":[{"name":"wp","href":"https:\/\/api.w.org\/{rel}","templated":true}]}}