{"id":12491,"date":"2017-12-06T11:16:40","date_gmt":"2017-12-06T13:16:40","guid":{"rendered":"http:\/\/www.tratamentointimo.com.br\/?p=12491"},"modified":"2017-12-06T11:16:40","modified_gmt":"2017-12-06T13:16:40","slug":"como-clarear-o-anus","status":"publish","type":"post","link":"https:\/\/www.vydence.com\/pt-br\/como-clarear-o-anus\/","title":{"rendered":"Como clarear o \u00e2nus: conhe\u00e7a as t\u00e9cnicas"},"content":{"rendered":"<p><span style=\"font-weight: 400;\">Tem coisa que nos incomoda, mas n\u00e3o temos coragem de contar para ningu\u00e9m, n\u00e3o \u00e9 mesmo? Algumas situa\u00e7\u00f5es nos deixam constrangidos, a exemplo do escurecimento do \u00e2nus. Esse assunto \u00e9 t\u00e3o \u00edntimo e t\u00e3o pouco falado, que nem todo mundo sabe como \u00e9 normal. E at\u00e9 mesmo a vontade de clarear o \u00e2nus.<\/span><\/p>\n<p><span style=\"font-weight: 400;\">T\u00e3o normal que o Google registra mais de 8 mil pesquisas por m\u00eas para o termo \u201ccomo clarear o \u00e2nus\u201d. A procura pelo clareamento das partes \u00edntimas aumentou consideravelmente nos \u00faltimos tempos, seja por mulheres ou por homens, especialmente os da comunidade LGBTQ. <\/span><\/p>\n<p><span style=\"font-weight: 400;\">A cantora <\/span><a href=\"http:\/\/portalpopline.com.br\/fa-abre-processo-contra-azealia-banks-apos-ferimentos-causados-pelo-uso-do-sabonete-bussy-boy\/\"><span style=\"font-weight: 400;\">Azealia Banks<\/span><\/a><span style=\"font-weight: 400;\"> tem uma marca de sabonetes com esse objetivo, mas vem sofrendo reclama\u00e7\u00f5es de clientes que sofreram danos na pele devido ao uso. <\/span><\/p>\n<p><span style=\"font-weight: 400;\">Para que n\u00e3o fique nenhuma d\u00favida sobre o assunto, preparamos esse post completinho para voc\u00ea!<\/span><\/p>\n<p>&nbsp;<\/p>\n<h2><span style=\"font-weight: 400;\">Escurecimento do \u00e2nus: por que ocorre<\/span><\/h2>\n<p><span style=\"font-weight: 400;\">Para saber como clarear o \u00e2nus, \u00e9 preciso entender os motivos pelos quais o escurecimento dessa regi\u00e3o \u00edntima ocorre. Veja os principais fatores que contribuem para isso: <\/span><\/p>\n<ul>\n<li style=\"font-weight: 400;\"><span style=\"font-weight: 400;\">A regi\u00e3o possui muitas dobras e est\u00e1 em constante atrito. Isso estimula a produ\u00e7\u00e3o de melanina que, por sua vez, provoca o escurecimento da pele. Essa hip\u00f3tese \u00e9 muito comum em atletas, como os ciclistas, que est\u00e3o sujeitos a mais atrito do que o normal;<\/span><\/li>\n<li style=\"font-weight: 400;\"><span style=\"font-weight: 400;\">As alergias, inflama\u00e7\u00f5es e infec\u00e7\u00f5es na regi\u00e3o, assim como a micose causada por fungos, agridem a pele e fazem com que o organismo responda para proteg\u00ea-la, o que tamb\u00e9m ocasiona o escurecimento;<\/span><\/li>\n<li style=\"font-weight: 400;\"><span style=\"font-weight: 400;\">O envelhecimento celular tamb\u00e9m \u00e9 motivo para que a regi\u00e3o escure\u00e7a com o passar dos anos;<\/span><\/li>\n<li style=\"font-weight: 400;\"><span style=\"font-weight: 400;\">A depila\u00e7\u00e3o pode causar <\/span><a href=\"https:\/\/tratamentosalaser.com.br\/foliculite-vaginal-causas-e-tratamentos\/\"><span style=\"font-weight: 400;\">pelos encravados que inflamam<\/span><\/a><span style=\"font-weight: 400;\"> ou alergias que resultam no escurecimento da pele da regi\u00e3o.<\/span><\/li>\n<li style=\"font-weight: 400;\"><span style=\"font-weight: 400;\">Uso de alguns suplementos esportivos.<\/span><\/li>\n<\/ul>\n<p>&nbsp;<\/p>\n<h2><span style=\"font-weight: 400;\">Formas de preven\u00e7\u00e3o<\/span><\/h2>\n<p><span style=\"font-weight: 400;\">A produ\u00e7\u00e3o e o ac\u00famulo de melanina na regi\u00e3o do \u00e2nus pode ser um fator natural ou provocado, conforme mencionamos anteriormente. Por isso, \u00e9 preciso identificar qual a causa do escurecimento para pensar em como prevenir.<\/span><\/p>\n<p><span style=\"font-weight: 400;\">Por exemplo, o atrito pode ser causado pelo uso de roupas muito apertadas, que possuem tecido mais r\u00edgido, como o jeans. Calcinhas ou cuecas com tecidos sint\u00e9ticos tamb\u00e9m podem causar inc\u00f4modo na pele da regi\u00e3o. A depila\u00e7\u00e3o frequente com cera ou gilete precisa ser evitada, o que pode acontecer por meio de outros m\u00e9todos de depila\u00e7\u00e3o, como o laser, que evita a irrita\u00e7\u00e3o constante e peri\u00f3dica da pele. <\/span><\/p>\n<p><span style=\"font-weight: 400;\">Diante da causa, \u00e9 preciso pensar em mudar os h\u00e1bitos que podem ajudar a n\u00e3o intensificar ainda mais o problema. <\/span><\/p>\n<p>&nbsp;<\/p>\n<h2><span style=\"font-weight: 400;\">Efic\u00e1cia das receitas caseiras<\/span><\/h2>\n<p><span style=\"font-weight: 400;\">Se voc\u00ea quer saber como clarear o \u00e2nus e j\u00e1 ouviu alguma amiga ou amigo comentando que fez uma receita caseira maravilhosa para isso, provavelmente se sentir\u00e1 confiante para test\u00e1-la. Mas muito cuidado com as receitas provenientes de fontes n\u00e3o confi\u00e1veis. N\u00e3o que sua amiga n\u00e3o seja confi\u00e1vel, mas o melhor \u00e9 procurar um profissional para atestar sua efic\u00e1cia.<\/span><\/p>\n<p><span style=\"font-weight: 400;\">Existem cremes, por exemplo, que as pessoas utilizam, porque deu certo com \u201cfulano\u201d. Mas cada pele reage de uma forma, e h\u00e1 subst\u00e2ncias e frutas que n\u00e3o podem ser utilizadas na pele da regi\u00e3o \u00edntima, j\u00e1 que ela n\u00e3o possui a mesma quantidade de gl\u00e2ndulas e a mesma qualidade da pele do rosto. O resultado pode ser desastroso: queimaduras, dermatite de contato ou irrita\u00e7\u00f5es podem ocorrer com o uso de lim\u00e3o e \u00e1cidos, por exemplo.<\/span><\/p>\n<p>&nbsp;<\/p>\n<h2><span style=\"font-weight: 400;\">Como clarear o \u00e2nus: principais tratamentos<\/span><\/h2>\n<p><span style=\"font-weight: 400;\">Existem formas seguras para clarear o \u00e2nus e melhorar sua apar\u00eancia. O primeiro passo, claro, \u00e9 procurar um dermatologista de sua confian\u00e7a para analisar o caso e indicar o melhor tratamento. Ele deve acolher todas as suas queixas, avaliar seus h\u00e1bitos e ser sincero quanto \u00e0s expectativas de cada tratamento. Veja os principais.<\/span><\/p>\n<h3><span style=\"font-weight: 400;\">Cremes e \u00e1cidos<\/span><\/h3>\n<p><span style=\"font-weight: 400;\">Cremes que possuem hidroquinona (Clariderm, Claripel e Solaquin, por exemplo) e \u00e1cidos como k\u00f3jico, f\u00edtico e f\u00f3lico s\u00e3o subst\u00e2ncias clareadoras que podem ser utilizadas na regi\u00e3o \u00edntima. Apesar disso, essas subst\u00e2ncias possuem a\u00e7\u00e3o mais lenta e um resultado menos eficaz quando as comparamos ao laser.<\/span><\/p>\n<p><span style=\"font-weight: 400;\">\u00c9 preciso se atentar aos cremes com hidroquinona, porque eles n\u00e3o precisam de receita m\u00e9dica. Isso n\u00e3o quer dizer que os interessados devem comprar e usar indiscriminadamente tais subst\u00e2ncias. <\/span><\/p>\n<p><span style=\"font-weight: 400;\">O uso prolongado e incorreto pode causar queima\u00e7\u00e3o, irrita\u00e7\u00e3o e <\/span><a href=\"https:\/\/tratamentosalaser.com.br\/tenho-virilha-escura\/\"><span style=\"font-weight: 400;\">manchas em algumas regi\u00f5es do corpo<\/span><\/a><span style=\"font-weight: 400;\">. Ou seja, o efeito reverso do que se pretende. O ideal \u00e9 que tenha acompanhamento m\u00e9dico para tomar as devidas precau\u00e7\u00f5es e orienta\u00e7\u00f5es.<\/span><\/p>\n<h4><span style=\"font-weight: 400;\">Peeling \u00edntimo<\/span><\/h4>\n<p><span style=\"font-weight: 400;\">O peeling \u00edntimo \u00e9 um tratamento realizado por meio de associa\u00e7\u00e3o qu\u00edmica dos \u00e1cidos retin\u00f3ico, mand\u00e9lico e glic\u00f3lico. De acordo com o tipo e a cor de pele do paciente, e com os fatores que o paciente deseja amenizar, o m\u00e9dico realiza combina\u00e7\u00f5es diferentes desses \u00e1cidos.<\/span><\/p>\n<p><span style=\"font-weight: 400;\">Esse procedimento indolor promove a despigmenta\u00e7\u00e3o da regi\u00e3o aplicada. Ele causa uma descama\u00e7\u00e3o, melhorando a mancha e estimulando a produ\u00e7\u00e3o de col\u00e1geno no local. O n\u00famero de sess\u00f5es varia para cada paciente e leva em considera\u00e7\u00e3o o tipo de pele, a pigmenta\u00e7\u00e3o, tamanho da regi\u00e3o em que ser\u00e1 realizado o peeling \u00edntimo. E n\u00e3o se permite a realiza\u00e7\u00e3o consecutiva de sess\u00f5es, sendo necess\u00e1rio esperar ao menos um m\u00eas entre elas.<\/span><\/p>\n<h3><span style=\"font-weight: 400;\">Laser<\/span><\/h3>\n<p><span style=\"font-weight: 400;\">Para clarear o \u00e2nus de forma r\u00e1pida, indolor e eficaz, o <\/span><a href=\"https:\/\/tratamentosalaser.com.br\/clareamento-intimo-antes-e-depois\/\"><span style=\"font-weight: 400;\">laser \u00e9 melhor tratamento<\/span><\/a><span style=\"font-weight: 400;\">. N\u00e3o \u00e0 toa ele \u00e9 o mais famoso e procurado nos consult\u00f3rios m\u00e9dicos. Sua aplica\u00e7\u00e3o na regi\u00e3o \u00edntima estimula a produ\u00e7\u00e3o de col\u00e1geno, gerando a renova\u00e7\u00e3o celular da pele, o que contribui diretamente para seu clareamento. \u00c9 um m\u00e9todo que d\u00e1 resultados altamente satisfat\u00f3rios e rapidamente percept\u00edveis.<\/span><\/p>\n<p><span style=\"font-weight: 400;\">A melhor not\u00edcia para quem deseja realizar o tratamento a laser para clarear o \u00e2nus poderia ser que ele n\u00e3o provoca dor. Mas o melhor \u00e9 que o tratamento a laser faz uma remo\u00e7\u00e3o superficial do tecido sem causar ferimentos ou irrita\u00e7\u00f5es, o que pode ocorrer com o uso de cremes ou peeling \u00edntimo. <\/span><\/p>\n<p><span style=\"font-weight: 400;\">Obviamente, para ter um bom resultado, \u00e9 preciso que o tratamento para clarear o \u00e2nus seja realizado por m\u00e9dicos especializados, como dermatologistas ou ginecologistas.<\/span><\/p>\n<p>&nbsp;<\/p>\n<p><span style=\"font-weight: 400;\">Agora que voc\u00ea sabe como clarear o \u00e2nus, procure um profissional ou uma cl\u00ednica especializada para tratar o escurecimento da regi\u00e3o. N\u00e3o se esque\u00e7a que o local \u00e9 muito vascularizado e suscet\u00edvel a ferimentos e irrita\u00e7\u00f5es, motivo pelo qual \u00e9 preciso dobrar o cuidado na hora de determinar o melhor tratamento. <\/span><\/p>\n<p><span style=\"font-weight: 400;\">Procure indica\u00e7\u00f5es e pesquise reputa\u00e7\u00f5es antes de realizar o clareamento \u00edntimo. E se voc\u00ea tamb\u00e9m sofre de <\/span><a href=\"https:\/\/tratamentosalaser.com.br\/escurecimento-vaginal\/\"><span style=\"font-weight: 400;\">escurecimento vaginal<\/span><\/a><span style=\"font-weight: 400;\">, n\u00e3o se preocupe. J\u00e1 falamos no blog sobre o tema!<\/span><\/p>\n<p><span style=\"font-weight: 400;\">Quer conhecer mais como o laser atua no combate ao escurecimento \u00edntimo? Veja como funciona o <\/span><a href=\"https:\/\/tratamentosalaser.com.br\/laser-athena\/\"><span style=\"font-weight: 400;\">Laser <\/span><\/a><span style=\"font-weight: 400;\">ATHENA!<\/span><\/p>\n<p><a href=\"https:\/\/tratamentosalaser.com.br\/wp-content\/uploads\/2017\/09\/5-pontos-para-saber-se-voce%CC%82-precisa-de-tratamento-i%CC%81ntimo.pdf\"><img loading=\"lazy\" decoding=\"async\" class=\"aligncenter  wp-image-12736\" src=\"https:\/\/www.vydence.com\/wp-content\/uploads\/2017\/06\/cta-tratamento-intimo.png\" alt=\"Tratamento \u00cdntimo a Laser - Rejuvenescimento \u00cdntimo\" width=\"600\" height=\"176\" srcset=\"https:\/\/www.vydence.com\/wp-content\/uploads\/2017\/06\/cta-tratamento-intimo.png 600w, https:\/\/www.vydence.com\/wp-content\/uploads\/2017\/06\/cta-tratamento-intimo-480x141.png 480w\" sizes=\"(min-width: 0px) and (max-width: 480px) 480px, (min-width: 481px) 600px, 100vw\" \/><\/a><\/p>\n","protected":false},"excerpt":{"rendered":"<p>Tem coisa que nos incomoda, mas n\u00e3o temos coragem de contar para ningu\u00e9m, n\u00e3o \u00e9 mesmo? Algumas situa\u00e7\u00f5es nos deixam constrangidos, a exemplo do escurecimento do \u00e2nus. Esse assunto \u00e9 t\u00e3o \u00edntimo e t\u00e3o pouco falado, que nem todo mundo sabe como \u00e9 normal. E at\u00e9 mesmo a vontade de clarear o \u00e2nus. T\u00e3o normal [&hellip;]<\/p>\n","protected":false},"author":5,"featured_media":12503,"comment_status":"open","ping_status":"open","sticky":false,"template":"","format":"standard","meta":{"_et_pb_use_builder":"","_et_pb_old_content":"","_et_gb_content_width":"","inline_featured_image":false,"footnotes":""},"categories":[99,104],"tags":[100,88],"class_list":["post-12491","post","type-post","status-publish","format-standard","has-post-thumbnail","hentry","category-clareamento-da-virilha","category-tratamento-intimo","tag-clareamento-intimo","tag-laser-athena"],"yoast_head":"<!-- This site is optimized with the Yoast SEO Premium plugin v27.1 (Yoast SEO v27.4) - https:\/\/yoast.com\/product\/yoast-seo-premium-wordpress\/ -->\n<title>Como clarear o \u00e2nus: conhe\u00e7a as t\u00e9cnicas - VYDENCE<\/title>\n<meta name=\"description\" content=\"Conhe\u00e7a as causas do escurecimento e como clarear o \u00e2nus com essas dicas de precau\u00e7\u00f5es e tratamentos adequados para o caso\" \/>\n<meta name=\"robots\" content=\"index, follow, max-snippet:-1, max-image-preview:large, max-video-preview:-1\" \/>\n<link rel=\"canonical\" href=\"https:\/\/www.vydence.com\/pt-br\/como-clarear-o-anus\/\" \/>\n<meta property=\"og:locale\" content=\"pt_BR\" \/>\n<meta property=\"og:type\" content=\"article\" \/>\n<meta property=\"og:title\" content=\"Como clarear o \u00e2nus: conhe\u00e7a as t\u00e9cnicas\" \/>\n<meta property=\"og:description\" content=\"Conhe\u00e7a as causas do escurecimento e como clarear o \u00e2nus com essas dicas de precau\u00e7\u00f5es e tratamentos adequados para o caso\" \/>\n<meta property=\"og:url\" content=\"https:\/\/www.vydence.com\/pt-br\/como-clarear-o-anus\/\" \/>\n<meta property=\"og:site_name\" content=\"VYDENCE\" \/>\n<meta property=\"article:publisher\" content=\"https:\/\/www.facebook.com\/VYDENCE\" \/>\n<meta property=\"article:published_time\" content=\"2017-12-06T13:16:40+00:00\" \/>\n<meta property=\"og:image\" content=\"https:\/\/www.vydence.com\/wp-content\/uploads\/2017\/12\/clarear-o-anus.jpg\" \/>\n\t<meta property=\"og:image:width\" content=\"800\" \/>\n\t<meta property=\"og:image:height\" content=\"420\" \/>\n\t<meta property=\"og:image:type\" content=\"image\/jpeg\" \/>\n<meta name=\"author\" content=\"Dra. Alice Jaruche Nunes\" \/>\n<meta name=\"twitter:card\" content=\"summary_large_image\" \/>\n<meta name=\"twitter:label1\" content=\"Escrito por\" \/>\n\t<meta name=\"twitter:data1\" content=\"Dra. Alice Jaruche Nunes\" \/>\n\t<meta name=\"twitter:label2\" content=\"Est. tempo de leitura\" \/>\n\t<meta name=\"twitter:data2\" content=\"6 minutos\" \/>\n<script type=\"application\/ld+json\" class=\"yoast-schema-graph\">{\"@context\":\"https:\\\/\\\/schema.org\",\"@graph\":[{\"@type\":\"Article\",\"@id\":\"https:\\\/\\\/www.vydence.com\\\/pt-br\\\/como-clarear-o-anus\\\/#article\",\"isPartOf\":{\"@id\":\"https:\\\/\\\/www.vydence.com\\\/pt-br\\\/como-clarear-o-anus\\\/\"},\"author\":{\"name\":\"Dra. Alice Jaruche Nunes\",\"@id\":\"https:\\\/\\\/www.vydence.com\\\/pt-br\\\/#\\\/schema\\\/person\\\/e463a53ff1b491a7c9393b5f85eef87a\"},\"headline\":\"Como clarear o \u00e2nus: conhe\u00e7a as t\u00e9cnicas\",\"datePublished\":\"2017-12-06T13:16:40+00:00\",\"mainEntityOfPage\":{\"@id\":\"https:\\\/\\\/www.vydence.com\\\/pt-br\\\/como-clarear-o-anus\\\/\"},\"wordCount\":1202,\"commentCount\":0,\"publisher\":{\"@id\":\"https:\\\/\\\/www.vydence.com\\\/pt-br\\\/#organization\"},\"image\":{\"@id\":\"https:\\\/\\\/www.vydence.com\\\/pt-br\\\/como-clarear-o-anus\\\/#primaryimage\"},\"thumbnailUrl\":\"https:\\\/\\\/www.vydence.com\\\/wp-content\\\/uploads\\\/2017\\\/12\\\/clarear-o-anus.jpg\",\"keywords\":[\"clareamento \u00edntimo\",\"laser athena\"],\"articleSection\":[\"Clareamento da virilha\",\"Tratamento \u00cdntimo\"],\"inLanguage\":\"pt-BR\",\"potentialAction\":[{\"@type\":\"CommentAction\",\"name\":\"Comment\",\"target\":[\"https:\\\/\\\/www.vydence.com\\\/pt-br\\\/como-clarear-o-anus\\\/#respond\"]}]},{\"@type\":\"WebPage\",\"@id\":\"https:\\\/\\\/www.vydence.com\\\/pt-br\\\/como-clarear-o-anus\\\/\",\"url\":\"https:\\\/\\\/www.vydence.com\\\/pt-br\\\/como-clarear-o-anus\\\/\",\"name\":\"Como clarear o \u00e2nus: conhe\u00e7a as t\u00e9cnicas - VYDENCE\",\"isPartOf\":{\"@id\":\"https:\\\/\\\/www.vydence.com\\\/pt-br\\\/#website\"},\"primaryImageOfPage\":{\"@id\":\"https:\\\/\\\/www.vydence.com\\\/pt-br\\\/como-clarear-o-anus\\\/#primaryimage\"},\"image\":{\"@id\":\"https:\\\/\\\/www.vydence.com\\\/pt-br\\\/como-clarear-o-anus\\\/#primaryimage\"},\"thumbnailUrl\":\"https:\\\/\\\/www.vydence.com\\\/wp-content\\\/uploads\\\/2017\\\/12\\\/clarear-o-anus.jpg\",\"datePublished\":\"2017-12-06T13:16:40+00:00\",\"description\":\"Conhe\u00e7a as causas do escurecimento e como clarear o \u00e2nus com essas dicas de precau\u00e7\u00f5es e tratamentos adequados para o caso\",\"breadcrumb\":{\"@id\":\"https:\\\/\\\/www.vydence.com\\\/pt-br\\\/como-clarear-o-anus\\\/#breadcrumb\"},\"inLanguage\":\"pt-BR\",\"potentialAction\":[{\"@type\":\"ReadAction\",\"target\":[\"https:\\\/\\\/www.vydence.com\\\/pt-br\\\/como-clarear-o-anus\\\/\"]}]},{\"@type\":\"ImageObject\",\"inLanguage\":\"pt-BR\",\"@id\":\"https:\\\/\\\/www.vydence.com\\\/pt-br\\\/como-clarear-o-anus\\\/#primaryimage\",\"url\":\"https:\\\/\\\/www.vydence.com\\\/wp-content\\\/uploads\\\/2017\\\/12\\\/clarear-o-anus.jpg\",\"contentUrl\":\"https:\\\/\\\/www.vydence.com\\\/wp-content\\\/uploads\\\/2017\\\/12\\\/clarear-o-anus.jpg\",\"width\":800,\"height\":420,\"caption\":\"Como clarear o anus\"},{\"@type\":\"BreadcrumbList\",\"@id\":\"https:\\\/\\\/www.vydence.com\\\/pt-br\\\/como-clarear-o-anus\\\/#breadcrumb\",\"itemListElement\":[{\"@type\":\"ListItem\",\"position\":1,\"name\":\"In\u00edcio\",\"item\":\"https:\\\/\\\/www.vydence.com\\\/pt-br\\\/\"},{\"@type\":\"ListItem\",\"position\":2,\"name\":\"Como clarear o \u00e2nus: conhe\u00e7a as t\u00e9cnicas\"}]},{\"@type\":\"WebSite\",\"@id\":\"https:\\\/\\\/www.vydence.com\\\/pt-br\\\/#website\",\"url\":\"https:\\\/\\\/www.vydence.com\\\/pt-br\\\/\",\"name\":\"VYDENCE\",\"description\":\"\",\"publisher\":{\"@id\":\"https:\\\/\\\/www.vydence.com\\\/pt-br\\\/#organization\"},\"potentialAction\":[{\"@type\":\"SearchAction\",\"target\":{\"@type\":\"EntryPoint\",\"urlTemplate\":\"https:\\\/\\\/www.vydence.com\\\/pt-br\\\/?s={search_term_string}\"},\"query-input\":{\"@type\":\"PropertyValueSpecification\",\"valueRequired\":true,\"valueName\":\"search_term_string\"}}],\"inLanguage\":\"pt-BR\"},{\"@type\":\"Organization\",\"@id\":\"https:\\\/\\\/www.vydence.com\\\/pt-br\\\/#organization\",\"name\":\"VYDENCE\",\"url\":\"https:\\\/\\\/www.vydence.com\\\/pt-br\\\/\",\"logo\":{\"@type\":\"ImageObject\",\"inLanguage\":\"pt-BR\",\"@id\":\"https:\\\/\\\/www.vydence.com\\\/pt-br\\\/#\\\/schema\\\/logo\\\/image\\\/\",\"url\":\"https:\\\/\\\/www.vydence.com\\\/wp-content\\\/uploads\\\/2024\\\/11\\\/Logo.svg\",\"contentUrl\":\"https:\\\/\\\/www.vydence.com\\\/wp-content\\\/uploads\\\/2024\\\/11\\\/Logo.svg\",\"width\":149,\"height\":40,\"caption\":\"VYDENCE\"},\"image\":{\"@id\":\"https:\\\/\\\/www.vydence.com\\\/pt-br\\\/#\\\/schema\\\/logo\\\/image\\\/\"},\"sameAs\":[\"https:\\\/\\\/www.facebook.com\\\/VYDENCE\"]},{\"@type\":\"Person\",\"@id\":\"https:\\\/\\\/www.vydence.com\\\/pt-br\\\/#\\\/schema\\\/person\\\/e463a53ff1b491a7c9393b5f85eef87a\",\"name\":\"Dra. Alice Jaruche Nunes\",\"image\":{\"@type\":\"ImageObject\",\"inLanguage\":\"pt-BR\",\"@id\":\"https:\\\/\\\/secure.gravatar.com\\\/avatar\\\/52577d65a9ea4479b32aa621635b52fd16b4ec2f7dd3c4d1d14b7fadec75c620?s=96&d=mm&r=g\",\"url\":\"https:\\\/\\\/secure.gravatar.com\\\/avatar\\\/52577d65a9ea4479b32aa621635b52fd16b4ec2f7dd3c4d1d14b7fadec75c620?s=96&d=mm&r=g\",\"contentUrl\":\"https:\\\/\\\/secure.gravatar.com\\\/avatar\\\/52577d65a9ea4479b32aa621635b52fd16b4ec2f7dd3c4d1d14b7fadec75c620?s=96&d=mm&r=g\",\"caption\":\"Dra. Alice Jaruche Nunes\"},\"url\":\"https:\\\/\\\/www.vydence.com\\\/pt-br\\\/author\\\/alice\\\/\"}]}<\/script>\n<!-- \/ Yoast SEO Premium plugin. -->","yoast_head_json":{"title":"Como clarear o \u00e2nus: conhe\u00e7a as t\u00e9cnicas - VYDENCE","description":"Conhe\u00e7a as causas do escurecimento e como clarear o \u00e2nus com essas dicas de precau\u00e7\u00f5es e tratamentos adequados para o caso","robots":{"index":"index","follow":"follow","max-snippet":"max-snippet:-1","max-image-preview":"max-image-preview:large","max-video-preview":"max-video-preview:-1"},"canonical":"https:\/\/www.vydence.com\/pt-br\/como-clarear-o-anus\/","og_locale":"pt_BR","og_type":"article","og_title":"Como clarear o \u00e2nus: conhe\u00e7a as t\u00e9cnicas","og_description":"Conhe\u00e7a as causas do escurecimento e como clarear o \u00e2nus com essas dicas de precau\u00e7\u00f5es e tratamentos adequados para o caso","og_url":"https:\/\/www.vydence.com\/pt-br\/como-clarear-o-anus\/","og_site_name":"VYDENCE","article_publisher":"https:\/\/www.facebook.com\/VYDENCE","article_published_time":"2017-12-06T13:16:40+00:00","og_image":[{"width":800,"height":420,"url":"https:\/\/www.vydence.com\/wp-content\/uploads\/2017\/12\/clarear-o-anus.jpg","type":"image\/jpeg"}],"author":"Dra. Alice Jaruche Nunes","twitter_card":"summary_large_image","twitter_misc":{"Escrito por":"Dra. Alice Jaruche Nunes","Est. tempo de leitura":"6 minutos"},"schema":{"@context":"https:\/\/schema.org","@graph":[{"@type":"Article","@id":"https:\/\/www.vydence.com\/pt-br\/como-clarear-o-anus\/#article","isPartOf":{"@id":"https:\/\/www.vydence.com\/pt-br\/como-clarear-o-anus\/"},"author":{"name":"Dra. Alice Jaruche Nunes","@id":"https:\/\/www.vydence.com\/pt-br\/#\/schema\/person\/e463a53ff1b491a7c9393b5f85eef87a"},"headline":"Como clarear o \u00e2nus: conhe\u00e7a as t\u00e9cnicas","datePublished":"2017-12-06T13:16:40+00:00","mainEntityOfPage":{"@id":"https:\/\/www.vydence.com\/pt-br\/como-clarear-o-anus\/"},"wordCount":1202,"commentCount":0,"publisher":{"@id":"https:\/\/www.vydence.com\/pt-br\/#organization"},"image":{"@id":"https:\/\/www.vydence.com\/pt-br\/como-clarear-o-anus\/#primaryimage"},"thumbnailUrl":"https:\/\/www.vydence.com\/wp-content\/uploads\/2017\/12\/clarear-o-anus.jpg","keywords":["clareamento \u00edntimo","laser athena"],"articleSection":["Clareamento da virilha","Tratamento \u00cdntimo"],"inLanguage":"pt-BR","potentialAction":[{"@type":"CommentAction","name":"Comment","target":["https:\/\/www.vydence.com\/pt-br\/como-clarear-o-anus\/#respond"]}]},{"@type":"WebPage","@id":"https:\/\/www.vydence.com\/pt-br\/como-clarear-o-anus\/","url":"https:\/\/www.vydence.com\/pt-br\/como-clarear-o-anus\/","name":"Como clarear o \u00e2nus: conhe\u00e7a as t\u00e9cnicas - VYDENCE","isPartOf":{"@id":"https:\/\/www.vydence.com\/pt-br\/#website"},"primaryImageOfPage":{"@id":"https:\/\/www.vydence.com\/pt-br\/como-clarear-o-anus\/#primaryimage"},"image":{"@id":"https:\/\/www.vydence.com\/pt-br\/como-clarear-o-anus\/#primaryimage"},"thumbnailUrl":"https:\/\/www.vydence.com\/wp-content\/uploads\/2017\/12\/clarear-o-anus.jpg","datePublished":"2017-12-06T13:16:40+00:00","description":"Conhe\u00e7a as causas do escurecimento e como clarear o \u00e2nus com essas dicas de precau\u00e7\u00f5es e tratamentos adequados para o caso","breadcrumb":{"@id":"https:\/\/www.vydence.com\/pt-br\/como-clarear-o-anus\/#breadcrumb"},"inLanguage":"pt-BR","potentialAction":[{"@type":"ReadAction","target":["https:\/\/www.vydence.com\/pt-br\/como-clarear-o-anus\/"]}]},{"@type":"ImageObject","inLanguage":"pt-BR","@id":"https:\/\/www.vydence.com\/pt-br\/como-clarear-o-anus\/#primaryimage","url":"https:\/\/www.vydence.com\/wp-content\/uploads\/2017\/12\/clarear-o-anus.jpg","contentUrl":"https:\/\/www.vydence.com\/wp-content\/uploads\/2017\/12\/clarear-o-anus.jpg","width":800,"height":420,"caption":"Como clarear o anus"},{"@type":"BreadcrumbList","@id":"https:\/\/www.vydence.com\/pt-br\/como-clarear-o-anus\/#breadcrumb","itemListElement":[{"@type":"ListItem","position":1,"name":"In\u00edcio","item":"https:\/\/www.vydence.com\/pt-br\/"},{"@type":"ListItem","position":2,"name":"Como clarear o \u00e2nus: conhe\u00e7a as t\u00e9cnicas"}]},{"@type":"WebSite","@id":"https:\/\/www.vydence.com\/pt-br\/#website","url":"https:\/\/www.vydence.com\/pt-br\/","name":"VYDENCE","description":"","publisher":{"@id":"https:\/\/www.vydence.com\/pt-br\/#organization"},"potentialAction":[{"@type":"SearchAction","target":{"@type":"EntryPoint","urlTemplate":"https:\/\/www.vydence.com\/pt-br\/?s={search_term_string}"},"query-input":{"@type":"PropertyValueSpecification","valueRequired":true,"valueName":"search_term_string"}}],"inLanguage":"pt-BR"},{"@type":"Organization","@id":"https:\/\/www.vydence.com\/pt-br\/#organization","name":"VYDENCE","url":"https:\/\/www.vydence.com\/pt-br\/","logo":{"@type":"ImageObject","inLanguage":"pt-BR","@id":"https:\/\/www.vydence.com\/pt-br\/#\/schema\/logo\/image\/","url":"https:\/\/www.vydence.com\/wp-content\/uploads\/2024\/11\/Logo.svg","contentUrl":"https:\/\/www.vydence.com\/wp-content\/uploads\/2024\/11\/Logo.svg","width":149,"height":40,"caption":"VYDENCE"},"image":{"@id":"https:\/\/www.vydence.com\/pt-br\/#\/schema\/logo\/image\/"},"sameAs":["https:\/\/www.facebook.com\/VYDENCE"]},{"@type":"Person","@id":"https:\/\/www.vydence.com\/pt-br\/#\/schema\/person\/e463a53ff1b491a7c9393b5f85eef87a","name":"Dra. Alice Jaruche Nunes","image":{"@type":"ImageObject","inLanguage":"pt-BR","@id":"https:\/\/secure.gravatar.com\/avatar\/52577d65a9ea4479b32aa621635b52fd16b4ec2f7dd3c4d1d14b7fadec75c620?s=96&d=mm&r=g","url":"https:\/\/secure.gravatar.com\/avatar\/52577d65a9ea4479b32aa621635b52fd16b4ec2f7dd3c4d1d14b7fadec75c620?s=96&d=mm&r=g","contentUrl":"https:\/\/secure.gravatar.com\/avatar\/52577d65a9ea4479b32aa621635b52fd16b4ec2f7dd3c4d1d14b7fadec75c620?s=96&d=mm&r=g","caption":"Dra. Alice Jaruche Nunes"},"url":"https:\/\/www.vydence.com\/pt-br\/author\/alice\/"}]}},"_links":{"self":[{"href":"https:\/\/www.vydence.com\/pt-br\/wp-json\/wp\/v2\/posts\/12491","targetHints":{"allow":["GET"]}}],"collection":[{"href":"https:\/\/www.vydence.com\/pt-br\/wp-json\/wp\/v2\/posts"}],"about":[{"href":"https:\/\/www.vydence.com\/pt-br\/wp-json\/wp\/v2\/types\/post"}],"author":[{"embeddable":true,"href":"https:\/\/www.vydence.com\/pt-br\/wp-json\/wp\/v2\/users\/5"}],"replies":[{"embeddable":true,"href":"https:\/\/www.vydence.com\/pt-br\/wp-json\/wp\/v2\/comments?post=12491"}],"version-history":[{"count":0,"href":"https:\/\/www.vydence.com\/pt-br\/wp-json\/wp\/v2\/posts\/12491\/revisions"}],"wp:featuredmedia":[{"embeddable":true,"href":"https:\/\/www.vydence.com\/pt-br\/wp-json\/wp\/v2\/media\/12503"}],"wp:attachment":[{"href":"https:\/\/www.vydence.com\/pt-br\/wp-json\/wp\/v2\/media?parent=12491"}],"wp:term":[{"taxonomy":"category","embeddable":true,"href":"https:\/\/www.vydence.com\/pt-br\/wp-json\/wp\/v2\/categories?post=12491"},{"taxonomy":"post_tag","embeddable":true,"href":"https:\/\/www.vydence.com\/pt-br\/wp-json\/wp\/v2\/tags?post=12491"}],"curies":[{"name":"wp","href":"https:\/\/api.w.org\/{rel}","templated":true}]}}