{"id":12391,"date":"2017-10-03T15:04:42","date_gmt":"2017-10-03T15:04:42","guid":{"rendered":"http:\/\/www.tratamentointimo.com.br\/?p=12391"},"modified":"2017-10-03T15:04:42","modified_gmt":"2017-10-03T15:04:42","slug":"reducao-do-monte-de-venus","status":"publish","type":"post","link":"https:\/\/www.vydence.com\/pt-br\/reducao-do-monte-de-venus\/","title":{"rendered":"Redu\u00e7\u00e3o do Monte de V\u00eanus: Quais s\u00e3o os poss\u00edveis tratamentos"},"content":{"rendered":"<p><span style=\"font-weight: 400;\">Voc\u00ea sempre notou que sua \u00e1rea \u00edntima \u00e9 diferente da maioria das mulheres? Saiba que voc\u00ea n\u00e3o \u00e9 a \u00fanica. Muitas mulheres se sentem confusas em rela\u00e7\u00e3o ao aspecto da vagina ou da vulva, e o monte de v\u00eanus &#8220;inchado&#8221; \u00e9 uma das principais queixas nos consult\u00f3rios m\u00e9dicos.<\/span><\/p>\n<p><span style=\"font-weight: 400;\">O monte de v\u00eanus \u00e9 aquela regi\u00e3o acima do p\u00fabis, entre o abd\u00f4men e o clit\u00f3ris. O nome \u00e9 uma homenagem \u00e0 Deusa romana V\u00eanus, do amor e da beleza. Em algumas mulheres, esse local possui maior volume, ou seja, um ac\u00famulo de gordura.<\/span><\/p>\n<p><span style=\"font-weight: 400;\">A verdade \u00e9 que n\u00e3o h\u00e1 problema algum nisso. As pessoas nascem diferentes, e a sociedade que costuma definir o que \u00e9 normal do que n\u00e3o \u00e9. A pergunta \u00e9: sua vulva \u00e9 normal para voc\u00ea? \u00c9 bonita para voc\u00ea?<\/span><\/p>\n<p><span style=\"font-weight: 400;\">Se voc\u00ea se sente desconfort\u00e1vel com essa regi\u00e3o, separamos alguns poss\u00edveis tratamentos para voc\u00ea ficar por dentro do assunto.<\/span><\/p>\n<h2><b>Redu\u00e7\u00e3o do monte de v\u00eanus: cirurgia<\/b><\/h2>\n<p><span style=\"font-weight: 400;\">Cruzar as pernas, colocar roupas de gin\u00e1stica, andar de bicicleta e a inseguran\u00e7a nas rela\u00e7\u00f5es sexuais: esses s\u00e3o os principais motivos que levam as mulheres a recorrerem ao procedimento, que consiste nos seguintes passos:<\/span><\/p>\n<ol>\n<li style=\"font-weight: 400;\"><span style=\"font-weight: 400;\">Anestesia local e seda\u00e7\u00e3o ou peridural;<\/span><\/li>\n<li style=\"font-weight: 400;\"><span style=\"font-weight: 400;\">A redu\u00e7\u00e3o do monte de v\u00eanus, que pode ser realizada de duas maneiras: lipoaspira\u00e7\u00e3o, que retira o excesso de gordura localizada, ou lipoaspira\u00e7\u00e3o \u00a0aliada \u00e0 ressec\u00e7\u00e3o da pele, caso haja excesso do tecido;<\/span><\/li>\n<li style=\"font-weight: 400;\"><span style=\"font-weight: 400;\">O procedimento dura cerca de 50 minutos;<\/span><\/li>\n<li style=\"font-weight: 400;\"><span style=\"font-weight: 400;\">A paciente recebe alta entre 12 e 24 horas ap\u00f3s a cirurgia;<\/span><\/li>\n<li style=\"font-weight: 400;\"><span style=\"font-weight: 400;\">Como a \u00e1rea \u00e9 sens\u00edvel e vascularizada, \u00e9 normal o aparecimento de edemas e hematomas, que podem ser amenizados com o uso de analg\u00e9sicos;<\/span><\/li>\n<li style=\"font-weight: 400;\"><span style=\"font-weight: 400;\">A recupera\u00e7\u00e3o \u00e9 r\u00e1pida, mas deve-se evitar exerc\u00edcios f\u00edsicos e rela\u00e7\u00f5es sexuais por 15 dias.<\/span><\/li>\n<\/ol>\n<h2><b>Principais d\u00favidas sobre a cirurgia:<\/b><\/h2>\n<p><span style=\"font-weight: 400;\">Voc\u00ea ainda pode estar se perguntando sobre as seguintes quest\u00f5es:<\/span><\/p>\n<ul>\n<li style=\"font-weight: 400;\"><b>A cirurgia afeta a sensibilidade do clit\u00f3ris?<\/b><span style=\"font-weight: 400;\"> N\u00e3o h\u00e1 interven\u00e7\u00e3o no clit\u00f3ris ou na regi\u00e3o da vagina;<\/span><\/li>\n<li style=\"font-weight: 400;\"><b>\u00c9 um procedimento doloroso?<\/b><span style=\"font-weight: 400;\"> Cada pessoa possui uma sensibilidade peculiar, mas para a maioria das mulheres n\u00e3o \u00e9 doloroso. Pode ocorrer certo inc\u00f4modo no p\u00f3s-operat\u00f3rio, resolvido pelo uso de analg\u00e9sicos e anti-inflamat\u00f3rios comuns;<\/span><\/li>\n<li style=\"font-weight: 400;\"><b>H\u00e1 cicatrizes?<\/b><span style=\"font-weight: 400;\"> As cicatrizes costumam ser pequenas ou impercept\u00edveis, mas existem vari\u00e1veis que influenciam nisso: o procedimento, a experi\u00eancia do m\u00e9dico e a t\u00e9cnica aplicada;<\/span><\/li>\n<li style=\"font-weight: 400;\"><b>Por quanto tempo fica o incha\u00e7o?<\/b><span style=\"font-weight: 400;\"> Tamb\u00e9m depende. Em alguns casos, pode ser maior e at\u00e9 a chegar aos grandes l\u00e1bios, necessitando drenagem linf\u00e1tica e o uso de modelador;<\/span><\/li>\n<li style=\"font-weight: 400;\"><b>Quando posso ver o resultado?<\/b><span style=\"font-weight: 400;\"> Ap\u00f3s seis meses, os resultados s\u00e3o evidentes.<\/span><\/li>\n<\/ul>\n<p><span style=\"font-weight: 400;\">Converse com um m\u00e9dico de confian\u00e7a e tire todas as d\u00favidas at\u00e9 sentir-se totalmente segura para realizar uma mudan\u00e7a no seu corpo.<\/span><\/p>\n<p><span style=\"font-weight: 400;\">Se voc\u00ea tem o monte de v\u00eanus diferente e isso n\u00e3o a incomoda, maravilha! Se voc\u00ea se sente incomodada, saiba que a cirurgia pode ajuda-la a resgatar sua autoconfian\u00e7a e qualidade de vida.<\/span><\/p>\n<p><span style=\"font-weight: 400;\">Se voc\u00ea deseja mais informa\u00e7\u00f5es sobre\u00a0 a\u00a0Redu\u00e7\u00e3o do Monte de V\u00eanus e <a href=\"https:\/\/tratamentosalaser.com.br\/cirurgia-intima\/\">sobre a cirurgia \u00edntima, leia este artigo que preparamos para voc\u00ea!<\/a><\/span><\/p>\n<p><a href=\"https:\/\/tratamentosalaser.com.br\/wp-content\/uploads\/2017\/09\/5-pontos-para-saber-se-voce%CC%82-precisa-de-tratamento-i%CC%81ntimo.pdf\"><img loading=\"lazy\" decoding=\"async\" class=\"aligncenter  wp-image-12736\" src=\"https:\/\/www.vydence.com\/wp-content\/uploads\/2017\/06\/cta-tratamento-intimo.png\" alt=\"Tratamento \u00cdntimo a Laser - Rejuvenescimento \u00cdntimo\" width=\"600\" height=\"176\" srcset=\"https:\/\/www.vydence.com\/wp-content\/uploads\/2017\/06\/cta-tratamento-intimo.png 600w, https:\/\/www.vydence.com\/wp-content\/uploads\/2017\/06\/cta-tratamento-intimo-480x141.png 480w\" sizes=\"(min-width: 0px) and (max-width: 480px) 480px, (min-width: 481px) 600px, 100vw\" \/><\/a><\/p>\n","protected":false},"excerpt":{"rendered":"<p>Voc\u00ea sempre notou que sua \u00e1rea \u00edntima \u00e9 diferente da maioria das mulheres? Saiba que voc\u00ea n\u00e3o \u00e9 a \u00fanica. Muitas mulheres se sentem confusas em rela\u00e7\u00e3o ao aspecto da vagina ou da vulva, e o monte de v\u00eanus &#8220;inchado&#8221; \u00e9 uma das principais queixas nos consult\u00f3rios m\u00e9dicos. O monte de v\u00eanus \u00e9 aquela regi\u00e3o [&hellip;]<\/p>\n","protected":false},"author":5,"featured_media":12403,"comment_status":"open","ping_status":"open","sticky":false,"template":"","format":"standard","meta":{"_et_pb_use_builder":"","_et_pb_old_content":"","_et_gb_content_width":"","inline_featured_image":false,"footnotes":""},"categories":[93,104],"tags":[88,102,94],"class_list":["post-12391","post","type-post","status-publish","format-standard","has-post-thumbnail","hentry","category-saude-intima","category-tratamento-intimo","tag-laser-athena","tag-plastica","tag-vagina"],"yoast_head":"<!-- This site is optimized with the Yoast SEO Premium plugin v27.1 (Yoast SEO v27.4) - https:\/\/yoast.com\/product\/yoast-seo-premium-wordpress\/ -->\n<title>Redu\u00e7\u00e3o do Monte de V\u00eanus: Quais s\u00e3o os poss\u00edveis tratamentos<\/title>\n<meta name=\"description\" content=\"Confira nesse artigo tudo sobre os tratamentos dispon\u00edveis para a redu\u00e7\u00e3o do monte de v\u00eanus. Veja qual \u00e9 o melhor para o seu caso.\" \/>\n<meta name=\"robots\" content=\"index, follow, max-snippet:-1, max-image-preview:large, max-video-preview:-1\" \/>\n<link rel=\"canonical\" href=\"https:\/\/www.vydence.com\/pt-br\/reducao-do-monte-de-venus\/\" \/>\n<meta property=\"og:locale\" content=\"pt_BR\" \/>\n<meta property=\"og:type\" content=\"article\" \/>\n<meta property=\"og:title\" content=\"Redu\u00e7\u00e3o do Monte de V\u00eanus: Quais s\u00e3o os poss\u00edveis tratamentos\" \/>\n<meta property=\"og:description\" content=\"Confira nesse artigo tudo sobre os tratamentos dispon\u00edveis para a redu\u00e7\u00e3o do monte de v\u00eanus. Veja qual \u00e9 o melhor para o seu caso.\" \/>\n<meta property=\"og:url\" content=\"https:\/\/www.vydence.com\/pt-br\/reducao-do-monte-de-venus\/\" \/>\n<meta property=\"og:site_name\" content=\"VYDENCE\" \/>\n<meta property=\"article:publisher\" content=\"https:\/\/www.facebook.com\/VYDENCE\" \/>\n<meta property=\"article:published_time\" content=\"2017-10-03T15:04:42+00:00\" \/>\n<meta property=\"og:image\" content=\"https:\/\/www.vydence.com\/wp-content\/uploads\/2017\/10\/Reducao-do-Monte-de-Venus-Quais-sao-os-possiveis-tratamentos-.jpg\" \/>\n\t<meta property=\"og:image:width\" content=\"1200\" \/>\n\t<meta property=\"og:image:height\" content=\"750\" \/>\n\t<meta property=\"og:image:type\" content=\"image\/jpeg\" \/>\n<meta name=\"author\" content=\"Dra. Alice Jaruche Nunes\" \/>\n<meta name=\"twitter:card\" content=\"summary_large_image\" \/>\n<meta name=\"twitter:label1\" content=\"Escrito por\" \/>\n\t<meta name=\"twitter:data1\" content=\"Dra. Alice Jaruche Nunes\" \/>\n\t<meta name=\"twitter:label2\" content=\"Est. tempo de leitura\" \/>\n\t<meta name=\"twitter:data2\" content=\"3 minutos\" \/>\n<script type=\"application\/ld+json\" class=\"yoast-schema-graph\">{\"@context\":\"https:\\\/\\\/schema.org\",\"@graph\":[{\"@type\":\"Article\",\"@id\":\"https:\\\/\\\/www.vydence.com\\\/pt-br\\\/reducao-do-monte-de-venus\\\/#article\",\"isPartOf\":{\"@id\":\"https:\\\/\\\/www.vydence.com\\\/pt-br\\\/reducao-do-monte-de-venus\\\/\"},\"author\":{\"name\":\"Dra. Alice Jaruche Nunes\",\"@id\":\"https:\\\/\\\/www.vydence.com\\\/pt-br\\\/#\\\/schema\\\/person\\\/e463a53ff1b491a7c9393b5f85eef87a\"},\"headline\":\"Redu\u00e7\u00e3o do Monte de V\u00eanus: Quais s\u00e3o os poss\u00edveis tratamentos\",\"datePublished\":\"2017-10-03T15:04:42+00:00\",\"mainEntityOfPage\":{\"@id\":\"https:\\\/\\\/www.vydence.com\\\/pt-br\\\/reducao-do-monte-de-venus\\\/\"},\"wordCount\":561,\"commentCount\":0,\"publisher\":{\"@id\":\"https:\\\/\\\/www.vydence.com\\\/pt-br\\\/#organization\"},\"image\":{\"@id\":\"https:\\\/\\\/www.vydence.com\\\/pt-br\\\/reducao-do-monte-de-venus\\\/#primaryimage\"},\"thumbnailUrl\":\"https:\\\/\\\/www.vydence.com\\\/wp-content\\\/uploads\\\/2017\\\/10\\\/Reducao-do-Monte-de-Venus-Quais-sao-os-possiveis-tratamentos-.jpg\",\"keywords\":[\"laser athena\",\"pl\u00e1stica\",\"vagina\"],\"articleSection\":[\"Sa\u00fade \u00cdntima\",\"Tratamento \u00cdntimo\"],\"inLanguage\":\"pt-BR\",\"potentialAction\":[{\"@type\":\"CommentAction\",\"name\":\"Comment\",\"target\":[\"https:\\\/\\\/www.vydence.com\\\/pt-br\\\/reducao-do-monte-de-venus\\\/#respond\"]}]},{\"@type\":\"WebPage\",\"@id\":\"https:\\\/\\\/www.vydence.com\\\/pt-br\\\/reducao-do-monte-de-venus\\\/\",\"url\":\"https:\\\/\\\/www.vydence.com\\\/pt-br\\\/reducao-do-monte-de-venus\\\/\",\"name\":\"Redu\u00e7\u00e3o do Monte de V\u00eanus: Quais s\u00e3o os poss\u00edveis tratamentos\",\"isPartOf\":{\"@id\":\"https:\\\/\\\/www.vydence.com\\\/pt-br\\\/#website\"},\"primaryImageOfPage\":{\"@id\":\"https:\\\/\\\/www.vydence.com\\\/pt-br\\\/reducao-do-monte-de-venus\\\/#primaryimage\"},\"image\":{\"@id\":\"https:\\\/\\\/www.vydence.com\\\/pt-br\\\/reducao-do-monte-de-venus\\\/#primaryimage\"},\"thumbnailUrl\":\"https:\\\/\\\/www.vydence.com\\\/wp-content\\\/uploads\\\/2017\\\/10\\\/Reducao-do-Monte-de-Venus-Quais-sao-os-possiveis-tratamentos-.jpg\",\"datePublished\":\"2017-10-03T15:04:42+00:00\",\"description\":\"Confira nesse artigo tudo sobre os tratamentos dispon\u00edveis para a redu\u00e7\u00e3o do monte de v\u00eanus. Veja qual \u00e9 o melhor para o seu caso.\",\"breadcrumb\":{\"@id\":\"https:\\\/\\\/www.vydence.com\\\/pt-br\\\/reducao-do-monte-de-venus\\\/#breadcrumb\"},\"inLanguage\":\"pt-BR\",\"potentialAction\":[{\"@type\":\"ReadAction\",\"target\":[\"https:\\\/\\\/www.vydence.com\\\/pt-br\\\/reducao-do-monte-de-venus\\\/\"]}]},{\"@type\":\"ImageObject\",\"inLanguage\":\"pt-BR\",\"@id\":\"https:\\\/\\\/www.vydence.com\\\/pt-br\\\/reducao-do-monte-de-venus\\\/#primaryimage\",\"url\":\"https:\\\/\\\/www.vydence.com\\\/wp-content\\\/uploads\\\/2017\\\/10\\\/Reducao-do-Monte-de-Venus-Quais-sao-os-possiveis-tratamentos-.jpg\",\"contentUrl\":\"https:\\\/\\\/www.vydence.com\\\/wp-content\\\/uploads\\\/2017\\\/10\\\/Reducao-do-Monte-de-Venus-Quais-sao-os-possiveis-tratamentos-.jpg\",\"width\":1200,\"height\":750,\"caption\":\"Redu\u00e7\u00e3o do Monte de V\u00eanus: Quais s\u00e3o os poss\u00edveis tratamentos\"},{\"@type\":\"BreadcrumbList\",\"@id\":\"https:\\\/\\\/www.vydence.com\\\/pt-br\\\/reducao-do-monte-de-venus\\\/#breadcrumb\",\"itemListElement\":[{\"@type\":\"ListItem\",\"position\":1,\"name\":\"In\u00edcio\",\"item\":\"https:\\\/\\\/www.vydence.com\\\/pt-br\\\/\"},{\"@type\":\"ListItem\",\"position\":2,\"name\":\"Redu\u00e7\u00e3o do Monte de V\u00eanus: Quais s\u00e3o os poss\u00edveis tratamentos\"}]},{\"@type\":\"WebSite\",\"@id\":\"https:\\\/\\\/www.vydence.com\\\/pt-br\\\/#website\",\"url\":\"https:\\\/\\\/www.vydence.com\\\/pt-br\\\/\",\"name\":\"VYDENCE\",\"description\":\"\",\"publisher\":{\"@id\":\"https:\\\/\\\/www.vydence.com\\\/pt-br\\\/#organization\"},\"potentialAction\":[{\"@type\":\"SearchAction\",\"target\":{\"@type\":\"EntryPoint\",\"urlTemplate\":\"https:\\\/\\\/www.vydence.com\\\/pt-br\\\/?s={search_term_string}\"},\"query-input\":{\"@type\":\"PropertyValueSpecification\",\"valueRequired\":true,\"valueName\":\"search_term_string\"}}],\"inLanguage\":\"pt-BR\"},{\"@type\":\"Organization\",\"@id\":\"https:\\\/\\\/www.vydence.com\\\/pt-br\\\/#organization\",\"name\":\"VYDENCE\",\"url\":\"https:\\\/\\\/www.vydence.com\\\/pt-br\\\/\",\"logo\":{\"@type\":\"ImageObject\",\"inLanguage\":\"pt-BR\",\"@id\":\"https:\\\/\\\/www.vydence.com\\\/pt-br\\\/#\\\/schema\\\/logo\\\/image\\\/\",\"url\":\"https:\\\/\\\/www.vydence.com\\\/wp-content\\\/uploads\\\/2024\\\/11\\\/Logo.svg\",\"contentUrl\":\"https:\\\/\\\/www.vydence.com\\\/wp-content\\\/uploads\\\/2024\\\/11\\\/Logo.svg\",\"width\":149,\"height\":40,\"caption\":\"VYDENCE\"},\"image\":{\"@id\":\"https:\\\/\\\/www.vydence.com\\\/pt-br\\\/#\\\/schema\\\/logo\\\/image\\\/\"},\"sameAs\":[\"https:\\\/\\\/www.facebook.com\\\/VYDENCE\"]},{\"@type\":\"Person\",\"@id\":\"https:\\\/\\\/www.vydence.com\\\/pt-br\\\/#\\\/schema\\\/person\\\/e463a53ff1b491a7c9393b5f85eef87a\",\"name\":\"Dra. Alice Jaruche Nunes\",\"image\":{\"@type\":\"ImageObject\",\"inLanguage\":\"pt-BR\",\"@id\":\"https:\\\/\\\/secure.gravatar.com\\\/avatar\\\/52577d65a9ea4479b32aa621635b52fd16b4ec2f7dd3c4d1d14b7fadec75c620?s=96&d=mm&r=g\",\"url\":\"https:\\\/\\\/secure.gravatar.com\\\/avatar\\\/52577d65a9ea4479b32aa621635b52fd16b4ec2f7dd3c4d1d14b7fadec75c620?s=96&d=mm&r=g\",\"contentUrl\":\"https:\\\/\\\/secure.gravatar.com\\\/avatar\\\/52577d65a9ea4479b32aa621635b52fd16b4ec2f7dd3c4d1d14b7fadec75c620?s=96&d=mm&r=g\",\"caption\":\"Dra. Alice Jaruche Nunes\"},\"url\":\"https:\\\/\\\/www.vydence.com\\\/pt-br\\\/author\\\/alice\\\/\"}]}<\/script>\n<!-- \/ Yoast SEO Premium plugin. -->","yoast_head_json":{"title":"Redu\u00e7\u00e3o do Monte de V\u00eanus: Quais s\u00e3o os poss\u00edveis tratamentos","description":"Confira nesse artigo tudo sobre os tratamentos dispon\u00edveis para a redu\u00e7\u00e3o do monte de v\u00eanus. Veja qual \u00e9 o melhor para o seu caso.","robots":{"index":"index","follow":"follow","max-snippet":"max-snippet:-1","max-image-preview":"max-image-preview:large","max-video-preview":"max-video-preview:-1"},"canonical":"https:\/\/www.vydence.com\/pt-br\/reducao-do-monte-de-venus\/","og_locale":"pt_BR","og_type":"article","og_title":"Redu\u00e7\u00e3o do Monte de V\u00eanus: Quais s\u00e3o os poss\u00edveis tratamentos","og_description":"Confira nesse artigo tudo sobre os tratamentos dispon\u00edveis para a redu\u00e7\u00e3o do monte de v\u00eanus. Veja qual \u00e9 o melhor para o seu caso.","og_url":"https:\/\/www.vydence.com\/pt-br\/reducao-do-monte-de-venus\/","og_site_name":"VYDENCE","article_publisher":"https:\/\/www.facebook.com\/VYDENCE","article_published_time":"2017-10-03T15:04:42+00:00","og_image":[{"width":1200,"height":750,"url":"https:\/\/www.vydence.com\/wp-content\/uploads\/2017\/10\/Reducao-do-Monte-de-Venus-Quais-sao-os-possiveis-tratamentos-.jpg","type":"image\/jpeg"}],"author":"Dra. Alice Jaruche Nunes","twitter_card":"summary_large_image","twitter_misc":{"Escrito por":"Dra. Alice Jaruche Nunes","Est. tempo de leitura":"3 minutos"},"schema":{"@context":"https:\/\/schema.org","@graph":[{"@type":"Article","@id":"https:\/\/www.vydence.com\/pt-br\/reducao-do-monte-de-venus\/#article","isPartOf":{"@id":"https:\/\/www.vydence.com\/pt-br\/reducao-do-monte-de-venus\/"},"author":{"name":"Dra. Alice Jaruche Nunes","@id":"https:\/\/www.vydence.com\/pt-br\/#\/schema\/person\/e463a53ff1b491a7c9393b5f85eef87a"},"headline":"Redu\u00e7\u00e3o do Monte de V\u00eanus: Quais s\u00e3o os poss\u00edveis tratamentos","datePublished":"2017-10-03T15:04:42+00:00","mainEntityOfPage":{"@id":"https:\/\/www.vydence.com\/pt-br\/reducao-do-monte-de-venus\/"},"wordCount":561,"commentCount":0,"publisher":{"@id":"https:\/\/www.vydence.com\/pt-br\/#organization"},"image":{"@id":"https:\/\/www.vydence.com\/pt-br\/reducao-do-monte-de-venus\/#primaryimage"},"thumbnailUrl":"https:\/\/www.vydence.com\/wp-content\/uploads\/2017\/10\/Reducao-do-Monte-de-Venus-Quais-sao-os-possiveis-tratamentos-.jpg","keywords":["laser athena","pl\u00e1stica","vagina"],"articleSection":["Sa\u00fade \u00cdntima","Tratamento \u00cdntimo"],"inLanguage":"pt-BR","potentialAction":[{"@type":"CommentAction","name":"Comment","target":["https:\/\/www.vydence.com\/pt-br\/reducao-do-monte-de-venus\/#respond"]}]},{"@type":"WebPage","@id":"https:\/\/www.vydence.com\/pt-br\/reducao-do-monte-de-venus\/","url":"https:\/\/www.vydence.com\/pt-br\/reducao-do-monte-de-venus\/","name":"Redu\u00e7\u00e3o do Monte de V\u00eanus: Quais s\u00e3o os poss\u00edveis tratamentos","isPartOf":{"@id":"https:\/\/www.vydence.com\/pt-br\/#website"},"primaryImageOfPage":{"@id":"https:\/\/www.vydence.com\/pt-br\/reducao-do-monte-de-venus\/#primaryimage"},"image":{"@id":"https:\/\/www.vydence.com\/pt-br\/reducao-do-monte-de-venus\/#primaryimage"},"thumbnailUrl":"https:\/\/www.vydence.com\/wp-content\/uploads\/2017\/10\/Reducao-do-Monte-de-Venus-Quais-sao-os-possiveis-tratamentos-.jpg","datePublished":"2017-10-03T15:04:42+00:00","description":"Confira nesse artigo tudo sobre os tratamentos dispon\u00edveis para a redu\u00e7\u00e3o do monte de v\u00eanus. Veja qual \u00e9 o melhor para o seu caso.","breadcrumb":{"@id":"https:\/\/www.vydence.com\/pt-br\/reducao-do-monte-de-venus\/#breadcrumb"},"inLanguage":"pt-BR","potentialAction":[{"@type":"ReadAction","target":["https:\/\/www.vydence.com\/pt-br\/reducao-do-monte-de-venus\/"]}]},{"@type":"ImageObject","inLanguage":"pt-BR","@id":"https:\/\/www.vydence.com\/pt-br\/reducao-do-monte-de-venus\/#primaryimage","url":"https:\/\/www.vydence.com\/wp-content\/uploads\/2017\/10\/Reducao-do-Monte-de-Venus-Quais-sao-os-possiveis-tratamentos-.jpg","contentUrl":"https:\/\/www.vydence.com\/wp-content\/uploads\/2017\/10\/Reducao-do-Monte-de-Venus-Quais-sao-os-possiveis-tratamentos-.jpg","width":1200,"height":750,"caption":"Redu\u00e7\u00e3o do Monte de V\u00eanus: Quais s\u00e3o os poss\u00edveis tratamentos"},{"@type":"BreadcrumbList","@id":"https:\/\/www.vydence.com\/pt-br\/reducao-do-monte-de-venus\/#breadcrumb","itemListElement":[{"@type":"ListItem","position":1,"name":"In\u00edcio","item":"https:\/\/www.vydence.com\/pt-br\/"},{"@type":"ListItem","position":2,"name":"Redu\u00e7\u00e3o do Monte de V\u00eanus: Quais s\u00e3o os poss\u00edveis tratamentos"}]},{"@type":"WebSite","@id":"https:\/\/www.vydence.com\/pt-br\/#website","url":"https:\/\/www.vydence.com\/pt-br\/","name":"VYDENCE","description":"","publisher":{"@id":"https:\/\/www.vydence.com\/pt-br\/#organization"},"potentialAction":[{"@type":"SearchAction","target":{"@type":"EntryPoint","urlTemplate":"https:\/\/www.vydence.com\/pt-br\/?s={search_term_string}"},"query-input":{"@type":"PropertyValueSpecification","valueRequired":true,"valueName":"search_term_string"}}],"inLanguage":"pt-BR"},{"@type":"Organization","@id":"https:\/\/www.vydence.com\/pt-br\/#organization","name":"VYDENCE","url":"https:\/\/www.vydence.com\/pt-br\/","logo":{"@type":"ImageObject","inLanguage":"pt-BR","@id":"https:\/\/www.vydence.com\/pt-br\/#\/schema\/logo\/image\/","url":"https:\/\/www.vydence.com\/wp-content\/uploads\/2024\/11\/Logo.svg","contentUrl":"https:\/\/www.vydence.com\/wp-content\/uploads\/2024\/11\/Logo.svg","width":149,"height":40,"caption":"VYDENCE"},"image":{"@id":"https:\/\/www.vydence.com\/pt-br\/#\/schema\/logo\/image\/"},"sameAs":["https:\/\/www.facebook.com\/VYDENCE"]},{"@type":"Person","@id":"https:\/\/www.vydence.com\/pt-br\/#\/schema\/person\/e463a53ff1b491a7c9393b5f85eef87a","name":"Dra. Alice Jaruche Nunes","image":{"@type":"ImageObject","inLanguage":"pt-BR","@id":"https:\/\/secure.gravatar.com\/avatar\/52577d65a9ea4479b32aa621635b52fd16b4ec2f7dd3c4d1d14b7fadec75c620?s=96&d=mm&r=g","url":"https:\/\/secure.gravatar.com\/avatar\/52577d65a9ea4479b32aa621635b52fd16b4ec2f7dd3c4d1d14b7fadec75c620?s=96&d=mm&r=g","contentUrl":"https:\/\/secure.gravatar.com\/avatar\/52577d65a9ea4479b32aa621635b52fd16b4ec2f7dd3c4d1d14b7fadec75c620?s=96&d=mm&r=g","caption":"Dra. Alice Jaruche Nunes"},"url":"https:\/\/www.vydence.com\/pt-br\/author\/alice\/"}]}},"_links":{"self":[{"href":"https:\/\/www.vydence.com\/pt-br\/wp-json\/wp\/v2\/posts\/12391","targetHints":{"allow":["GET"]}}],"collection":[{"href":"https:\/\/www.vydence.com\/pt-br\/wp-json\/wp\/v2\/posts"}],"about":[{"href":"https:\/\/www.vydence.com\/pt-br\/wp-json\/wp\/v2\/types\/post"}],"author":[{"embeddable":true,"href":"https:\/\/www.vydence.com\/pt-br\/wp-json\/wp\/v2\/users\/5"}],"replies":[{"embeddable":true,"href":"https:\/\/www.vydence.com\/pt-br\/wp-json\/wp\/v2\/comments?post=12391"}],"version-history":[{"count":0,"href":"https:\/\/www.vydence.com\/pt-br\/wp-json\/wp\/v2\/posts\/12391\/revisions"}],"wp:featuredmedia":[{"embeddable":true,"href":"https:\/\/www.vydence.com\/pt-br\/wp-json\/wp\/v2\/media\/12403"}],"wp:attachment":[{"href":"https:\/\/www.vydence.com\/pt-br\/wp-json\/wp\/v2\/media?parent=12391"}],"wp:term":[{"taxonomy":"category","embeddable":true,"href":"https:\/\/www.vydence.com\/pt-br\/wp-json\/wp\/v2\/categories?post=12391"},{"taxonomy":"post_tag","embeddable":true,"href":"https:\/\/www.vydence.com\/pt-br\/wp-json\/wp\/v2\/tags?post=12391"}],"curies":[{"name":"wp","href":"https:\/\/api.w.org\/{rel}","templated":true}]}}