{"id":122,"date":"2018-06-28T11:25:56","date_gmt":"2018-06-28T11:25:56","guid":{"rendered":"http:\/\/www.artasbr.com.br\/?p=122"},"modified":"2018-06-28T11:25:56","modified_gmt":"2018-06-28T11:25:56","slug":"doencas-que-causam-queda-de-cabelo","status":"publish","type":"post","link":"https:\/\/www.vydence.com\/pt-br\/doencas-que-causam-queda-de-cabelo\/","title":{"rendered":"Conhe\u00e7a as doen\u00e7as que causam queda de cabelo"},"content":{"rendered":"<p><span style=\"font-weight: 400;\">Se voc\u00ea j\u00e1 tem o costume de acompanhar o nosso blog deve ter percebido que uma s\u00e9rie de fatores influencia na <\/span><b>perda de cabelo<\/b><span style=\"font-weight: 400;\"> acentuada. E, entre eles, algumas <\/span><b>doen\u00e7as que causam queda de cabelo<\/b><span style=\"font-weight: 400;\">.<\/span><\/p>\n<p><span style=\"font-weight: 400;\">A boa not\u00edcia, nesses casos, \u00e9 que o diagn\u00f3stico precoce ajuda rapidamente a reverter o quadro. E, para ajudar voc\u00ea a compreender melhor as causas que estimulam a queda acelerada de cabelo, n\u00f3s produzimos este post.<\/span><\/p>\n<p><span style=\"font-weight: 400;\">Confira e descubra conosco quais doen\u00e7as podem estar relacionadas ao aumento da queda de cabelo e como buscar tratamento adequado para cada uma delas.<\/span><\/p>\n<h2><span style=\"font-weight: 400;\">1. L\u00fapus Eritematoso Sist\u00eamico<\/span><\/h2>\n<p><span style=\"font-weight: 400;\">O l\u00fapus e<\/span><a href=\"http:\/\/www.tratamentosalaser.com.br\/queda-de-cabelo-o-que-pode-ser\/\"> <span style=\"font-weight: 400;\">outras doen\u00e7as autoimunes<\/span><\/a><span style=\"font-weight: 400;\"> podem, indiretamente, causar a queda de cabelos. Isso porque elas agem contra o pr\u00f3prio organismo. Como resultado, pode-se observar tanto uma queda m\u00ednima \u2014 e tempor\u00e1ria \u2014 a at\u00e9 mesmo casos mais graves de<\/span><a href=\"http:\/\/www.tratamentosalaser.com.br\/alopecia-cicatricial\/\"> <span style=\"font-weight: 400;\">alopecia cicatricial<\/span><\/a><span style=\"font-weight: 400;\">, que afeta permanentemente o <\/span><b>couro cabeludo<\/b><span style=\"font-weight: 400;\">.<\/span><\/p>\n<p><span style=\"font-weight: 400;\">Vale destacar que essa doen\u00e7a pode afligir a homens e mulheres, e que o tratamento de doen\u00e7as autoimunes n\u00e3o \u00e9 definitivo. Ou seja: elas s\u00e3o control\u00e1veis, apenas, minimizando os seus efeitos e consequ\u00eancias.<\/span><\/p>\n<h2><span style=\"font-weight: 400;\">2. Doen\u00e7a da tire\u00f3ide<\/span><\/h2>\n<p><span style=\"font-weight: 400;\">Dist\u00farbios hormonais s\u00e3o doen\u00e7as comuns que causam queda de cabelo \u2014 tamb\u00e9m presente na vida de homens e mulheres. Nesse caso, o fator \u00e9 influenciado pelo horm\u00f4nio produzido pela tire\u00f3ide: a tiroxina.<\/span><\/p>\n<p><span style=\"font-weight: 400;\">Ela \u00e9 importante para a regula\u00e7\u00e3o de outros horm\u00f4nios e, quando a sua manuten\u00e7\u00e3o est\u00e1 comprometida, os cabelos tamb\u00e9m s\u00e3o prejudicados \u2014 seja para o seu<\/span><a href=\"http:\/\/www.tratamentosalaser.com.br\/deixar-o-cabelo-masculino-crescer\/\"> <span style=\"font-weight: 400;\">crescimento<\/span><\/a><span style=\"font-weight: 400;\"> ou mesmo para a nutri\u00e7\u00e3o dos fios.<\/span><\/p>\n<p><span style=\"font-weight: 400;\">Al\u00e9m disso, os cabelos s\u00e3o afetados tanto no hipertireoidismo quanto no hipotiroidismo, embora os efeitos sejam tempor\u00e1rios e, normalmente, regulados quando a tire\u00f3ide volta a funcionar adequadamente.<\/span><\/p>\n<h2><span style=\"font-weight: 400;\">3. S\u00edndrome de Cushing<\/span><\/h2>\n<p><span style=\"font-weight: 400;\">Vale destacar outra condi\u00e7\u00e3o hormonal associada \u00e0 queda de cabelo: a s\u00edndrome de Cushing, decorrente do aumento de cortisol \u2014 produzido pela gl\u00e2ndula adrenal \u2014 no organismo.<\/span><\/p>\n<p><span style=\"font-weight: 400;\">Entre as doen\u00e7as que causam queda de cabelo, essa s\u00edndrome merece aten\u00e7\u00e3o porque tamb\u00e9m est\u00e1 associada ao n\u00edvel de estresse do paciente. E, como se sabe, uma s\u00e9rie de outros problemas (f\u00edsicos e emocionais) pode surgir a partir do seu agravamento.<\/span><\/p>\n<h2><span style=\"font-weight: 400;\">4. Doen\u00e7as infecciosas<\/span><\/h2>\n<p><span style=\"font-weight: 400;\">Muitas outras doen\u00e7as que causam queda de cabelo come\u00e7am com uma infec\u00e7\u00e3o. Ou seja: uma simples rea\u00e7\u00e3o inflamat\u00f3ria sist\u00eamica j\u00e1 pode fazer com que os fios caiam em abund\u00e2ncia.<\/span><\/p>\n<p><span style=\"font-weight: 400;\">No geral, esse tipo de problema (que pode acometer mulheres e homens) \u00e9 derivado da debilidade f\u00edsica causada pela infec\u00e7\u00e3o. Entre as doen\u00e7as mais comuns causadoras da queda de cabelo, destacamos o HIV (quando o quadro geral causa infec\u00e7\u00f5es no paciente) e as hepatites B e C. Doen\u00e7as sexualmente transmiss\u00edveis, como a s\u00edfilis, tamb\u00e9m se enquadram nessa lista.<\/span><\/p>\n<h2><span style=\"font-weight: 400;\">5. Doen\u00e7as do couro cabeludo<\/span><\/h2>\n<p><span style=\"font-weight: 400;\">Por fim, aten\u00e7\u00e3o especial \u00e0s doen\u00e7as que causam queda de cabelo e est\u00e3o diretamente associadas aos cuidados com o couro cabeludo. Entre as principais, destacamos:<\/span><\/p>\n<ul>\n<li style=\"font-weight: 400;\"><span style=\"font-weight: 400;\">seborr\u00e9ia;<\/span><\/li>\n<li style=\"font-weight: 400;\"><span style=\"font-weight: 400;\">psor\u00edase;<\/span><\/li>\n<li style=\"font-weight: 400;\"><span style=\"font-weight: 400;\">micoses;<\/span><\/li>\n<li style=\"font-weight: 400;\"><span style=\"font-weight: 400;\">fungos;<\/span><\/li>\n<li style=\"font-weight: 400;\"><span style=\"font-weight: 400;\">excesso de oleosidade.<\/span><\/li>\n<\/ul>\n<p><span style=\"font-weight: 400;\">Para todos esses problemas, recomenda-se o uso de produtos ut\u00f3picos \u2014 como xampus e cremes espec\u00edficos, que podem at\u00e9 mesmo ser manipulados a pedido do dermatologista. Vale destacar que a gravidade de cada situa\u00e7\u00e3o difere tamb\u00e9m pelo tempo que o paciente negligenciou o tratamento.<\/span><\/p>\n<p><span style=\"font-weight: 400;\">No geral, \u00e9 poss\u00edvel minimizar ou mesmo reverter a queda acentuada de fios quando os problemas n\u00e3o se agravaram com o tempo.<\/span><\/p>\n<p><span style=\"font-weight: 400;\">Quer saber quais outras condi\u00e7\u00f5es podem levar \u00e0 perda de cabelo \u2014 algo que se estende \u00e0 doen\u00e7as que causam queda de cabelo? Ent\u00e3o,<\/span><a href=\"http:\/\/www.tratamentosalaser.com.br\/queda-de-cabelo-causas-mais-comuns\/\"> <span style=\"font-weight: 400;\">confira tamb\u00e9m nosso artigo que explora as causas mais comuns para a queda<\/span><\/a><span style=\"font-weight: 400;\">!<\/span><\/p>\n","protected":false},"excerpt":{"rendered":"<p>Se voc\u00ea j\u00e1 tem o costume de acompanhar o nosso blog deve ter percebido que uma s\u00e9rie de fatores influencia na perda de cabelo acentuada. E, entre eles, algumas doen\u00e7as que causam queda de cabelo. A boa not\u00edcia, nesses casos, \u00e9 que o diagn\u00f3stico precoce ajuda rapidamente a reverter o quadro. E, para ajudar voc\u00ea [&hellip;]<\/p>\n","protected":false},"author":1,"featured_media":19293,"comment_status":"open","ping_status":"open","sticky":false,"template":"","format":"standard","meta":{"_et_pb_use_builder":"","_et_pb_old_content":"","_et_gb_content_width":"","inline_featured_image":false,"footnotes":""},"categories":[123,125],"tags":[139],"class_list":["post-122","post","type-post","status-publish","format-standard","has-post-thumbnail","hentry","category-transplante-capilar","category-tricologia","tag-queda-de-cabelo"],"yoast_head":"<!-- This site is optimized with the Yoast SEO Premium plugin v27.1 (Yoast SEO v27.4) - https:\/\/yoast.com\/product\/yoast-seo-premium-wordpress\/ -->\n<title>Conhe\u00e7a as doen\u00e7as que causam queda de cabelo - VYDENCE<\/title>\n<meta name=\"description\" content=\"Desconfia que alguma doen\u00e7a esteja fazendo seu cabelo cair muito? Saiba quais s\u00e3o as doen\u00e7as que causam queda de cabelo e quais as op\u00e7\u00f5es de tratamento em cada caso\" \/>\n<meta name=\"robots\" content=\"index, follow, max-snippet:-1, max-image-preview:large, max-video-preview:-1\" \/>\n<link rel=\"canonical\" href=\"https:\/\/www.vydence.com\/pt-br\/doencas-que-causam-queda-de-cabelo\/\" \/>\n<meta property=\"og:locale\" content=\"pt_BR\" \/>\n<meta property=\"og:type\" content=\"article\" \/>\n<meta property=\"og:title\" content=\"Conhe\u00e7a as doen\u00e7as que causam queda de cabelo\" \/>\n<meta property=\"og:description\" content=\"Desconfia que alguma doen\u00e7a esteja fazendo seu cabelo cair muito? Saiba quais s\u00e3o as doen\u00e7as que causam queda de cabelo e quais as op\u00e7\u00f5es de tratamento em cada caso\" \/>\n<meta property=\"og:url\" content=\"https:\/\/www.vydence.com\/pt-br\/doencas-que-causam-queda-de-cabelo\/\" \/>\n<meta property=\"og:site_name\" content=\"VYDENCE\" \/>\n<meta property=\"article:publisher\" content=\"https:\/\/www.facebook.com\/VYDENCE\" \/>\n<meta property=\"article:published_time\" content=\"2018-06-28T11:25:56+00:00\" \/>\n<meta property=\"og:image\" content=\"https:\/\/www.vydence.com\/wp-content\/uploads\/2018\/07\/doencas-que-causam-queda-de-cabelo.png\" \/>\n\t<meta property=\"og:image:width\" content=\"1280\" \/>\n\t<meta property=\"og:image:height\" content=\"854\" \/>\n\t<meta property=\"og:image:type\" content=\"image\/png\" \/>\n<meta name=\"author\" content=\"admin\" \/>\n<meta name=\"twitter:card\" content=\"summary_large_image\" \/>\n<meta name=\"twitter:label1\" content=\"Escrito por\" \/>\n\t<meta name=\"twitter:data1\" content=\"admin\" \/>\n\t<meta name=\"twitter:label2\" content=\"Est. tempo de leitura\" \/>\n\t<meta name=\"twitter:data2\" content=\"3 minutos\" \/>\n<script type=\"application\/ld+json\" class=\"yoast-schema-graph\">{\"@context\":\"https:\\\/\\\/schema.org\",\"@graph\":[{\"@type\":\"Article\",\"@id\":\"https:\\\/\\\/www.vydence.com\\\/pt-br\\\/doencas-que-causam-queda-de-cabelo\\\/#article\",\"isPartOf\":{\"@id\":\"https:\\\/\\\/www.vydence.com\\\/pt-br\\\/doencas-que-causam-queda-de-cabelo\\\/\"},\"author\":{\"name\":\"admin\",\"@id\":\"https:\\\/\\\/www.vydence.com\\\/pt-br\\\/#\\\/schema\\\/person\\\/d07e11658f9624d2d5344c62489f5fed\"},\"headline\":\"Conhe\u00e7a as doen\u00e7as que causam queda de cabelo\",\"datePublished\":\"2018-06-28T11:25:56+00:00\",\"mainEntityOfPage\":{\"@id\":\"https:\\\/\\\/www.vydence.com\\\/pt-br\\\/doencas-que-causam-queda-de-cabelo\\\/\"},\"wordCount\":647,\"commentCount\":0,\"publisher\":{\"@id\":\"https:\\\/\\\/www.vydence.com\\\/pt-br\\\/#organization\"},\"image\":{\"@id\":\"https:\\\/\\\/www.vydence.com\\\/pt-br\\\/doencas-que-causam-queda-de-cabelo\\\/#primaryimage\"},\"thumbnailUrl\":\"https:\\\/\\\/www.vydence.com\\\/wp-content\\\/uploads\\\/2018\\\/07\\\/doencas-que-causam-queda-de-cabelo.png\",\"keywords\":[\"queda de cabelo\"],\"articleSection\":[\"Transplante capilar\",\"Tricologia\"],\"inLanguage\":\"pt-BR\",\"potentialAction\":[{\"@type\":\"CommentAction\",\"name\":\"Comment\",\"target\":[\"https:\\\/\\\/www.vydence.com\\\/pt-br\\\/doencas-que-causam-queda-de-cabelo\\\/#respond\"]}]},{\"@type\":\"WebPage\",\"@id\":\"https:\\\/\\\/www.vydence.com\\\/pt-br\\\/doencas-que-causam-queda-de-cabelo\\\/\",\"url\":\"https:\\\/\\\/www.vydence.com\\\/pt-br\\\/doencas-que-causam-queda-de-cabelo\\\/\",\"name\":\"Conhe\u00e7a as doen\u00e7as que causam queda de cabelo - VYDENCE\",\"isPartOf\":{\"@id\":\"https:\\\/\\\/www.vydence.com\\\/pt-br\\\/#website\"},\"primaryImageOfPage\":{\"@id\":\"https:\\\/\\\/www.vydence.com\\\/pt-br\\\/doencas-que-causam-queda-de-cabelo\\\/#primaryimage\"},\"image\":{\"@id\":\"https:\\\/\\\/www.vydence.com\\\/pt-br\\\/doencas-que-causam-queda-de-cabelo\\\/#primaryimage\"},\"thumbnailUrl\":\"https:\\\/\\\/www.vydence.com\\\/wp-content\\\/uploads\\\/2018\\\/07\\\/doencas-que-causam-queda-de-cabelo.png\",\"datePublished\":\"2018-06-28T11:25:56+00:00\",\"description\":\"Desconfia que alguma doen\u00e7a esteja fazendo seu cabelo cair muito? Saiba quais s\u00e3o as doen\u00e7as que causam queda de cabelo e quais as op\u00e7\u00f5es de tratamento em cada caso\",\"breadcrumb\":{\"@id\":\"https:\\\/\\\/www.vydence.com\\\/pt-br\\\/doencas-que-causam-queda-de-cabelo\\\/#breadcrumb\"},\"inLanguage\":\"pt-BR\",\"potentialAction\":[{\"@type\":\"ReadAction\",\"target\":[\"https:\\\/\\\/www.vydence.com\\\/pt-br\\\/doencas-que-causam-queda-de-cabelo\\\/\"]}]},{\"@type\":\"ImageObject\",\"inLanguage\":\"pt-BR\",\"@id\":\"https:\\\/\\\/www.vydence.com\\\/pt-br\\\/doencas-que-causam-queda-de-cabelo\\\/#primaryimage\",\"url\":\"https:\\\/\\\/www.vydence.com\\\/wp-content\\\/uploads\\\/2018\\\/07\\\/doencas-que-causam-queda-de-cabelo.png\",\"contentUrl\":\"https:\\\/\\\/www.vydence.com\\\/wp-content\\\/uploads\\\/2018\\\/07\\\/doencas-que-causam-queda-de-cabelo.png\",\"width\":1280,\"height\":854,\"caption\":\"Doen\u00e7as que causam queda de cabelo\"},{\"@type\":\"BreadcrumbList\",\"@id\":\"https:\\\/\\\/www.vydence.com\\\/pt-br\\\/doencas-que-causam-queda-de-cabelo\\\/#breadcrumb\",\"itemListElement\":[{\"@type\":\"ListItem\",\"position\":1,\"name\":\"In\u00edcio\",\"item\":\"https:\\\/\\\/www.vydence.com\\\/pt-br\\\/\"},{\"@type\":\"ListItem\",\"position\":2,\"name\":\"Conhe\u00e7a as doen\u00e7as que causam queda de cabelo\"}]},{\"@type\":\"WebSite\",\"@id\":\"https:\\\/\\\/www.vydence.com\\\/pt-br\\\/#website\",\"url\":\"https:\\\/\\\/www.vydence.com\\\/pt-br\\\/\",\"name\":\"VYDENCE\",\"description\":\"\",\"publisher\":{\"@id\":\"https:\\\/\\\/www.vydence.com\\\/pt-br\\\/#organization\"},\"potentialAction\":[{\"@type\":\"SearchAction\",\"target\":{\"@type\":\"EntryPoint\",\"urlTemplate\":\"https:\\\/\\\/www.vydence.com\\\/pt-br\\\/?s={search_term_string}\"},\"query-input\":{\"@type\":\"PropertyValueSpecification\",\"valueRequired\":true,\"valueName\":\"search_term_string\"}}],\"inLanguage\":\"pt-BR\"},{\"@type\":\"Organization\",\"@id\":\"https:\\\/\\\/www.vydence.com\\\/pt-br\\\/#organization\",\"name\":\"VYDENCE\",\"url\":\"https:\\\/\\\/www.vydence.com\\\/pt-br\\\/\",\"logo\":{\"@type\":\"ImageObject\",\"inLanguage\":\"pt-BR\",\"@id\":\"https:\\\/\\\/www.vydence.com\\\/pt-br\\\/#\\\/schema\\\/logo\\\/image\\\/\",\"url\":\"https:\\\/\\\/www.vydence.com\\\/wp-content\\\/uploads\\\/2024\\\/11\\\/Logo.svg\",\"contentUrl\":\"https:\\\/\\\/www.vydence.com\\\/wp-content\\\/uploads\\\/2024\\\/11\\\/Logo.svg\",\"width\":149,\"height\":40,\"caption\":\"VYDENCE\"},\"image\":{\"@id\":\"https:\\\/\\\/www.vydence.com\\\/pt-br\\\/#\\\/schema\\\/logo\\\/image\\\/\"},\"sameAs\":[\"https:\\\/\\\/www.facebook.com\\\/VYDENCE\"]},{\"@type\":\"Person\",\"@id\":\"https:\\\/\\\/www.vydence.com\\\/pt-br\\\/#\\\/schema\\\/person\\\/d07e11658f9624d2d5344c62489f5fed\",\"name\":\"admin\",\"image\":{\"@type\":\"ImageObject\",\"inLanguage\":\"pt-BR\",\"@id\":\"https:\\\/\\\/secure.gravatar.com\\\/avatar\\\/1625555f260264654c853a64f2eddfbd5d054ef40597af8b97dc8461ef04e355?s=96&d=mm&r=g\",\"url\":\"https:\\\/\\\/secure.gravatar.com\\\/avatar\\\/1625555f260264654c853a64f2eddfbd5d054ef40597af8b97dc8461ef04e355?s=96&d=mm&r=g\",\"contentUrl\":\"https:\\\/\\\/secure.gravatar.com\\\/avatar\\\/1625555f260264654c853a64f2eddfbd5d054ef40597af8b97dc8461ef04e355?s=96&d=mm&r=g\",\"caption\":\"admin\"},\"sameAs\":[\"https:\\\/\\\/www.vydence.com\"],\"url\":\"https:\\\/\\\/www.vydence.com\\\/pt-br\\\/author\\\/ericknc\\\/\"}]}<\/script>\n<!-- \/ Yoast SEO Premium plugin. -->","yoast_head_json":{"title":"Conhe\u00e7a as doen\u00e7as que causam queda de cabelo - VYDENCE","description":"Desconfia que alguma doen\u00e7a esteja fazendo seu cabelo cair muito? Saiba quais s\u00e3o as doen\u00e7as que causam queda de cabelo e quais as op\u00e7\u00f5es de tratamento em cada caso","robots":{"index":"index","follow":"follow","max-snippet":"max-snippet:-1","max-image-preview":"max-image-preview:large","max-video-preview":"max-video-preview:-1"},"canonical":"https:\/\/www.vydence.com\/pt-br\/doencas-que-causam-queda-de-cabelo\/","og_locale":"pt_BR","og_type":"article","og_title":"Conhe\u00e7a as doen\u00e7as que causam queda de cabelo","og_description":"Desconfia que alguma doen\u00e7a esteja fazendo seu cabelo cair muito? Saiba quais s\u00e3o as doen\u00e7as que causam queda de cabelo e quais as op\u00e7\u00f5es de tratamento em cada caso","og_url":"https:\/\/www.vydence.com\/pt-br\/doencas-que-causam-queda-de-cabelo\/","og_site_name":"VYDENCE","article_publisher":"https:\/\/www.facebook.com\/VYDENCE","article_published_time":"2018-06-28T11:25:56+00:00","og_image":[{"width":1280,"height":854,"url":"https:\/\/www.vydence.com\/wp-content\/uploads\/2018\/07\/doencas-que-causam-queda-de-cabelo.png","type":"image\/png"}],"author":"admin","twitter_card":"summary_large_image","twitter_misc":{"Escrito por":"admin","Est. tempo de leitura":"3 minutos"},"schema":{"@context":"https:\/\/schema.org","@graph":[{"@type":"Article","@id":"https:\/\/www.vydence.com\/pt-br\/doencas-que-causam-queda-de-cabelo\/#article","isPartOf":{"@id":"https:\/\/www.vydence.com\/pt-br\/doencas-que-causam-queda-de-cabelo\/"},"author":{"name":"admin","@id":"https:\/\/www.vydence.com\/pt-br\/#\/schema\/person\/d07e11658f9624d2d5344c62489f5fed"},"headline":"Conhe\u00e7a as doen\u00e7as que causam queda de cabelo","datePublished":"2018-06-28T11:25:56+00:00","mainEntityOfPage":{"@id":"https:\/\/www.vydence.com\/pt-br\/doencas-que-causam-queda-de-cabelo\/"},"wordCount":647,"commentCount":0,"publisher":{"@id":"https:\/\/www.vydence.com\/pt-br\/#organization"},"image":{"@id":"https:\/\/www.vydence.com\/pt-br\/doencas-que-causam-queda-de-cabelo\/#primaryimage"},"thumbnailUrl":"https:\/\/www.vydence.com\/wp-content\/uploads\/2018\/07\/doencas-que-causam-queda-de-cabelo.png","keywords":["queda de cabelo"],"articleSection":["Transplante capilar","Tricologia"],"inLanguage":"pt-BR","potentialAction":[{"@type":"CommentAction","name":"Comment","target":["https:\/\/www.vydence.com\/pt-br\/doencas-que-causam-queda-de-cabelo\/#respond"]}]},{"@type":"WebPage","@id":"https:\/\/www.vydence.com\/pt-br\/doencas-que-causam-queda-de-cabelo\/","url":"https:\/\/www.vydence.com\/pt-br\/doencas-que-causam-queda-de-cabelo\/","name":"Conhe\u00e7a as doen\u00e7as que causam queda de cabelo - VYDENCE","isPartOf":{"@id":"https:\/\/www.vydence.com\/pt-br\/#website"},"primaryImageOfPage":{"@id":"https:\/\/www.vydence.com\/pt-br\/doencas-que-causam-queda-de-cabelo\/#primaryimage"},"image":{"@id":"https:\/\/www.vydence.com\/pt-br\/doencas-que-causam-queda-de-cabelo\/#primaryimage"},"thumbnailUrl":"https:\/\/www.vydence.com\/wp-content\/uploads\/2018\/07\/doencas-que-causam-queda-de-cabelo.png","datePublished":"2018-06-28T11:25:56+00:00","description":"Desconfia que alguma doen\u00e7a esteja fazendo seu cabelo cair muito? Saiba quais s\u00e3o as doen\u00e7as que causam queda de cabelo e quais as op\u00e7\u00f5es de tratamento em cada caso","breadcrumb":{"@id":"https:\/\/www.vydence.com\/pt-br\/doencas-que-causam-queda-de-cabelo\/#breadcrumb"},"inLanguage":"pt-BR","potentialAction":[{"@type":"ReadAction","target":["https:\/\/www.vydence.com\/pt-br\/doencas-que-causam-queda-de-cabelo\/"]}]},{"@type":"ImageObject","inLanguage":"pt-BR","@id":"https:\/\/www.vydence.com\/pt-br\/doencas-que-causam-queda-de-cabelo\/#primaryimage","url":"https:\/\/www.vydence.com\/wp-content\/uploads\/2018\/07\/doencas-que-causam-queda-de-cabelo.png","contentUrl":"https:\/\/www.vydence.com\/wp-content\/uploads\/2018\/07\/doencas-que-causam-queda-de-cabelo.png","width":1280,"height":854,"caption":"Doen\u00e7as que causam queda de cabelo"},{"@type":"BreadcrumbList","@id":"https:\/\/www.vydence.com\/pt-br\/doencas-que-causam-queda-de-cabelo\/#breadcrumb","itemListElement":[{"@type":"ListItem","position":1,"name":"In\u00edcio","item":"https:\/\/www.vydence.com\/pt-br\/"},{"@type":"ListItem","position":2,"name":"Conhe\u00e7a as doen\u00e7as que causam queda de cabelo"}]},{"@type":"WebSite","@id":"https:\/\/www.vydence.com\/pt-br\/#website","url":"https:\/\/www.vydence.com\/pt-br\/","name":"VYDENCE","description":"","publisher":{"@id":"https:\/\/www.vydence.com\/pt-br\/#organization"},"potentialAction":[{"@type":"SearchAction","target":{"@type":"EntryPoint","urlTemplate":"https:\/\/www.vydence.com\/pt-br\/?s={search_term_string}"},"query-input":{"@type":"PropertyValueSpecification","valueRequired":true,"valueName":"search_term_string"}}],"inLanguage":"pt-BR"},{"@type":"Organization","@id":"https:\/\/www.vydence.com\/pt-br\/#organization","name":"VYDENCE","url":"https:\/\/www.vydence.com\/pt-br\/","logo":{"@type":"ImageObject","inLanguage":"pt-BR","@id":"https:\/\/www.vydence.com\/pt-br\/#\/schema\/logo\/image\/","url":"https:\/\/www.vydence.com\/wp-content\/uploads\/2024\/11\/Logo.svg","contentUrl":"https:\/\/www.vydence.com\/wp-content\/uploads\/2024\/11\/Logo.svg","width":149,"height":40,"caption":"VYDENCE"},"image":{"@id":"https:\/\/www.vydence.com\/pt-br\/#\/schema\/logo\/image\/"},"sameAs":["https:\/\/www.facebook.com\/VYDENCE"]},{"@type":"Person","@id":"https:\/\/www.vydence.com\/pt-br\/#\/schema\/person\/d07e11658f9624d2d5344c62489f5fed","name":"admin","image":{"@type":"ImageObject","inLanguage":"pt-BR","@id":"https:\/\/secure.gravatar.com\/avatar\/1625555f260264654c853a64f2eddfbd5d054ef40597af8b97dc8461ef04e355?s=96&d=mm&r=g","url":"https:\/\/secure.gravatar.com\/avatar\/1625555f260264654c853a64f2eddfbd5d054ef40597af8b97dc8461ef04e355?s=96&d=mm&r=g","contentUrl":"https:\/\/secure.gravatar.com\/avatar\/1625555f260264654c853a64f2eddfbd5d054ef40597af8b97dc8461ef04e355?s=96&d=mm&r=g","caption":"admin"},"sameAs":["https:\/\/www.vydence.com"],"url":"https:\/\/www.vydence.com\/pt-br\/author\/ericknc\/"}]}},"_links":{"self":[{"href":"https:\/\/www.vydence.com\/pt-br\/wp-json\/wp\/v2\/posts\/122","targetHints":{"allow":["GET"]}}],"collection":[{"href":"https:\/\/www.vydence.com\/pt-br\/wp-json\/wp\/v2\/posts"}],"about":[{"href":"https:\/\/www.vydence.com\/pt-br\/wp-json\/wp\/v2\/types\/post"}],"author":[{"embeddable":true,"href":"https:\/\/www.vydence.com\/pt-br\/wp-json\/wp\/v2\/users\/1"}],"replies":[{"embeddable":true,"href":"https:\/\/www.vydence.com\/pt-br\/wp-json\/wp\/v2\/comments?post=122"}],"version-history":[{"count":0,"href":"https:\/\/www.vydence.com\/pt-br\/wp-json\/wp\/v2\/posts\/122\/revisions"}],"wp:featuredmedia":[{"embeddable":true,"href":"https:\/\/www.vydence.com\/pt-br\/wp-json\/wp\/v2\/media\/19293"}],"wp:attachment":[{"href":"https:\/\/www.vydence.com\/pt-br\/wp-json\/wp\/v2\/media?parent=122"}],"wp:term":[{"taxonomy":"category","embeddable":true,"href":"https:\/\/www.vydence.com\/pt-br\/wp-json\/wp\/v2\/categories?post=122"},{"taxonomy":"post_tag","embeddable":true,"href":"https:\/\/www.vydence.com\/pt-br\/wp-json\/wp\/v2\/tags?post=122"}],"curies":[{"name":"wp","href":"https:\/\/api.w.org\/{rel}","templated":true}]}}