{"id":11814,"date":"2017-07-03T17:03:11","date_gmt":"2017-07-03T17:03:11","guid":{"rendered":"http:\/\/www.tratamentointimo.com.br\/?p=11814"},"modified":"2017-07-03T17:03:11","modified_gmt":"2017-07-03T17:03:11","slug":"flacidez-na-regiao-intima","status":"publish","type":"post","link":"https:\/\/www.vydence.com\/pt-br\/flacidez-na-regiao-intima\/","title":{"rendered":"Flacidez na Regi\u00e3o \u00edntima: Como tratar"},"content":{"rendered":"<p><span style=\"font-weight: 400;\">Cada vez mais a mulher conhece o pr\u00f3prio corpo, nota as mudan\u00e7as e procura estar bem consigo mesma. Conforme a idade avan\u00e7a, o corpo muda em todos os aspectos, incluindo o aspecto \u00edntimo. A flacidez na regi\u00e3o \u00edntima \u00e9 comum em mulheres com mais de 40 anos ou prestes a entrar na menopausa. Esse \u00e9 um dos principais motivos de constrangimento, por isso, a busca por tratamentos tem sido cada vez maior.<\/span><\/p>\n<p><span style=\"font-weight: 400;\">A boa not\u00edcia \u00e9 que existem tratamentos espec\u00edficos para cada caso. Entenda as principais causas e os tratamentos mais indicados para flacidez na regi\u00e3o \u00edntima.<\/span><\/p>\n<h2><b>Principais causas da flacidez na regi\u00e3o \u00edntima<\/b><\/h2>\n<p><span style=\"font-weight: 400;\">Com o passar do tempo, a pele do corpo enruga e perde umidade. O mesmo ocorre com a regi\u00e3o \u00edntima feminina. Trata-se de um processo natural, imposs\u00edvel de ser evitado.<\/span><\/p>\n<p><span style=\"font-weight: 400;\">Na idade avan\u00e7ada, h\u00e1 significativa absor\u00e7\u00e3o da gordura dos grandes l\u00e1bios, tornando a pele fl\u00e1cida e com rugas. Outros fatores externos tamb\u00e9m podem contribuir para a flacidez na regi\u00e3o \u00edntima. Confira:<\/span><\/p>\n<ul>\n<li style=\"font-weight: 400;\"><span style=\"font-weight: 400;\">Queda do estrog\u00eanio;<\/span><\/li>\n<li style=\"font-weight: 400;\"><span style=\"font-weight: 400;\">Sedentarismo;<\/span><\/li>\n<li style=\"font-weight: 400;\"><span style=\"font-weight: 400;\">Tabagismo;<\/span><\/li>\n<li style=\"font-weight: 400;\"><span style=\"font-weight: 400;\">M\u00faltiplos partos;<\/span><\/li>\n<li style=\"font-weight: 400;\"><span style=\"font-weight: 400;\">Mulheres que se recuperam de cirurgia bari\u00e1trica, por conta da dr\u00e1stica perda de peso;<\/span><\/li>\n<li style=\"font-weight: 400;\"><span style=\"font-weight: 400;\">Atletas de alta performance, fisiculturistas e ciclistas. \u00a0<\/span><\/li>\n<\/ul>\n<p>&nbsp;<\/p>\n<h2><b>Tratamentos para flacidez na regi\u00e3o \u00edntima<\/b><\/h2>\n<p><span style=\"font-weight: 400;\">Cada mulher possui um grau de flacidez com caracter\u00edsticas espec\u00edficas. \u00c9 necess\u00e1rio procurar um m\u00e9dico para que ele avalie e realize um diagn\u00f3stico. Os procedimentos mais comuns para tratamento s\u00e3o:<\/span><\/p>\n<h3><b>Fisioterapia<\/b><\/h3>\n<p><span style=\"font-weight: 400;\">Muitas mulheres n\u00e3o fazem por preconceito, mas, para adquirir a consci\u00eancia da musculatura, a fisioterapia \u00e9 altamente indicada. Existe um treinamento chamado biofeedback, realizado com instrumentos que monitoram a contra\u00e7\u00e3o muscular. Voc\u00ea conta com o acompanhamento de um profissional e tamb\u00e9m realiza exerc\u00edcios em casa.<\/span><\/p>\n<h3><b>Cirurgia pl\u00e1stica \u00edntima<\/b><\/h3>\n<p><span style=\"font-weight: 400;\">Essa \u00e9 a op\u00e7\u00e3o mais radical. A redu\u00e7\u00e3o dos grandes l\u00e1bios vaginais consiste em corrigir e restabelecer a fun\u00e7\u00e3o do \u00f3rg\u00e3o prejudicado.<\/span><\/p>\n<p><span style=\"font-weight: 400;\">Nesse caso, \u00e9 realizada a reconstru\u00e7\u00e3o e o aumento dos grandes l\u00e1bios, tratando a flacidez e demais deformidades. O enxerto pode ser feito utilizando material natural, sint\u00e9tico ou misto.<\/span><\/p>\n<p><span style=\"font-weight: 400;\">Al\u00e9m de fazer o preenchimento e reposi\u00e7\u00e3o do volume, ainda estimula a produ\u00e7\u00e3o de col\u00e1geno.<\/span><\/p>\n<h3><b>Tratamento a LASER<\/b><\/h3>\n<p><span style=\"font-weight: 400;\">O tratamento a LASER acaba sendo o caminho do meio, pois n\u00e3o \u00e9 t\u00e3o demorado e incerto quanto a fisioterapia nem t\u00e3o radical quanto a cirurgia. A t\u00e9cnica a LASER visa a melhora do col\u00e1geno, da elasticidade e da textura da pele. Al\u00e9m disso, \u00e9 indolor para a maioria das pacientes e possui um p\u00f3s-cir\u00fargico excelente. Minimamente invasivo, apresenta resultados cientificamente comprovados e altamente satisfat\u00f3rios em poucas sess\u00f5es que s\u00e3o acordadas previamente com o m\u00e9dico.<\/span><\/p>\n<p><span style=\"font-weight: 400;\">A novidade no mercado \u00e9 o LASER ATHENA<\/span><span style=\"font-weight: 400;\">\u00ae<\/span><span style=\"font-weight: 400;\">, que oferece um procedimento r\u00e1pido, virtualmente indolor e sem efeitos colaterais.<\/span><\/p>\n<p><span style=\"font-weight: 400;\">A flacidez \u00edntima causa transtornos na vida de muitas mulheres, mas, com o avan\u00e7o da medicina, os tratamentos t\u00eam se tornado cada vez mais acess\u00edveis e eficazes. Estar bem consigo mesma \u00e9 a melhor sensa\u00e7\u00e3o que se pode ter, n\u00e3o \u00e9 mesmo?<\/span><\/p>\n<p><span style=\"font-weight: 400;\">Ent\u00e3o confira nosso artigo sobre a <\/span><a href=\"https:\/\/tratamentosalaser.com.br\/laser-athena\/\"><span style=\"font-weight: 400;\">Ponteira ATHENA\u00ae, de ETHEREA-MX\u00ae: Um novo conceito de rejuvenescimento \u00edntimo.<\/span><\/a><\/p>\n<p><a href=\"https:\/\/tratamentosalaser.com.br\/wp-content\/uploads\/2017\/09\/5-pontos-para-saber-se-voce%CC%82-precisa-de-tratamento-i%CC%81ntimo.pdf\"><img loading=\"lazy\" decoding=\"async\" class=\"aligncenter  wp-image-12736\" src=\"https:\/\/www.vydence.com\/wp-content\/uploads\/2017\/06\/cta-tratamento-intimo.png\" alt=\"Tratamento \u00cdntimo a Laser - Rejuvenescimento \u00cdntimo\" width=\"600\" height=\"176\" srcset=\"https:\/\/www.vydence.com\/wp-content\/uploads\/2017\/06\/cta-tratamento-intimo.png 600w, https:\/\/www.vydence.com\/wp-content\/uploads\/2017\/06\/cta-tratamento-intimo-480x141.png 480w\" sizes=\"(min-width: 0px) and (max-width: 480px) 480px, (min-width: 481px) 600px, 100vw\" \/><\/a><\/p>\n","protected":false},"excerpt":{"rendered":"<p>Cada vez mais a mulher conhece o pr\u00f3prio corpo, nota as mudan\u00e7as e procura estar bem consigo mesma. Conforme a idade avan\u00e7a, o corpo muda em todos os aspectos, incluindo o aspecto \u00edntimo. A flacidez na regi\u00e3o \u00edntima \u00e9 comum em mulheres com mais de 40 anos ou prestes a entrar na menopausa. Esse \u00e9 [&hellip;]<\/p>\n","protected":false},"author":4,"featured_media":11815,"comment_status":"open","ping_status":"open","sticky":false,"template":"","format":"standard","meta":{"_et_pb_use_builder":"","_et_pb_old_content":"","_et_gb_content_width":"","inline_featured_image":false,"footnotes":""},"categories":[98],"tags":[88,94],"class_list":["post-11814","post","type-post","status-publish","format-standard","has-post-thumbnail","hentry","category-flacidez-vaginal","tag-laser-athena","tag-vagina"],"yoast_head":"<!-- This site is optimized with the Yoast SEO Premium plugin v27.1 (Yoast SEO v27.4) - https:\/\/yoast.com\/product\/yoast-seo-premium-wordpress\/ -->\n<title>Flacidez na Regi\u00e3o \u00edntima: Como tratar - Tratamento \u00cdntimo<\/title>\n<meta name=\"description\" content=\"Entenda mais sobre o que \u00e9 a flacidez na regi\u00e3o \u00edntima e quais s\u00e3o as formas de tratar. Fique por dentro das novidades do tratamento \u00edntimo feminino.\" \/>\n<meta name=\"robots\" content=\"index, follow, max-snippet:-1, max-image-preview:large, max-video-preview:-1\" \/>\n<link rel=\"canonical\" href=\"https:\/\/www.vydence.com\/pt-br\/flacidez-na-regiao-intima\/\" \/>\n<meta property=\"og:locale\" content=\"pt_BR\" \/>\n<meta property=\"og:type\" content=\"article\" \/>\n<meta property=\"og:title\" content=\"Flacidez na Regi\u00e3o \u00edntima: Como tratar\" \/>\n<meta property=\"og:description\" content=\"Entenda mais sobre o que \u00e9 a flacidez na regi\u00e3o \u00edntima e quais s\u00e3o as formas de tratar. Fique por dentro das novidades do tratamento \u00edntimo feminino.\" \/>\n<meta property=\"og:url\" content=\"https:\/\/www.vydence.com\/pt-br\/flacidez-na-regiao-intima\/\" \/>\n<meta property=\"og:site_name\" content=\"VYDENCE\" \/>\n<meta property=\"article:publisher\" content=\"https:\/\/www.facebook.com\/VYDENCE\" \/>\n<meta property=\"article:published_time\" content=\"2017-07-03T17:03:11+00:00\" \/>\n<meta property=\"og:image\" content=\"https:\/\/www.vydence.com\/wp-content\/uploads\/2017\/07\/Flacidez-na-Regiao-intima-Como-tratar.jpg\" \/>\n\t<meta property=\"og:image:width\" content=\"2000\" \/>\n\t<meta property=\"og:image:height\" content=\"1331\" \/>\n\t<meta property=\"og:image:type\" content=\"image\/jpeg\" \/>\n<meta name=\"author\" content=\"Dra. Val\u00e9ria do Lago Pareja Guerra\" \/>\n<meta name=\"twitter:card\" content=\"summary_large_image\" \/>\n<meta name=\"twitter:label1\" content=\"Escrito por\" \/>\n\t<meta name=\"twitter:data1\" content=\"Dra. Val\u00e9ria do Lago Pareja Guerra\" \/>\n\t<meta name=\"twitter:label2\" content=\"Est. tempo de leitura\" \/>\n\t<meta name=\"twitter:data2\" content=\"3 minutos\" \/>\n<script type=\"application\/ld+json\" class=\"yoast-schema-graph\">{\"@context\":\"https:\\\/\\\/schema.org\",\"@graph\":[{\"@type\":\"Article\",\"@id\":\"https:\\\/\\\/www.vydence.com\\\/pt-br\\\/flacidez-na-regiao-intima\\\/#article\",\"isPartOf\":{\"@id\":\"https:\\\/\\\/www.vydence.com\\\/pt-br\\\/flacidez-na-regiao-intima\\\/\"},\"author\":{\"name\":\"Dra. Val\u00e9ria do Lago Pareja Guerra\",\"@id\":\"https:\\\/\\\/www.vydence.com\\\/pt-br\\\/#\\\/schema\\\/person\\\/83ea88088930b3e7498d74eba14b2053\"},\"headline\":\"Flacidez na Regi\u00e3o \u00edntima: Como tratar\",\"datePublished\":\"2017-07-03T17:03:11+00:00\",\"mainEntityOfPage\":{\"@id\":\"https:\\\/\\\/www.vydence.com\\\/pt-br\\\/flacidez-na-regiao-intima\\\/\"},\"wordCount\":558,\"commentCount\":0,\"publisher\":{\"@id\":\"https:\\\/\\\/www.vydence.com\\\/pt-br\\\/#organization\"},\"image\":{\"@id\":\"https:\\\/\\\/www.vydence.com\\\/pt-br\\\/flacidez-na-regiao-intima\\\/#primaryimage\"},\"thumbnailUrl\":\"https:\\\/\\\/www.vydence.com\\\/wp-content\\\/uploads\\\/2017\\\/07\\\/Flacidez-na-Regiao-intima-Como-tratar.jpg\",\"keywords\":[\"laser athena\",\"vagina\"],\"articleSection\":[\"Flacidez vaginal\"],\"inLanguage\":\"pt-BR\",\"potentialAction\":[{\"@type\":\"CommentAction\",\"name\":\"Comment\",\"target\":[\"https:\\\/\\\/www.vydence.com\\\/pt-br\\\/flacidez-na-regiao-intima\\\/#respond\"]}]},{\"@type\":\"WebPage\",\"@id\":\"https:\\\/\\\/www.vydence.com\\\/pt-br\\\/flacidez-na-regiao-intima\\\/\",\"url\":\"https:\\\/\\\/www.vydence.com\\\/pt-br\\\/flacidez-na-regiao-intima\\\/\",\"name\":\"Flacidez na Regi\u00e3o \u00edntima: Como tratar - Tratamento \u00cdntimo\",\"isPartOf\":{\"@id\":\"https:\\\/\\\/www.vydence.com\\\/pt-br\\\/#website\"},\"primaryImageOfPage\":{\"@id\":\"https:\\\/\\\/www.vydence.com\\\/pt-br\\\/flacidez-na-regiao-intima\\\/#primaryimage\"},\"image\":{\"@id\":\"https:\\\/\\\/www.vydence.com\\\/pt-br\\\/flacidez-na-regiao-intima\\\/#primaryimage\"},\"thumbnailUrl\":\"https:\\\/\\\/www.vydence.com\\\/wp-content\\\/uploads\\\/2017\\\/07\\\/Flacidez-na-Regiao-intima-Como-tratar.jpg\",\"datePublished\":\"2017-07-03T17:03:11+00:00\",\"description\":\"Entenda mais sobre o que \u00e9 a flacidez na regi\u00e3o \u00edntima e quais s\u00e3o as formas de tratar. Fique por dentro das novidades do tratamento \u00edntimo feminino.\",\"breadcrumb\":{\"@id\":\"https:\\\/\\\/www.vydence.com\\\/pt-br\\\/flacidez-na-regiao-intima\\\/#breadcrumb\"},\"inLanguage\":\"pt-BR\",\"potentialAction\":[{\"@type\":\"ReadAction\",\"target\":[\"https:\\\/\\\/www.vydence.com\\\/pt-br\\\/flacidez-na-regiao-intima\\\/\"]}]},{\"@type\":\"ImageObject\",\"inLanguage\":\"pt-BR\",\"@id\":\"https:\\\/\\\/www.vydence.com\\\/pt-br\\\/flacidez-na-regiao-intima\\\/#primaryimage\",\"url\":\"https:\\\/\\\/www.vydence.com\\\/wp-content\\\/uploads\\\/2017\\\/07\\\/Flacidez-na-Regiao-intima-Como-tratar.jpg\",\"contentUrl\":\"https:\\\/\\\/www.vydence.com\\\/wp-content\\\/uploads\\\/2017\\\/07\\\/Flacidez-na-Regiao-intima-Como-tratar.jpg\",\"width\":2000,\"height\":1331,\"caption\":\"Flacidez na Regi\u00e3o \u00edntima: Como tratar\"},{\"@type\":\"BreadcrumbList\",\"@id\":\"https:\\\/\\\/www.vydence.com\\\/pt-br\\\/flacidez-na-regiao-intima\\\/#breadcrumb\",\"itemListElement\":[{\"@type\":\"ListItem\",\"position\":1,\"name\":\"In\u00edcio\",\"item\":\"https:\\\/\\\/www.vydence.com\\\/pt-br\\\/\"},{\"@type\":\"ListItem\",\"position\":2,\"name\":\"Flacidez na Regi\u00e3o \u00edntima: Como tratar\"}]},{\"@type\":\"WebSite\",\"@id\":\"https:\\\/\\\/www.vydence.com\\\/pt-br\\\/#website\",\"url\":\"https:\\\/\\\/www.vydence.com\\\/pt-br\\\/\",\"name\":\"VYDENCE\",\"description\":\"\",\"publisher\":{\"@id\":\"https:\\\/\\\/www.vydence.com\\\/pt-br\\\/#organization\"},\"potentialAction\":[{\"@type\":\"SearchAction\",\"target\":{\"@type\":\"EntryPoint\",\"urlTemplate\":\"https:\\\/\\\/www.vydence.com\\\/pt-br\\\/?s={search_term_string}\"},\"query-input\":{\"@type\":\"PropertyValueSpecification\",\"valueRequired\":true,\"valueName\":\"search_term_string\"}}],\"inLanguage\":\"pt-BR\"},{\"@type\":\"Organization\",\"@id\":\"https:\\\/\\\/www.vydence.com\\\/pt-br\\\/#organization\",\"name\":\"VYDENCE\",\"url\":\"https:\\\/\\\/www.vydence.com\\\/pt-br\\\/\",\"logo\":{\"@type\":\"ImageObject\",\"inLanguage\":\"pt-BR\",\"@id\":\"https:\\\/\\\/www.vydence.com\\\/pt-br\\\/#\\\/schema\\\/logo\\\/image\\\/\",\"url\":\"https:\\\/\\\/www.vydence.com\\\/wp-content\\\/uploads\\\/2024\\\/11\\\/Logo.svg\",\"contentUrl\":\"https:\\\/\\\/www.vydence.com\\\/wp-content\\\/uploads\\\/2024\\\/11\\\/Logo.svg\",\"width\":149,\"height\":40,\"caption\":\"VYDENCE\"},\"image\":{\"@id\":\"https:\\\/\\\/www.vydence.com\\\/pt-br\\\/#\\\/schema\\\/logo\\\/image\\\/\"},\"sameAs\":[\"https:\\\/\\\/www.facebook.com\\\/VYDENCE\"]},{\"@type\":\"Person\",\"@id\":\"https:\\\/\\\/www.vydence.com\\\/pt-br\\\/#\\\/schema\\\/person\\\/83ea88088930b3e7498d74eba14b2053\",\"name\":\"Dra. Val\u00e9ria do Lago Pareja Guerra\",\"image\":{\"@type\":\"ImageObject\",\"inLanguage\":\"pt-BR\",\"@id\":\"https:\\\/\\\/secure.gravatar.com\\\/avatar\\\/a9b1db3edec26d5a7d35ae2ba9ebfc07ea4a90748de10adc77ef64b204bf392e?s=96&d=mm&r=g\",\"url\":\"https:\\\/\\\/secure.gravatar.com\\\/avatar\\\/a9b1db3edec26d5a7d35ae2ba9ebfc07ea4a90748de10adc77ef64b204bf392e?s=96&d=mm&r=g\",\"contentUrl\":\"https:\\\/\\\/secure.gravatar.com\\\/avatar\\\/a9b1db3edec26d5a7d35ae2ba9ebfc07ea4a90748de10adc77ef64b204bf392e?s=96&d=mm&r=g\",\"caption\":\"Dra. Val\u00e9ria do Lago Pareja Guerra\"},\"url\":\"https:\\\/\\\/www.vydence.com\\\/pt-br\\\/author\\\/valeria\\\/\"}]}<\/script>\n<!-- \/ Yoast SEO Premium plugin. -->","yoast_head_json":{"title":"Flacidez na Regi\u00e3o \u00edntima: Como tratar - Tratamento \u00cdntimo","description":"Entenda mais sobre o que \u00e9 a flacidez na regi\u00e3o \u00edntima e quais s\u00e3o as formas de tratar. Fique por dentro das novidades do tratamento \u00edntimo feminino.","robots":{"index":"index","follow":"follow","max-snippet":"max-snippet:-1","max-image-preview":"max-image-preview:large","max-video-preview":"max-video-preview:-1"},"canonical":"https:\/\/www.vydence.com\/pt-br\/flacidez-na-regiao-intima\/","og_locale":"pt_BR","og_type":"article","og_title":"Flacidez na Regi\u00e3o \u00edntima: Como tratar","og_description":"Entenda mais sobre o que \u00e9 a flacidez na regi\u00e3o \u00edntima e quais s\u00e3o as formas de tratar. Fique por dentro das novidades do tratamento \u00edntimo feminino.","og_url":"https:\/\/www.vydence.com\/pt-br\/flacidez-na-regiao-intima\/","og_site_name":"VYDENCE","article_publisher":"https:\/\/www.facebook.com\/VYDENCE","article_published_time":"2017-07-03T17:03:11+00:00","og_image":[{"width":2000,"height":1331,"url":"https:\/\/www.vydence.com\/wp-content\/uploads\/2017\/07\/Flacidez-na-Regiao-intima-Como-tratar.jpg","type":"image\/jpeg"}],"author":"Dra. Val\u00e9ria do Lago Pareja Guerra","twitter_card":"summary_large_image","twitter_misc":{"Escrito por":"Dra. Val\u00e9ria do Lago Pareja Guerra","Est. tempo de leitura":"3 minutos"},"schema":{"@context":"https:\/\/schema.org","@graph":[{"@type":"Article","@id":"https:\/\/www.vydence.com\/pt-br\/flacidez-na-regiao-intima\/#article","isPartOf":{"@id":"https:\/\/www.vydence.com\/pt-br\/flacidez-na-regiao-intima\/"},"author":{"name":"Dra. Val\u00e9ria do Lago Pareja Guerra","@id":"https:\/\/www.vydence.com\/pt-br\/#\/schema\/person\/83ea88088930b3e7498d74eba14b2053"},"headline":"Flacidez na Regi\u00e3o \u00edntima: Como tratar","datePublished":"2017-07-03T17:03:11+00:00","mainEntityOfPage":{"@id":"https:\/\/www.vydence.com\/pt-br\/flacidez-na-regiao-intima\/"},"wordCount":558,"commentCount":0,"publisher":{"@id":"https:\/\/www.vydence.com\/pt-br\/#organization"},"image":{"@id":"https:\/\/www.vydence.com\/pt-br\/flacidez-na-regiao-intima\/#primaryimage"},"thumbnailUrl":"https:\/\/www.vydence.com\/wp-content\/uploads\/2017\/07\/Flacidez-na-Regiao-intima-Como-tratar.jpg","keywords":["laser athena","vagina"],"articleSection":["Flacidez vaginal"],"inLanguage":"pt-BR","potentialAction":[{"@type":"CommentAction","name":"Comment","target":["https:\/\/www.vydence.com\/pt-br\/flacidez-na-regiao-intima\/#respond"]}]},{"@type":"WebPage","@id":"https:\/\/www.vydence.com\/pt-br\/flacidez-na-regiao-intima\/","url":"https:\/\/www.vydence.com\/pt-br\/flacidez-na-regiao-intima\/","name":"Flacidez na Regi\u00e3o \u00edntima: Como tratar - Tratamento \u00cdntimo","isPartOf":{"@id":"https:\/\/www.vydence.com\/pt-br\/#website"},"primaryImageOfPage":{"@id":"https:\/\/www.vydence.com\/pt-br\/flacidez-na-regiao-intima\/#primaryimage"},"image":{"@id":"https:\/\/www.vydence.com\/pt-br\/flacidez-na-regiao-intima\/#primaryimage"},"thumbnailUrl":"https:\/\/www.vydence.com\/wp-content\/uploads\/2017\/07\/Flacidez-na-Regiao-intima-Como-tratar.jpg","datePublished":"2017-07-03T17:03:11+00:00","description":"Entenda mais sobre o que \u00e9 a flacidez na regi\u00e3o \u00edntima e quais s\u00e3o as formas de tratar. Fique por dentro das novidades do tratamento \u00edntimo feminino.","breadcrumb":{"@id":"https:\/\/www.vydence.com\/pt-br\/flacidez-na-regiao-intima\/#breadcrumb"},"inLanguage":"pt-BR","potentialAction":[{"@type":"ReadAction","target":["https:\/\/www.vydence.com\/pt-br\/flacidez-na-regiao-intima\/"]}]},{"@type":"ImageObject","inLanguage":"pt-BR","@id":"https:\/\/www.vydence.com\/pt-br\/flacidez-na-regiao-intima\/#primaryimage","url":"https:\/\/www.vydence.com\/wp-content\/uploads\/2017\/07\/Flacidez-na-Regiao-intima-Como-tratar.jpg","contentUrl":"https:\/\/www.vydence.com\/wp-content\/uploads\/2017\/07\/Flacidez-na-Regiao-intima-Como-tratar.jpg","width":2000,"height":1331,"caption":"Flacidez na Regi\u00e3o \u00edntima: Como tratar"},{"@type":"BreadcrumbList","@id":"https:\/\/www.vydence.com\/pt-br\/flacidez-na-regiao-intima\/#breadcrumb","itemListElement":[{"@type":"ListItem","position":1,"name":"In\u00edcio","item":"https:\/\/www.vydence.com\/pt-br\/"},{"@type":"ListItem","position":2,"name":"Flacidez na Regi\u00e3o \u00edntima: Como tratar"}]},{"@type":"WebSite","@id":"https:\/\/www.vydence.com\/pt-br\/#website","url":"https:\/\/www.vydence.com\/pt-br\/","name":"VYDENCE","description":"","publisher":{"@id":"https:\/\/www.vydence.com\/pt-br\/#organization"},"potentialAction":[{"@type":"SearchAction","target":{"@type":"EntryPoint","urlTemplate":"https:\/\/www.vydence.com\/pt-br\/?s={search_term_string}"},"query-input":{"@type":"PropertyValueSpecification","valueRequired":true,"valueName":"search_term_string"}}],"inLanguage":"pt-BR"},{"@type":"Organization","@id":"https:\/\/www.vydence.com\/pt-br\/#organization","name":"VYDENCE","url":"https:\/\/www.vydence.com\/pt-br\/","logo":{"@type":"ImageObject","inLanguage":"pt-BR","@id":"https:\/\/www.vydence.com\/pt-br\/#\/schema\/logo\/image\/","url":"https:\/\/www.vydence.com\/wp-content\/uploads\/2024\/11\/Logo.svg","contentUrl":"https:\/\/www.vydence.com\/wp-content\/uploads\/2024\/11\/Logo.svg","width":149,"height":40,"caption":"VYDENCE"},"image":{"@id":"https:\/\/www.vydence.com\/pt-br\/#\/schema\/logo\/image\/"},"sameAs":["https:\/\/www.facebook.com\/VYDENCE"]},{"@type":"Person","@id":"https:\/\/www.vydence.com\/pt-br\/#\/schema\/person\/83ea88088930b3e7498d74eba14b2053","name":"Dra. Val\u00e9ria do Lago Pareja Guerra","image":{"@type":"ImageObject","inLanguage":"pt-BR","@id":"https:\/\/secure.gravatar.com\/avatar\/a9b1db3edec26d5a7d35ae2ba9ebfc07ea4a90748de10adc77ef64b204bf392e?s=96&d=mm&r=g","url":"https:\/\/secure.gravatar.com\/avatar\/a9b1db3edec26d5a7d35ae2ba9ebfc07ea4a90748de10adc77ef64b204bf392e?s=96&d=mm&r=g","contentUrl":"https:\/\/secure.gravatar.com\/avatar\/a9b1db3edec26d5a7d35ae2ba9ebfc07ea4a90748de10adc77ef64b204bf392e?s=96&d=mm&r=g","caption":"Dra. Val\u00e9ria do Lago Pareja Guerra"},"url":"https:\/\/www.vydence.com\/pt-br\/author\/valeria\/"}]}},"_links":{"self":[{"href":"https:\/\/www.vydence.com\/pt-br\/wp-json\/wp\/v2\/posts\/11814","targetHints":{"allow":["GET"]}}],"collection":[{"href":"https:\/\/www.vydence.com\/pt-br\/wp-json\/wp\/v2\/posts"}],"about":[{"href":"https:\/\/www.vydence.com\/pt-br\/wp-json\/wp\/v2\/types\/post"}],"author":[{"embeddable":true,"href":"https:\/\/www.vydence.com\/pt-br\/wp-json\/wp\/v2\/users\/4"}],"replies":[{"embeddable":true,"href":"https:\/\/www.vydence.com\/pt-br\/wp-json\/wp\/v2\/comments?post=11814"}],"version-history":[{"count":0,"href":"https:\/\/www.vydence.com\/pt-br\/wp-json\/wp\/v2\/posts\/11814\/revisions"}],"wp:featuredmedia":[{"embeddable":true,"href":"https:\/\/www.vydence.com\/pt-br\/wp-json\/wp\/v2\/media\/11815"}],"wp:attachment":[{"href":"https:\/\/www.vydence.com\/pt-br\/wp-json\/wp\/v2\/media?parent=11814"}],"wp:term":[{"taxonomy":"category","embeddable":true,"href":"https:\/\/www.vydence.com\/pt-br\/wp-json\/wp\/v2\/categories?post=11814"},{"taxonomy":"post_tag","embeddable":true,"href":"https:\/\/www.vydence.com\/pt-br\/wp-json\/wp\/v2\/tags?post=11814"}],"curies":[{"name":"wp","href":"https:\/\/api.w.org\/{rel}","templated":true}]}}