{"id":101,"date":"2018-06-27T10:31:16","date_gmt":"2018-06-27T13:31:16","guid":{"rendered":"http:\/\/www.artasbr.com.br\/?p=101"},"modified":"2018-06-27T10:31:16","modified_gmt":"2018-06-27T13:31:16","slug":"alopecia-cicatricial","status":"publish","type":"post","link":"https:\/\/www.vydence.com\/pt-br\/alopecia-cicatricial\/","title":{"rendered":"Alopecia cicatricial: confira alternativas para a condi\u00e7\u00e3o que pode tornar a calv\u00edcie irrevers\u00edvel"},"content":{"rendered":"<p><span style=\"font-weight: 400;\">Caso voc\u00ea sofra com a<\/span><a href=\"http:\/\/www.tratamentosalaser.com.br\/queda-de-cabelo-o-que-pode-ser\/\"> <span style=\"font-weight: 400;\">queda de cabelo<\/span><\/a><span style=\"font-weight: 400;\">, \u00e9 poss\u00edvel que suas pesquisas on-line tenham levado voc\u00ea a um termo pouco conhecido popularmente: a <\/span>alopecia cicatricial<span style=\"font-weight: 400;\">.<\/span><\/p>\n<p><span style=\"font-weight: 400;\">A condi\u00e7\u00e3o \u00e9 tida como perigosa porque pode gerar um quadro permanente de calv\u00edcie na pessoa afetada. E \u00e9 por isso que elaboramos este post!<\/span><\/p>\n<p><span style=\"font-weight: 400;\">Ao longo deste conte\u00fado, n\u00f3s vamos explorar o conceito de alopecia cicatricial, como ela afeta a queda de cabelo e como ela se relaciona com a calv\u00edcie. Acompanhe conosco!<\/span><\/p>\n<h2><span style=\"font-weight: 400;\">O que \u00e9 a alopecia cicatricial?<\/span><\/h2>\n<p><span style=\"font-weight: 400;\">A alopecia cicatricial \u00e9 usada para definir um grupo espec\u00edfico de doen\u00e7as raras que \u2014 direta ou indiretamente \u2014 destroem o fol\u00edculo piloso, substituindo-o por um tecido cicatricial.<\/span><\/p>\n<p><span style=\"font-weight: 400;\">Ou seja: os danos podem se tornar permanentes, evitando que<\/span><a href=\"http:\/\/www.tratamentosalaser.com.br\/deixar-o-cabelo-masculino-crescer\/\"> <span style=\"font-weight: 400;\">novos fios cres\u00e7am<\/span><\/a><span style=\"font-weight: 400;\"> na \u00e1rea impactada. Al\u00e9m disso, vale ressaltar que esse dano pode ocorrer de duas maneiras:<\/span><\/p>\n<ul>\n<li style=\"font-weight: 400;\"><span style=\"font-weight: 400;\">gradual, sem sintomas aparentes;<\/span><\/li>\n<li style=\"font-weight: 400;\"><span style=\"font-weight: 400;\">progressiva e rapidamente, acompanhada de um prurido grave, associado tamb\u00e9m \u00e0s sensa\u00e7\u00f5es de dor e ardor.<\/span><\/li>\n<\/ul>\n<p><span style=\"font-weight: 400;\">Outro problema com essa condi\u00e7\u00e3o \u00e9 que, independentemente de sua ocorr\u00eancia, os danos ocorrem abaixo da superf\u00edcie da pele. E a cicatriz, na maioria dos casos, n\u00e3o \u00e9 vis\u00edvel no couro cabeludo. No m\u00e1ximo, alguns quadros que valem a pena se atentar, como:<\/span><\/p>\n<ul>\n<li><span style=\"font-weight: 400;\">sinais de inflama\u00e7\u00e3o;<\/span><\/li>\n<li style=\"font-weight: 400;\"><span style=\"font-weight: 400;\">vermelhid\u00e3o;<\/span><\/li>\n<li style=\"font-weight: 400;\"><span style=\"font-weight: 400;\">descama\u00e7\u00e3o;<\/span><\/li>\n<li style=\"font-weight: 400;\"><span style=\"font-weight: 400;\">p\u00fastulas.<\/span><\/li>\n<\/ul>\n<h2><span style=\"font-weight: 400;\">Como a alopecia cicatricial pode surgir e evoluir?<\/span><\/h2>\n<p><span style=\"font-weight: 400;\">Abaixo, vamos destacar dois tipos de alopecia cicatricial que podem acometer as pessoas:<\/span><\/p>\n<h3><span style=\"font-weight: 400;\">Prim\u00e1ria<\/span><\/h3>\n<p><span style=\"font-weight: 400;\">Pode ser decorrente de processos cong\u00eanitos, autoimunes e inflamat\u00f3rios ou infecciosos. Entre as principais doen\u00e7as causadoras, destacamos:<\/span><\/p>\n<ul>\n<li style=\"font-weight: 400;\"><span style=\"font-weight: 400;\">l\u00fapus;<\/span><\/li>\n<li style=\"font-weight: 400;\"><span style=\"font-weight: 400;\">l\u00edquen;<\/span><\/li>\n<li style=\"font-weight: 400;\"><span style=\"font-weight: 400;\">alopecia frontal fibrosante ou central centr\u00edfuga;<\/span><\/li>\n<li style=\"font-weight: 400;\"><span style=\"font-weight: 400;\">pseudopelada de Brocq;<\/span><\/li>\n<li style=\"font-weight: 400;\"><span style=\"font-weight: 400;\">foliculite (decalvante, em tufos ou queloidiana); dermatose pustular erosiva.<\/span><\/li>\n<\/ul>\n<h3><span style=\"font-weight: 400;\">Secund\u00e1ria<\/span><\/h3>\n<p><span style=\"font-weight: 400;\">Pode surgir em decorr\u00eancia de queimaduras, exposi\u00e7\u00e3o \u00e0 radia\u00e7\u00e3o, traumas, infec\u00e7\u00f5es, tumores ou micoses.<\/span><\/p>\n<h2><span style=\"font-weight: 400;\">H\u00e1 cura ou tratamento para a alopecia cicatricial?<\/span><\/h2>\n<p><span style=\"font-weight: 400;\">Infelizmente, o diagn\u00f3stico precoce \u00e9 fundamental, pois, assim que descoberta a causa, \u00e9 poss\u00edvel interromper ou amenizar os efeitos \u2014 revert\u00ea-lo, n\u00e3o.<\/span><\/p>\n<p><span style=\"font-weight: 400;\">Nessas situa\u00e7\u00f5es, o tratamento contra a alopecia cicatricial nada mais \u00e9 do que o tratamento recomendado para a causa do problema que gerou a condi\u00e7\u00e3o.<\/span><\/p>\n<p><span style=\"font-weight: 400;\">Mas, para amenizar tamb\u00e9m os fol\u00edculos cicatrizados, existem as alternativas comuns para combater a calv\u00edcie, como o<\/span><a href=\"http:\/\/www.tratamentosalaser.com.br\/implante-capilar-preco\/\"> <span style=\"font-weight: 400;\">implante capilar<\/span><\/a><span style=\"font-weight: 400;\">.<\/span><\/p>\n<h3><span style=\"font-weight: 400;\">Homens e mulheres podem ser afetados?<\/span><\/h3>\n<p><span style=\"font-weight: 400;\">Por fim, vale compreender que as alopecias cicatriciais podem, sim, ocorrer em homens e em mulheres. E em todas as idades, j\u00e1 que \u00e9 uma condi\u00e7\u00e3o que pode n\u00e3o estar diretamente associada \u00e0 queda de cabelos.<\/span><\/p>\n<p><span style=\"font-weight: 400;\">Dessa maneira, recomendamos que voc\u00ea visite periodicamente um m\u00e9dico especialista se achar que um quadro de<\/span><a href=\"http:\/\/www.tratamentosalaser.com.br\/cura-da-calvicie\/\"> <span style=\"font-weight: 400;\">calv\u00edcie<\/span><\/a><span style=\"font-weight: 400;\"> est\u00e1 se desenvolvendo no seu couro cabeludo. Por meio de um diagn\u00f3stico profissional, \u00e9 poss\u00edvel at\u00e9 mesmo determinar<\/span><a href=\"http:\/\/www.tratamentosalaser.com.br\/como-saber-se-vou-ficar-careca\/\"> <span style=\"font-weight: 400;\">se a pessoa vai ficar careca<\/span><\/a><span style=\"font-weight: 400;\"> ao longo do tempo, com base na progress\u00e3o da queda de cabelos.<\/span><\/p>\n<p><span style=\"font-weight: 400;\">Agora, para saber mais a respeito de condi\u00e7\u00f5es similares \u00e0 alopecia cicatricial, n\u00e3o deixe de conferir tamb\u00e9m nosso<\/span><a href=\"http:\/\/www.tratamentosalaser.com.br\/alopecia-areata\/\"> <span style=\"font-weight: 400;\">conte\u00fado a respeito da alopecia areata<\/span><\/a><span style=\"font-weight: 400;\">, que tem apar\u00eancia parecida com a condi\u00e7\u00e3o vista neste artigo!<\/span><\/p>\n","protected":false},"excerpt":{"rendered":"<p>Caso voc\u00ea sofra com a queda de cabelo, \u00e9 poss\u00edvel que suas pesquisas on-line tenham levado voc\u00ea a um termo pouco conhecido popularmente: a alopecia cicatricial. A condi\u00e7\u00e3o \u00e9 tida como perigosa porque pode gerar um quadro permanente de calv\u00edcie na pessoa afetada. E \u00e9 por isso que elaboramos este post! Ao longo deste conte\u00fado, [&hellip;]<\/p>\n","protected":false},"author":1,"featured_media":19260,"comment_status":"open","ping_status":"open","sticky":false,"template":"","format":"standard","meta":{"_et_pb_use_builder":"","_et_pb_old_content":"","_et_gb_content_width":"","inline_featured_image":false,"footnotes":""},"categories":[123,125],"tags":[121,122],"class_list":["post-101","post","type-post","status-publish","format-standard","has-post-thumbnail","hentry","category-transplante-capilar","category-tricologia","tag-artas","tag-calvicie"],"yoast_head":"<!-- This site is optimized with the Yoast SEO Premium plugin v27.1 (Yoast SEO v27.4) - https:\/\/yoast.com\/product\/yoast-seo-premium-wordpress\/ -->\n<title>Alopecia cicatricial: condi\u00e7\u00e3o pode tornar calv\u00edcie irrevers\u00edvel<\/title>\n<meta name=\"description\" content=\"Se voc\u00ea tem percebido graus de calv\u00edcie, \u00e9 poss\u00edvel que tenha ouvido falar a alopecia cicatricial. Saiba do que se trata essa condi\u00e7\u00e3o.\" \/>\n<meta name=\"robots\" content=\"index, follow, max-snippet:-1, max-image-preview:large, max-video-preview:-1\" \/>\n<link rel=\"canonical\" href=\"https:\/\/www.vydence.com\/pt-br\/alopecia-cicatricial\/\" \/>\n<meta property=\"og:locale\" content=\"pt_BR\" \/>\n<meta property=\"og:type\" content=\"article\" \/>\n<meta property=\"og:title\" content=\"Alopecia cicatricial: confira alternativas para a condi\u00e7\u00e3o que pode tornar a calv\u00edcie irrevers\u00edvel\" \/>\n<meta property=\"og:description\" content=\"Se voc\u00ea tem percebido graus de calv\u00edcie, \u00e9 poss\u00edvel que tenha ouvido falar a alopecia cicatricial. Saiba do que se trata essa condi\u00e7\u00e3o.\" \/>\n<meta property=\"og:url\" content=\"https:\/\/www.vydence.com\/pt-br\/alopecia-cicatricial\/\" \/>\n<meta property=\"og:site_name\" content=\"VYDENCE\" \/>\n<meta property=\"article:publisher\" content=\"https:\/\/www.facebook.com\/VYDENCE\" \/>\n<meta property=\"article:published_time\" content=\"2018-06-27T13:31:16+00:00\" \/>\n<meta property=\"og:image\" content=\"https:\/\/www.vydence.com\/wp-content\/uploads\/2018\/06\/alopecia-cicatricial.jpg\" \/>\n\t<meta property=\"og:image:width\" content=\"828\" \/>\n\t<meta property=\"og:image:height\" content=\"575\" \/>\n\t<meta property=\"og:image:type\" content=\"image\/jpeg\" \/>\n<meta name=\"author\" content=\"admin\" \/>\n<meta name=\"twitter:card\" content=\"summary_large_image\" \/>\n<meta name=\"twitter:label1\" content=\"Escrito por\" \/>\n\t<meta name=\"twitter:data1\" content=\"admin\" \/>\n\t<meta name=\"twitter:label2\" content=\"Est. tempo de leitura\" \/>\n\t<meta name=\"twitter:data2\" content=\"3 minutos\" \/>\n<script type=\"application\/ld+json\" class=\"yoast-schema-graph\">{\"@context\":\"https:\\\/\\\/schema.org\",\"@graph\":[{\"@type\":\"Article\",\"@id\":\"https:\\\/\\\/www.vydence.com\\\/pt-br\\\/alopecia-cicatricial\\\/#article\",\"isPartOf\":{\"@id\":\"https:\\\/\\\/www.vydence.com\\\/pt-br\\\/alopecia-cicatricial\\\/\"},\"author\":{\"name\":\"admin\",\"@id\":\"https:\\\/\\\/www.vydence.com\\\/pt-br\\\/#\\\/schema\\\/person\\\/d07e11658f9624d2d5344c62489f5fed\"},\"headline\":\"Alopecia cicatricial: confira alternativas para a condi\u00e7\u00e3o que pode tornar a calv\u00edcie irrevers\u00edvel\",\"datePublished\":\"2018-06-27T13:31:16+00:00\",\"mainEntityOfPage\":{\"@id\":\"https:\\\/\\\/www.vydence.com\\\/pt-br\\\/alopecia-cicatricial\\\/\"},\"wordCount\":543,\"commentCount\":0,\"publisher\":{\"@id\":\"https:\\\/\\\/www.vydence.com\\\/pt-br\\\/#organization\"},\"image\":{\"@id\":\"https:\\\/\\\/www.vydence.com\\\/pt-br\\\/alopecia-cicatricial\\\/#primaryimage\"},\"thumbnailUrl\":\"https:\\\/\\\/www.vydence.com\\\/wp-content\\\/uploads\\\/2018\\\/06\\\/alopecia-cicatricial.jpg\",\"keywords\":[\"artas\",\"calv\u00edcie\"],\"articleSection\":[\"Transplante capilar\",\"Tricologia\"],\"inLanguage\":\"pt-BR\",\"potentialAction\":[{\"@type\":\"CommentAction\",\"name\":\"Comment\",\"target\":[\"https:\\\/\\\/www.vydence.com\\\/pt-br\\\/alopecia-cicatricial\\\/#respond\"]}]},{\"@type\":\"WebPage\",\"@id\":\"https:\\\/\\\/www.vydence.com\\\/pt-br\\\/alopecia-cicatricial\\\/\",\"url\":\"https:\\\/\\\/www.vydence.com\\\/pt-br\\\/alopecia-cicatricial\\\/\",\"name\":\"Alopecia cicatricial: condi\u00e7\u00e3o pode tornar calv\u00edcie irrevers\u00edvel\",\"isPartOf\":{\"@id\":\"https:\\\/\\\/www.vydence.com\\\/pt-br\\\/#website\"},\"primaryImageOfPage\":{\"@id\":\"https:\\\/\\\/www.vydence.com\\\/pt-br\\\/alopecia-cicatricial\\\/#primaryimage\"},\"image\":{\"@id\":\"https:\\\/\\\/www.vydence.com\\\/pt-br\\\/alopecia-cicatricial\\\/#primaryimage\"},\"thumbnailUrl\":\"https:\\\/\\\/www.vydence.com\\\/wp-content\\\/uploads\\\/2018\\\/06\\\/alopecia-cicatricial.jpg\",\"datePublished\":\"2018-06-27T13:31:16+00:00\",\"description\":\"Se voc\u00ea tem percebido graus de calv\u00edcie, \u00e9 poss\u00edvel que tenha ouvido falar a alopecia cicatricial. Saiba do que se trata essa condi\u00e7\u00e3o.\",\"breadcrumb\":{\"@id\":\"https:\\\/\\\/www.vydence.com\\\/pt-br\\\/alopecia-cicatricial\\\/#breadcrumb\"},\"inLanguage\":\"pt-BR\",\"potentialAction\":[{\"@type\":\"ReadAction\",\"target\":[\"https:\\\/\\\/www.vydence.com\\\/pt-br\\\/alopecia-cicatricial\\\/\"]}]},{\"@type\":\"ImageObject\",\"inLanguage\":\"pt-BR\",\"@id\":\"https:\\\/\\\/www.vydence.com\\\/pt-br\\\/alopecia-cicatricial\\\/#primaryimage\",\"url\":\"https:\\\/\\\/www.vydence.com\\\/wp-content\\\/uploads\\\/2018\\\/06\\\/alopecia-cicatricial.jpg\",\"contentUrl\":\"https:\\\/\\\/www.vydence.com\\\/wp-content\\\/uploads\\\/2018\\\/06\\\/alopecia-cicatricial.jpg\",\"width\":828,\"height\":575,\"caption\":\"Alopecia cicatricial\"},{\"@type\":\"BreadcrumbList\",\"@id\":\"https:\\\/\\\/www.vydence.com\\\/pt-br\\\/alopecia-cicatricial\\\/#breadcrumb\",\"itemListElement\":[{\"@type\":\"ListItem\",\"position\":1,\"name\":\"In\u00edcio\",\"item\":\"https:\\\/\\\/www.vydence.com\\\/pt-br\\\/\"},{\"@type\":\"ListItem\",\"position\":2,\"name\":\"Alopecia cicatricial: confira alternativas para a condi\u00e7\u00e3o que pode tornar a calv\u00edcie irrevers\u00edvel\"}]},{\"@type\":\"WebSite\",\"@id\":\"https:\\\/\\\/www.vydence.com\\\/pt-br\\\/#website\",\"url\":\"https:\\\/\\\/www.vydence.com\\\/pt-br\\\/\",\"name\":\"VYDENCE\",\"description\":\"\",\"publisher\":{\"@id\":\"https:\\\/\\\/www.vydence.com\\\/pt-br\\\/#organization\"},\"potentialAction\":[{\"@type\":\"SearchAction\",\"target\":{\"@type\":\"EntryPoint\",\"urlTemplate\":\"https:\\\/\\\/www.vydence.com\\\/pt-br\\\/?s={search_term_string}\"},\"query-input\":{\"@type\":\"PropertyValueSpecification\",\"valueRequired\":true,\"valueName\":\"search_term_string\"}}],\"inLanguage\":\"pt-BR\"},{\"@type\":\"Organization\",\"@id\":\"https:\\\/\\\/www.vydence.com\\\/pt-br\\\/#organization\",\"name\":\"VYDENCE\",\"url\":\"https:\\\/\\\/www.vydence.com\\\/pt-br\\\/\",\"logo\":{\"@type\":\"ImageObject\",\"inLanguage\":\"pt-BR\",\"@id\":\"https:\\\/\\\/www.vydence.com\\\/pt-br\\\/#\\\/schema\\\/logo\\\/image\\\/\",\"url\":\"https:\\\/\\\/www.vydence.com\\\/wp-content\\\/uploads\\\/2024\\\/11\\\/Logo.svg\",\"contentUrl\":\"https:\\\/\\\/www.vydence.com\\\/wp-content\\\/uploads\\\/2024\\\/11\\\/Logo.svg\",\"width\":149,\"height\":40,\"caption\":\"VYDENCE\"},\"image\":{\"@id\":\"https:\\\/\\\/www.vydence.com\\\/pt-br\\\/#\\\/schema\\\/logo\\\/image\\\/\"},\"sameAs\":[\"https:\\\/\\\/www.facebook.com\\\/VYDENCE\"]},{\"@type\":\"Person\",\"@id\":\"https:\\\/\\\/www.vydence.com\\\/pt-br\\\/#\\\/schema\\\/person\\\/d07e11658f9624d2d5344c62489f5fed\",\"name\":\"admin\",\"image\":{\"@type\":\"ImageObject\",\"inLanguage\":\"pt-BR\",\"@id\":\"https:\\\/\\\/secure.gravatar.com\\\/avatar\\\/1625555f260264654c853a64f2eddfbd5d054ef40597af8b97dc8461ef04e355?s=96&d=mm&r=g\",\"url\":\"https:\\\/\\\/secure.gravatar.com\\\/avatar\\\/1625555f260264654c853a64f2eddfbd5d054ef40597af8b97dc8461ef04e355?s=96&d=mm&r=g\",\"contentUrl\":\"https:\\\/\\\/secure.gravatar.com\\\/avatar\\\/1625555f260264654c853a64f2eddfbd5d054ef40597af8b97dc8461ef04e355?s=96&d=mm&r=g\",\"caption\":\"admin\"},\"sameAs\":[\"https:\\\/\\\/www.vydence.com\"],\"url\":\"https:\\\/\\\/www.vydence.com\\\/pt-br\\\/author\\\/ericknc\\\/\"}]}<\/script>\n<!-- \/ Yoast SEO Premium plugin. -->","yoast_head_json":{"title":"Alopecia cicatricial: condi\u00e7\u00e3o pode tornar calv\u00edcie irrevers\u00edvel","description":"Se voc\u00ea tem percebido graus de calv\u00edcie, \u00e9 poss\u00edvel que tenha ouvido falar a alopecia cicatricial. Saiba do que se trata essa condi\u00e7\u00e3o.","robots":{"index":"index","follow":"follow","max-snippet":"max-snippet:-1","max-image-preview":"max-image-preview:large","max-video-preview":"max-video-preview:-1"},"canonical":"https:\/\/www.vydence.com\/pt-br\/alopecia-cicatricial\/","og_locale":"pt_BR","og_type":"article","og_title":"Alopecia cicatricial: confira alternativas para a condi\u00e7\u00e3o que pode tornar a calv\u00edcie irrevers\u00edvel","og_description":"Se voc\u00ea tem percebido graus de calv\u00edcie, \u00e9 poss\u00edvel que tenha ouvido falar a alopecia cicatricial. Saiba do que se trata essa condi\u00e7\u00e3o.","og_url":"https:\/\/www.vydence.com\/pt-br\/alopecia-cicatricial\/","og_site_name":"VYDENCE","article_publisher":"https:\/\/www.facebook.com\/VYDENCE","article_published_time":"2018-06-27T13:31:16+00:00","og_image":[{"width":828,"height":575,"url":"https:\/\/www.vydence.com\/wp-content\/uploads\/2018\/06\/alopecia-cicatricial.jpg","type":"image\/jpeg"}],"author":"admin","twitter_card":"summary_large_image","twitter_misc":{"Escrito por":"admin","Est. tempo de leitura":"3 minutos"},"schema":{"@context":"https:\/\/schema.org","@graph":[{"@type":"Article","@id":"https:\/\/www.vydence.com\/pt-br\/alopecia-cicatricial\/#article","isPartOf":{"@id":"https:\/\/www.vydence.com\/pt-br\/alopecia-cicatricial\/"},"author":{"name":"admin","@id":"https:\/\/www.vydence.com\/pt-br\/#\/schema\/person\/d07e11658f9624d2d5344c62489f5fed"},"headline":"Alopecia cicatricial: confira alternativas para a condi\u00e7\u00e3o que pode tornar a calv\u00edcie irrevers\u00edvel","datePublished":"2018-06-27T13:31:16+00:00","mainEntityOfPage":{"@id":"https:\/\/www.vydence.com\/pt-br\/alopecia-cicatricial\/"},"wordCount":543,"commentCount":0,"publisher":{"@id":"https:\/\/www.vydence.com\/pt-br\/#organization"},"image":{"@id":"https:\/\/www.vydence.com\/pt-br\/alopecia-cicatricial\/#primaryimage"},"thumbnailUrl":"https:\/\/www.vydence.com\/wp-content\/uploads\/2018\/06\/alopecia-cicatricial.jpg","keywords":["artas","calv\u00edcie"],"articleSection":["Transplante capilar","Tricologia"],"inLanguage":"pt-BR","potentialAction":[{"@type":"CommentAction","name":"Comment","target":["https:\/\/www.vydence.com\/pt-br\/alopecia-cicatricial\/#respond"]}]},{"@type":"WebPage","@id":"https:\/\/www.vydence.com\/pt-br\/alopecia-cicatricial\/","url":"https:\/\/www.vydence.com\/pt-br\/alopecia-cicatricial\/","name":"Alopecia cicatricial: condi\u00e7\u00e3o pode tornar calv\u00edcie irrevers\u00edvel","isPartOf":{"@id":"https:\/\/www.vydence.com\/pt-br\/#website"},"primaryImageOfPage":{"@id":"https:\/\/www.vydence.com\/pt-br\/alopecia-cicatricial\/#primaryimage"},"image":{"@id":"https:\/\/www.vydence.com\/pt-br\/alopecia-cicatricial\/#primaryimage"},"thumbnailUrl":"https:\/\/www.vydence.com\/wp-content\/uploads\/2018\/06\/alopecia-cicatricial.jpg","datePublished":"2018-06-27T13:31:16+00:00","description":"Se voc\u00ea tem percebido graus de calv\u00edcie, \u00e9 poss\u00edvel que tenha ouvido falar a alopecia cicatricial. Saiba do que se trata essa condi\u00e7\u00e3o.","breadcrumb":{"@id":"https:\/\/www.vydence.com\/pt-br\/alopecia-cicatricial\/#breadcrumb"},"inLanguage":"pt-BR","potentialAction":[{"@type":"ReadAction","target":["https:\/\/www.vydence.com\/pt-br\/alopecia-cicatricial\/"]}]},{"@type":"ImageObject","inLanguage":"pt-BR","@id":"https:\/\/www.vydence.com\/pt-br\/alopecia-cicatricial\/#primaryimage","url":"https:\/\/www.vydence.com\/wp-content\/uploads\/2018\/06\/alopecia-cicatricial.jpg","contentUrl":"https:\/\/www.vydence.com\/wp-content\/uploads\/2018\/06\/alopecia-cicatricial.jpg","width":828,"height":575,"caption":"Alopecia cicatricial"},{"@type":"BreadcrumbList","@id":"https:\/\/www.vydence.com\/pt-br\/alopecia-cicatricial\/#breadcrumb","itemListElement":[{"@type":"ListItem","position":1,"name":"In\u00edcio","item":"https:\/\/www.vydence.com\/pt-br\/"},{"@type":"ListItem","position":2,"name":"Alopecia cicatricial: confira alternativas para a condi\u00e7\u00e3o que pode tornar a calv\u00edcie irrevers\u00edvel"}]},{"@type":"WebSite","@id":"https:\/\/www.vydence.com\/pt-br\/#website","url":"https:\/\/www.vydence.com\/pt-br\/","name":"VYDENCE","description":"","publisher":{"@id":"https:\/\/www.vydence.com\/pt-br\/#organization"},"potentialAction":[{"@type":"SearchAction","target":{"@type":"EntryPoint","urlTemplate":"https:\/\/www.vydence.com\/pt-br\/?s={search_term_string}"},"query-input":{"@type":"PropertyValueSpecification","valueRequired":true,"valueName":"search_term_string"}}],"inLanguage":"pt-BR"},{"@type":"Organization","@id":"https:\/\/www.vydence.com\/pt-br\/#organization","name":"VYDENCE","url":"https:\/\/www.vydence.com\/pt-br\/","logo":{"@type":"ImageObject","inLanguage":"pt-BR","@id":"https:\/\/www.vydence.com\/pt-br\/#\/schema\/logo\/image\/","url":"https:\/\/www.vydence.com\/wp-content\/uploads\/2024\/11\/Logo.svg","contentUrl":"https:\/\/www.vydence.com\/wp-content\/uploads\/2024\/11\/Logo.svg","width":149,"height":40,"caption":"VYDENCE"},"image":{"@id":"https:\/\/www.vydence.com\/pt-br\/#\/schema\/logo\/image\/"},"sameAs":["https:\/\/www.facebook.com\/VYDENCE"]},{"@type":"Person","@id":"https:\/\/www.vydence.com\/pt-br\/#\/schema\/person\/d07e11658f9624d2d5344c62489f5fed","name":"admin","image":{"@type":"ImageObject","inLanguage":"pt-BR","@id":"https:\/\/secure.gravatar.com\/avatar\/1625555f260264654c853a64f2eddfbd5d054ef40597af8b97dc8461ef04e355?s=96&d=mm&r=g","url":"https:\/\/secure.gravatar.com\/avatar\/1625555f260264654c853a64f2eddfbd5d054ef40597af8b97dc8461ef04e355?s=96&d=mm&r=g","contentUrl":"https:\/\/secure.gravatar.com\/avatar\/1625555f260264654c853a64f2eddfbd5d054ef40597af8b97dc8461ef04e355?s=96&d=mm&r=g","caption":"admin"},"sameAs":["https:\/\/www.vydence.com"],"url":"https:\/\/www.vydence.com\/pt-br\/author\/ericknc\/"}]}},"_links":{"self":[{"href":"https:\/\/www.vydence.com\/pt-br\/wp-json\/wp\/v2\/posts\/101","targetHints":{"allow":["GET"]}}],"collection":[{"href":"https:\/\/www.vydence.com\/pt-br\/wp-json\/wp\/v2\/posts"}],"about":[{"href":"https:\/\/www.vydence.com\/pt-br\/wp-json\/wp\/v2\/types\/post"}],"author":[{"embeddable":true,"href":"https:\/\/www.vydence.com\/pt-br\/wp-json\/wp\/v2\/users\/1"}],"replies":[{"embeddable":true,"href":"https:\/\/www.vydence.com\/pt-br\/wp-json\/wp\/v2\/comments?post=101"}],"version-history":[{"count":0,"href":"https:\/\/www.vydence.com\/pt-br\/wp-json\/wp\/v2\/posts\/101\/revisions"}],"wp:featuredmedia":[{"embeddable":true,"href":"https:\/\/www.vydence.com\/pt-br\/wp-json\/wp\/v2\/media\/19260"}],"wp:attachment":[{"href":"https:\/\/www.vydence.com\/pt-br\/wp-json\/wp\/v2\/media?parent=101"}],"wp:term":[{"taxonomy":"category","embeddable":true,"href":"https:\/\/www.vydence.com\/pt-br\/wp-json\/wp\/v2\/categories?post=101"},{"taxonomy":"post_tag","embeddable":true,"href":"https:\/\/www.vydence.com\/pt-br\/wp-json\/wp\/v2\/tags?post=101"}],"curies":[{"name":"wp","href":"https:\/\/api.w.org\/{rel}","templated":true}]}}